{"id":31469,"date":"2023-03-03T10:39:23","date_gmt":"2023-03-03T10:39:23","guid":{"rendered":"https:\/\/www.africa-press.net\/mali\/politique\/reorganisation-territoriale-loi-electorale-le-coup-de-piston-du-cnt-au-gouvernement"},"modified":"2023-03-03T10:57:24","modified_gmt":"2023-03-03T10:57:24","slug":"reorganisation-territoriale-loi-electorale-le-coup-de-piston-du-cnt-au-gouvernement","status":"publish","type":"post","link":"https:\/\/www.africa-press.net\/mali\/politique\/reorganisation-territoriale-loi-electorale-le-coup-de-piston-du-cnt-au-gouvernement","title":{"rendered":"R\u00e9organisation territoriale, loi \u00e9lectorale : Le coup de piston du CNT au Gouvernement"},"content":{"rendered":"<p><span style=\"color: #ff6600\"><strong>Africa-Press &#8211; Mali. <\/strong><\/span>Le Pre\u0301sident du Conseil national de transition (CNT), colonel Malick Diaw, l\u2019a toujours dit et re\u0301pe\u0301te\u0301 : \u00ab L\u2019un des proble\u0300mes majeurs de la Transition est le temps de cette de transition ne doit pas e\u0302tre une pe\u0301riode d\u2019essai. Nous devons aller a\u0300 l\u2019essentiel\u00bb. Conforme\u0301ment a\u0300 cette volonte\u0301 politique mainte fois exprime\u0301e, le Conseil national de transition vient de donner au Gouvernement les instruments ne\u0301cessaires d\u2019aller a\u0300 l\u2019essentiel.<\/p>\n<p>L\u2019essentiel, c\u2019est l\u2019organisation des e\u0301lections libres, cre\u0301dibles et transparentes sur l\u2019ensemble du territoire national. En effet, depuis a\u0300 son de\u0301but, le CNT a efficacement joue\u0301 son ro\u0302le d\u2019organe le\u0301gislatif de la transition. Il a toujours agi avec diligence pour adopter les projets de loi envoye\u0301s par le Gouvernement. La preuve : aussito\u0302t convoque\u0301 en session extraordinaire, le Pre\u0301sident du CNT a convoque\u0301 ses membres en se\u0301ance ple\u0301nie\u0300re pour donner au Gouvernement les instruments qu\u2019il faut pour booster le processus e\u0301lectoral. La semaine dernie\u0300re, lundi 20 fe\u0301vrier, les membres du CNT ont adopte\u0301 6 projets pour mate\u0301rialiser la nouvelle re\u0301organisation territoriale et des circonscriptions et collectivite\u0301s du Mali. La dernie\u0300re se\u0301ance ple\u0301nie\u0300re de la session s\u2019est tenue mardi dernier. Elle a permis l\u2019adoption des modifications de la loi e\u0301lectorale. Ces coups de piston du CNT permettront au Gouvernement d\u2019appuyer sur l\u2019acce\u0301le\u0301rateur dans la conduite du processus e\u0301lectoral. Du coup, le colonel Diaw et ses lieutenants de\u0301montrent encore leur de\u0301termination pour la bonne marche de la transition.<\/p>\n<p><strong>Pour plus d&rsquo;informations et d&rsquo;analyses sur la <a href=\"https:\/\/www.africa-press.net\/mali\">Mali<\/a>, suivez <a href=\"https:\/\/www.africa-press.net\/\">Africa-Press<\/a><\/strong><\/p>\n","protected":false},"excerpt":{"rendered":"<p>Africa-Press &#8211; Mali. Le Pre\u0301sident du Conseil national de transition (CNT), colonel Malick Diaw, l\u2019a toujours dit et re\u0301pe\u0301te\u0301 : \u00ab L\u2019un des proble\u0300mes majeurs de la Transition est le temps de cette de transition ne doit pas e\u0302tre une pe\u0301riode d\u2019essai. Nous devons aller a\u0300 l\u2019essentiel\u00bb. Conforme\u0301ment a\u0300 cette volonte\u0301 politique mainte fois exprime\u0301e, [&hellip;]<\/p>\n","protected":false},"author":82,"featured_media":31468,"comment_status":"open","ping_status":"closed","sticky":false,"template":"","format":"standard","meta":{"footnotes":""},"categories":[7,17],"tags":[76,86,19],"class_list":["post-31469","post","type-post","status-publish","format-standard","has-post-thumbnail","hentry","category-politique","category-toutes-les-actualites","tag-africa-press","tag-africa-press-mali","tag-mali"],"yoast_head":"<!-- This site is optimized with the Yoast SEO Premium plugin v26.1 (Yoast SEO v27.0) - https:\/\/yoast.com\/product\/yoast-seo-premium-wordpress\/ -->\n<title>R\u00e9organisation territoriale, loi \u00e9lectorale : Le coup de piston du CNT au Gouvernement - Mali<\/title>\n<meta name=\"description\" content=\"Le Pre\u0301sident du Conseil national de transition (CNT), colonel Malick Diaw, l\u2019a toujours dit et re\u0301pe\u0301te\u0301 : \u00ab L\u2019un des p ...\" \/>\n<meta name=\"robots\" content=\"index, follow, max-snippet:-1, max-image-preview:large, max-video-preview:-1\" \/>\n<link rel=\"canonical\" href=\"https:\/\/www.africa-press.net\/mali\/politique\/reorganisation-territoriale-loi-electorale-le-coup-de-piston-du-cnt-au-gouvernement\" \/>\n<meta property=\"og:locale\" content=\"fr_FR\" \/>\n<meta property=\"og:type\" content=\"article\" \/>\n<meta property=\"og:title\" content=\"R\u00e9organisation territoriale, loi \u00e9lectorale : Le coup de piston du CNT au Gouvernement\" \/>\n<meta property=\"og:description\" content=\"Le Pre\u0301sident du Conseil national de transition (CNT), colonel Malick Diaw, l\u2019a toujours dit et re\u0301pe\u0301te\u0301 : \u00ab L\u2019un des p ...\" \/>\n<meta property=\"og:url\" content=\"https:\/\/www.africa-press.net\/mali\/politique\/reorganisation-territoriale-loi-electorale-le-coup-de-piston-du-cnt-au-gouvernement\" \/>\n<meta property=\"og:site_name\" content=\"Mali\" \/>\n<meta property=\"article:publisher\" content=\"https:\/\/www.facebook.com\/AfricaPressTunisiaa\" \/>\n<meta property=\"article:published_time\" content=\"2023-03-03T10:39:23+00:00\" \/>\n<meta property=\"article:modified_time\" content=\"2023-03-03T10:57:24+00:00\" \/>\n<meta property=\"og:image\" content=\"https:\/\/static.africa-press.net\/mali\/sites\/21\/2023\/03\/postQueueImg_1677827371.52.jpg\" \/>\n\t<meta property=\"og:image:width\" content=\"720\" \/>\n\t<meta property=\"og:image:height\" content=\"404\" \/>\n\t<meta property=\"og:image:type\" content=\"image\/jpeg\" \/>\n<meta name=\"author\" content=\"cfeditorfr\" \/>\n<meta name=\"twitter:card\" content=\"summary_large_image\" \/>\n<meta name=\"twitter:label1\" content=\"\u00c9crit par\" \/>\n\t<meta name=\"twitter:data1\" content=\"cfeditorfr\" \/>\n\t<meta name=\"twitter:label2\" content=\"Dur\u00e9e de lecture estim\u00e9e\" \/>\n\t<meta name=\"twitter:data2\" content=\"1 minute\" \/>\n<script type=\"application\/ld+json\" class=\"yoast-schema-graph\">{\"@context\":\"https:\/\/schema.org\",\"@graph\":[{\"@type\":\"Article\",\"@id\":\"https:\/\/www.africa-press.net\/mali\/politique\/reorganisation-territoriale-loi-electorale-le-coup-de-piston-du-cnt-au-gouvernement#article\",\"isPartOf\":{\"@id\":\"https:\/\/www.africa-press.net\/mali\/politique\/reorganisation-territoriale-loi-electorale-le-coup-de-piston-du-cnt-au-gouvernement\"},\"author\":{\"name\":\"cfeditorfr\",\"@id\":\"https:\/\/www.africa-press.net\/mali\/#\/schema\/person\/2b1cf3cd81a31e3cd26889ca66d677f1\"},\"headline\":\"R\u00e9organisation territoriale, loi \u00e9lectorale : Le coup de piston du CNT au Gouvernement\",\"datePublished\":\"2023-03-03T10:39:23+00:00\",\"dateModified\":\"2023-03-03T10:57:24+00:00\",\"mainEntityOfPage\":{\"@id\":\"https:\/\/www.africa-press.net\/mali\/politique\/reorganisation-territoriale-loi-electorale-le-coup-de-piston-du-cnt-au-gouvernement\"},\"wordCount\":308,\"commentCount\":0,\"image\":{\"@id\":\"https:\/\/www.africa-press.net\/mali\/politique\/reorganisation-territoriale-loi-electorale-le-coup-de-piston-du-cnt-au-gouvernement#primaryimage\"},\"thumbnailUrl\":\"https:\/\/static.africa-press.net\/mali\/sites\/21\/2023\/03\/postQueueImg_1677827371.52.jpg\",\"keywords\":[\"Africa Press\",\"Africa Press-Mali\",\"mali\"],\"articleSection\":[\"Politique\",\"Toutes les actualit\u00e9s\"],\"inLanguage\":\"fr-FR\",\"potentialAction\":[{\"@type\":\"CommentAction\",\"name\":\"Comment\",\"target\":[\"https:\/\/www.africa-press.net\/mali\/politique\/reorganisation-territoriale-loi-electorale-le-coup-de-piston-du-cnt-au-gouvernement#respond\"]}]},{\"@type\":\"WebPage\",\"@id\":\"https:\/\/www.africa-press.net\/mali\/politique\/reorganisation-territoriale-loi-electorale-le-coup-de-piston-du-cnt-au-gouvernement\",\"url\":\"https:\/\/www.africa-press.net\/mali\/politique\/reorganisation-territoriale-loi-electorale-le-coup-de-piston-du-cnt-au-gouvernement\",\"name\":\"R\u00e9organisation territoriale, loi \u00e9lectorale : Le coup de piston du CNT au Gouvernement - Mali\",\"isPartOf\":{\"@id\":\"https:\/\/www.africa-press.net\/mali\/#website\"},\"primaryImageOfPage\":{\"@id\":\"https:\/\/www.africa-press.net\/mali\/politique\/reorganisation-territoriale-loi-electorale-le-coup-de-piston-du-cnt-au-gouvernement#primaryimage\"},\"image\":{\"@id\":\"https:\/\/www.africa-press.net\/mali\/politique\/reorganisation-territoriale-loi-electorale-le-coup-de-piston-du-cnt-au-gouvernement#primaryimage\"},\"thumbnailUrl\":\"https:\/\/static.africa-press.net\/mali\/sites\/21\/2023\/03\/postQueueImg_1677827371.52.jpg\",\"datePublished\":\"2023-03-03T10:39:23+00:00\",\"dateModified\":\"2023-03-03T10:57:24+00:00\",\"author\":{\"@id\":\"https:\/\/www.africa-press.net\/mali\/#\/schema\/person\/2b1cf3cd81a31e3cd26889ca66d677f1\"},\"description\":\"Le Pre\u0301sident du Conseil national de transition (CNT), colonel Malick Diaw, l\u2019a toujours dit et re\u0301pe\u0301te\u0301 : \u00ab L\u2019un des p ...\",\"breadcrumb\":{\"@id\":\"https:\/\/www.africa-press.net\/mali\/politique\/reorganisation-territoriale-loi-electorale-le-coup-de-piston-du-cnt-au-gouvernement#breadcrumb\"},\"inLanguage\":\"fr-FR\",\"potentialAction\":[{\"@type\":\"ReadAction\",\"target\":[\"https:\/\/www.africa-press.net\/mali\/politique\/reorganisation-territoriale-loi-electorale-le-coup-de-piston-du-cnt-au-gouvernement\"]}]},{\"@type\":\"ImageObject\",\"inLanguage\":\"fr-FR\",\"@id\":\"https:\/\/www.africa-press.net\/mali\/politique\/reorganisation-territoriale-loi-electorale-le-coup-de-piston-du-cnt-au-gouvernement#primaryimage\",\"url\":\"https:\/\/static.africa-press.net\/mali\/sites\/21\/2023\/03\/postQueueImg_1677827371.52.jpg\",\"contentUrl\":\"https:\/\/static.africa-press.net\/mali\/sites\/21\/2023\/03\/postQueueImg_1677827371.52.jpg\",\"width\":720,\"height\":404,\"caption\":\"R\u00e9organisation territoriale, loi \u00e9lectorale : Le coup de piston du CNT au Gouvernement\"},{\"@type\":\"BreadcrumbList\",\"@id\":\"https:\/\/www.africa-press.net\/mali\/politique\/reorganisation-territoriale-loi-electorale-le-coup-de-piston-du-cnt-au-gouvernement#breadcrumb\",\"itemListElement\":[{\"@type\":\"ListItem\",\"position\":1,\"name\":\"Home\",\"item\":\"https:\/\/www.africa-press.net\/mali\/\"},{\"@type\":\"ListItem\",\"position\":2,\"name\":\"R\u00e9organisation territoriale, loi \u00e9lectorale : Le coup de piston du CNT au Gouvernement\"}]},{\"@type\":\"WebSite\",\"@id\":\"https:\/\/www.africa-press.net\/mali\/#website\",\"url\":\"https:\/\/www.africa-press.net\/mali\/\",\"name\":\"Mali\",\"description\":\"Just another Africa News Agency Sites site\",\"potentialAction\":[{\"@type\":\"SearchAction\",\"target\":{\"@type\":\"EntryPoint\",\"urlTemplate\":\"https:\/\/www.africa-press.net\/mali\/?s={search_term_string}\"},\"query-input\":{\"@type\":\"PropertyValueSpecification\",\"valueRequired\":true,\"valueName\":\"search_term_string\"}}],\"inLanguage\":\"fr-FR\"},{\"@type\":\"Person\",\"@id\":\"https:\/\/www.africa-press.net\/mali\/#\/schema\/person\/2b1cf3cd81a31e3cd26889ca66d677f1\",\"name\":\"cfeditorfr\"}]}<\/script>\n<!-- \/ Yoast SEO Premium plugin. -->","yoast_head_json":{"title":"R\u00e9organisation territoriale, loi \u00e9lectorale : Le coup de piston du CNT au Gouvernement - Mali","description":"Le Pre\u0301sident du Conseil national de transition (CNT), colonel Malick Diaw, l\u2019a toujours dit et re\u0301pe\u0301te\u0301 : \u00ab L\u2019un des p ...","robots":{"index":"index","follow":"follow","max-snippet":"max-snippet:-1","max-image-preview":"max-image-preview:large","max-video-preview":"max-video-preview:-1"},"canonical":"https:\/\/www.africa-press.net\/mali\/politique\/reorganisation-territoriale-loi-electorale-le-coup-de-piston-du-cnt-au-gouvernement","og_locale":"fr_FR","og_type":"article","og_title":"R\u00e9organisation territoriale, loi \u00e9lectorale : Le coup de piston du CNT au Gouvernement","og_description":"Le Pre\u0301sident du Conseil national de transition (CNT), colonel Malick Diaw, l\u2019a toujours dit et re\u0301pe\u0301te\u0301 : \u00ab L\u2019un des p ...","og_url":"https:\/\/www.africa-press.net\/mali\/politique\/reorganisation-territoriale-loi-electorale-le-coup-de-piston-du-cnt-au-gouvernement","og_site_name":"Mali","article_publisher":"https:\/\/www.facebook.com\/AfricaPressTunisiaa","article_published_time":"2023-03-03T10:39:23+00:00","article_modified_time":"2023-03-03T10:57:24+00:00","og_image":[{"width":720,"height":404,"url":"https:\/\/static.africa-press.net\/mali\/sites\/21\/2023\/03\/postQueueImg_1677827371.52.jpg","type":"image\/jpeg"}],"author":"cfeditorfr","twitter_card":"summary_large_image","twitter_misc":{"\u00c9crit par":"cfeditorfr","Dur\u00e9e de lecture estim\u00e9e":"1 minute"},"schema":{"@context":"https:\/\/schema.org","@graph":[{"@type":"Article","@id":"https:\/\/www.africa-press.net\/mali\/politique\/reorganisation-territoriale-loi-electorale-le-coup-de-piston-du-cnt-au-gouvernement#article","isPartOf":{"@id":"https:\/\/www.africa-press.net\/mali\/politique\/reorganisation-territoriale-loi-electorale-le-coup-de-piston-du-cnt-au-gouvernement"},"author":{"name":"cfeditorfr","@id":"https:\/\/www.africa-press.net\/mali\/#\/schema\/person\/2b1cf3cd81a31e3cd26889ca66d677f1"},"headline":"R\u00e9organisation territoriale, loi \u00e9lectorale : Le coup de piston du CNT au Gouvernement","datePublished":"2023-03-03T10:39:23+00:00","dateModified":"2023-03-03T10:57:24+00:00","mainEntityOfPage":{"@id":"https:\/\/www.africa-press.net\/mali\/politique\/reorganisation-territoriale-loi-electorale-le-coup-de-piston-du-cnt-au-gouvernement"},"wordCount":308,"commentCount":0,"image":{"@id":"https:\/\/www.africa-press.net\/mali\/politique\/reorganisation-territoriale-loi-electorale-le-coup-de-piston-du-cnt-au-gouvernement#primaryimage"},"thumbnailUrl":"https:\/\/static.africa-press.net\/mali\/sites\/21\/2023\/03\/postQueueImg_1677827371.52.jpg","keywords":["Africa Press","Africa Press-Mali","mali"],"articleSection":["Politique","Toutes les actualit\u00e9s"],"inLanguage":"fr-FR","potentialAction":[{"@type":"CommentAction","name":"Comment","target":["https:\/\/www.africa-press.net\/mali\/politique\/reorganisation-territoriale-loi-electorale-le-coup-de-piston-du-cnt-au-gouvernement#respond"]}]},{"@type":"WebPage","@id":"https:\/\/www.africa-press.net\/mali\/politique\/reorganisation-territoriale-loi-electorale-le-coup-de-piston-du-cnt-au-gouvernement","url":"https:\/\/www.africa-press.net\/mali\/politique\/reorganisation-territoriale-loi-electorale-le-coup-de-piston-du-cnt-au-gouvernement","name":"R\u00e9organisation territoriale, loi \u00e9lectorale : Le coup de piston du CNT au Gouvernement - Mali","isPartOf":{"@id":"https:\/\/www.africa-press.net\/mali\/#website"},"primaryImageOfPage":{"@id":"https:\/\/www.africa-press.net\/mali\/politique\/reorganisation-territoriale-loi-electorale-le-coup-de-piston-du-cnt-au-gouvernement#primaryimage"},"image":{"@id":"https:\/\/www.africa-press.net\/mali\/politique\/reorganisation-territoriale-loi-electorale-le-coup-de-piston-du-cnt-au-gouvernement#primaryimage"},"thumbnailUrl":"https:\/\/static.africa-press.net\/mali\/sites\/21\/2023\/03\/postQueueImg_1677827371.52.jpg","datePublished":"2023-03-03T10:39:23+00:00","dateModified":"2023-03-03T10:57:24+00:00","author":{"@id":"https:\/\/www.africa-press.net\/mali\/#\/schema\/person\/2b1cf3cd81a31e3cd26889ca66d677f1"},"description":"Le Pre\u0301sident du Conseil national de transition (CNT), colonel Malick Diaw, l\u2019a toujours dit et re\u0301pe\u0301te\u0301 : \u00ab L\u2019un des p ...","breadcrumb":{"@id":"https:\/\/www.africa-press.net\/mali\/politique\/reorganisation-territoriale-loi-electorale-le-coup-de-piston-du-cnt-au-gouvernement#breadcrumb"},"inLanguage":"fr-FR","potentialAction":[{"@type":"ReadAction","target":["https:\/\/www.africa-press.net\/mali\/politique\/reorganisation-territoriale-loi-electorale-le-coup-de-piston-du-cnt-au-gouvernement"]}]},{"@type":"ImageObject","inLanguage":"fr-FR","@id":"https:\/\/www.africa-press.net\/mali\/politique\/reorganisation-territoriale-loi-electorale-le-coup-de-piston-du-cnt-au-gouvernement#primaryimage","url":"https:\/\/static.africa-press.net\/mali\/sites\/21\/2023\/03\/postQueueImg_1677827371.52.jpg","contentUrl":"https:\/\/static.africa-press.net\/mali\/sites\/21\/2023\/03\/postQueueImg_1677827371.52.jpg","width":720,"height":404,"caption":"R\u00e9organisation territoriale, loi \u00e9lectorale : Le coup de piston du CNT au Gouvernement"},{"@type":"BreadcrumbList","@id":"https:\/\/www.africa-press.net\/mali\/politique\/reorganisation-territoriale-loi-electorale-le-coup-de-piston-du-cnt-au-gouvernement#breadcrumb","itemListElement":[{"@type":"ListItem","position":1,"name":"Home","item":"https:\/\/www.africa-press.net\/mali\/"},{"@type":"ListItem","position":2,"name":"R\u00e9organisation territoriale, loi \u00e9lectorale : Le coup de piston du CNT au Gouvernement"}]},{"@type":"WebSite","@id":"https:\/\/www.africa-press.net\/mali\/#website","url":"https:\/\/www.africa-press.net\/mali\/","name":"Mali","description":"Just another Africa News Agency Sites site","potentialAction":[{"@type":"SearchAction","target":{"@type":"EntryPoint","urlTemplate":"https:\/\/www.africa-press.net\/mali\/?s={search_term_string}"},"query-input":{"@type":"PropertyValueSpecification","valueRequired":true,"valueName":"search_term_string"}}],"inLanguage":"fr-FR"},{"@type":"Person","@id":"https:\/\/www.africa-press.net\/mali\/#\/schema\/person\/2b1cf3cd81a31e3cd26889ca66d677f1","name":"cfeditorfr"}]}},"_links":{"self":[{"href":"https:\/\/www.africa-press.net\/mali\/wp-json\/wp\/v2\/posts\/31469","targetHints":{"allow":["GET"]}}],"collection":[{"href":"https:\/\/www.africa-press.net\/mali\/wp-json\/wp\/v2\/posts"}],"about":[{"href":"https:\/\/www.africa-press.net\/mali\/wp-json\/wp\/v2\/types\/post"}],"author":[{"embeddable":true,"href":"https:\/\/www.africa-press.net\/mali\/wp-json\/wp\/v2\/users\/82"}],"replies":[{"embeddable":true,"href":"https:\/\/www.africa-press.net\/mali\/wp-json\/wp\/v2\/comments?post=31469"}],"version-history":[{"count":0,"href":"https:\/\/www.africa-press.net\/mali\/wp-json\/wp\/v2\/posts\/31469\/revisions"}],"wp:featuredmedia":[{"embeddable":true,"href":"https:\/\/www.africa-press.net\/mali\/wp-json\/wp\/v2\/media\/31468"}],"wp:attachment":[{"href":"https:\/\/www.africa-press.net\/mali\/wp-json\/wp\/v2\/media?parent=31469"}],"wp:term":[{"taxonomy":"category","embeddable":true,"href":"https:\/\/www.africa-press.net\/mali\/wp-json\/wp\/v2\/categories?post=31469"},{"taxonomy":"post_tag","embeddable":true,"href":"https:\/\/www.africa-press.net\/mali\/wp-json\/wp\/v2\/tags?post=31469"}],"curies":[{"name":"wp","href":"https:\/\/api.w.org\/{rel}","templated":true}]}}