{"id":31472,"date":"2023-03-03T10:39:55","date_gmt":"2023-03-03T10:39:55","guid":{"rendered":"https:\/\/www.africa-press.net\/mali\/politique\/validation-de-la-carte-nina-coper-decrie-des-insuffisances-du-processus"},"modified":"2023-03-03T10:57:57","modified_gmt":"2023-03-03T10:57:57","slug":"validation-de-la-carte-nina-coper-decrie-des-insuffisances-du-processus","status":"publish","type":"post","link":"https:\/\/www.africa-press.net\/mali\/politique\/validation-de-la-carte-nina-coper-decrie-des-insuffisances-du-processus","title":{"rendered":"Validation de la carte NINA : Coper d\u00e9crie des insuffisances du processus"},"content":{"rendered":"<p><span style=\"color: #ff6600\"><strong>Africa-Press &#8211; Mali. <\/strong><\/span>Le pre\u0301sident de la coalition des organisations partenaires pour des e\u0301lections re\u0301ussies au Mali (COPER \u2013Mali) Mamadou Fadiala Keita, accompagne\u0301 par ses camarades, a aime\u0301 une confe\u0301rence d\u2019information le mardi 28 fe\u0301vrier 2023.<\/p>\n<p>Une rencontre qui visait a\u0300 se prononcer sur les sujets brulants de l\u2019heure au Mali. Devenu une tradition, la COPER a\u0300 travers ses membres, se prononce sur les questions d\u2019inte\u0301re\u0302t national.<\/p>\n<p>Une tradition qui vient d\u2019e\u0302tre respecte\u0301e a\u0300 travers cette rencontre. Une rencontre mise a\u0300 profit pour se prononcer sur le chronogramme de e\u0301lections, les reformes en cours et la carte biome\u0301trique.<\/p>\n<p>La COPER a\u0300 travers la vice-pre\u0301sidente Diawara Fatoumata Bintou a e\u0301nume\u0301re\u0301 des difficulte\u0301s voir des insuffisances autour de la mobilisation de la validation des donne\u0301es de la carte NINA.<\/p>\n<p>Des difficulte\u0301s qui font trait au faible taux de personnes enro\u0302le\u0301es qui ne de\u0301passe pas 40 par jour par commissariat, l\u2019insuffisance du nombre de kits et agents d\u2019enro\u0302lement ; le faible nombre des de\u0301partements charge\u0301s de mener l\u2019activite\u0301 ; le manque de proximite\u0301 des sites aux citoyens entrainant un proble\u0300me de de\u0301placement.<\/p>\n<p>Face a\u0300 ses difficulte\u0301s La COPER propose la mise en place des e\u0301quipes mobiles ; de multiplier des centres d\u2019enro\u0302lement, de doter les agents d\u2019enro\u0302lement de plus de kits, et une implication de la socie\u0301te\u0301 civile dans le processus pour ne citer que ceux-ci. La COPER recommande une mobilisation ge\u0301ne\u0301rale autour de cette ope\u0301ration qui d\u2019ailleurs est tre\u0300s be\u0301ne\u0301fique pour notre pays.<\/p>\n<p>\u2018\u2019Notre souci est que, autant la population doit s\u2019inte\u0301resser a\u0300 l\u2019ope\u0301ration, autant les partenaires, les autorite\u0301s les ONG doivent mutualiser les efforts afin de faciliter l\u2019ope\u0301ration ou\u0300 un attroupement est constate\u0301\u2019\u2019 a laisse\u0301 entendre le pre\u0301sident de COPER Mamadou Fadiala Keita.<\/p>\n<p>Par rapport aux reformes, le pre\u0301sident de COPER Mamadou Fadiala Keita estime qu\u2019elles vont bon train. Pour preuve l\u2019avant-projet de constitution a e\u0301te\u0301 remis au pre\u0301sident de la transition par la commission de finalisation en a fait savoir M.<\/p>\n<p>Keita. Une remise qui montre a\u0300 suffisance des avance\u0301es comme le fait savoir M. Keita. Selon ses explications nous nous acheminons vers le de\u0301cret portant convocation du colle\u0300ge e\u0301lectoral a-t-il ajoute\u0301.<\/p>\n<p>Poursuivant M. Keita a souligne\u0301 la re\u0301alisation du de\u0301coupage administratif comme une autre avance\u0301e au niveau des reformes. Une organisation territoriale a\u0300 l\u2019issu de laquelle le Mali sera compose\u0301 de 1 district, 19 re\u0301gions, 156 cercles, et 819 communes.<\/p>\n<p>Une organisation qui permettra d\u2019installation des coordinations de l\u2019AIGE et l\u2019organisation des diffe\u0301rents scrutins a affirme\u0301 Mamadou Fadiala Keita. COPER salue ses avance\u0301es avant d\u2019exprimer leur soutien a\u0300 ce processus.<\/p>\n<p>S\u2019agissant du chronogramme, la COPER estime qu\u2019il n\u2019y a pas de quoi s\u2019alarme\u0301e sur le chronogramme e\u0301lectoral au regard des avance\u0301es susdites par rapport aux re\u0301formes en cours.<\/p>\n<p><strong>Pour plus d&rsquo;informations et d&rsquo;analyses sur la <a href=\"https:\/\/www.africa-press.net\/mali\">Mali<\/a>, suivez <a href=\"https:\/\/www.africa-press.net\/\">Africa-Press<\/a><\/strong><\/p>\n","protected":false},"excerpt":{"rendered":"<p>Africa-Press &#8211; Mali. Le pre\u0301sident de la coalition des organisations partenaires pour des e\u0301lections re\u0301ussies au Mali (COPER \u2013Mali) Mamadou Fadiala Keita, accompagne\u0301 par ses camarades, a aime\u0301 une confe\u0301rence d\u2019information le mardi 28 fe\u0301vrier 2023. Une rencontre qui visait a\u0300 se prononcer sur les sujets brulants de l\u2019heure au Mali. Devenu une tradition, la [&hellip;]<\/p>\n","protected":false},"author":82,"featured_media":31471,"comment_status":"open","ping_status":"closed","sticky":false,"template":"","format":"standard","meta":{"footnotes":""},"categories":[7,17],"tags":[76,86,19],"class_list":["post-31472","post","type-post","status-publish","format-standard","has-post-thumbnail","hentry","category-politique","category-toutes-les-actualites","tag-africa-press","tag-africa-press-mali","tag-mali"],"yoast_head":"<!-- This site is optimized with the Yoast SEO Premium plugin v26.1 (Yoast SEO v27.0) - https:\/\/yoast.com\/product\/yoast-seo-premium-wordpress\/ -->\n<title>Validation de la carte NINA : Coper d\u00e9crie des insuffisances du processus - Mali<\/title>\n<meta name=\"description\" content=\"Le pre\u0301sident de la coalition des organisations partenaires pour des e\u0301lections re\u0301ussies au Mali (COPER \u2013Mali) Mamadou ...\" \/>\n<meta name=\"robots\" content=\"index, follow, max-snippet:-1, max-image-preview:large, max-video-preview:-1\" \/>\n<link rel=\"canonical\" href=\"https:\/\/www.africa-press.net\/mali\/politique\/validation-de-la-carte-nina-coper-decrie-des-insuffisances-du-processus\" \/>\n<meta property=\"og:locale\" content=\"fr_FR\" \/>\n<meta property=\"og:type\" content=\"article\" \/>\n<meta property=\"og:title\" content=\"Validation de la carte NINA : Coper d\u00e9crie des insuffisances du processus\" \/>\n<meta property=\"og:description\" content=\"Le pre\u0301sident de la coalition des organisations partenaires pour des e\u0301lections re\u0301ussies au Mali (COPER \u2013Mali) Mamadou ...\" \/>\n<meta property=\"og:url\" content=\"https:\/\/www.africa-press.net\/mali\/politique\/validation-de-la-carte-nina-coper-decrie-des-insuffisances-du-processus\" \/>\n<meta property=\"og:site_name\" content=\"Mali\" \/>\n<meta property=\"article:publisher\" content=\"https:\/\/www.facebook.com\/AfricaPressTunisiaa\" \/>\n<meta property=\"article:published_time\" content=\"2023-03-03T10:39:55+00:00\" \/>\n<meta property=\"article:modified_time\" content=\"2023-03-03T10:57:57+00:00\" \/>\n<meta property=\"og:image\" content=\"https:\/\/static.africa-press.net\/mali\/sites\/21\/2023\/03\/postQueueImg_1677827409.69.jpg\" \/>\n\t<meta property=\"og:image:width\" content=\"720\" \/>\n\t<meta property=\"og:image:height\" content=\"383\" \/>\n\t<meta property=\"og:image:type\" content=\"image\/jpeg\" \/>\n<meta name=\"author\" content=\"cfeditorfr\" \/>\n<meta name=\"twitter:card\" content=\"summary_large_image\" \/>\n<meta name=\"twitter:label1\" content=\"\u00c9crit par\" \/>\n\t<meta name=\"twitter:data1\" content=\"cfeditorfr\" \/>\n\t<meta name=\"twitter:label2\" content=\"Dur\u00e9e de lecture estim\u00e9e\" \/>\n\t<meta name=\"twitter:data2\" content=\"3 minutes\" \/>\n<script type=\"application\/ld+json\" class=\"yoast-schema-graph\">{\"@context\":\"https:\/\/schema.org\",\"@graph\":[{\"@type\":\"Article\",\"@id\":\"https:\/\/www.africa-press.net\/mali\/politique\/validation-de-la-carte-nina-coper-decrie-des-insuffisances-du-processus#article\",\"isPartOf\":{\"@id\":\"https:\/\/www.africa-press.net\/mali\/politique\/validation-de-la-carte-nina-coper-decrie-des-insuffisances-du-processus\"},\"author\":{\"name\":\"cfeditorfr\",\"@id\":\"https:\/\/www.africa-press.net\/mali\/#\/schema\/person\/2b1cf3cd81a31e3cd26889ca66d677f1\"},\"headline\":\"Validation de la carte NINA : Coper d\u00e9crie des insuffisances du processus\",\"datePublished\":\"2023-03-03T10:39:55+00:00\",\"dateModified\":\"2023-03-03T10:57:57+00:00\",\"mainEntityOfPage\":{\"@id\":\"https:\/\/www.africa-press.net\/mali\/politique\/validation-de-la-carte-nina-coper-decrie-des-insuffisances-du-processus\"},\"wordCount\":545,\"commentCount\":0,\"image\":{\"@id\":\"https:\/\/www.africa-press.net\/mali\/politique\/validation-de-la-carte-nina-coper-decrie-des-insuffisances-du-processus#primaryimage\"},\"thumbnailUrl\":\"https:\/\/static.africa-press.net\/mali\/sites\/21\/2023\/03\/postQueueImg_1677827409.69.jpg\",\"keywords\":[\"Africa Press\",\"Africa Press-Mali\",\"mali\"],\"articleSection\":[\"Politique\",\"Toutes les actualit\u00e9s\"],\"inLanguage\":\"fr-FR\",\"potentialAction\":[{\"@type\":\"CommentAction\",\"name\":\"Comment\",\"target\":[\"https:\/\/www.africa-press.net\/mali\/politique\/validation-de-la-carte-nina-coper-decrie-des-insuffisances-du-processus#respond\"]}]},{\"@type\":\"WebPage\",\"@id\":\"https:\/\/www.africa-press.net\/mali\/politique\/validation-de-la-carte-nina-coper-decrie-des-insuffisances-du-processus\",\"url\":\"https:\/\/www.africa-press.net\/mali\/politique\/validation-de-la-carte-nina-coper-decrie-des-insuffisances-du-processus\",\"name\":\"Validation de la carte NINA : Coper d\u00e9crie des insuffisances du processus - Mali\",\"isPartOf\":{\"@id\":\"https:\/\/www.africa-press.net\/mali\/#website\"},\"primaryImageOfPage\":{\"@id\":\"https:\/\/www.africa-press.net\/mali\/politique\/validation-de-la-carte-nina-coper-decrie-des-insuffisances-du-processus#primaryimage\"},\"image\":{\"@id\":\"https:\/\/www.africa-press.net\/mali\/politique\/validation-de-la-carte-nina-coper-decrie-des-insuffisances-du-processus#primaryimage\"},\"thumbnailUrl\":\"https:\/\/static.africa-press.net\/mali\/sites\/21\/2023\/03\/postQueueImg_1677827409.69.jpg\",\"datePublished\":\"2023-03-03T10:39:55+00:00\",\"dateModified\":\"2023-03-03T10:57:57+00:00\",\"author\":{\"@id\":\"https:\/\/www.africa-press.net\/mali\/#\/schema\/person\/2b1cf3cd81a31e3cd26889ca66d677f1\"},\"description\":\"Le pre\u0301sident de la coalition des organisations partenaires pour des e\u0301lections re\u0301ussies au Mali (COPER \u2013Mali) Mamadou ...\",\"breadcrumb\":{\"@id\":\"https:\/\/www.africa-press.net\/mali\/politique\/validation-de-la-carte-nina-coper-decrie-des-insuffisances-du-processus#breadcrumb\"},\"inLanguage\":\"fr-FR\",\"potentialAction\":[{\"@type\":\"ReadAction\",\"target\":[\"https:\/\/www.africa-press.net\/mali\/politique\/validation-de-la-carte-nina-coper-decrie-des-insuffisances-du-processus\"]}]},{\"@type\":\"ImageObject\",\"inLanguage\":\"fr-FR\",\"@id\":\"https:\/\/www.africa-press.net\/mali\/politique\/validation-de-la-carte-nina-coper-decrie-des-insuffisances-du-processus#primaryimage\",\"url\":\"https:\/\/static.africa-press.net\/mali\/sites\/21\/2023\/03\/postQueueImg_1677827409.69.jpg\",\"contentUrl\":\"https:\/\/static.africa-press.net\/mali\/sites\/21\/2023\/03\/postQueueImg_1677827409.69.jpg\",\"width\":720,\"height\":383,\"caption\":\"Validation de la carte NINA : Coper d\u00e9crie des insuffisances du processus\"},{\"@type\":\"BreadcrumbList\",\"@id\":\"https:\/\/www.africa-press.net\/mali\/politique\/validation-de-la-carte-nina-coper-decrie-des-insuffisances-du-processus#breadcrumb\",\"itemListElement\":[{\"@type\":\"ListItem\",\"position\":1,\"name\":\"Home\",\"item\":\"https:\/\/www.africa-press.net\/mali\/\"},{\"@type\":\"ListItem\",\"position\":2,\"name\":\"Validation de la carte NINA : Coper d\u00e9crie des insuffisances du processus\"}]},{\"@type\":\"WebSite\",\"@id\":\"https:\/\/www.africa-press.net\/mali\/#website\",\"url\":\"https:\/\/www.africa-press.net\/mali\/\",\"name\":\"Mali\",\"description\":\"Just another Africa News Agency Sites site\",\"potentialAction\":[{\"@type\":\"SearchAction\",\"target\":{\"@type\":\"EntryPoint\",\"urlTemplate\":\"https:\/\/www.africa-press.net\/mali\/?s={search_term_string}\"},\"query-input\":{\"@type\":\"PropertyValueSpecification\",\"valueRequired\":true,\"valueName\":\"search_term_string\"}}],\"inLanguage\":\"fr-FR\"},{\"@type\":\"Person\",\"@id\":\"https:\/\/www.africa-press.net\/mali\/#\/schema\/person\/2b1cf3cd81a31e3cd26889ca66d677f1\",\"name\":\"cfeditorfr\"}]}<\/script>\n<!-- \/ Yoast SEO Premium plugin. -->","yoast_head_json":{"title":"Validation de la carte NINA : Coper d\u00e9crie des insuffisances du processus - Mali","description":"Le pre\u0301sident de la coalition des organisations partenaires pour des e\u0301lections re\u0301ussies au Mali (COPER \u2013Mali) Mamadou ...","robots":{"index":"index","follow":"follow","max-snippet":"max-snippet:-1","max-image-preview":"max-image-preview:large","max-video-preview":"max-video-preview:-1"},"canonical":"https:\/\/www.africa-press.net\/mali\/politique\/validation-de-la-carte-nina-coper-decrie-des-insuffisances-du-processus","og_locale":"fr_FR","og_type":"article","og_title":"Validation de la carte NINA : Coper d\u00e9crie des insuffisances du processus","og_description":"Le pre\u0301sident de la coalition des organisations partenaires pour des e\u0301lections re\u0301ussies au Mali (COPER \u2013Mali) Mamadou ...","og_url":"https:\/\/www.africa-press.net\/mali\/politique\/validation-de-la-carte-nina-coper-decrie-des-insuffisances-du-processus","og_site_name":"Mali","article_publisher":"https:\/\/www.facebook.com\/AfricaPressTunisiaa","article_published_time":"2023-03-03T10:39:55+00:00","article_modified_time":"2023-03-03T10:57:57+00:00","og_image":[{"width":720,"height":383,"url":"https:\/\/static.africa-press.net\/mali\/sites\/21\/2023\/03\/postQueueImg_1677827409.69.jpg","type":"image\/jpeg"}],"author":"cfeditorfr","twitter_card":"summary_large_image","twitter_misc":{"\u00c9crit par":"cfeditorfr","Dur\u00e9e de lecture estim\u00e9e":"3 minutes"},"schema":{"@context":"https:\/\/schema.org","@graph":[{"@type":"Article","@id":"https:\/\/www.africa-press.net\/mali\/politique\/validation-de-la-carte-nina-coper-decrie-des-insuffisances-du-processus#article","isPartOf":{"@id":"https:\/\/www.africa-press.net\/mali\/politique\/validation-de-la-carte-nina-coper-decrie-des-insuffisances-du-processus"},"author":{"name":"cfeditorfr","@id":"https:\/\/www.africa-press.net\/mali\/#\/schema\/person\/2b1cf3cd81a31e3cd26889ca66d677f1"},"headline":"Validation de la carte NINA : Coper d\u00e9crie des insuffisances du processus","datePublished":"2023-03-03T10:39:55+00:00","dateModified":"2023-03-03T10:57:57+00:00","mainEntityOfPage":{"@id":"https:\/\/www.africa-press.net\/mali\/politique\/validation-de-la-carte-nina-coper-decrie-des-insuffisances-du-processus"},"wordCount":545,"commentCount":0,"image":{"@id":"https:\/\/www.africa-press.net\/mali\/politique\/validation-de-la-carte-nina-coper-decrie-des-insuffisances-du-processus#primaryimage"},"thumbnailUrl":"https:\/\/static.africa-press.net\/mali\/sites\/21\/2023\/03\/postQueueImg_1677827409.69.jpg","keywords":["Africa Press","Africa Press-Mali","mali"],"articleSection":["Politique","Toutes les actualit\u00e9s"],"inLanguage":"fr-FR","potentialAction":[{"@type":"CommentAction","name":"Comment","target":["https:\/\/www.africa-press.net\/mali\/politique\/validation-de-la-carte-nina-coper-decrie-des-insuffisances-du-processus#respond"]}]},{"@type":"WebPage","@id":"https:\/\/www.africa-press.net\/mali\/politique\/validation-de-la-carte-nina-coper-decrie-des-insuffisances-du-processus","url":"https:\/\/www.africa-press.net\/mali\/politique\/validation-de-la-carte-nina-coper-decrie-des-insuffisances-du-processus","name":"Validation de la carte NINA : Coper d\u00e9crie des insuffisances du processus - Mali","isPartOf":{"@id":"https:\/\/www.africa-press.net\/mali\/#website"},"primaryImageOfPage":{"@id":"https:\/\/www.africa-press.net\/mali\/politique\/validation-de-la-carte-nina-coper-decrie-des-insuffisances-du-processus#primaryimage"},"image":{"@id":"https:\/\/www.africa-press.net\/mali\/politique\/validation-de-la-carte-nina-coper-decrie-des-insuffisances-du-processus#primaryimage"},"thumbnailUrl":"https:\/\/static.africa-press.net\/mali\/sites\/21\/2023\/03\/postQueueImg_1677827409.69.jpg","datePublished":"2023-03-03T10:39:55+00:00","dateModified":"2023-03-03T10:57:57+00:00","author":{"@id":"https:\/\/www.africa-press.net\/mali\/#\/schema\/person\/2b1cf3cd81a31e3cd26889ca66d677f1"},"description":"Le pre\u0301sident de la coalition des organisations partenaires pour des e\u0301lections re\u0301ussies au Mali (COPER \u2013Mali) Mamadou ...","breadcrumb":{"@id":"https:\/\/www.africa-press.net\/mali\/politique\/validation-de-la-carte-nina-coper-decrie-des-insuffisances-du-processus#breadcrumb"},"inLanguage":"fr-FR","potentialAction":[{"@type":"ReadAction","target":["https:\/\/www.africa-press.net\/mali\/politique\/validation-de-la-carte-nina-coper-decrie-des-insuffisances-du-processus"]}]},{"@type":"ImageObject","inLanguage":"fr-FR","@id":"https:\/\/www.africa-press.net\/mali\/politique\/validation-de-la-carte-nina-coper-decrie-des-insuffisances-du-processus#primaryimage","url":"https:\/\/static.africa-press.net\/mali\/sites\/21\/2023\/03\/postQueueImg_1677827409.69.jpg","contentUrl":"https:\/\/static.africa-press.net\/mali\/sites\/21\/2023\/03\/postQueueImg_1677827409.69.jpg","width":720,"height":383,"caption":"Validation de la carte NINA : Coper d\u00e9crie des insuffisances du processus"},{"@type":"BreadcrumbList","@id":"https:\/\/www.africa-press.net\/mali\/politique\/validation-de-la-carte-nina-coper-decrie-des-insuffisances-du-processus#breadcrumb","itemListElement":[{"@type":"ListItem","position":1,"name":"Home","item":"https:\/\/www.africa-press.net\/mali\/"},{"@type":"ListItem","position":2,"name":"Validation de la carte NINA : Coper d\u00e9crie des insuffisances du processus"}]},{"@type":"WebSite","@id":"https:\/\/www.africa-press.net\/mali\/#website","url":"https:\/\/www.africa-press.net\/mali\/","name":"Mali","description":"Just another Africa News Agency Sites site","potentialAction":[{"@type":"SearchAction","target":{"@type":"EntryPoint","urlTemplate":"https:\/\/www.africa-press.net\/mali\/?s={search_term_string}"},"query-input":{"@type":"PropertyValueSpecification","valueRequired":true,"valueName":"search_term_string"}}],"inLanguage":"fr-FR"},{"@type":"Person","@id":"https:\/\/www.africa-press.net\/mali\/#\/schema\/person\/2b1cf3cd81a31e3cd26889ca66d677f1","name":"cfeditorfr"}]}},"_links":{"self":[{"href":"https:\/\/www.africa-press.net\/mali\/wp-json\/wp\/v2\/posts\/31472","targetHints":{"allow":["GET"]}}],"collection":[{"href":"https:\/\/www.africa-press.net\/mali\/wp-json\/wp\/v2\/posts"}],"about":[{"href":"https:\/\/www.africa-press.net\/mali\/wp-json\/wp\/v2\/types\/post"}],"author":[{"embeddable":true,"href":"https:\/\/www.africa-press.net\/mali\/wp-json\/wp\/v2\/users\/82"}],"replies":[{"embeddable":true,"href":"https:\/\/www.africa-press.net\/mali\/wp-json\/wp\/v2\/comments?post=31472"}],"version-history":[{"count":0,"href":"https:\/\/www.africa-press.net\/mali\/wp-json\/wp\/v2\/posts\/31472\/revisions"}],"wp:featuredmedia":[{"embeddable":true,"href":"https:\/\/www.africa-press.net\/mali\/wp-json\/wp\/v2\/media\/31471"}],"wp:attachment":[{"href":"https:\/\/www.africa-press.net\/mali\/wp-json\/wp\/v2\/media?parent=31472"}],"wp:term":[{"taxonomy":"category","embeddable":true,"href":"https:\/\/www.africa-press.net\/mali\/wp-json\/wp\/v2\/categories?post=31472"},{"taxonomy":"post_tag","embeddable":true,"href":"https:\/\/www.africa-press.net\/mali\/wp-json\/wp\/v2\/tags?post=31472"}],"curies":[{"name":"wp","href":"https:\/\/api.w.org\/{rel}","templated":true}]}}