{"id":31475,"date":"2023-03-03T10:40:28","date_gmt":"2023-03-03T10:40:28","guid":{"rendered":"https:\/\/www.africa-press.net\/mali\/politique\/sommet-du-mouvement-des-non-alignes-a-bakou-le-mali-represente-par-le-colonel-abdoulaye-maiga"},"modified":"2023-03-03T10:58:40","modified_gmt":"2023-03-03T10:58:40","slug":"sommet-du-mouvement-des-non-alignes-a-bakou-le-mali-represente-par-le-colonel-abdoulaye-maiga","status":"publish","type":"post","link":"https:\/\/www.africa-press.net\/mali\/top-nouvelles\/sommet-du-mouvement-des-non-alignes-a-bakou-le-mali-represente-par-le-colonel-abdoulaye-maiga","title":{"rendered":"Sommet du Mouvement des Non-Align\u00e9s \u00e0 Bakou : Le Mali repr\u00e9sent\u00e9 par le colonel Abdoulaye Ma\u00efga"},"content":{"rendered":"<p><span style=\"color: #ff6600\"><strong>Africa-Press &#8211; Mali. <\/strong><\/span>Le colonel Abdoulaye Mai\u0308ga, ministre d\u2019E\u0301tat, ministre de l\u2019Administration territoriale et de la De\u0301centralisation, Porte-parole du gouvernement, a eu l\u2019honneur de repre\u0301senter le pre\u0301sident de la Transition, le colonel Assimi Goi\u0308ta, a\u0300 cette importante re\u0301union sur la reprise post-Covid-19, a\u0300 laquelle ont participe\u0301 e\u0301galement plus de 70 pays et Organisations internationales.<\/p>\n<p>Ce sommet a e\u0301te\u0301 l\u2019occasion pour les E\u0301tats membres du Mouvement des non-aligne\u0301s d\u2019e\u0301tablir le bilan de la pande\u0301mie, d\u2019appre\u0301cier les efforts de\u0301ploye\u0301s pour faire face a\u0300 la pande\u0301mie, d\u2019e\u0301changer sur la vision du Mouvement sur la reprise post-pande\u0301mique et de saluer la place de la solidarite\u0301 a\u0300 l\u2019inte\u0301rieur des frontie\u0300res et entre les E\u0301tats.<\/p>\n<p>Dans son discours d\u2019ouverture, Ilhem Aliyev, pre\u0301sident de la Re\u0301publique d\u2019Azerbai\u0308djan, e\u0301galement pre\u0301sident du Nam depuis 2019, a propose\u0301 l\u2019e\u0301tablissement du sie\u0300ge du Mouvement dans son pays. Il a e\u0301galement souligne\u0301 la ne\u0301cessite\u0301 de re\u0301forme du Conseil de se\u0301curite\u0301 des Nations unies qui est de\u0301sormais obsole\u0300te et inefficace, apre\u0300s avoir insiste\u0301 sur le respect de la souverainete\u0301 des E\u0301tats et de\u0301nonce\u0301 le ro\u0302le ne\u0301gatif de la France en Afrique.<\/p>\n<p>Dans son intervention, le colonel Abdoulaye Mai\u0308ga a fe\u0301licite\u0301 les autorite\u0301s azerbai\u0308djanaises et re\u0301ite\u0301re\u0301 le soutien du Mali au Mouvement des non-aligne\u0301s. Il a e\u0301galement pre\u0301sente\u0301 le dispositif national de pre\u0301vention et de lutte contre la Covid-19, avant d\u2019exposer l\u2019investissement fourni par le gouvernement, en vue d\u2019atte\u0301nuer les conse\u0301quences de la pande\u0301mie sur la population dans le domaine socio-e\u0301conomique et financier, dans un contexte profonde\u0301ment marque\u0301 par la lutte contre des groupes terroristes qui ope\u0300rent au Mali avec l\u2019aide des autorite\u0301s franc\u0327aises.<\/p>\n<p>En marge des travaux, le ministre d\u2019E\u0301tat, ministre de l\u2019Administration territoriale et de la De\u0301centralisation a eu des e\u0301changes bilate\u0301raux avec de nombreux chefs de de\u0301le\u0301gation, notamment le Premier ministre de l\u2019Alge\u0301rie, le ministre des Affaires e\u0301trange\u0300res de la Gambie, le ministre de la Sante\u0301 du Tchad et le vice-ministre de la Coope\u0301ration du Burkina Faso. Il est a\u0300 rappeler que le Mali assure la vice-pre\u0301sidence du Nam, au nom du Groupe africain.<\/p>\n<p>Par ailleurs, dans le document final intitule\u0301 Appel global pour l\u2019action : soutenir la reprise post-pande\u0301mique dans les pays africains, les participants ont invite\u0301 la communaute\u0301 internationale a\u0300 soutenir les efforts desdits E\u0301tats pour l\u2019atteinte des objectifs et aspirations contenus dans l\u2019Agenda 2063. Ils ont de\u0301cide\u0301 de la cre\u0301ation d\u2019un Fonds d\u2019appui que l\u2019Azerbai\u0308djan a imme\u0301diatement dote\u0301 d\u2019un montant d\u2019un million de dollars, comme premier contributeur et en sa qualite\u0301 de pre\u0301sident du Mouvement des non-aligne\u0301s.<\/p>\n<p><strong>Pour plus d&rsquo;informations et d&rsquo;analyses sur la <a href=\"https:\/\/www.africa-press.net\/mali\">Mali<\/a>, suivez <a href=\"https:\/\/www.africa-press.net\/\">Africa-Press<\/a><\/strong><\/p>\n","protected":false},"excerpt":{"rendered":"<p>Africa-Press &#8211; Mali. Le colonel Abdoulaye Mai\u0308ga, ministre d\u2019E\u0301tat, ministre de l\u2019Administration territoriale et de la De\u0301centralisation, Porte-parole du gouvernement, a eu l\u2019honneur de repre\u0301senter le pre\u0301sident de la Transition, le colonel Assimi Goi\u0308ta, a\u0300 cette importante re\u0301union sur la reprise post-Covid-19, a\u0300 laquelle ont participe\u0301 e\u0301galement plus de 70 pays et Organisations internationales. Ce [&hellip;]<\/p>\n","protected":false},"author":82,"featured_media":31474,"comment_status":"open","ping_status":"closed","sticky":false,"template":"","format":"standard","meta":{"footnotes":""},"categories":[7,5,17],"tags":[76,86,19],"class_list":["post-31475","post","type-post","status-publish","format-standard","has-post-thumbnail","hentry","category-politique","category-top-nouvelles","category-toutes-les-actualites","tag-africa-press","tag-africa-press-mali","tag-mali"],"yoast_head":"<!-- This site is optimized with the Yoast SEO Premium plugin v26.1 (Yoast SEO v27.0) - https:\/\/yoast.com\/product\/yoast-seo-premium-wordpress\/ -->\n<title>Sommet du Mouvement des Non-Align\u00e9s \u00e0 Bakou : Le Mali repr\u00e9sent\u00e9 par le colonel Abdoulaye Ma\u00efga - Mali<\/title>\n<meta name=\"description\" content=\"Le colonel Abdoulaye Mai\u0308ga, ministre d\u2019E\u0301tat, ministre de l\u2019Administration territoriale et de la De\u0301centralisation, Por ...\" \/>\n<meta name=\"robots\" content=\"index, follow, max-snippet:-1, max-image-preview:large, max-video-preview:-1\" \/>\n<link rel=\"canonical\" href=\"https:\/\/www.africa-press.net\/mali\/top-nouvelles\/sommet-du-mouvement-des-non-alignes-a-bakou-le-mali-represente-par-le-colonel-abdoulaye-maiga\" \/>\n<meta property=\"og:locale\" content=\"fr_FR\" \/>\n<meta property=\"og:type\" content=\"article\" \/>\n<meta property=\"og:title\" content=\"Sommet du Mouvement des Non-Align\u00e9s \u00e0 Bakou : Le Mali repr\u00e9sent\u00e9 par le colonel Abdoulaye Ma\u00efga\" \/>\n<meta property=\"og:description\" content=\"Le colonel Abdoulaye Mai\u0308ga, ministre d\u2019E\u0301tat, ministre de l\u2019Administration territoriale et de la De\u0301centralisation, Por ...\" \/>\n<meta property=\"og:url\" content=\"https:\/\/www.africa-press.net\/mali\/top-nouvelles\/sommet-du-mouvement-des-non-alignes-a-bakou-le-mali-represente-par-le-colonel-abdoulaye-maiga\" \/>\n<meta property=\"og:site_name\" content=\"Mali\" \/>\n<meta property=\"article:publisher\" content=\"https:\/\/www.facebook.com\/AfricaPressTunisiaa\" \/>\n<meta property=\"article:published_time\" content=\"2023-03-03T10:40:28+00:00\" \/>\n<meta property=\"article:modified_time\" content=\"2023-03-03T10:58:40+00:00\" \/>\n<meta property=\"og:image\" content=\"https:\/\/static.africa-press.net\/mali\/sites\/21\/2023\/03\/postQueueImg_1677827445.96.jpg\" \/>\n\t<meta property=\"og:image:width\" content=\"720\" \/>\n\t<meta property=\"og:image:height\" content=\"378\" \/>\n\t<meta property=\"og:image:type\" content=\"image\/jpeg\" \/>\n<meta name=\"author\" content=\"cfeditorfr\" \/>\n<meta name=\"twitter:card\" content=\"summary_large_image\" \/>\n<meta name=\"twitter:label1\" content=\"\u00c9crit par\" \/>\n\t<meta name=\"twitter:data1\" content=\"cfeditorfr\" \/>\n\t<meta name=\"twitter:label2\" content=\"Dur\u00e9e de lecture estim\u00e9e\" \/>\n\t<meta name=\"twitter:data2\" content=\"3 minutes\" \/>\n<script type=\"application\/ld+json\" class=\"yoast-schema-graph\">{\"@context\":\"https:\/\/schema.org\",\"@graph\":[{\"@type\":\"Article\",\"@id\":\"https:\/\/www.africa-press.net\/mali\/top-nouvelles\/sommet-du-mouvement-des-non-alignes-a-bakou-le-mali-represente-par-le-colonel-abdoulaye-maiga#article\",\"isPartOf\":{\"@id\":\"https:\/\/www.africa-press.net\/mali\/top-nouvelles\/sommet-du-mouvement-des-non-alignes-a-bakou-le-mali-represente-par-le-colonel-abdoulaye-maiga\"},\"author\":{\"name\":\"cfeditorfr\",\"@id\":\"https:\/\/www.africa-press.net\/mali\/#\/schema\/person\/2b1cf3cd81a31e3cd26889ca66d677f1\"},\"headline\":\"Sommet du Mouvement des Non-Align\u00e9s \u00e0 Bakou : Le Mali repr\u00e9sent\u00e9 par le colonel Abdoulaye Ma\u00efga\",\"datePublished\":\"2023-03-03T10:40:28+00:00\",\"dateModified\":\"2023-03-03T10:58:40+00:00\",\"mainEntityOfPage\":{\"@id\":\"https:\/\/www.africa-press.net\/mali\/top-nouvelles\/sommet-du-mouvement-des-non-alignes-a-bakou-le-mali-represente-par-le-colonel-abdoulaye-maiga\"},\"wordCount\":537,\"commentCount\":0,\"image\":{\"@id\":\"https:\/\/www.africa-press.net\/mali\/top-nouvelles\/sommet-du-mouvement-des-non-alignes-a-bakou-le-mali-represente-par-le-colonel-abdoulaye-maiga#primaryimage\"},\"thumbnailUrl\":\"https:\/\/static.africa-press.net\/mali\/sites\/21\/2023\/03\/postQueueImg_1677827445.96.jpg\",\"keywords\":[\"Africa Press\",\"Africa Press-Mali\",\"mali\"],\"articleSection\":[\"Politique\",\"Top Nouvelles\",\"Toutes les actualit\u00e9s\"],\"inLanguage\":\"fr-FR\",\"potentialAction\":[{\"@type\":\"CommentAction\",\"name\":\"Comment\",\"target\":[\"https:\/\/www.africa-press.net\/mali\/top-nouvelles\/sommet-du-mouvement-des-non-alignes-a-bakou-le-mali-represente-par-le-colonel-abdoulaye-maiga#respond\"]}]},{\"@type\":\"WebPage\",\"@id\":\"https:\/\/www.africa-press.net\/mali\/top-nouvelles\/sommet-du-mouvement-des-non-alignes-a-bakou-le-mali-represente-par-le-colonel-abdoulaye-maiga\",\"url\":\"https:\/\/www.africa-press.net\/mali\/top-nouvelles\/sommet-du-mouvement-des-non-alignes-a-bakou-le-mali-represente-par-le-colonel-abdoulaye-maiga\",\"name\":\"Sommet du Mouvement des Non-Align\u00e9s \u00e0 Bakou : Le Mali repr\u00e9sent\u00e9 par le colonel Abdoulaye Ma\u00efga - Mali\",\"isPartOf\":{\"@id\":\"https:\/\/www.africa-press.net\/mali\/#website\"},\"primaryImageOfPage\":{\"@id\":\"https:\/\/www.africa-press.net\/mali\/top-nouvelles\/sommet-du-mouvement-des-non-alignes-a-bakou-le-mali-represente-par-le-colonel-abdoulaye-maiga#primaryimage\"},\"image\":{\"@id\":\"https:\/\/www.africa-press.net\/mali\/top-nouvelles\/sommet-du-mouvement-des-non-alignes-a-bakou-le-mali-represente-par-le-colonel-abdoulaye-maiga#primaryimage\"},\"thumbnailUrl\":\"https:\/\/static.africa-press.net\/mali\/sites\/21\/2023\/03\/postQueueImg_1677827445.96.jpg\",\"datePublished\":\"2023-03-03T10:40:28+00:00\",\"dateModified\":\"2023-03-03T10:58:40+00:00\",\"author\":{\"@id\":\"https:\/\/www.africa-press.net\/mali\/#\/schema\/person\/2b1cf3cd81a31e3cd26889ca66d677f1\"},\"description\":\"Le colonel Abdoulaye Mai\u0308ga, ministre d\u2019E\u0301tat, ministre de l\u2019Administration territoriale et de la De\u0301centralisation, Por ...\",\"breadcrumb\":{\"@id\":\"https:\/\/www.africa-press.net\/mali\/top-nouvelles\/sommet-du-mouvement-des-non-alignes-a-bakou-le-mali-represente-par-le-colonel-abdoulaye-maiga#breadcrumb\"},\"inLanguage\":\"fr-FR\",\"potentialAction\":[{\"@type\":\"ReadAction\",\"target\":[\"https:\/\/www.africa-press.net\/mali\/top-nouvelles\/sommet-du-mouvement-des-non-alignes-a-bakou-le-mali-represente-par-le-colonel-abdoulaye-maiga\"]}]},{\"@type\":\"ImageObject\",\"inLanguage\":\"fr-FR\",\"@id\":\"https:\/\/www.africa-press.net\/mali\/top-nouvelles\/sommet-du-mouvement-des-non-alignes-a-bakou-le-mali-represente-par-le-colonel-abdoulaye-maiga#primaryimage\",\"url\":\"https:\/\/static.africa-press.net\/mali\/sites\/21\/2023\/03\/postQueueImg_1677827445.96.jpg\",\"contentUrl\":\"https:\/\/static.africa-press.net\/mali\/sites\/21\/2023\/03\/postQueueImg_1677827445.96.jpg\",\"width\":720,\"height\":378,\"caption\":\"Sommet du Mouvement des Non-Align\u00e9s \u00e0 Bakou : Le Mali repr\u00e9sent\u00e9 par le colonel Abdoulaye Ma\u00efga\"},{\"@type\":\"BreadcrumbList\",\"@id\":\"https:\/\/www.africa-press.net\/mali\/top-nouvelles\/sommet-du-mouvement-des-non-alignes-a-bakou-le-mali-represente-par-le-colonel-abdoulaye-maiga#breadcrumb\",\"itemListElement\":[{\"@type\":\"ListItem\",\"position\":1,\"name\":\"Home\",\"item\":\"https:\/\/www.africa-press.net\/mali\/\"},{\"@type\":\"ListItem\",\"position\":2,\"name\":\"Sommet du Mouvement des Non-Align\u00e9s \u00e0 Bakou : Le Mali repr\u00e9sent\u00e9 par le colonel Abdoulaye Ma\u00efga\"}]},{\"@type\":\"WebSite\",\"@id\":\"https:\/\/www.africa-press.net\/mali\/#website\",\"url\":\"https:\/\/www.africa-press.net\/mali\/\",\"name\":\"Mali\",\"description\":\"Just another Africa News Agency Sites site\",\"potentialAction\":[{\"@type\":\"SearchAction\",\"target\":{\"@type\":\"EntryPoint\",\"urlTemplate\":\"https:\/\/www.africa-press.net\/mali\/?s={search_term_string}\"},\"query-input\":{\"@type\":\"PropertyValueSpecification\",\"valueRequired\":true,\"valueName\":\"search_term_string\"}}],\"inLanguage\":\"fr-FR\"},{\"@type\":\"Person\",\"@id\":\"https:\/\/www.africa-press.net\/mali\/#\/schema\/person\/2b1cf3cd81a31e3cd26889ca66d677f1\",\"name\":\"cfeditorfr\"}]}<\/script>\n<!-- \/ Yoast SEO Premium plugin. -->","yoast_head_json":{"title":"Sommet du Mouvement des Non-Align\u00e9s \u00e0 Bakou : Le Mali repr\u00e9sent\u00e9 par le colonel Abdoulaye Ma\u00efga - Mali","description":"Le colonel Abdoulaye Mai\u0308ga, ministre d\u2019E\u0301tat, ministre de l\u2019Administration territoriale et de la De\u0301centralisation, Por ...","robots":{"index":"index","follow":"follow","max-snippet":"max-snippet:-1","max-image-preview":"max-image-preview:large","max-video-preview":"max-video-preview:-1"},"canonical":"https:\/\/www.africa-press.net\/mali\/top-nouvelles\/sommet-du-mouvement-des-non-alignes-a-bakou-le-mali-represente-par-le-colonel-abdoulaye-maiga","og_locale":"fr_FR","og_type":"article","og_title":"Sommet du Mouvement des Non-Align\u00e9s \u00e0 Bakou : Le Mali repr\u00e9sent\u00e9 par le colonel Abdoulaye Ma\u00efga","og_description":"Le colonel Abdoulaye Mai\u0308ga, ministre d\u2019E\u0301tat, ministre de l\u2019Administration territoriale et de la De\u0301centralisation, Por ...","og_url":"https:\/\/www.africa-press.net\/mali\/top-nouvelles\/sommet-du-mouvement-des-non-alignes-a-bakou-le-mali-represente-par-le-colonel-abdoulaye-maiga","og_site_name":"Mali","article_publisher":"https:\/\/www.facebook.com\/AfricaPressTunisiaa","article_published_time":"2023-03-03T10:40:28+00:00","article_modified_time":"2023-03-03T10:58:40+00:00","og_image":[{"width":720,"height":378,"url":"https:\/\/static.africa-press.net\/mali\/sites\/21\/2023\/03\/postQueueImg_1677827445.96.jpg","type":"image\/jpeg"}],"author":"cfeditorfr","twitter_card":"summary_large_image","twitter_misc":{"\u00c9crit par":"cfeditorfr","Dur\u00e9e de lecture estim\u00e9e":"3 minutes"},"schema":{"@context":"https:\/\/schema.org","@graph":[{"@type":"Article","@id":"https:\/\/www.africa-press.net\/mali\/top-nouvelles\/sommet-du-mouvement-des-non-alignes-a-bakou-le-mali-represente-par-le-colonel-abdoulaye-maiga#article","isPartOf":{"@id":"https:\/\/www.africa-press.net\/mali\/top-nouvelles\/sommet-du-mouvement-des-non-alignes-a-bakou-le-mali-represente-par-le-colonel-abdoulaye-maiga"},"author":{"name":"cfeditorfr","@id":"https:\/\/www.africa-press.net\/mali\/#\/schema\/person\/2b1cf3cd81a31e3cd26889ca66d677f1"},"headline":"Sommet du Mouvement des Non-Align\u00e9s \u00e0 Bakou : Le Mali repr\u00e9sent\u00e9 par le colonel Abdoulaye Ma\u00efga","datePublished":"2023-03-03T10:40:28+00:00","dateModified":"2023-03-03T10:58:40+00:00","mainEntityOfPage":{"@id":"https:\/\/www.africa-press.net\/mali\/top-nouvelles\/sommet-du-mouvement-des-non-alignes-a-bakou-le-mali-represente-par-le-colonel-abdoulaye-maiga"},"wordCount":537,"commentCount":0,"image":{"@id":"https:\/\/www.africa-press.net\/mali\/top-nouvelles\/sommet-du-mouvement-des-non-alignes-a-bakou-le-mali-represente-par-le-colonel-abdoulaye-maiga#primaryimage"},"thumbnailUrl":"https:\/\/static.africa-press.net\/mali\/sites\/21\/2023\/03\/postQueueImg_1677827445.96.jpg","keywords":["Africa Press","Africa Press-Mali","mali"],"articleSection":["Politique","Top Nouvelles","Toutes les actualit\u00e9s"],"inLanguage":"fr-FR","potentialAction":[{"@type":"CommentAction","name":"Comment","target":["https:\/\/www.africa-press.net\/mali\/top-nouvelles\/sommet-du-mouvement-des-non-alignes-a-bakou-le-mali-represente-par-le-colonel-abdoulaye-maiga#respond"]}]},{"@type":"WebPage","@id":"https:\/\/www.africa-press.net\/mali\/top-nouvelles\/sommet-du-mouvement-des-non-alignes-a-bakou-le-mali-represente-par-le-colonel-abdoulaye-maiga","url":"https:\/\/www.africa-press.net\/mali\/top-nouvelles\/sommet-du-mouvement-des-non-alignes-a-bakou-le-mali-represente-par-le-colonel-abdoulaye-maiga","name":"Sommet du Mouvement des Non-Align\u00e9s \u00e0 Bakou : Le Mali repr\u00e9sent\u00e9 par le colonel Abdoulaye Ma\u00efga - Mali","isPartOf":{"@id":"https:\/\/www.africa-press.net\/mali\/#website"},"primaryImageOfPage":{"@id":"https:\/\/www.africa-press.net\/mali\/top-nouvelles\/sommet-du-mouvement-des-non-alignes-a-bakou-le-mali-represente-par-le-colonel-abdoulaye-maiga#primaryimage"},"image":{"@id":"https:\/\/www.africa-press.net\/mali\/top-nouvelles\/sommet-du-mouvement-des-non-alignes-a-bakou-le-mali-represente-par-le-colonel-abdoulaye-maiga#primaryimage"},"thumbnailUrl":"https:\/\/static.africa-press.net\/mali\/sites\/21\/2023\/03\/postQueueImg_1677827445.96.jpg","datePublished":"2023-03-03T10:40:28+00:00","dateModified":"2023-03-03T10:58:40+00:00","author":{"@id":"https:\/\/www.africa-press.net\/mali\/#\/schema\/person\/2b1cf3cd81a31e3cd26889ca66d677f1"},"description":"Le colonel Abdoulaye Mai\u0308ga, ministre d\u2019E\u0301tat, ministre de l\u2019Administration territoriale et de la De\u0301centralisation, Por ...","breadcrumb":{"@id":"https:\/\/www.africa-press.net\/mali\/top-nouvelles\/sommet-du-mouvement-des-non-alignes-a-bakou-le-mali-represente-par-le-colonel-abdoulaye-maiga#breadcrumb"},"inLanguage":"fr-FR","potentialAction":[{"@type":"ReadAction","target":["https:\/\/www.africa-press.net\/mali\/top-nouvelles\/sommet-du-mouvement-des-non-alignes-a-bakou-le-mali-represente-par-le-colonel-abdoulaye-maiga"]}]},{"@type":"ImageObject","inLanguage":"fr-FR","@id":"https:\/\/www.africa-press.net\/mali\/top-nouvelles\/sommet-du-mouvement-des-non-alignes-a-bakou-le-mali-represente-par-le-colonel-abdoulaye-maiga#primaryimage","url":"https:\/\/static.africa-press.net\/mali\/sites\/21\/2023\/03\/postQueueImg_1677827445.96.jpg","contentUrl":"https:\/\/static.africa-press.net\/mali\/sites\/21\/2023\/03\/postQueueImg_1677827445.96.jpg","width":720,"height":378,"caption":"Sommet du Mouvement des Non-Align\u00e9s \u00e0 Bakou : Le Mali repr\u00e9sent\u00e9 par le colonel Abdoulaye Ma\u00efga"},{"@type":"BreadcrumbList","@id":"https:\/\/www.africa-press.net\/mali\/top-nouvelles\/sommet-du-mouvement-des-non-alignes-a-bakou-le-mali-represente-par-le-colonel-abdoulaye-maiga#breadcrumb","itemListElement":[{"@type":"ListItem","position":1,"name":"Home","item":"https:\/\/www.africa-press.net\/mali\/"},{"@type":"ListItem","position":2,"name":"Sommet du Mouvement des Non-Align\u00e9s \u00e0 Bakou : Le Mali repr\u00e9sent\u00e9 par le colonel Abdoulaye Ma\u00efga"}]},{"@type":"WebSite","@id":"https:\/\/www.africa-press.net\/mali\/#website","url":"https:\/\/www.africa-press.net\/mali\/","name":"Mali","description":"Just another Africa News Agency Sites site","potentialAction":[{"@type":"SearchAction","target":{"@type":"EntryPoint","urlTemplate":"https:\/\/www.africa-press.net\/mali\/?s={search_term_string}"},"query-input":{"@type":"PropertyValueSpecification","valueRequired":true,"valueName":"search_term_string"}}],"inLanguage":"fr-FR"},{"@type":"Person","@id":"https:\/\/www.africa-press.net\/mali\/#\/schema\/person\/2b1cf3cd81a31e3cd26889ca66d677f1","name":"cfeditorfr"}]}},"_links":{"self":[{"href":"https:\/\/www.africa-press.net\/mali\/wp-json\/wp\/v2\/posts\/31475","targetHints":{"allow":["GET"]}}],"collection":[{"href":"https:\/\/www.africa-press.net\/mali\/wp-json\/wp\/v2\/posts"}],"about":[{"href":"https:\/\/www.africa-press.net\/mali\/wp-json\/wp\/v2\/types\/post"}],"author":[{"embeddable":true,"href":"https:\/\/www.africa-press.net\/mali\/wp-json\/wp\/v2\/users\/82"}],"replies":[{"embeddable":true,"href":"https:\/\/www.africa-press.net\/mali\/wp-json\/wp\/v2\/comments?post=31475"}],"version-history":[{"count":0,"href":"https:\/\/www.africa-press.net\/mali\/wp-json\/wp\/v2\/posts\/31475\/revisions"}],"wp:featuredmedia":[{"embeddable":true,"href":"https:\/\/www.africa-press.net\/mali\/wp-json\/wp\/v2\/media\/31474"}],"wp:attachment":[{"href":"https:\/\/www.africa-press.net\/mali\/wp-json\/wp\/v2\/media?parent=31475"}],"wp:term":[{"taxonomy":"category","embeddable":true,"href":"https:\/\/www.africa-press.net\/mali\/wp-json\/wp\/v2\/categories?post=31475"},{"taxonomy":"post_tag","embeddable":true,"href":"https:\/\/www.africa-press.net\/mali\/wp-json\/wp\/v2\/tags?post=31475"}],"curies":[{"name":"wp","href":"https:\/\/api.w.org\/{rel}","templated":true}]}}