{"id":31481,"date":"2023-03-03T10:41:51","date_gmt":"2023-03-03T10:41:51","guid":{"rendered":"https:\/\/www.africa-press.net\/mali\/politique\/conseil-de-securite-de-lonu-la-france-ne-portera-plus-le-dossier-mali"},"modified":"2023-03-03T10:59:54","modified_gmt":"2023-03-03T10:59:54","slug":"conseil-de-securite-de-lonu-la-france-ne-portera-plus-le-dossier-mali","status":"publish","type":"post","link":"https:\/\/www.africa-press.net\/mali\/top-nouvelles\/conseil-de-securite-de-lonu-la-france-ne-portera-plus-le-dossier-mali","title":{"rendered":"Conseil de s\u00e9curit\u00e9 de l\u2019ONU : La France ne portera plus le dossier Mali"},"content":{"rendered":"<p><span style=\"color: #ff6600\"><strong>Africa-Press &#8211; Mali. <\/strong><\/span>Dans une correspondance adresse\u0301e au pre\u0301sident du Conseil de se\u0301curite\u0301 des Nations unies, par ailleurs repre\u0301sentant permanent de la Re\u0301publique du Mozambique aupre\u0300s des Nations unies, Pedro Comissa\u0301rio Afonso, mercredi dernier, le gouvernement a re\u0301cuse\u0301 officiellement le statut de porte-plume de la France sur toutes les questions examine\u0301es par la haute instance onusienne concernant le Mali.<\/p>\n<p>En effet, depuis l\u2019inscription de la situation de notre pays a\u0300 l\u2019agenda du Conseil de se\u0301curite\u0301, conforme\u0301ment a\u0300 sa re\u0301solution 2085 du 20 de\u0301cembre 2012, la France a toujours porte\u0301 la plume sur toutes les questions concernant notre pays devant cet auguste organe, y compris pour ce qui concerne l\u2019initiative et le portage des projets de re\u0301solutions relatifs au mandat de la Mission multidimensionnelle des Nations unies pour la stabilisation au Mali (Minusma) ou au re\u0301gime de sanctions concernant le Mali.<\/p>\n<p>Selon nos sources, cette de\u0301cision intervient parce qu\u2019au regard de la tension diplomatique entre les deux pays, l\u2019ancienne puissance coloniale n\u2019a plus la confiance des autorite\u0301s maliennes. Paris n\u2019est plus cre\u0301dible pour traiter convenablement les dossiers du Mali. La correspondance du Mali ame\u0300nera le Conseil de se\u0301curite\u0301 a\u0300 choisir un autre porte-plume pour le dossier Mali. Et notre pays aura la latitude d\u2019accepter ou de re\u0301cuser le nouveau porte-plume qui sera de\u0301signe\u0301. Le statut de porte-plume est de\u0301volu ge\u0301ne\u0301ralement aux cinq membres permanents du Conseil de se\u0301curite\u0301.<\/p>\n<p>Au regard de la vive tension entre les deux pays, ce de\u0301veloppement e\u0301tait pre\u0301visible. Par communique\u0301 en date du 12 janvier 2022 et du 26 avril 2022, le gouvernement alertait l\u2019opinion publique nationale et internationale sur les actes hostiles, notamment la violation de l\u2019espace ae\u0301rien du Mali par des ae\u0301ronefs des militaires franc\u0327ais.<\/p>\n<p>Ces alertes publiques ont e\u0301te\u0301 suivies, le 15 aou\u0302t 2022, d\u2019une lettre par laquelle les autorite\u0301s portaient plainte aupre\u0300s du Conseil de se\u0301curite\u0301 pour \u00ab actes d\u2019agression, de violation de notre espace ae\u0301rien, de subversion et de de\u0301stabilisation \u00bb. Ces faits sont d\u2019une extre\u0302me gravite\u0301 interrogent sur l\u2019objectivite\u0301 et l\u2019impartialite\u0301 de la France.<\/p>\n<p>MARCHE\u0301 DE DUPES- Il faut rappeler que les relations entre Paris et Bamako ont commence\u0301 a\u0300 se de\u0301grader se\u0301rieusement depuis la rectification de la trajectoire de la Transition en mai 2021. Le Mali a de\u0301cide\u0301 de s\u2019orienter vers la Fe\u0301de\u0301ration de Russie pour mener efficacement la lutte contre le terrorisme. De\u0301cision vivement conteste\u0301e par les dirigeants franc\u0327ais en des termes emprunts de condescendance.<\/p>\n<p>Les e\u0301changes de propos peu diplomatiques ont abouti au retrait de la force anti-terroriste Barkhane du Mali puis de la Force Takuba. La tension a culmine\u0301 par l\u2019expulsion de l\u2019ambassadeur de France a\u0300 Bamako, Joe\u0308l Meyer, le 31 janvier 2022. Dans son communique\u0301, le gouvernement de Transition a justifie\u0301 sa de\u0301cision par les \u00abde\u0301clarations hostiles\u00bb du diplomate franc\u0327ais a\u0300 son encontre.<\/p>\n<p>Paris a use\u0301 de toutes son influence pour tenter d\u2019isoler notre pays. Les diffe\u0301rentes demandes de re\u0301solutions au niveau du Conseil de se\u0301curite\u0301 des Nations unies pour sanctionner le Mali ont e\u0301choue\u0301 gra\u0302ce au veto du partenaire russe. Notre pays avait me\u0302me demande\u0301 une re\u0301union d\u2019urgence au Conseil de se\u0301curite\u0301 pour exhiber les preuves concernant la complicite\u0301 de la France avec les groupes arme\u0301s terroristes au Sahel. Une demande reste\u0301e lettre morte jusqu\u2019ici. L\u2019ancienne puissance coloniale ne souhaite pas \u2013 on la comprend \u2013 que son double jeu soit e\u0301tale\u0301 a\u0300 la face du monde.<\/p>\n<p>Les autorite\u0301s maliennes accusent la France d\u2019aider les terroristes qu\u2019elle pre\u0301tend combattre aux co\u0302te\u0301s des Forces arme\u0301es maliennes. Le compagnonnage entre les deux pays e\u0301tait devenu un marche\u0301 de dupes.<\/p>\n<p>La volonte\u0301 courageuse du Mali de de\u0301noncer cette situation ubuesque vaut aujourd\u2019hui a\u0300 notre pays une campagne me\u0301diatique odieuse pour faire accre\u0301diter l\u2019ide\u0301e que l\u2019e\u0301tat malien perpe\u0300tre des exactions contre une partie de ses propres populations. Le sort d\u2019une ethnie malienne importe peu pour ces ne\u0301ocolonialistes.<\/p>\n<p>La \u00ab question peulh \u00bb est tout simplement un moyen de semer la discorde dans le pays pour favoriser leur vieille politique du diviser pour mieux re\u0301gner. Malgre\u0301 les pressions politico-diplomatiques et me\u0301diatiques, les autorite\u0301s maliennes maintiennent le cap de la re\u0301sistance contre toute forme de domination e\u0301trange\u0300re.<\/p>\n<p>Bamako prend la de\u0301cision de s\u2019affranchir de la tutelle de Paris dans les couloirs du Palais de verre de Manhattan. La France perd du coup un levier diplomatique important. Paris ne pourra plus se pre\u0301valoir d\u2019un quelconque statut de parrain de l\u2019action de la communaute\u0301 internationale dans le cadre de la crise malienne.<\/p>\n<p><strong>Pour plus d&rsquo;informations et d&rsquo;analyses sur la <a href=\"https:\/\/www.africa-press.net\/mali\">Mali<\/a>, suivez <a href=\"https:\/\/www.africa-press.net\/\">Africa-Press<\/a><\/strong><\/p>\n","protected":false},"excerpt":{"rendered":"<p>Africa-Press &#8211; Mali. Dans une correspondance adresse\u0301e au pre\u0301sident du Conseil de se\u0301curite\u0301 des Nations unies, par ailleurs repre\u0301sentant permanent de la Re\u0301publique du Mozambique aupre\u0300s des Nations unies, Pedro Comissa\u0301rio Afonso, mercredi dernier, le gouvernement a re\u0301cuse\u0301 officiellement le statut de porte-plume de la France sur toutes les questions examine\u0301es par la haute instance [&hellip;]<\/p>\n","protected":false},"author":82,"featured_media":31480,"comment_status":"open","ping_status":"closed","sticky":false,"template":"","format":"standard","meta":{"footnotes":""},"categories":[7,5,17],"tags":[76,86,19],"class_list":["post-31481","post","type-post","status-publish","format-standard","has-post-thumbnail","hentry","category-politique","category-top-nouvelles","category-toutes-les-actualites","tag-africa-press","tag-africa-press-mali","tag-mali"],"yoast_head":"<!-- This site is optimized with the Yoast SEO Premium plugin v26.1 (Yoast SEO v27.0) - https:\/\/yoast.com\/product\/yoast-seo-premium-wordpress\/ -->\n<title>Conseil de s\u00e9curit\u00e9 de l\u2019ONU : La France ne portera plus le dossier Mali - Mali<\/title>\n<meta name=\"description\" content=\"Dans une correspondance adresse\u0301e au pre\u0301sident du Conseil de se\u0301curite\u0301 des Nations unies, par ailleurs repre\u0301sentant p ...\" \/>\n<meta name=\"robots\" content=\"index, follow, max-snippet:-1, max-image-preview:large, max-video-preview:-1\" \/>\n<link rel=\"canonical\" href=\"https:\/\/www.africa-press.net\/mali\/top-nouvelles\/conseil-de-securite-de-lonu-la-france-ne-portera-plus-le-dossier-mali\" \/>\n<meta property=\"og:locale\" content=\"fr_FR\" \/>\n<meta property=\"og:type\" content=\"article\" \/>\n<meta property=\"og:title\" content=\"Conseil de s\u00e9curit\u00e9 de l\u2019ONU : La France ne portera plus le dossier Mali\" \/>\n<meta property=\"og:description\" content=\"Dans une correspondance adresse\u0301e au pre\u0301sident du Conseil de se\u0301curite\u0301 des Nations unies, par ailleurs repre\u0301sentant p ...\" \/>\n<meta property=\"og:url\" content=\"https:\/\/www.africa-press.net\/mali\/top-nouvelles\/conseil-de-securite-de-lonu-la-france-ne-portera-plus-le-dossier-mali\" \/>\n<meta property=\"og:site_name\" content=\"Mali\" \/>\n<meta property=\"article:publisher\" content=\"https:\/\/www.facebook.com\/AfricaPressTunisiaa\" \/>\n<meta property=\"article:published_time\" content=\"2023-03-03T10:41:51+00:00\" \/>\n<meta property=\"article:modified_time\" content=\"2023-03-03T10:59:54+00:00\" \/>\n<meta property=\"og:image\" content=\"https:\/\/static.africa-press.net\/mali\/sites\/21\/2023\/03\/postQueueImg_1677827525.59.jpg\" \/>\n\t<meta property=\"og:image:width\" content=\"720\" \/>\n\t<meta property=\"og:image:height\" content=\"326\" \/>\n\t<meta property=\"og:image:type\" content=\"image\/jpeg\" \/>\n<meta name=\"author\" content=\"cfeditorfr\" \/>\n<meta name=\"twitter:card\" content=\"summary_large_image\" \/>\n<meta name=\"twitter:label1\" content=\"\u00c9crit par\" \/>\n\t<meta name=\"twitter:data1\" content=\"cfeditorfr\" \/>\n\t<meta name=\"twitter:label2\" content=\"Dur\u00e9e de lecture estim\u00e9e\" \/>\n\t<meta name=\"twitter:data2\" content=\"4 minutes\" \/>\n<script type=\"application\/ld+json\" class=\"yoast-schema-graph\">{\"@context\":\"https:\/\/schema.org\",\"@graph\":[{\"@type\":\"Article\",\"@id\":\"https:\/\/www.africa-press.net\/mali\/top-nouvelles\/conseil-de-securite-de-lonu-la-france-ne-portera-plus-le-dossier-mali#article\",\"isPartOf\":{\"@id\":\"https:\/\/www.africa-press.net\/mali\/top-nouvelles\/conseil-de-securite-de-lonu-la-france-ne-portera-plus-le-dossier-mali\"},\"author\":{\"name\":\"cfeditorfr\",\"@id\":\"https:\/\/www.africa-press.net\/mali\/#\/schema\/person\/2b1cf3cd81a31e3cd26889ca66d677f1\"},\"headline\":\"Conseil de s\u00e9curit\u00e9 de l\u2019ONU : La France ne portera plus le dossier Mali\",\"datePublished\":\"2023-03-03T10:41:51+00:00\",\"dateModified\":\"2023-03-03T10:59:54+00:00\",\"mainEntityOfPage\":{\"@id\":\"https:\/\/www.africa-press.net\/mali\/top-nouvelles\/conseil-de-securite-de-lonu-la-france-ne-portera-plus-le-dossier-mali\"},\"wordCount\":854,\"commentCount\":0,\"image\":{\"@id\":\"https:\/\/www.africa-press.net\/mali\/top-nouvelles\/conseil-de-securite-de-lonu-la-france-ne-portera-plus-le-dossier-mali#primaryimage\"},\"thumbnailUrl\":\"https:\/\/static.africa-press.net\/mali\/sites\/21\/2023\/03\/postQueueImg_1677827525.59.jpg\",\"keywords\":[\"Africa Press\",\"Africa Press-Mali\",\"mali\"],\"articleSection\":[\"Politique\",\"Top Nouvelles\",\"Toutes les actualit\u00e9s\"],\"inLanguage\":\"fr-FR\",\"potentialAction\":[{\"@type\":\"CommentAction\",\"name\":\"Comment\",\"target\":[\"https:\/\/www.africa-press.net\/mali\/top-nouvelles\/conseil-de-securite-de-lonu-la-france-ne-portera-plus-le-dossier-mali#respond\"]}]},{\"@type\":\"WebPage\",\"@id\":\"https:\/\/www.africa-press.net\/mali\/top-nouvelles\/conseil-de-securite-de-lonu-la-france-ne-portera-plus-le-dossier-mali\",\"url\":\"https:\/\/www.africa-press.net\/mali\/top-nouvelles\/conseil-de-securite-de-lonu-la-france-ne-portera-plus-le-dossier-mali\",\"name\":\"Conseil de s\u00e9curit\u00e9 de l\u2019ONU : La France ne portera plus le dossier Mali - Mali\",\"isPartOf\":{\"@id\":\"https:\/\/www.africa-press.net\/mali\/#website\"},\"primaryImageOfPage\":{\"@id\":\"https:\/\/www.africa-press.net\/mali\/top-nouvelles\/conseil-de-securite-de-lonu-la-france-ne-portera-plus-le-dossier-mali#primaryimage\"},\"image\":{\"@id\":\"https:\/\/www.africa-press.net\/mali\/top-nouvelles\/conseil-de-securite-de-lonu-la-france-ne-portera-plus-le-dossier-mali#primaryimage\"},\"thumbnailUrl\":\"https:\/\/static.africa-press.net\/mali\/sites\/21\/2023\/03\/postQueueImg_1677827525.59.jpg\",\"datePublished\":\"2023-03-03T10:41:51+00:00\",\"dateModified\":\"2023-03-03T10:59:54+00:00\",\"author\":{\"@id\":\"https:\/\/www.africa-press.net\/mali\/#\/schema\/person\/2b1cf3cd81a31e3cd26889ca66d677f1\"},\"description\":\"Dans une correspondance adresse\u0301e au pre\u0301sident du Conseil de se\u0301curite\u0301 des Nations unies, par ailleurs repre\u0301sentant p ...\",\"breadcrumb\":{\"@id\":\"https:\/\/www.africa-press.net\/mali\/top-nouvelles\/conseil-de-securite-de-lonu-la-france-ne-portera-plus-le-dossier-mali#breadcrumb\"},\"inLanguage\":\"fr-FR\",\"potentialAction\":[{\"@type\":\"ReadAction\",\"target\":[\"https:\/\/www.africa-press.net\/mali\/top-nouvelles\/conseil-de-securite-de-lonu-la-france-ne-portera-plus-le-dossier-mali\"]}]},{\"@type\":\"ImageObject\",\"inLanguage\":\"fr-FR\",\"@id\":\"https:\/\/www.africa-press.net\/mali\/top-nouvelles\/conseil-de-securite-de-lonu-la-france-ne-portera-plus-le-dossier-mali#primaryimage\",\"url\":\"https:\/\/static.africa-press.net\/mali\/sites\/21\/2023\/03\/postQueueImg_1677827525.59.jpg\",\"contentUrl\":\"https:\/\/static.africa-press.net\/mali\/sites\/21\/2023\/03\/postQueueImg_1677827525.59.jpg\",\"width\":720,\"height\":326,\"caption\":\"Conseil de s\u00e9curit\u00e9 de l\u2019ONU : La France ne portera plus le dossier Mali\"},{\"@type\":\"BreadcrumbList\",\"@id\":\"https:\/\/www.africa-press.net\/mali\/top-nouvelles\/conseil-de-securite-de-lonu-la-france-ne-portera-plus-le-dossier-mali#breadcrumb\",\"itemListElement\":[{\"@type\":\"ListItem\",\"position\":1,\"name\":\"Home\",\"item\":\"https:\/\/www.africa-press.net\/mali\/\"},{\"@type\":\"ListItem\",\"position\":2,\"name\":\"Conseil de s\u00e9curit\u00e9 de l\u2019ONU : La France ne portera plus le dossier Mali\"}]},{\"@type\":\"WebSite\",\"@id\":\"https:\/\/www.africa-press.net\/mali\/#website\",\"url\":\"https:\/\/www.africa-press.net\/mali\/\",\"name\":\"Mali\",\"description\":\"Just another Africa News Agency Sites site\",\"potentialAction\":[{\"@type\":\"SearchAction\",\"target\":{\"@type\":\"EntryPoint\",\"urlTemplate\":\"https:\/\/www.africa-press.net\/mali\/?s={search_term_string}\"},\"query-input\":{\"@type\":\"PropertyValueSpecification\",\"valueRequired\":true,\"valueName\":\"search_term_string\"}}],\"inLanguage\":\"fr-FR\"},{\"@type\":\"Person\",\"@id\":\"https:\/\/www.africa-press.net\/mali\/#\/schema\/person\/2b1cf3cd81a31e3cd26889ca66d677f1\",\"name\":\"cfeditorfr\"}]}<\/script>\n<!-- \/ Yoast SEO Premium plugin. -->","yoast_head_json":{"title":"Conseil de s\u00e9curit\u00e9 de l\u2019ONU : La France ne portera plus le dossier Mali - Mali","description":"Dans une correspondance adresse\u0301e au pre\u0301sident du Conseil de se\u0301curite\u0301 des Nations unies, par ailleurs repre\u0301sentant p ...","robots":{"index":"index","follow":"follow","max-snippet":"max-snippet:-1","max-image-preview":"max-image-preview:large","max-video-preview":"max-video-preview:-1"},"canonical":"https:\/\/www.africa-press.net\/mali\/top-nouvelles\/conseil-de-securite-de-lonu-la-france-ne-portera-plus-le-dossier-mali","og_locale":"fr_FR","og_type":"article","og_title":"Conseil de s\u00e9curit\u00e9 de l\u2019ONU : La France ne portera plus le dossier Mali","og_description":"Dans une correspondance adresse\u0301e au pre\u0301sident du Conseil de se\u0301curite\u0301 des Nations unies, par ailleurs repre\u0301sentant p ...","og_url":"https:\/\/www.africa-press.net\/mali\/top-nouvelles\/conseil-de-securite-de-lonu-la-france-ne-portera-plus-le-dossier-mali","og_site_name":"Mali","article_publisher":"https:\/\/www.facebook.com\/AfricaPressTunisiaa","article_published_time":"2023-03-03T10:41:51+00:00","article_modified_time":"2023-03-03T10:59:54+00:00","og_image":[{"width":720,"height":326,"url":"https:\/\/static.africa-press.net\/mali\/sites\/21\/2023\/03\/postQueueImg_1677827525.59.jpg","type":"image\/jpeg"}],"author":"cfeditorfr","twitter_card":"summary_large_image","twitter_misc":{"\u00c9crit par":"cfeditorfr","Dur\u00e9e de lecture estim\u00e9e":"4 minutes"},"schema":{"@context":"https:\/\/schema.org","@graph":[{"@type":"Article","@id":"https:\/\/www.africa-press.net\/mali\/top-nouvelles\/conseil-de-securite-de-lonu-la-france-ne-portera-plus-le-dossier-mali#article","isPartOf":{"@id":"https:\/\/www.africa-press.net\/mali\/top-nouvelles\/conseil-de-securite-de-lonu-la-france-ne-portera-plus-le-dossier-mali"},"author":{"name":"cfeditorfr","@id":"https:\/\/www.africa-press.net\/mali\/#\/schema\/person\/2b1cf3cd81a31e3cd26889ca66d677f1"},"headline":"Conseil de s\u00e9curit\u00e9 de l\u2019ONU : La France ne portera plus le dossier Mali","datePublished":"2023-03-03T10:41:51+00:00","dateModified":"2023-03-03T10:59:54+00:00","mainEntityOfPage":{"@id":"https:\/\/www.africa-press.net\/mali\/top-nouvelles\/conseil-de-securite-de-lonu-la-france-ne-portera-plus-le-dossier-mali"},"wordCount":854,"commentCount":0,"image":{"@id":"https:\/\/www.africa-press.net\/mali\/top-nouvelles\/conseil-de-securite-de-lonu-la-france-ne-portera-plus-le-dossier-mali#primaryimage"},"thumbnailUrl":"https:\/\/static.africa-press.net\/mali\/sites\/21\/2023\/03\/postQueueImg_1677827525.59.jpg","keywords":["Africa Press","Africa Press-Mali","mali"],"articleSection":["Politique","Top Nouvelles","Toutes les actualit\u00e9s"],"inLanguage":"fr-FR","potentialAction":[{"@type":"CommentAction","name":"Comment","target":["https:\/\/www.africa-press.net\/mali\/top-nouvelles\/conseil-de-securite-de-lonu-la-france-ne-portera-plus-le-dossier-mali#respond"]}]},{"@type":"WebPage","@id":"https:\/\/www.africa-press.net\/mali\/top-nouvelles\/conseil-de-securite-de-lonu-la-france-ne-portera-plus-le-dossier-mali","url":"https:\/\/www.africa-press.net\/mali\/top-nouvelles\/conseil-de-securite-de-lonu-la-france-ne-portera-plus-le-dossier-mali","name":"Conseil de s\u00e9curit\u00e9 de l\u2019ONU : La France ne portera plus le dossier Mali - Mali","isPartOf":{"@id":"https:\/\/www.africa-press.net\/mali\/#website"},"primaryImageOfPage":{"@id":"https:\/\/www.africa-press.net\/mali\/top-nouvelles\/conseil-de-securite-de-lonu-la-france-ne-portera-plus-le-dossier-mali#primaryimage"},"image":{"@id":"https:\/\/www.africa-press.net\/mali\/top-nouvelles\/conseil-de-securite-de-lonu-la-france-ne-portera-plus-le-dossier-mali#primaryimage"},"thumbnailUrl":"https:\/\/static.africa-press.net\/mali\/sites\/21\/2023\/03\/postQueueImg_1677827525.59.jpg","datePublished":"2023-03-03T10:41:51+00:00","dateModified":"2023-03-03T10:59:54+00:00","author":{"@id":"https:\/\/www.africa-press.net\/mali\/#\/schema\/person\/2b1cf3cd81a31e3cd26889ca66d677f1"},"description":"Dans une correspondance adresse\u0301e au pre\u0301sident du Conseil de se\u0301curite\u0301 des Nations unies, par ailleurs repre\u0301sentant p ...","breadcrumb":{"@id":"https:\/\/www.africa-press.net\/mali\/top-nouvelles\/conseil-de-securite-de-lonu-la-france-ne-portera-plus-le-dossier-mali#breadcrumb"},"inLanguage":"fr-FR","potentialAction":[{"@type":"ReadAction","target":["https:\/\/www.africa-press.net\/mali\/top-nouvelles\/conseil-de-securite-de-lonu-la-france-ne-portera-plus-le-dossier-mali"]}]},{"@type":"ImageObject","inLanguage":"fr-FR","@id":"https:\/\/www.africa-press.net\/mali\/top-nouvelles\/conseil-de-securite-de-lonu-la-france-ne-portera-plus-le-dossier-mali#primaryimage","url":"https:\/\/static.africa-press.net\/mali\/sites\/21\/2023\/03\/postQueueImg_1677827525.59.jpg","contentUrl":"https:\/\/static.africa-press.net\/mali\/sites\/21\/2023\/03\/postQueueImg_1677827525.59.jpg","width":720,"height":326,"caption":"Conseil de s\u00e9curit\u00e9 de l\u2019ONU : La France ne portera plus le dossier Mali"},{"@type":"BreadcrumbList","@id":"https:\/\/www.africa-press.net\/mali\/top-nouvelles\/conseil-de-securite-de-lonu-la-france-ne-portera-plus-le-dossier-mali#breadcrumb","itemListElement":[{"@type":"ListItem","position":1,"name":"Home","item":"https:\/\/www.africa-press.net\/mali\/"},{"@type":"ListItem","position":2,"name":"Conseil de s\u00e9curit\u00e9 de l\u2019ONU : La France ne portera plus le dossier Mali"}]},{"@type":"WebSite","@id":"https:\/\/www.africa-press.net\/mali\/#website","url":"https:\/\/www.africa-press.net\/mali\/","name":"Mali","description":"Just another Africa News Agency Sites site","potentialAction":[{"@type":"SearchAction","target":{"@type":"EntryPoint","urlTemplate":"https:\/\/www.africa-press.net\/mali\/?s={search_term_string}"},"query-input":{"@type":"PropertyValueSpecification","valueRequired":true,"valueName":"search_term_string"}}],"inLanguage":"fr-FR"},{"@type":"Person","@id":"https:\/\/www.africa-press.net\/mali\/#\/schema\/person\/2b1cf3cd81a31e3cd26889ca66d677f1","name":"cfeditorfr"}]}},"_links":{"self":[{"href":"https:\/\/www.africa-press.net\/mali\/wp-json\/wp\/v2\/posts\/31481","targetHints":{"allow":["GET"]}}],"collection":[{"href":"https:\/\/www.africa-press.net\/mali\/wp-json\/wp\/v2\/posts"}],"about":[{"href":"https:\/\/www.africa-press.net\/mali\/wp-json\/wp\/v2\/types\/post"}],"author":[{"embeddable":true,"href":"https:\/\/www.africa-press.net\/mali\/wp-json\/wp\/v2\/users\/82"}],"replies":[{"embeddable":true,"href":"https:\/\/www.africa-press.net\/mali\/wp-json\/wp\/v2\/comments?post=31481"}],"version-history":[{"count":0,"href":"https:\/\/www.africa-press.net\/mali\/wp-json\/wp\/v2\/posts\/31481\/revisions"}],"wp:featuredmedia":[{"embeddable":true,"href":"https:\/\/www.africa-press.net\/mali\/wp-json\/wp\/v2\/media\/31480"}],"wp:attachment":[{"href":"https:\/\/www.africa-press.net\/mali\/wp-json\/wp\/v2\/media?parent=31481"}],"wp:term":[{"taxonomy":"category","embeddable":true,"href":"https:\/\/www.africa-press.net\/mali\/wp-json\/wp\/v2\/categories?post=31481"},{"taxonomy":"post_tag","embeddable":true,"href":"https:\/\/www.africa-press.net\/mali\/wp-json\/wp\/v2\/tags?post=31481"}],"curies":[{"name":"wp","href":"https:\/\/api.w.org\/{rel}","templated":true}]}}