{"id":31484,"date":"2023-03-03T10:42:17","date_gmt":"2023-03-03T10:42:17","guid":{"rendered":"https:\/\/www.africa-press.net\/mali\/politique\/federation-mali-burkina-mythe-ou-realite"},"modified":"2023-03-03T15:56:46","modified_gmt":"2023-03-03T15:56:46","slug":"federation-mali-burkina-mythe-ou-realite","status":"publish","type":"post","link":"https:\/\/www.africa-press.net\/mali\/politique\/federation-mali-burkina-mythe-ou-realite","title":{"rendered":"F\u00e9d\u00e9ration Mali-Burkina : Mythe ou r\u00e9alit\u00e9 ?"},"content":{"rendered":"<p><b> Cyril Adohoun<\/b><\/p>\n<p><span style=\"color: #ff6600\"><strong>Africa-Press &#8211; Mali. <\/strong><\/span>Le Mali et le Burkina Faso tentent de rede\u0301finir leur destin au sein d\u2019une entite\u0301 commune. Les deux Etats, engage\u0301s a\u0300 e\u0301voluer au sein d\u2019une me\u0302me fe\u0301de\u0301ration, posent depuis quelques semaines des jalons pour aboutir a\u0300 un Etat fe\u0301de\u0301ral. Du re\u0302ve a\u0300 la re\u0301alite\u0301, du chemin reste a\u0300 parcourir.<\/p>\n<p>Sous le joug du terrorisme, des sanctions de la communaute\u0301 internationale du fait des coups d\u2019Etat, le Mali et le Burkina Faso ont un destin presque commun. S\u2019unir ou pe\u0301rir, les deux pays prennent conscience de la situation et s\u2019en de\u0301battent tant bien que mal. Ainsi est ne\u0301e l\u2019ide\u0301e d\u2019un Etat fe\u0301de\u0301ral.<\/p>\n<p>Les tractations pour aboutir a\u0300 cet Etat fe\u0301de\u0301ral sont amorce\u0301es. Les autorite\u0301s des deux pays font des allers-retours dans les capitales des deux pays. Apre\u0300s son homologue burkinabe\u0300, Me Apollinaire Joachimson Kyelem de Tambela, a\u0300 Bamako, c\u2019e\u0301tait le tour du Premier ministre malien, Dr Choguel Kokalla Mai\u0308ga, a\u0300 la te\u0302te d\u2019une de\u0301le\u0301gation de se\u0301journer a\u0300 Ouagadougou en fin semaine dernie\u0300re, pour une visite de travail.<\/p>\n<p>Le Premier ministre Me Apollinaire Joachimson Kyelem de Tambela a e\u0301te\u0301 cate\u0301gorique, les deux pays ne doivent pas se \u2018\u2019laisser distraire\u2019\u2019 par leurs ennemis, les deux pays doivent impe\u0301rativement poser les jalons du fe\u0301de\u0301ralisme. \u2018\u2019 Nous sommes la\u0300 pour poser les jalons de la fe\u0301de\u0301ration Burkina-Mali, &#8230; Il y aura des gens pour nous dire que ce n\u2019est pas possible. C\u2019est a\u0300 nous de savoir quel est notre objectif et d\u2019y aller. Il faut savoir oser, nous sommes engage\u0301s pour la fe\u0301de\u0301ration\u2019\u2019, a martele\u0301 le Chef du Gouvernement burkinabe\u0300 selon lequel \u2018\u2019il n\u2019y a pas de recul possible\u2019\u2019.<\/p>\n<p>Par ce projet, les autorite\u0301s des deux pays entendent briser la glace et prendre leur place dans l\u2019histoire, car depuis plus de 60 ans que les Etats africains sont inde\u0301pendants et que l\u2019OUA puis l\u2019Union africaine ont e\u0301te\u0301 cre\u0301e\u0301es, le constat est malheureusement amer, les pays n\u2019ont \u00ab pas avance\u0301 d\u2019un iota sur l\u2019unite\u0301 africaine, car personne n\u2019a eu le courage de poser les proble\u0300mes clairement \u00bb. \u00ab Aujourd\u2019hui, mon homologue Choguel Kokalla Mai\u0308ga et moi, sous le leadership e\u0301claire\u0301 des pre\u0301sidents Ibrahim Traore\u0301 et Assimi Goi\u0308ta, sommes d\u2019accord pour re\u0301aliser cette vision. Nous devons y aller, sans he\u0301siter. Il nous faut poser les jalons, de telle sorte que le recul devienne impossible\u201d, a persiste\u0301 Me Apollinaire Joachimson Kyelem de Tambela.<\/p>\n<p>Me\u0302me son de cloche du Premier ministre malien, Dr Choguel Kokalla Mai\u0308ga, \u2018\u2019les deux pays doivent e\u0302tre les pre\u0301curseurs\u2019\u2019 de la fe\u0301de\u0301ration Burkina-Mali, me\u0302me si \u2018\u2019ces derniers, en ge\u0301ne\u0301ral, sont mal compris, au de\u0301part\u2019\u2019.<\/p>\n<p>Certes \u2018\u2019la question de la fe\u0301de\u0301ration Burkina-Mali peut faire rire certains intellectuels\u2019\u2019 qui n\u2019y croient pas, mais, le Premier Ministre Mai\u0308ga est formel, les deux pays sont \u2018\u2019de\u0301cide\u0301s a\u0300 aller de l\u2019avant\u2019\u2019. \u2018\u2019Nous allons continuer, aucune ide\u0301e n\u2019a jamais fait l\u2019unanimite\u0301. Pour notre union, il y aura des critiques, souvent mal fonde\u0301es, et on doit les e\u0301couter\u201d, a-t-il admis.<\/p>\n<p>En homme avise\u0301, le Chef du Gouvernement du Mali a estime\u0301 qu\u2019il urge d\u2019interroger l\u2019histoire afin de se soustraire des pie\u0300ges qui ont fait e\u0301chouer les pe\u0300res pre\u0301curseurs d\u2019un tel projet. \u201d Pourquoi et comment les pe\u0300res pre\u0301curseurs ont e\u0301choue\u0301 dans l\u2019atteinte de cet objectif ? Quels ont e\u0301te\u0301 leurs obstacles ? Quelles ont e\u0301te\u0301 leurs difficulte\u0301s ? Qu\u2019est-ce qui manquait a\u0300 l\u2019e\u0301poque ?\u2019\u2019, a-t-il interroge\u0301.<\/p>\n<p>Il s\u2019agit la\u0300, a\u0300 en croire Dr Choguel Kokalla Mai\u0308ga, d\u2019analyser les situations pour e\u0301viter les e\u0301cueils\u2019\u2019 susceptibles de se dresser sur le chemin de la mate\u0301rialisation de cette ambition que nourrissent les peuples africains depuis longtemps, \u2018\u2019en avance sur l\u2019e\u0301lite dirigeante, politique et militaire, qui doit aller dans le sens du peuple\u2019\u2019.<\/p>\n<p>Le Premier ministre Mai\u0308ga l\u2019admet, aucune action humaine n\u2019est parfaite, mais les corps interme\u0301diaires, notamment le Gouvernement, la socie\u0301te\u0301 civile, les syndicats, les intellectuels et les universitaires, doivent jouer leur ro\u0302le, celui \u2018\u2019d\u2019inte\u0301grer les arguments de ceux qui sont sceptiques, pour qu\u2019on puisse pre\u0301senter, au bout des deux transitions, quelque chose de solide et rendre irre\u0301versible le processus d\u2019inte\u0301gration africaine, en ce qui nous concerne, afin qu\u2019on atteigne un point de non-retour pour que quiconque arrive au pouvoir se dise que les peuples ne sont plus d\u2019accord que nous retournions en arrie\u0300re\u2019\u2019.<\/p>\n<p>Somme toute, les deux Etats regardent dans la me\u0302me direction pour la stabilisation des deux pays et le renforcement de l\u2019unite\u0301 entre les peuples. Tout comme le Pre\u0301sident Assimi Goi\u0308ta et son Premier ministre Choguel, le pre\u0301sident burkinabe\u0300 Ibrahim Traore\u0301 et son Premier ministre sont \u2018\u2019engage\u0301s pour la victoire ou la mort\u2019\u2019. Pour e\u0301viter que ce re\u0302ve ne soit qu\u2019un mythe, les autorite\u0301s des deux Etats se doivent de travailler a\u0300 re\u0301aliser cette ambition en embarquant, a\u0300 force de conviction, d\u2019explication et de de\u0301termination, la grande masse des sceptiques.<\/p>\n<p><strong>Pour plus d&rsquo;informations et d&rsquo;analyses sur la <a href=\"https:\/\/www.africa-press.net\/mali\">Mali<\/a>, suivez <a href=\"https:\/\/www.africa-press.net\/\">Africa-Press<\/a><\/strong><\/p>\n","protected":false},"excerpt":{"rendered":"<p>Cyril Adohoun Africa-Press &#8211; Mali. Le Mali et le Burkina Faso tentent de rede\u0301finir leur destin au sein d\u2019une entite\u0301 commune. Les deux Etats, engage\u0301s a\u0300 e\u0301voluer au sein d\u2019une me\u0302me fe\u0301de\u0301ration, posent depuis quelques semaines des jalons pour aboutir a\u0300 un Etat fe\u0301de\u0301ral. Du re\u0302ve a\u0300 la re\u0301alite\u0301, du chemin reste a\u0300 parcourir. Sous [&hellip;]<\/p>\n","protected":false},"author":82,"featured_media":31483,"comment_status":"open","ping_status":"closed","sticky":false,"template":"","format":"standard","meta":{"footnotes":""},"categories":[13,7,17],"tags":[76,86,19],"class_list":["post-31484","post","type-post","status-publish","format-standard","has-post-thumbnail","hentry","category-dossiers","category-politique","category-toutes-les-actualites","tag-africa-press","tag-africa-press-mali","tag-mali"],"yoast_head":"<!-- This site is optimized with the Yoast SEO Premium plugin v26.1 (Yoast SEO v27.0) - https:\/\/yoast.com\/product\/yoast-seo-premium-wordpress\/ -->\n<title>F\u00e9d\u00e9ration Mali-Burkina : Mythe ou r\u00e9alit\u00e9 ? - Mali<\/title>\n<meta name=\"description\" content=\"Le Mali et le Burkina Faso tentent de rede\u0301finir leur destin au sein d\u2019une entite\u0301 commune. Les deux Etats, engage\u0301s a\u0300 ...\" \/>\n<meta name=\"robots\" content=\"index, follow, max-snippet:-1, max-image-preview:large, max-video-preview:-1\" \/>\n<link rel=\"canonical\" href=\"https:\/\/www.africa-press.net\/mali\/politique\/federation-mali-burkina-mythe-ou-realite\" \/>\n<meta property=\"og:locale\" content=\"fr_FR\" \/>\n<meta property=\"og:type\" content=\"article\" \/>\n<meta property=\"og:title\" content=\"F\u00e9d\u00e9ration Mali-Burkina : Mythe ou r\u00e9alit\u00e9 ?\" \/>\n<meta property=\"og:description\" content=\"Le Mali et le Burkina Faso tentent de rede\u0301finir leur destin au sein d\u2019une entite\u0301 commune. Les deux Etats, engage\u0301s a\u0300 ...\" \/>\n<meta property=\"og:url\" content=\"https:\/\/www.africa-press.net\/mali\/politique\/federation-mali-burkina-mythe-ou-realite\" \/>\n<meta property=\"og:site_name\" content=\"Mali\" \/>\n<meta property=\"article:publisher\" content=\"https:\/\/www.facebook.com\/AfricaPressTunisiaa\" \/>\n<meta property=\"article:published_time\" content=\"2023-03-03T10:42:17+00:00\" \/>\n<meta property=\"article:modified_time\" content=\"2023-03-03T15:56:46+00:00\" \/>\n<meta property=\"og:image\" content=\"https:\/\/static.africa-press.net\/mali\/sites\/21\/2023\/03\/postQueueImg_1677827569.45.jpg\" \/>\n\t<meta property=\"og:image:width\" content=\"900\" \/>\n\t<meta property=\"og:image:height\" content=\"600\" \/>\n\t<meta property=\"og:image:type\" content=\"image\/jpeg\" \/>\n<meta name=\"author\" content=\"cfeditorfr\" \/>\n<meta name=\"twitter:card\" content=\"summary_large_image\" \/>\n<meta name=\"twitter:label1\" content=\"\u00c9crit par\" \/>\n\t<meta name=\"twitter:data1\" content=\"cfeditorfr\" \/>\n\t<meta name=\"twitter:label2\" content=\"Dur\u00e9e de lecture estim\u00e9e\" \/>\n\t<meta name=\"twitter:data2\" content=\"5 minutes\" \/>\n<script type=\"application\/ld+json\" class=\"yoast-schema-graph\">{\"@context\":\"https:\/\/schema.org\",\"@graph\":[{\"@type\":\"Article\",\"@id\":\"https:\/\/www.africa-press.net\/mali\/politique\/federation-mali-burkina-mythe-ou-realite#article\",\"isPartOf\":{\"@id\":\"https:\/\/www.africa-press.net\/mali\/politique\/federation-mali-burkina-mythe-ou-realite\"},\"author\":{\"name\":\"cfeditorfr\",\"@id\":\"https:\/\/www.africa-press.net\/mali\/#\/schema\/person\/2b1cf3cd81a31e3cd26889ca66d677f1\"},\"headline\":\"F\u00e9d\u00e9ration Mali-Burkina : Mythe ou r\u00e9alit\u00e9 ?\",\"datePublished\":\"2023-03-03T10:42:17+00:00\",\"dateModified\":\"2023-03-03T15:56:46+00:00\",\"mainEntityOfPage\":{\"@id\":\"https:\/\/www.africa-press.net\/mali\/politique\/federation-mali-burkina-mythe-ou-realite\"},\"wordCount\":941,\"commentCount\":0,\"image\":{\"@id\":\"https:\/\/www.africa-press.net\/mali\/politique\/federation-mali-burkina-mythe-ou-realite#primaryimage\"},\"thumbnailUrl\":\"https:\/\/static.africa-press.net\/mali\/sites\/21\/2023\/03\/postQueueImg_1677827569.45.jpg\",\"keywords\":[\"Africa Press\",\"Africa Press-Mali\",\"mali\"],\"articleSection\":[\"Dossiers\",\"Politique\",\"Toutes les actualit\u00e9s\"],\"inLanguage\":\"fr-FR\",\"potentialAction\":[{\"@type\":\"CommentAction\",\"name\":\"Comment\",\"target\":[\"https:\/\/www.africa-press.net\/mali\/politique\/federation-mali-burkina-mythe-ou-realite#respond\"]}]},{\"@type\":\"WebPage\",\"@id\":\"https:\/\/www.africa-press.net\/mali\/politique\/federation-mali-burkina-mythe-ou-realite\",\"url\":\"https:\/\/www.africa-press.net\/mali\/politique\/federation-mali-burkina-mythe-ou-realite\",\"name\":\"F\u00e9d\u00e9ration Mali-Burkina : Mythe ou r\u00e9alit\u00e9 ? - Mali\",\"isPartOf\":{\"@id\":\"https:\/\/www.africa-press.net\/mali\/#website\"},\"primaryImageOfPage\":{\"@id\":\"https:\/\/www.africa-press.net\/mali\/politique\/federation-mali-burkina-mythe-ou-realite#primaryimage\"},\"image\":{\"@id\":\"https:\/\/www.africa-press.net\/mali\/politique\/federation-mali-burkina-mythe-ou-realite#primaryimage\"},\"thumbnailUrl\":\"https:\/\/static.africa-press.net\/mali\/sites\/21\/2023\/03\/postQueueImg_1677827569.45.jpg\",\"datePublished\":\"2023-03-03T10:42:17+00:00\",\"dateModified\":\"2023-03-03T15:56:46+00:00\",\"author\":{\"@id\":\"https:\/\/www.africa-press.net\/mali\/#\/schema\/person\/2b1cf3cd81a31e3cd26889ca66d677f1\"},\"description\":\"Le Mali et le Burkina Faso tentent de rede\u0301finir leur destin au sein d\u2019une entite\u0301 commune. Les deux Etats, engage\u0301s a\u0300 ...\",\"breadcrumb\":{\"@id\":\"https:\/\/www.africa-press.net\/mali\/politique\/federation-mali-burkina-mythe-ou-realite#breadcrumb\"},\"inLanguage\":\"fr-FR\",\"potentialAction\":[{\"@type\":\"ReadAction\",\"target\":[\"https:\/\/www.africa-press.net\/mali\/politique\/federation-mali-burkina-mythe-ou-realite\"]}]},{\"@type\":\"ImageObject\",\"inLanguage\":\"fr-FR\",\"@id\":\"https:\/\/www.africa-press.net\/mali\/politique\/federation-mali-burkina-mythe-ou-realite#primaryimage\",\"url\":\"https:\/\/static.africa-press.net\/mali\/sites\/21\/2023\/03\/postQueueImg_1677827569.45.jpg\",\"contentUrl\":\"https:\/\/static.africa-press.net\/mali\/sites\/21\/2023\/03\/postQueueImg_1677827569.45.jpg\",\"width\":900,\"height\":600,\"caption\":\"F\u00e9d\u00e9ration Mali-Burkina : Mythe ou r\u00e9alit\u00e9 ?\"},{\"@type\":\"BreadcrumbList\",\"@id\":\"https:\/\/www.africa-press.net\/mali\/politique\/federation-mali-burkina-mythe-ou-realite#breadcrumb\",\"itemListElement\":[{\"@type\":\"ListItem\",\"position\":1,\"name\":\"Home\",\"item\":\"https:\/\/www.africa-press.net\/mali\/\"},{\"@type\":\"ListItem\",\"position\":2,\"name\":\"F\u00e9d\u00e9ration Mali-Burkina : Mythe ou r\u00e9alit\u00e9 ?\"}]},{\"@type\":\"WebSite\",\"@id\":\"https:\/\/www.africa-press.net\/mali\/#website\",\"url\":\"https:\/\/www.africa-press.net\/mali\/\",\"name\":\"Mali\",\"description\":\"Just another Africa News Agency Sites site\",\"potentialAction\":[{\"@type\":\"SearchAction\",\"target\":{\"@type\":\"EntryPoint\",\"urlTemplate\":\"https:\/\/www.africa-press.net\/mali\/?s={search_term_string}\"},\"query-input\":{\"@type\":\"PropertyValueSpecification\",\"valueRequired\":true,\"valueName\":\"search_term_string\"}}],\"inLanguage\":\"fr-FR\"},{\"@type\":\"Person\",\"@id\":\"https:\/\/www.africa-press.net\/mali\/#\/schema\/person\/2b1cf3cd81a31e3cd26889ca66d677f1\",\"name\":\"cfeditorfr\"}]}<\/script>\n<!-- \/ Yoast SEO Premium plugin. -->","yoast_head_json":{"title":"F\u00e9d\u00e9ration Mali-Burkina : Mythe ou r\u00e9alit\u00e9 ? - Mali","description":"Le Mali et le Burkina Faso tentent de rede\u0301finir leur destin au sein d\u2019une entite\u0301 commune. Les deux Etats, engage\u0301s a\u0300 ...","robots":{"index":"index","follow":"follow","max-snippet":"max-snippet:-1","max-image-preview":"max-image-preview:large","max-video-preview":"max-video-preview:-1"},"canonical":"https:\/\/www.africa-press.net\/mali\/politique\/federation-mali-burkina-mythe-ou-realite","og_locale":"fr_FR","og_type":"article","og_title":"F\u00e9d\u00e9ration Mali-Burkina : Mythe ou r\u00e9alit\u00e9 ?","og_description":"Le Mali et le Burkina Faso tentent de rede\u0301finir leur destin au sein d\u2019une entite\u0301 commune. Les deux Etats, engage\u0301s a\u0300 ...","og_url":"https:\/\/www.africa-press.net\/mali\/politique\/federation-mali-burkina-mythe-ou-realite","og_site_name":"Mali","article_publisher":"https:\/\/www.facebook.com\/AfricaPressTunisiaa","article_published_time":"2023-03-03T10:42:17+00:00","article_modified_time":"2023-03-03T15:56:46+00:00","og_image":[{"width":900,"height":600,"url":"https:\/\/static.africa-press.net\/mali\/sites\/21\/2023\/03\/postQueueImg_1677827569.45.jpg","type":"image\/jpeg"}],"author":"cfeditorfr","twitter_card":"summary_large_image","twitter_misc":{"\u00c9crit par":"cfeditorfr","Dur\u00e9e de lecture estim\u00e9e":"5 minutes"},"schema":{"@context":"https:\/\/schema.org","@graph":[{"@type":"Article","@id":"https:\/\/www.africa-press.net\/mali\/politique\/federation-mali-burkina-mythe-ou-realite#article","isPartOf":{"@id":"https:\/\/www.africa-press.net\/mali\/politique\/federation-mali-burkina-mythe-ou-realite"},"author":{"name":"cfeditorfr","@id":"https:\/\/www.africa-press.net\/mali\/#\/schema\/person\/2b1cf3cd81a31e3cd26889ca66d677f1"},"headline":"F\u00e9d\u00e9ration Mali-Burkina : Mythe ou r\u00e9alit\u00e9 ?","datePublished":"2023-03-03T10:42:17+00:00","dateModified":"2023-03-03T15:56:46+00:00","mainEntityOfPage":{"@id":"https:\/\/www.africa-press.net\/mali\/politique\/federation-mali-burkina-mythe-ou-realite"},"wordCount":941,"commentCount":0,"image":{"@id":"https:\/\/www.africa-press.net\/mali\/politique\/federation-mali-burkina-mythe-ou-realite#primaryimage"},"thumbnailUrl":"https:\/\/static.africa-press.net\/mali\/sites\/21\/2023\/03\/postQueueImg_1677827569.45.jpg","keywords":["Africa Press","Africa Press-Mali","mali"],"articleSection":["Dossiers","Politique","Toutes les actualit\u00e9s"],"inLanguage":"fr-FR","potentialAction":[{"@type":"CommentAction","name":"Comment","target":["https:\/\/www.africa-press.net\/mali\/politique\/federation-mali-burkina-mythe-ou-realite#respond"]}]},{"@type":"WebPage","@id":"https:\/\/www.africa-press.net\/mali\/politique\/federation-mali-burkina-mythe-ou-realite","url":"https:\/\/www.africa-press.net\/mali\/politique\/federation-mali-burkina-mythe-ou-realite","name":"F\u00e9d\u00e9ration Mali-Burkina : Mythe ou r\u00e9alit\u00e9 ? - Mali","isPartOf":{"@id":"https:\/\/www.africa-press.net\/mali\/#website"},"primaryImageOfPage":{"@id":"https:\/\/www.africa-press.net\/mali\/politique\/federation-mali-burkina-mythe-ou-realite#primaryimage"},"image":{"@id":"https:\/\/www.africa-press.net\/mali\/politique\/federation-mali-burkina-mythe-ou-realite#primaryimage"},"thumbnailUrl":"https:\/\/static.africa-press.net\/mali\/sites\/21\/2023\/03\/postQueueImg_1677827569.45.jpg","datePublished":"2023-03-03T10:42:17+00:00","dateModified":"2023-03-03T15:56:46+00:00","author":{"@id":"https:\/\/www.africa-press.net\/mali\/#\/schema\/person\/2b1cf3cd81a31e3cd26889ca66d677f1"},"description":"Le Mali et le Burkina Faso tentent de rede\u0301finir leur destin au sein d\u2019une entite\u0301 commune. Les deux Etats, engage\u0301s a\u0300 ...","breadcrumb":{"@id":"https:\/\/www.africa-press.net\/mali\/politique\/federation-mali-burkina-mythe-ou-realite#breadcrumb"},"inLanguage":"fr-FR","potentialAction":[{"@type":"ReadAction","target":["https:\/\/www.africa-press.net\/mali\/politique\/federation-mali-burkina-mythe-ou-realite"]}]},{"@type":"ImageObject","inLanguage":"fr-FR","@id":"https:\/\/www.africa-press.net\/mali\/politique\/federation-mali-burkina-mythe-ou-realite#primaryimage","url":"https:\/\/static.africa-press.net\/mali\/sites\/21\/2023\/03\/postQueueImg_1677827569.45.jpg","contentUrl":"https:\/\/static.africa-press.net\/mali\/sites\/21\/2023\/03\/postQueueImg_1677827569.45.jpg","width":900,"height":600,"caption":"F\u00e9d\u00e9ration Mali-Burkina : Mythe ou r\u00e9alit\u00e9 ?"},{"@type":"BreadcrumbList","@id":"https:\/\/www.africa-press.net\/mali\/politique\/federation-mali-burkina-mythe-ou-realite#breadcrumb","itemListElement":[{"@type":"ListItem","position":1,"name":"Home","item":"https:\/\/www.africa-press.net\/mali\/"},{"@type":"ListItem","position":2,"name":"F\u00e9d\u00e9ration Mali-Burkina : Mythe ou r\u00e9alit\u00e9 ?"}]},{"@type":"WebSite","@id":"https:\/\/www.africa-press.net\/mali\/#website","url":"https:\/\/www.africa-press.net\/mali\/","name":"Mali","description":"Just another Africa News Agency Sites site","potentialAction":[{"@type":"SearchAction","target":{"@type":"EntryPoint","urlTemplate":"https:\/\/www.africa-press.net\/mali\/?s={search_term_string}"},"query-input":{"@type":"PropertyValueSpecification","valueRequired":true,"valueName":"search_term_string"}}],"inLanguage":"fr-FR"},{"@type":"Person","@id":"https:\/\/www.africa-press.net\/mali\/#\/schema\/person\/2b1cf3cd81a31e3cd26889ca66d677f1","name":"cfeditorfr"}]}},"_links":{"self":[{"href":"https:\/\/www.africa-press.net\/mali\/wp-json\/wp\/v2\/posts\/31484","targetHints":{"allow":["GET"]}}],"collection":[{"href":"https:\/\/www.africa-press.net\/mali\/wp-json\/wp\/v2\/posts"}],"about":[{"href":"https:\/\/www.africa-press.net\/mali\/wp-json\/wp\/v2\/types\/post"}],"author":[{"embeddable":true,"href":"https:\/\/www.africa-press.net\/mali\/wp-json\/wp\/v2\/users\/82"}],"replies":[{"embeddable":true,"href":"https:\/\/www.africa-press.net\/mali\/wp-json\/wp\/v2\/comments?post=31484"}],"version-history":[{"count":0,"href":"https:\/\/www.africa-press.net\/mali\/wp-json\/wp\/v2\/posts\/31484\/revisions"}],"wp:featuredmedia":[{"embeddable":true,"href":"https:\/\/www.africa-press.net\/mali\/wp-json\/wp\/v2\/media\/31483"}],"wp:attachment":[{"href":"https:\/\/www.africa-press.net\/mali\/wp-json\/wp\/v2\/media?parent=31484"}],"wp:term":[{"taxonomy":"category","embeddable":true,"href":"https:\/\/www.africa-press.net\/mali\/wp-json\/wp\/v2\/categories?post=31484"},{"taxonomy":"post_tag","embeddable":true,"href":"https:\/\/www.africa-press.net\/mali\/wp-json\/wp\/v2\/tags?post=31484"}],"curies":[{"name":"wp","href":"https:\/\/api.w.org\/{rel}","templated":true}]}}