{"id":31487,"date":"2023-03-03T10:43:28","date_gmt":"2023-03-03T10:43:28","guid":{"rendered":"https:\/\/www.africa-press.net\/mali\/politique\/pour-sortir-de-la-dependance-energetique-le-mali-sengage-a-mobiliser-580-milliards-de-fcfa"},"modified":"2023-03-03T16:01:07","modified_gmt":"2023-03-03T16:01:07","slug":"pour-sortir-de-la-dependance-energetique-le-mali-sengage-a-mobiliser-580-milliards-de-fcfa","status":"publish","type":"post","link":"https:\/\/www.africa-press.net\/mali\/economie\/pour-sortir-de-la-dependance-energetique-le-mali-sengage-a-mobiliser-580-milliards-de-fcfa","title":{"rendered":"Pour sortir de la d\u00e9pendance \u00e9nerg\u00e9tique : Le Mali s\u2019engage \u00e0 mobiliser 580 milliards de Fcfa"},"content":{"rendered":"<p><span style=\"color: #ff6600\"><strong>Africa-Press &#8211; Mali. <\/strong><\/span>Dans l\u2019optique de la mise en \u0153uvre de ses projets pour l\u2019independance e\u0301nerge\u0301tique, l\u2019Energie du Mali (EDM sa) envisage la mobilisation de plus 580 milliards de Fcfa. Cadre ide\u0301al, le salon des investisseur pour l\u2019energie au Mali, SIEMA-2023 dont la ceremonie d\u2019ouverture s\u2019est tenue le mardi 21 fevrier 2023 dans la salle du banquets du CICB.<\/p>\n<p>Charge\u0301e de la production, du transport et de la distribution d\u2019e\u0301lectricite\u0301 dans le pays, l\u2019enjeu principal pour l\u2019EDM sa, est de sortir de la de\u0301pendance aux e\u0301nergies fossiles, polluantes et one\u0301reuses. C\u2019est pourquoi, le salon des investisseur pour l\u2019energie au Mali, SIEMA-2023 a e\u0301te\u0301 initie\u0301 par la socie\u0301te\u0301 E\u0301nergie du Mali (EDM SA) avec le soutien du Ministe\u0300re de l\u2019E\u0301conomie et des Finances (MEF) et du Ministe\u0300re des Mines, de l\u2019Energie et de l\u2019Eau. Il a pour objectif, la mobilisation de plus de 580 milliards pour permettre a\u0300 l\u2019Energie du Mali de re\u0301alise\u0301es les projets inscrits dans son plan d\u2019action. D\u2019ou\u0300 le the\u0300me \u00ab Investir pour ame\u0301liorer le Mix e\u0301nerge\u0301tique \u00bb.<\/p>\n<p>Dans une projection vide\u0301o, six projets ont e\u0301te\u0301 e\u0301nume\u0301re\u0301s : l\u2019Hydroe\u0301lectricite\u0301, le solaire, le thermique, le Transport (10 projet de transport), la distribution (la distribution du reseau a Bamako et environ) entre autres.<\/p>\n<p>\u201cLes projets qui seront pre\u0301sente\u0301s au cours de ce salon s\u2019inscrivent donc dans une dynamique d\u2019ame\u0301liorer le parc de production et d\u2019augmenter la desserte, en cre\u0301ant plus de lignes de transport et de re\u0301partition pour faciliter l\u2019acce\u0300s des populations a\u0300 l\u2019e\u0301lectricite\u0301 a\u0300 un moindre cou\u0302t, priorite\u0301 des autorite\u0301s de la transition\u201d indique le Directeur ge\u0301ne\u0301ral de l\u2019EDM Koureichi Konare\u0301.<\/p>\n<p>Pour lui, la revalorisation indispensable de \u201cnotre politique de production gra\u0302ce a\u0300 l\u2019ame\u0301lioration du Mix e\u0301nerge\u0301tique passera davantage par le renforcement de la production solaire qui passera en seulement quatre (4) anne\u0301es, de 3% du mix en 2022 a\u0300 plus de 22% en 2026\u201d.<\/p>\n<p>Ce que constituera ajout-il, une ve\u0301ritable \u00ab re\u0301volution du Mix Energe\u0301tique \u00bb, et qui aura comme impact une importante diminution de la part de la production thermique.<\/p>\n<p>Pour sa part le Ministre d\u2019Etat, Ministre de l\u2019Administration territoriale et de la De\u0301centralisation, Porte-parole du Gouvernement, le Col Abdoulaye MAi\u0308GA, rapporte qu\u2019au cours des dernie\u0300res anne\u0301es le gouvernement malien avec l\u2019appuie de ses partenaires nationaux et internationaux, a pu accroitre l\u2019acce\u0300s a\u0300 l\u2019e\u0301lectricite\u0301. Ainsi le taux de l\u2019electrification est passe\u0301 a\u0300 14 % en 2004 a\u0300 environ 54% en 2021. Malgre\u0301 cela\u0300, ajout-il, il existe une disparite\u0301 entre les milieux urbains et les zones rurales qui souffrent d\u2019un acce\u0300s encore tre\u0300s limite\u0301 a\u0300 l\u2019e\u0301lectricite\u0301 environ 25% en 2021.<\/p>\n<p>A noter que la ce\u0301re\u0301monie a e\u0301te\u0301 clo\u0302ture\u0301 par la signature d\u2019une convention de partenariat entre la fe\u0301de\u0301ration malienne de l\u2019e\u0301lectricite\u0301, e\u0301nergie renouvelable et nouvelle et celle du Maroc (FENELEC).<\/p>\n<p><strong>Pour plus d&rsquo;informations et d&rsquo;analyses sur la <a href=\"https:\/\/www.africa-press.net\/mali\">Mali<\/a>, suivez <a href=\"https:\/\/www.africa-press.net\/\">Africa-Press<\/a><\/strong><\/p>\n","protected":false},"excerpt":{"rendered":"<p>Africa-Press &#8211; Mali. Dans l\u2019optique de la mise en \u0153uvre de ses projets pour l\u2019independance e\u0301nerge\u0301tique, l\u2019Energie du Mali (EDM sa) envisage la mobilisation de plus 580 milliards de Fcfa. Cadre ide\u0301al, le salon des investisseur pour l\u2019energie au Mali, SIEMA-2023 dont la ceremonie d\u2019ouverture s\u2019est tenue le mardi 21 fevrier 2023 dans la salle [&hellip;]<\/p>\n","protected":false},"author":82,"featured_media":31485,"comment_status":"open","ping_status":"closed","sticky":false,"template":"","format":"standard","meta":{"footnotes":""},"categories":[12,17],"tags":[76,86,19],"class_list":["post-31487","post","type-post","status-publish","format-standard","has-post-thumbnail","hentry","category-economie","category-toutes-les-actualites","tag-africa-press","tag-africa-press-mali","tag-mali"],"yoast_head":"<!-- This site is optimized with the Yoast SEO Premium plugin v26.1 (Yoast SEO v27.0) - https:\/\/yoast.com\/product\/yoast-seo-premium-wordpress\/ -->\n<title>Pour sortir de la d\u00e9pendance \u00e9nerg\u00e9tique : Le Mali s\u2019engage \u00e0 mobiliser 580 milliards de Fcfa - Mali<\/title>\n<meta name=\"description\" content=\"Dans l\u2019optique de la mise en \u0153uvre de ses projets pour l\u2019independance e\u0301nerge\u0301tique, l\u2019Energie du Mali (EDM sa) envisage ...Dans l\u2019optique de la mise en \u0153uvre de ses projets pour l\u2019independance e\u0301nerge\u0301tique, l\u2019Energie du Mali (EDM sa) envisage ...Dans l\u2019optique de la mise en \u0153uvre de ses projets pour l\u2019independance e\u0301nerge\u0301tique, l\u2019Energie du Mali (EDM sa) envisage ...\" \/>\n<meta name=\"robots\" content=\"index, follow, max-snippet:-1, max-image-preview:large, max-video-preview:-1\" \/>\n<link rel=\"canonical\" href=\"https:\/\/www.africa-press.net\/mali\/economie\/pour-sortir-de-la-dependance-energetique-le-mali-sengage-a-mobiliser-580-milliards-de-fcfa\" \/>\n<meta property=\"og:locale\" content=\"fr_FR\" \/>\n<meta property=\"og:type\" content=\"article\" \/>\n<meta property=\"og:title\" content=\"Pour sortir de la d\u00e9pendance \u00e9nerg\u00e9tique : Le Mali s\u2019engage \u00e0 mobiliser 580 milliards de Fcfa\" \/>\n<meta property=\"og:description\" content=\"Dans l\u2019optique de la mise en \u0153uvre de ses projets pour l\u2019independance e\u0301nerge\u0301tique, l\u2019Energie du Mali (EDM sa) envisage ...Dans l\u2019optique de la mise en \u0153uvre de ses projets pour l\u2019independance e\u0301nerge\u0301tique, l\u2019Energie du Mali (EDM sa) envisage ...Dans l\u2019optique de la mise en \u0153uvre de ses projets pour l\u2019independance e\u0301nerge\u0301tique, l\u2019Energie du Mali (EDM sa) envisage ...\" \/>\n<meta property=\"og:url\" content=\"https:\/\/www.africa-press.net\/mali\/economie\/pour-sortir-de-la-dependance-energetique-le-mali-sengage-a-mobiliser-580-milliards-de-fcfa\" \/>\n<meta property=\"og:site_name\" content=\"Mali\" \/>\n<meta property=\"article:publisher\" content=\"https:\/\/www.facebook.com\/AfricaPressTunisiaa\" \/>\n<meta property=\"article:published_time\" content=\"2023-03-03T10:43:28+00:00\" \/>\n<meta property=\"article:modified_time\" content=\"2023-03-03T16:01:07+00:00\" \/>\n<meta property=\"og:image\" content=\"https:\/\/static.africa-press.net\/mali\/sites\/21\/2023\/03\/postQueueImg_1677827620.48.jpg\" \/>\n\t<meta property=\"og:image:width\" content=\"720\" \/>\n\t<meta property=\"og:image:height\" content=\"600\" \/>\n\t<meta property=\"og:image:type\" content=\"image\/jpeg\" \/>\n<meta name=\"author\" content=\"cfeditorfr\" \/>\n<meta name=\"twitter:card\" content=\"summary_large_image\" \/>\n<meta name=\"twitter:label1\" content=\"\u00c9crit par\" \/>\n\t<meta name=\"twitter:data1\" content=\"cfeditorfr\" \/>\n\t<meta name=\"twitter:label2\" content=\"Dur\u00e9e de lecture estim\u00e9e\" \/>\n\t<meta name=\"twitter:data2\" content=\"3 minutes\" \/>\n<script type=\"application\/ld+json\" class=\"yoast-schema-graph\">{\"@context\":\"https:\/\/schema.org\",\"@graph\":[{\"@type\":\"Article\",\"@id\":\"https:\/\/www.africa-press.net\/mali\/economie\/pour-sortir-de-la-dependance-energetique-le-mali-sengage-a-mobiliser-580-milliards-de-fcfa#article\",\"isPartOf\":{\"@id\":\"https:\/\/www.africa-press.net\/mali\/economie\/pour-sortir-de-la-dependance-energetique-le-mali-sengage-a-mobiliser-580-milliards-de-fcfa\"},\"author\":{\"name\":\"cfeditorfr\",\"@id\":\"https:\/\/www.africa-press.net\/mali\/#\/schema\/person\/2b1cf3cd81a31e3cd26889ca66d677f1\"},\"headline\":\"Pour sortir de la d\u00e9pendance \u00e9nerg\u00e9tique : Le Mali s\u2019engage \u00e0 mobiliser 580 milliards de Fcfa\",\"datePublished\":\"2023-03-03T10:43:28+00:00\",\"dateModified\":\"2023-03-03T16:01:07+00:00\",\"mainEntityOfPage\":{\"@id\":\"https:\/\/www.africa-press.net\/mali\/economie\/pour-sortir-de-la-dependance-energetique-le-mali-sengage-a-mobiliser-580-milliards-de-fcfa\"},\"wordCount\":556,\"commentCount\":0,\"image\":{\"@id\":\"https:\/\/www.africa-press.net\/mali\/economie\/pour-sortir-de-la-dependance-energetique-le-mali-sengage-a-mobiliser-580-milliards-de-fcfa#primaryimage\"},\"thumbnailUrl\":\"https:\/\/static.africa-press.net\/mali\/sites\/21\/2023\/03\/postQueueImg_1677827620.48.jpg\",\"keywords\":[\"Africa Press\",\"Africa Press-Mali\",\"mali\"],\"articleSection\":[\"\u00c9conomie\",\"Toutes les actualit\u00e9s\"],\"inLanguage\":\"fr-FR\",\"potentialAction\":[{\"@type\":\"CommentAction\",\"name\":\"Comment\",\"target\":[\"https:\/\/www.africa-press.net\/mali\/economie\/pour-sortir-de-la-dependance-energetique-le-mali-sengage-a-mobiliser-580-milliards-de-fcfa#respond\"]}]},{\"@type\":\"WebPage\",\"@id\":\"https:\/\/www.africa-press.net\/mali\/economie\/pour-sortir-de-la-dependance-energetique-le-mali-sengage-a-mobiliser-580-milliards-de-fcfa\",\"url\":\"https:\/\/www.africa-press.net\/mali\/economie\/pour-sortir-de-la-dependance-energetique-le-mali-sengage-a-mobiliser-580-milliards-de-fcfa\",\"name\":\"Pour sortir de la d\u00e9pendance \u00e9nerg\u00e9tique : Le Mali s\u2019engage \u00e0 mobiliser 580 milliards de Fcfa - Mali\",\"isPartOf\":{\"@id\":\"https:\/\/www.africa-press.net\/mali\/#website\"},\"primaryImageOfPage\":{\"@id\":\"https:\/\/www.africa-press.net\/mali\/economie\/pour-sortir-de-la-dependance-energetique-le-mali-sengage-a-mobiliser-580-milliards-de-fcfa#primaryimage\"},\"image\":{\"@id\":\"https:\/\/www.africa-press.net\/mali\/economie\/pour-sortir-de-la-dependance-energetique-le-mali-sengage-a-mobiliser-580-milliards-de-fcfa#primaryimage\"},\"thumbnailUrl\":\"https:\/\/static.africa-press.net\/mali\/sites\/21\/2023\/03\/postQueueImg_1677827620.48.jpg\",\"datePublished\":\"2023-03-03T10:43:28+00:00\",\"dateModified\":\"2023-03-03T16:01:07+00:00\",\"author\":{\"@id\":\"https:\/\/www.africa-press.net\/mali\/#\/schema\/person\/2b1cf3cd81a31e3cd26889ca66d677f1\"},\"description\":\"Dans l\u2019optique de la mise en \u0153uvre de ses projets pour l\u2019independance e\u0301nerge\u0301tique, l\u2019Energie du Mali (EDM sa) envisage ...Dans l\u2019optique de la mise en \u0153uvre de ses projets pour l\u2019independance e\u0301nerge\u0301tique, l\u2019Energie du Mali (EDM sa) envisage ...Dans l\u2019optique de la mise en \u0153uvre de ses projets pour l\u2019independance e\u0301nerge\u0301tique, l\u2019Energie du Mali (EDM sa) envisage ...\",\"breadcrumb\":{\"@id\":\"https:\/\/www.africa-press.net\/mali\/economie\/pour-sortir-de-la-dependance-energetique-le-mali-sengage-a-mobiliser-580-milliards-de-fcfa#breadcrumb\"},\"inLanguage\":\"fr-FR\",\"potentialAction\":[{\"@type\":\"ReadAction\",\"target\":[\"https:\/\/www.africa-press.net\/mali\/economie\/pour-sortir-de-la-dependance-energetique-le-mali-sengage-a-mobiliser-580-milliards-de-fcfa\"]}]},{\"@type\":\"ImageObject\",\"inLanguage\":\"fr-FR\",\"@id\":\"https:\/\/www.africa-press.net\/mali\/economie\/pour-sortir-de-la-dependance-energetique-le-mali-sengage-a-mobiliser-580-milliards-de-fcfa#primaryimage\",\"url\":\"https:\/\/static.africa-press.net\/mali\/sites\/21\/2023\/03\/postQueueImg_1677827620.48.jpg\",\"contentUrl\":\"https:\/\/static.africa-press.net\/mali\/sites\/21\/2023\/03\/postQueueImg_1677827620.48.jpg\",\"width\":720,\"height\":600,\"caption\":\"Pour sortir de la d\u00e9pendance \u00e9nerg\u00e9tique : Le Mali s\u2019engage \u00e0 mobiliser 580 milliards de Fcfa\"},{\"@type\":\"BreadcrumbList\",\"@id\":\"https:\/\/www.africa-press.net\/mali\/economie\/pour-sortir-de-la-dependance-energetique-le-mali-sengage-a-mobiliser-580-milliards-de-fcfa#breadcrumb\",\"itemListElement\":[{\"@type\":\"ListItem\",\"position\":1,\"name\":\"Home\",\"item\":\"https:\/\/www.africa-press.net\/mali\/\"},{\"@type\":\"ListItem\",\"position\":2,\"name\":\"Pour sortir de la d\u00e9pendance \u00e9nerg\u00e9tique : Le Mali s\u2019engage \u00e0 mobiliser 580 milliards de Fcfa\"}]},{\"@type\":\"WebSite\",\"@id\":\"https:\/\/www.africa-press.net\/mali\/#website\",\"url\":\"https:\/\/www.africa-press.net\/mali\/\",\"name\":\"Mali\",\"description\":\"Just another Africa News Agency Sites site\",\"potentialAction\":[{\"@type\":\"SearchAction\",\"target\":{\"@type\":\"EntryPoint\",\"urlTemplate\":\"https:\/\/www.africa-press.net\/mali\/?s={search_term_string}\"},\"query-input\":{\"@type\":\"PropertyValueSpecification\",\"valueRequired\":true,\"valueName\":\"search_term_string\"}}],\"inLanguage\":\"fr-FR\"},{\"@type\":\"Person\",\"@id\":\"https:\/\/www.africa-press.net\/mali\/#\/schema\/person\/2b1cf3cd81a31e3cd26889ca66d677f1\",\"name\":\"cfeditorfr\"}]}<\/script>\n<!-- \/ Yoast SEO Premium plugin. -->","yoast_head_json":{"title":"Pour sortir de la d\u00e9pendance \u00e9nerg\u00e9tique : Le Mali s\u2019engage \u00e0 mobiliser 580 milliards de Fcfa - Mali","description":"Dans l\u2019optique de la mise en \u0153uvre de ses projets pour l\u2019independance e\u0301nerge\u0301tique, l\u2019Energie du Mali (EDM sa) envisage ...Dans l\u2019optique de la mise en \u0153uvre de ses projets pour l\u2019independance e\u0301nerge\u0301tique, l\u2019Energie du Mali (EDM sa) envisage ...Dans l\u2019optique de la mise en \u0153uvre de ses projets pour l\u2019independance e\u0301nerge\u0301tique, l\u2019Energie du Mali (EDM sa) envisage ...","robots":{"index":"index","follow":"follow","max-snippet":"max-snippet:-1","max-image-preview":"max-image-preview:large","max-video-preview":"max-video-preview:-1"},"canonical":"https:\/\/www.africa-press.net\/mali\/economie\/pour-sortir-de-la-dependance-energetique-le-mali-sengage-a-mobiliser-580-milliards-de-fcfa","og_locale":"fr_FR","og_type":"article","og_title":"Pour sortir de la d\u00e9pendance \u00e9nerg\u00e9tique : Le Mali s\u2019engage \u00e0 mobiliser 580 milliards de Fcfa","og_description":"Dans l\u2019optique de la mise en \u0153uvre de ses projets pour l\u2019independance e\u0301nerge\u0301tique, l\u2019Energie du Mali (EDM sa) envisage ...Dans l\u2019optique de la mise en \u0153uvre de ses projets pour l\u2019independance e\u0301nerge\u0301tique, l\u2019Energie du Mali (EDM sa) envisage ...Dans l\u2019optique de la mise en \u0153uvre de ses projets pour l\u2019independance e\u0301nerge\u0301tique, l\u2019Energie du Mali (EDM sa) envisage ...","og_url":"https:\/\/www.africa-press.net\/mali\/economie\/pour-sortir-de-la-dependance-energetique-le-mali-sengage-a-mobiliser-580-milliards-de-fcfa","og_site_name":"Mali","article_publisher":"https:\/\/www.facebook.com\/AfricaPressTunisiaa","article_published_time":"2023-03-03T10:43:28+00:00","article_modified_time":"2023-03-03T16:01:07+00:00","og_image":[{"width":720,"height":600,"url":"https:\/\/static.africa-press.net\/mali\/sites\/21\/2023\/03\/postQueueImg_1677827620.48.jpg","type":"image\/jpeg"}],"author":"cfeditorfr","twitter_card":"summary_large_image","twitter_misc":{"\u00c9crit par":"cfeditorfr","Dur\u00e9e de lecture estim\u00e9e":"3 minutes"},"schema":{"@context":"https:\/\/schema.org","@graph":[{"@type":"Article","@id":"https:\/\/www.africa-press.net\/mali\/economie\/pour-sortir-de-la-dependance-energetique-le-mali-sengage-a-mobiliser-580-milliards-de-fcfa#article","isPartOf":{"@id":"https:\/\/www.africa-press.net\/mali\/economie\/pour-sortir-de-la-dependance-energetique-le-mali-sengage-a-mobiliser-580-milliards-de-fcfa"},"author":{"name":"cfeditorfr","@id":"https:\/\/www.africa-press.net\/mali\/#\/schema\/person\/2b1cf3cd81a31e3cd26889ca66d677f1"},"headline":"Pour sortir de la d\u00e9pendance \u00e9nerg\u00e9tique : Le Mali s\u2019engage \u00e0 mobiliser 580 milliards de Fcfa","datePublished":"2023-03-03T10:43:28+00:00","dateModified":"2023-03-03T16:01:07+00:00","mainEntityOfPage":{"@id":"https:\/\/www.africa-press.net\/mali\/economie\/pour-sortir-de-la-dependance-energetique-le-mali-sengage-a-mobiliser-580-milliards-de-fcfa"},"wordCount":556,"commentCount":0,"image":{"@id":"https:\/\/www.africa-press.net\/mali\/economie\/pour-sortir-de-la-dependance-energetique-le-mali-sengage-a-mobiliser-580-milliards-de-fcfa#primaryimage"},"thumbnailUrl":"https:\/\/static.africa-press.net\/mali\/sites\/21\/2023\/03\/postQueueImg_1677827620.48.jpg","keywords":["Africa Press","Africa Press-Mali","mali"],"articleSection":["\u00c9conomie","Toutes les actualit\u00e9s"],"inLanguage":"fr-FR","potentialAction":[{"@type":"CommentAction","name":"Comment","target":["https:\/\/www.africa-press.net\/mali\/economie\/pour-sortir-de-la-dependance-energetique-le-mali-sengage-a-mobiliser-580-milliards-de-fcfa#respond"]}]},{"@type":"WebPage","@id":"https:\/\/www.africa-press.net\/mali\/economie\/pour-sortir-de-la-dependance-energetique-le-mali-sengage-a-mobiliser-580-milliards-de-fcfa","url":"https:\/\/www.africa-press.net\/mali\/economie\/pour-sortir-de-la-dependance-energetique-le-mali-sengage-a-mobiliser-580-milliards-de-fcfa","name":"Pour sortir de la d\u00e9pendance \u00e9nerg\u00e9tique : Le Mali s\u2019engage \u00e0 mobiliser 580 milliards de Fcfa - Mali","isPartOf":{"@id":"https:\/\/www.africa-press.net\/mali\/#website"},"primaryImageOfPage":{"@id":"https:\/\/www.africa-press.net\/mali\/economie\/pour-sortir-de-la-dependance-energetique-le-mali-sengage-a-mobiliser-580-milliards-de-fcfa#primaryimage"},"image":{"@id":"https:\/\/www.africa-press.net\/mali\/economie\/pour-sortir-de-la-dependance-energetique-le-mali-sengage-a-mobiliser-580-milliards-de-fcfa#primaryimage"},"thumbnailUrl":"https:\/\/static.africa-press.net\/mali\/sites\/21\/2023\/03\/postQueueImg_1677827620.48.jpg","datePublished":"2023-03-03T10:43:28+00:00","dateModified":"2023-03-03T16:01:07+00:00","author":{"@id":"https:\/\/www.africa-press.net\/mali\/#\/schema\/person\/2b1cf3cd81a31e3cd26889ca66d677f1"},"description":"Dans l\u2019optique de la mise en \u0153uvre de ses projets pour l\u2019independance e\u0301nerge\u0301tique, l\u2019Energie du Mali (EDM sa) envisage ...Dans l\u2019optique de la mise en \u0153uvre de ses projets pour l\u2019independance e\u0301nerge\u0301tique, l\u2019Energie du Mali (EDM sa) envisage ...Dans l\u2019optique de la mise en \u0153uvre de ses projets pour l\u2019independance e\u0301nerge\u0301tique, l\u2019Energie du Mali (EDM sa) envisage ...","breadcrumb":{"@id":"https:\/\/www.africa-press.net\/mali\/economie\/pour-sortir-de-la-dependance-energetique-le-mali-sengage-a-mobiliser-580-milliards-de-fcfa#breadcrumb"},"inLanguage":"fr-FR","potentialAction":[{"@type":"ReadAction","target":["https:\/\/www.africa-press.net\/mali\/economie\/pour-sortir-de-la-dependance-energetique-le-mali-sengage-a-mobiliser-580-milliards-de-fcfa"]}]},{"@type":"ImageObject","inLanguage":"fr-FR","@id":"https:\/\/www.africa-press.net\/mali\/economie\/pour-sortir-de-la-dependance-energetique-le-mali-sengage-a-mobiliser-580-milliards-de-fcfa#primaryimage","url":"https:\/\/static.africa-press.net\/mali\/sites\/21\/2023\/03\/postQueueImg_1677827620.48.jpg","contentUrl":"https:\/\/static.africa-press.net\/mali\/sites\/21\/2023\/03\/postQueueImg_1677827620.48.jpg","width":720,"height":600,"caption":"Pour sortir de la d\u00e9pendance \u00e9nerg\u00e9tique : Le Mali s\u2019engage \u00e0 mobiliser 580 milliards de Fcfa"},{"@type":"BreadcrumbList","@id":"https:\/\/www.africa-press.net\/mali\/economie\/pour-sortir-de-la-dependance-energetique-le-mali-sengage-a-mobiliser-580-milliards-de-fcfa#breadcrumb","itemListElement":[{"@type":"ListItem","position":1,"name":"Home","item":"https:\/\/www.africa-press.net\/mali\/"},{"@type":"ListItem","position":2,"name":"Pour sortir de la d\u00e9pendance \u00e9nerg\u00e9tique : Le Mali s\u2019engage \u00e0 mobiliser 580 milliards de Fcfa"}]},{"@type":"WebSite","@id":"https:\/\/www.africa-press.net\/mali\/#website","url":"https:\/\/www.africa-press.net\/mali\/","name":"Mali","description":"Just another Africa News Agency Sites site","potentialAction":[{"@type":"SearchAction","target":{"@type":"EntryPoint","urlTemplate":"https:\/\/www.africa-press.net\/mali\/?s={search_term_string}"},"query-input":{"@type":"PropertyValueSpecification","valueRequired":true,"valueName":"search_term_string"}}],"inLanguage":"fr-FR"},{"@type":"Person","@id":"https:\/\/www.africa-press.net\/mali\/#\/schema\/person\/2b1cf3cd81a31e3cd26889ca66d677f1","name":"cfeditorfr"}]}},"_links":{"self":[{"href":"https:\/\/www.africa-press.net\/mali\/wp-json\/wp\/v2\/posts\/31487","targetHints":{"allow":["GET"]}}],"collection":[{"href":"https:\/\/www.africa-press.net\/mali\/wp-json\/wp\/v2\/posts"}],"about":[{"href":"https:\/\/www.africa-press.net\/mali\/wp-json\/wp\/v2\/types\/post"}],"author":[{"embeddable":true,"href":"https:\/\/www.africa-press.net\/mali\/wp-json\/wp\/v2\/users\/82"}],"replies":[{"embeddable":true,"href":"https:\/\/www.africa-press.net\/mali\/wp-json\/wp\/v2\/comments?post=31487"}],"version-history":[{"count":0,"href":"https:\/\/www.africa-press.net\/mali\/wp-json\/wp\/v2\/posts\/31487\/revisions"}],"wp:featuredmedia":[{"embeddable":true,"href":"https:\/\/www.africa-press.net\/mali\/wp-json\/wp\/v2\/media\/31485"}],"wp:attachment":[{"href":"https:\/\/www.africa-press.net\/mali\/wp-json\/wp\/v2\/media?parent=31487"}],"wp:term":[{"taxonomy":"category","embeddable":true,"href":"https:\/\/www.africa-press.net\/mali\/wp-json\/wp\/v2\/categories?post=31487"},{"taxonomy":"post_tag","embeddable":true,"href":"https:\/\/www.africa-press.net\/mali\/wp-json\/wp\/v2\/tags?post=31487"}],"curies":[{"name":"wp","href":"https:\/\/api.w.org\/{rel}","templated":true}]}}