{"id":31490,"date":"2023-03-03T16:43:40","date_gmt":"2023-03-03T16:43:40","guid":{"rendered":"https:\/\/www.africa-press.net\/mali\/?p=31490"},"modified":"2023-03-03T16:03:36","modified_gmt":"2023-03-03T16:03:36","slug":"agriculture-sasakawa-et-ses-partenaires-sactivent-pour-le-rayonnement-du-secteur","status":"publish","type":"post","link":"https:\/\/www.africa-press.net\/mali\/communaute\/agriculture-sasakawa-et-ses-partenaires-sactivent-pour-le-rayonnement-du-secteur","title":{"rendered":"Agriculture : Sasakawa et ses partenaires s\u2019activent pour le rayonnement du secteur"},"content":{"rendered":"<p><span style=\"color: #ff6600\"><strong>Africa-Press &#8211; Mali. <\/strong><\/span>Cre\u0301er un espace de dialogue, d\u2019e\u0301change, de re\u0301flexion, de partage et de discussions sur les enjeux et perspectives de l\u2019agriculture, de la se\u0301curite\u0301 alimentaire et nutritionnelle, tel est l\u2019objectif vise\u0301 par un forum.<\/p>\n<p>Une initiative de l\u2019ONG Sasakawa, ses partenaires et les parties prenantes des chaines de valeur agricoles. Nous sommes le mardi 28 fe\u0301vrier 2023. Devenu une tradition, Sasakawa et ses partenaires font un regard re\u0301trospective sur les activite\u0301s re\u0301alise\u0301es par Sasakawa au cours de l\u2019anne\u0301e e\u0301coule\u0301e.<\/p>\n<p>Une tradition qui vient d\u2019e\u0302tre respecte\u0301e par l\u2019organisation ce forum. Il s\u2019agit de passer en revue les principaux mode\u0300les, approches, techniques et pratiques promus, les re\u0301sultats acquis et les de\u0301fis a\u0300 surmonte\u0301.<\/p>\n<p>Une ve\u0301ritable aubaine pour discuter avec l\u2019ensemble des acteurs des chaines de valeur agricole les difficulte\u0301s rencontre\u0301es. Pour faire face a\u0300 ses difficulte\u0301s le nouveau Directeur pays de Sasakawa Hamado Tapsoba estime qu\u2019une synergie d\u2019actions se pose.<\/p>\n<p>\u2019\u2019L\u2019e\u0301normite\u0301 et la complexite\u0301 des de\u0301fis auxquels nos organisations respectives voudraient contribuer a\u0300 relever exigent de nous de pouvoir mettre en commun nos expe\u0301riences, nos expertises et nos ressources afin de proposer des solutions ade\u0301quates, innovantes et durables aux proble\u0300mes que vivent les productrices et les producteurs du Mali\u2019\u2019 dixit M.<\/p>\n<p>Tapsoba. C\u2019est ainsi qu\u2019il a invite\u0301 les participants a\u0300 la re\u0301flexion qui pour lui permettra de faire avancer l\u2019agriculture. Durant 2 jours les participants passeront en revue les principales re\u0301alisations en 2022 sur l\u2019agriculture re\u0301ge\u0301ne\u0301ratrice ; l\u2019agriculture sensible a\u0300 la nutrition ; l\u2019agriculture oriente\u0301e vers le marche\u0301 ; le renforcement des capacite\u0301s et le projet ISSD Sahel + Q et R.<\/p>\n<p>Pour rappel, depuis 2021, Sasakawa AfricaAssociation met en \u0153uvre sa nouvelle strate\u0301gie(2021-2025) fonde\u0301e sur l\u2019agriculture re\u0301ge\u0301ne\u0301ratrice ; l\u2019agriculture sensible a\u0300 la nutrition, et l\u2019agriculture oriente\u0301e vers le marche\u0301.<\/p>\n<p>L\u2019objectif recherche\u0301 par sasakawa est de soutenir l\u2019effort de l\u2019Afrique Subsaharienne en ge\u0301ne\u0301ral et le Mali en particulier afin de construire des syste\u0300mes alimentaires re\u0301silients et durables a\u0300 travers la mise en place d\u2019un syste\u0300me performant et innovant de vulgarisation et de conseil rural.<\/p>\n<p>Le Directeur Hamado Tapsoba attend mettre au service de l\u2019agriculture malienne ses compe\u0301tences et expe\u0301riences afin de donner a\u0300 l\u2019agriculture sa lettre de noblesse.<\/p>\n<p><strong>Pour plus d&rsquo;informations et d&rsquo;analyses sur la <a href=\"https:\/\/www.africa-press.net\/mali\">Mali<\/a>, suivez <a href=\"https:\/\/www.africa-press.net\/\">Africa-Press<\/a><\/strong><\/p>\n","protected":false},"excerpt":{"rendered":"<p>Africa-Press &#8211; Mali. Cre\u0301er un espace de dialogue, d\u2019e\u0301change, de re\u0301flexion, de partage et de discussions sur les enjeux et perspectives de l\u2019agriculture, de la se\u0301curite\u0301 alimentaire et nutritionnelle, tel est l\u2019objectif vise\u0301 par un forum. Une initiative de l\u2019ONG Sasakawa, ses partenaires et les parties prenantes des chaines de valeur agricoles. Nous sommes le [&hellip;]<\/p>\n","protected":false},"author":82,"featured_media":31488,"comment_status":"open","ping_status":"closed","sticky":false,"template":"","format":"standard","meta":{"footnotes":""},"categories":[4,17],"tags":[76,86,19],"class_list":["post-31490","post","type-post","status-publish","format-standard","has-post-thumbnail","hentry","category-communaute","category-toutes-les-actualites","tag-africa-press","tag-africa-press-mali","tag-mali"],"yoast_head":"<!-- This site is optimized with the Yoast SEO Premium plugin v26.1 (Yoast SEO v27.0) - https:\/\/yoast.com\/product\/yoast-seo-premium-wordpress\/ -->\n<title>Agriculture : Sasakawa et ses partenaires s\u2019activent pour le rayonnement du secteur - Mali<\/title>\n<meta name=\"description\" content=\"Cre\u0301er un espace de dialogue, d\u2019e\u0301change, de re\u0301flexion, de partage et de discussions sur les enjeux et perspectives de ...Cre\u0301er un espace de dialogue, d\u2019e\u0301change, de re\u0301flexion, de partage et de discussions sur les enjeux et perspectives de ...\" \/>\n<meta name=\"robots\" content=\"index, follow, max-snippet:-1, max-image-preview:large, max-video-preview:-1\" \/>\n<link rel=\"canonical\" href=\"https:\/\/www.africa-press.net\/mali\/communaute\/agriculture-sasakawa-et-ses-partenaires-sactivent-pour-le-rayonnement-du-secteur\" \/>\n<meta property=\"og:locale\" content=\"fr_FR\" \/>\n<meta property=\"og:type\" content=\"article\" \/>\n<meta property=\"og:title\" content=\"Agriculture : Sasakawa et ses partenaires s\u2019activent pour le rayonnement du secteur\" \/>\n<meta property=\"og:description\" content=\"Cre\u0301er un espace de dialogue, d\u2019e\u0301change, de re\u0301flexion, de partage et de discussions sur les enjeux et perspectives de ...Cre\u0301er un espace de dialogue, d\u2019e\u0301change, de re\u0301flexion, de partage et de discussions sur les enjeux et perspectives de ...\" \/>\n<meta property=\"og:url\" content=\"https:\/\/www.africa-press.net\/mali\/communaute\/agriculture-sasakawa-et-ses-partenaires-sactivent-pour-le-rayonnement-du-secteur\" \/>\n<meta property=\"og:site_name\" content=\"Mali\" \/>\n<meta property=\"article:publisher\" content=\"https:\/\/www.facebook.com\/AfricaPressTunisiaa\" \/>\n<meta property=\"article:published_time\" content=\"2023-03-03T16:43:40+00:00\" \/>\n<meta property=\"og:image\" content=\"https:\/\/static.africa-press.net\/mali\/sites\/21\/2023\/03\/postQueueImg_1677844326.46.jpg\" \/>\n\t<meta property=\"og:image:width\" content=\"1280\" \/>\n\t<meta property=\"og:image:height\" content=\"720\" \/>\n\t<meta property=\"og:image:type\" content=\"image\/jpeg\" \/>\n<meta name=\"author\" content=\"cfeditorfr\" \/>\n<meta name=\"twitter:card\" content=\"summary_large_image\" \/>\n<meta name=\"twitter:label1\" content=\"\u00c9crit par\" \/>\n\t<meta name=\"twitter:data1\" content=\"cfeditorfr\" \/>\n\t<meta name=\"twitter:label2\" content=\"Dur\u00e9e de lecture estim\u00e9e\" \/>\n\t<meta name=\"twitter:data2\" content=\"2 minutes\" \/>\n<script type=\"application\/ld+json\" class=\"yoast-schema-graph\">{\"@context\":\"https:\/\/schema.org\",\"@graph\":[{\"@type\":\"Article\",\"@id\":\"https:\/\/www.africa-press.net\/mali\/communaute\/agriculture-sasakawa-et-ses-partenaires-sactivent-pour-le-rayonnement-du-secteur#article\",\"isPartOf\":{\"@id\":\"https:\/\/www.africa-press.net\/mali\/communaute\/agriculture-sasakawa-et-ses-partenaires-sactivent-pour-le-rayonnement-du-secteur\"},\"author\":{\"name\":\"cfeditorfr\",\"@id\":\"https:\/\/www.africa-press.net\/mali\/#\/schema\/person\/2b1cf3cd81a31e3cd26889ca66d677f1\"},\"headline\":\"Agriculture : Sasakawa et ses partenaires s\u2019activent pour le rayonnement du secteur\",\"datePublished\":\"2023-03-03T16:43:40+00:00\",\"mainEntityOfPage\":{\"@id\":\"https:\/\/www.africa-press.net\/mali\/communaute\/agriculture-sasakawa-et-ses-partenaires-sactivent-pour-le-rayonnement-du-secteur\"},\"wordCount\":446,\"commentCount\":0,\"image\":{\"@id\":\"https:\/\/www.africa-press.net\/mali\/communaute\/agriculture-sasakawa-et-ses-partenaires-sactivent-pour-le-rayonnement-du-secteur#primaryimage\"},\"thumbnailUrl\":\"https:\/\/static.africa-press.net\/mali\/sites\/21\/2023\/03\/postQueueImg_1677844326.46.jpg\",\"keywords\":[\"Africa Press\",\"Africa Press-Mali\",\"mali\"],\"articleSection\":[\"Communaut\u00e9\",\"Toutes les actualit\u00e9s\"],\"inLanguage\":\"fr-FR\",\"potentialAction\":[{\"@type\":\"CommentAction\",\"name\":\"Comment\",\"target\":[\"https:\/\/www.africa-press.net\/mali\/communaute\/agriculture-sasakawa-et-ses-partenaires-sactivent-pour-le-rayonnement-du-secteur#respond\"]}]},{\"@type\":\"WebPage\",\"@id\":\"https:\/\/www.africa-press.net\/mali\/communaute\/agriculture-sasakawa-et-ses-partenaires-sactivent-pour-le-rayonnement-du-secteur\",\"url\":\"https:\/\/www.africa-press.net\/mali\/communaute\/agriculture-sasakawa-et-ses-partenaires-sactivent-pour-le-rayonnement-du-secteur\",\"name\":\"Agriculture : Sasakawa et ses partenaires s\u2019activent pour le rayonnement du secteur - Mali\",\"isPartOf\":{\"@id\":\"https:\/\/www.africa-press.net\/mali\/#website\"},\"primaryImageOfPage\":{\"@id\":\"https:\/\/www.africa-press.net\/mali\/communaute\/agriculture-sasakawa-et-ses-partenaires-sactivent-pour-le-rayonnement-du-secteur#primaryimage\"},\"image\":{\"@id\":\"https:\/\/www.africa-press.net\/mali\/communaute\/agriculture-sasakawa-et-ses-partenaires-sactivent-pour-le-rayonnement-du-secteur#primaryimage\"},\"thumbnailUrl\":\"https:\/\/static.africa-press.net\/mali\/sites\/21\/2023\/03\/postQueueImg_1677844326.46.jpg\",\"datePublished\":\"2023-03-03T16:43:40+00:00\",\"author\":{\"@id\":\"https:\/\/www.africa-press.net\/mali\/#\/schema\/person\/2b1cf3cd81a31e3cd26889ca66d677f1\"},\"description\":\"Cre\u0301er un espace de dialogue, d\u2019e\u0301change, de re\u0301flexion, de partage et de discussions sur les enjeux et perspectives de ...Cre\u0301er un espace de dialogue, d\u2019e\u0301change, de re\u0301flexion, de partage et de discussions sur les enjeux et perspectives de ...\",\"breadcrumb\":{\"@id\":\"https:\/\/www.africa-press.net\/mali\/communaute\/agriculture-sasakawa-et-ses-partenaires-sactivent-pour-le-rayonnement-du-secteur#breadcrumb\"},\"inLanguage\":\"fr-FR\",\"potentialAction\":[{\"@type\":\"ReadAction\",\"target\":[\"https:\/\/www.africa-press.net\/mali\/communaute\/agriculture-sasakawa-et-ses-partenaires-sactivent-pour-le-rayonnement-du-secteur\"]}]},{\"@type\":\"ImageObject\",\"inLanguage\":\"fr-FR\",\"@id\":\"https:\/\/www.africa-press.net\/mali\/communaute\/agriculture-sasakawa-et-ses-partenaires-sactivent-pour-le-rayonnement-du-secteur#primaryimage\",\"url\":\"https:\/\/static.africa-press.net\/mali\/sites\/21\/2023\/03\/postQueueImg_1677844326.46.jpg\",\"contentUrl\":\"https:\/\/static.africa-press.net\/mali\/sites\/21\/2023\/03\/postQueueImg_1677844326.46.jpg\",\"width\":1280,\"height\":720,\"caption\":\"Agriculture : Sasakawa et ses partenaires s\u2019activent pour le rayonnement du secteur\"},{\"@type\":\"BreadcrumbList\",\"@id\":\"https:\/\/www.africa-press.net\/mali\/communaute\/agriculture-sasakawa-et-ses-partenaires-sactivent-pour-le-rayonnement-du-secteur#breadcrumb\",\"itemListElement\":[{\"@type\":\"ListItem\",\"position\":1,\"name\":\"Home\",\"item\":\"https:\/\/www.africa-press.net\/mali\/\"},{\"@type\":\"ListItem\",\"position\":2,\"name\":\"Agriculture : Sasakawa et ses partenaires s\u2019activent pour le rayonnement du secteur\"}]},{\"@type\":\"WebSite\",\"@id\":\"https:\/\/www.africa-press.net\/mali\/#website\",\"url\":\"https:\/\/www.africa-press.net\/mali\/\",\"name\":\"Mali\",\"description\":\"Just another Africa News Agency Sites site\",\"potentialAction\":[{\"@type\":\"SearchAction\",\"target\":{\"@type\":\"EntryPoint\",\"urlTemplate\":\"https:\/\/www.africa-press.net\/mali\/?s={search_term_string}\"},\"query-input\":{\"@type\":\"PropertyValueSpecification\",\"valueRequired\":true,\"valueName\":\"search_term_string\"}}],\"inLanguage\":\"fr-FR\"},{\"@type\":\"Person\",\"@id\":\"https:\/\/www.africa-press.net\/mali\/#\/schema\/person\/2b1cf3cd81a31e3cd26889ca66d677f1\",\"name\":\"cfeditorfr\"}]}<\/script>\n<!-- \/ Yoast SEO Premium plugin. -->","yoast_head_json":{"title":"Agriculture : Sasakawa et ses partenaires s\u2019activent pour le rayonnement du secteur - Mali","description":"Cre\u0301er un espace de dialogue, d\u2019e\u0301change, de re\u0301flexion, de partage et de discussions sur les enjeux et perspectives de ...Cre\u0301er un espace de dialogue, d\u2019e\u0301change, de re\u0301flexion, de partage et de discussions sur les enjeux et perspectives de ...","robots":{"index":"index","follow":"follow","max-snippet":"max-snippet:-1","max-image-preview":"max-image-preview:large","max-video-preview":"max-video-preview:-1"},"canonical":"https:\/\/www.africa-press.net\/mali\/communaute\/agriculture-sasakawa-et-ses-partenaires-sactivent-pour-le-rayonnement-du-secteur","og_locale":"fr_FR","og_type":"article","og_title":"Agriculture : Sasakawa et ses partenaires s\u2019activent pour le rayonnement du secteur","og_description":"Cre\u0301er un espace de dialogue, d\u2019e\u0301change, de re\u0301flexion, de partage et de discussions sur les enjeux et perspectives de ...Cre\u0301er un espace de dialogue, d\u2019e\u0301change, de re\u0301flexion, de partage et de discussions sur les enjeux et perspectives de ...","og_url":"https:\/\/www.africa-press.net\/mali\/communaute\/agriculture-sasakawa-et-ses-partenaires-sactivent-pour-le-rayonnement-du-secteur","og_site_name":"Mali","article_publisher":"https:\/\/www.facebook.com\/AfricaPressTunisiaa","article_published_time":"2023-03-03T16:43:40+00:00","og_image":[{"width":1280,"height":720,"url":"https:\/\/static.africa-press.net\/mali\/sites\/21\/2023\/03\/postQueueImg_1677844326.46.jpg","type":"image\/jpeg"}],"author":"cfeditorfr","twitter_card":"summary_large_image","twitter_misc":{"\u00c9crit par":"cfeditorfr","Dur\u00e9e de lecture estim\u00e9e":"2 minutes"},"schema":{"@context":"https:\/\/schema.org","@graph":[{"@type":"Article","@id":"https:\/\/www.africa-press.net\/mali\/communaute\/agriculture-sasakawa-et-ses-partenaires-sactivent-pour-le-rayonnement-du-secteur#article","isPartOf":{"@id":"https:\/\/www.africa-press.net\/mali\/communaute\/agriculture-sasakawa-et-ses-partenaires-sactivent-pour-le-rayonnement-du-secteur"},"author":{"name":"cfeditorfr","@id":"https:\/\/www.africa-press.net\/mali\/#\/schema\/person\/2b1cf3cd81a31e3cd26889ca66d677f1"},"headline":"Agriculture : Sasakawa et ses partenaires s\u2019activent pour le rayonnement du secteur","datePublished":"2023-03-03T16:43:40+00:00","mainEntityOfPage":{"@id":"https:\/\/www.africa-press.net\/mali\/communaute\/agriculture-sasakawa-et-ses-partenaires-sactivent-pour-le-rayonnement-du-secteur"},"wordCount":446,"commentCount":0,"image":{"@id":"https:\/\/www.africa-press.net\/mali\/communaute\/agriculture-sasakawa-et-ses-partenaires-sactivent-pour-le-rayonnement-du-secteur#primaryimage"},"thumbnailUrl":"https:\/\/static.africa-press.net\/mali\/sites\/21\/2023\/03\/postQueueImg_1677844326.46.jpg","keywords":["Africa Press","Africa Press-Mali","mali"],"articleSection":["Communaut\u00e9","Toutes les actualit\u00e9s"],"inLanguage":"fr-FR","potentialAction":[{"@type":"CommentAction","name":"Comment","target":["https:\/\/www.africa-press.net\/mali\/communaute\/agriculture-sasakawa-et-ses-partenaires-sactivent-pour-le-rayonnement-du-secteur#respond"]}]},{"@type":"WebPage","@id":"https:\/\/www.africa-press.net\/mali\/communaute\/agriculture-sasakawa-et-ses-partenaires-sactivent-pour-le-rayonnement-du-secteur","url":"https:\/\/www.africa-press.net\/mali\/communaute\/agriculture-sasakawa-et-ses-partenaires-sactivent-pour-le-rayonnement-du-secteur","name":"Agriculture : Sasakawa et ses partenaires s\u2019activent pour le rayonnement du secteur - Mali","isPartOf":{"@id":"https:\/\/www.africa-press.net\/mali\/#website"},"primaryImageOfPage":{"@id":"https:\/\/www.africa-press.net\/mali\/communaute\/agriculture-sasakawa-et-ses-partenaires-sactivent-pour-le-rayonnement-du-secteur#primaryimage"},"image":{"@id":"https:\/\/www.africa-press.net\/mali\/communaute\/agriculture-sasakawa-et-ses-partenaires-sactivent-pour-le-rayonnement-du-secteur#primaryimage"},"thumbnailUrl":"https:\/\/static.africa-press.net\/mali\/sites\/21\/2023\/03\/postQueueImg_1677844326.46.jpg","datePublished":"2023-03-03T16:43:40+00:00","author":{"@id":"https:\/\/www.africa-press.net\/mali\/#\/schema\/person\/2b1cf3cd81a31e3cd26889ca66d677f1"},"description":"Cre\u0301er un espace de dialogue, d\u2019e\u0301change, de re\u0301flexion, de partage et de discussions sur les enjeux et perspectives de ...Cre\u0301er un espace de dialogue, d\u2019e\u0301change, de re\u0301flexion, de partage et de discussions sur les enjeux et perspectives de ...","breadcrumb":{"@id":"https:\/\/www.africa-press.net\/mali\/communaute\/agriculture-sasakawa-et-ses-partenaires-sactivent-pour-le-rayonnement-du-secteur#breadcrumb"},"inLanguage":"fr-FR","potentialAction":[{"@type":"ReadAction","target":["https:\/\/www.africa-press.net\/mali\/communaute\/agriculture-sasakawa-et-ses-partenaires-sactivent-pour-le-rayonnement-du-secteur"]}]},{"@type":"ImageObject","inLanguage":"fr-FR","@id":"https:\/\/www.africa-press.net\/mali\/communaute\/agriculture-sasakawa-et-ses-partenaires-sactivent-pour-le-rayonnement-du-secteur#primaryimage","url":"https:\/\/static.africa-press.net\/mali\/sites\/21\/2023\/03\/postQueueImg_1677844326.46.jpg","contentUrl":"https:\/\/static.africa-press.net\/mali\/sites\/21\/2023\/03\/postQueueImg_1677844326.46.jpg","width":1280,"height":720,"caption":"Agriculture : Sasakawa et ses partenaires s\u2019activent pour le rayonnement du secteur"},{"@type":"BreadcrumbList","@id":"https:\/\/www.africa-press.net\/mali\/communaute\/agriculture-sasakawa-et-ses-partenaires-sactivent-pour-le-rayonnement-du-secteur#breadcrumb","itemListElement":[{"@type":"ListItem","position":1,"name":"Home","item":"https:\/\/www.africa-press.net\/mali\/"},{"@type":"ListItem","position":2,"name":"Agriculture : Sasakawa et ses partenaires s\u2019activent pour le rayonnement du secteur"}]},{"@type":"WebSite","@id":"https:\/\/www.africa-press.net\/mali\/#website","url":"https:\/\/www.africa-press.net\/mali\/","name":"Mali","description":"Just another Africa News Agency Sites site","potentialAction":[{"@type":"SearchAction","target":{"@type":"EntryPoint","urlTemplate":"https:\/\/www.africa-press.net\/mali\/?s={search_term_string}"},"query-input":{"@type":"PropertyValueSpecification","valueRequired":true,"valueName":"search_term_string"}}],"inLanguage":"fr-FR"},{"@type":"Person","@id":"https:\/\/www.africa-press.net\/mali\/#\/schema\/person\/2b1cf3cd81a31e3cd26889ca66d677f1","name":"cfeditorfr"}]}},"_links":{"self":[{"href":"https:\/\/www.africa-press.net\/mali\/wp-json\/wp\/v2\/posts\/31490","targetHints":{"allow":["GET"]}}],"collection":[{"href":"https:\/\/www.africa-press.net\/mali\/wp-json\/wp\/v2\/posts"}],"about":[{"href":"https:\/\/www.africa-press.net\/mali\/wp-json\/wp\/v2\/types\/post"}],"author":[{"embeddable":true,"href":"https:\/\/www.africa-press.net\/mali\/wp-json\/wp\/v2\/users\/82"}],"replies":[{"embeddable":true,"href":"https:\/\/www.africa-press.net\/mali\/wp-json\/wp\/v2\/comments?post=31490"}],"version-history":[{"count":0,"href":"https:\/\/www.africa-press.net\/mali\/wp-json\/wp\/v2\/posts\/31490\/revisions"}],"wp:featuredmedia":[{"embeddable":true,"href":"https:\/\/www.africa-press.net\/mali\/wp-json\/wp\/v2\/media\/31488"}],"wp:attachment":[{"href":"https:\/\/www.africa-press.net\/mali\/wp-json\/wp\/v2\/media?parent=31490"}],"wp:term":[{"taxonomy":"category","embeddable":true,"href":"https:\/\/www.africa-press.net\/mali\/wp-json\/wp\/v2\/categories?post=31490"},{"taxonomy":"post_tag","embeddable":true,"href":"https:\/\/www.africa-press.net\/mali\/wp-json\/wp\/v2\/tags?post=31490"}],"curies":[{"name":"wp","href":"https:\/\/api.w.org\/{rel}","templated":true}]}}