{"id":31496,"date":"2023-03-04T18:18:38","date_gmt":"2023-03-04T18:18:38","guid":{"rendered":"https:\/\/www.africa-press.net\/mali\/politique\/pour-son-2e-anniversaire-le-parti-nema-lance-une-plateforme-denomme-nema-blonba"},"modified":"2023-03-04T18:48:43","modified_gmt":"2023-03-04T18:48:43","slug":"pour-son-2e-anniversaire-le-parti-nema-lance-une-plateforme-denomme-nema-blonba","status":"publish","type":"post","link":"https:\/\/www.africa-press.net\/mali\/parties\/pour-son-2e-anniversaire-le-parti-nema-lance-une-plateforme-denomme-nema-blonba","title":{"rendered":"Pour son 2e anniversaire : Le parti Nema lance une plateforme d\u00e9nomm\u00e9 \u201cNema Blonba\u201d"},"content":{"rendered":"<p><span style=\"color: #ff6600\"><strong>Africa-Press &#8211; Mali. <\/strong><\/span>A l\u2019occasion du 2e anniversaire de la cre\u0301ation de leur parti politique, les leaders du parti Nema e\u0301taient le mercredi dernier face a\u0300 la presse a\u0300 leur sie\u0300ge a\u0300 Korofina en Commune I du district de Bamako. Cette rencontre a enregistre\u0301 la pre\u0301sence de plusieurs militants et des responsables des jeunes et femmes de cette formation politique.<\/p>\n<p>Pour le pre\u0301sident du parti Nema Samba Coulibaly, en seulement deux ans d\u2019existence, leur formation politique compte beaucoup sur l\u2019e\u0301chiquier politique national. Il s\u2019est re\u0301joui de l\u2019implantation du parti a\u0300 l\u2019inte\u0301rieur du pays. \u201cNous sommes pre\u0301sents dans plus de 600 communes des 700 du pays. Dans les jours a\u0300 venir, nous allons poursuivre avec l\u2019implantation du parti a\u0300 l\u2019exte\u0301rieur du pays\u201d, a explique\u0301 le pre\u0301sident Coulibaly. Pour un autre cadre de Nema, leur formation politique compte pre\u0301sentement plus de 500 conseillers communaux.<\/p>\n<p>Ce deuxie\u0300me anniversaire a e\u0301te\u0301 mis a\u0300 profit pour annoncer le lancement d\u2019une plateforme de\u0301nomme\u0301e Nema Blonba. \u201cL\u2019initiative s\u2019inscrit dans une dynamique de conque\u0302te du pouvoir de fac\u0327on graduelle au service du Mali et des Maliens sans exclusion. La cre\u0301ation de cette plateforme fait suite a\u0300 une analyse profonde de l\u2019environnement politique du Mali et les crises multiples que connait notre pays.<\/p>\n<p>Pour arriver au \u00abMali Kura\u00bb tant attendu par les Maliens, les de\u0301fis sont nombreux d\u2019ou\u0300 la ne\u0301cessite\u0301 d\u2019une mise en commun de forces politiques et associations qui partagent la me\u0302me vision\u201d, a de\u0301veloppe\u0301 Samba Coulibaly.<\/p>\n<p>En voulant lancer cette plateforme politique, ils voulaient viser quatre objectifs majeurs. Il s\u2019agit premie\u0300rement de constituer une force, issue de diffe\u0301rents bords politiques, qui re\u0301pond aux aspirations des Maliens dans la perspective des e\u0301lections ge\u0301ne\u0301rales. Deuxie\u0300mement combler le fosse\u0301 entre les citoyens et les dirigeants politiques, ne\u0301 d\u2019une crise de confiance sans pre\u0301ce\u0301dent installe\u0301e a\u0300 la suite de la mauvaise gestion des affaires publiques. Troisie\u0300mement ame\u0301liorer de manie\u0300re significative la gouvernance afin de faire du Mali un pays e\u0301mergent et apaise\u0301 ou\u0300 les populations ont acce\u0300s aux services sociaux de base et une justice e\u0301quitable. Et enfin contribuer par leurs actions concerte\u0301es a\u0300 solutionner le proble\u0300me se\u0301curitaire.<\/p>\n<p>Pour l\u2019atteinte de ces objectifs, le Parti NEMA lance selon son pre\u0301sident un appel aux citoyens maliens, aux partis politiques, aux regroupements de partis politiques et aux associations partageant sa vision et ses ide\u0301aux a\u0300 les rejoindre. \u201cDans les jours qui suivront ce lancement, un manifeste, traduisant la vision de la Plateforme, sera propose\u0301 aux citoyens et aux formations politiques\u201d a promis le pre\u0301sident de Nema.<\/p>\n<p><strong>Pour plus d&rsquo;informations et d&rsquo;analyses sur la <a href=\"https:\/\/www.africa-press.net\/mali\">Mali<\/a>, suivez <a href=\"https:\/\/www.africa-press.net\/\">Africa-Press<\/a><\/strong><\/p>\n","protected":false},"excerpt":{"rendered":"<p>Africa-Press &#8211; Mali. A l\u2019occasion du 2e anniversaire de la cre\u0301ation de leur parti politique, les leaders du parti Nema e\u0301taient le mercredi dernier face a\u0300 la presse a\u0300 leur sie\u0300ge a\u0300 Korofina en Commune I du district de Bamako. Cette rencontre a enregistre\u0301 la pre\u0301sence de plusieurs militants et des responsables des jeunes et [&hellip;]<\/p>\n","protected":false},"author":82,"featured_media":31495,"comment_status":"open","ping_status":"closed","sticky":false,"template":"","format":"standard","meta":{"footnotes":""},"categories":[10,17],"tags":[76,86,19],"class_list":["post-31496","post","type-post","status-publish","format-standard","has-post-thumbnail","hentry","category-parties","category-toutes-les-actualites","tag-africa-press","tag-africa-press-mali","tag-mali"],"yoast_head":"<!-- This site is optimized with the Yoast SEO Premium plugin v26.1 (Yoast SEO v27.0) - https:\/\/yoast.com\/product\/yoast-seo-premium-wordpress\/ -->\n<title>Pour son 2e anniversaire : Le parti Nema lance une plateforme d\u00e9nomm\u00e9 \u201cNema Blonba\u201d - Mali<\/title>\n<meta name=\"description\" content=\"A l\u2019occasion du 2e anniversaire de la cre\u0301ation de leur parti politique, les leaders du parti Nema e\u0301taient le mercredi ...\" \/>\n<meta name=\"robots\" content=\"index, follow, max-snippet:-1, max-image-preview:large, max-video-preview:-1\" \/>\n<link rel=\"canonical\" href=\"https:\/\/www.africa-press.net\/mali\/parties\/pour-son-2e-anniversaire-le-parti-nema-lance-une-plateforme-denomme-nema-blonba\" \/>\n<meta property=\"og:locale\" content=\"fr_FR\" \/>\n<meta property=\"og:type\" content=\"article\" \/>\n<meta property=\"og:title\" content=\"Pour son 2e anniversaire : Le parti Nema lance une plateforme d\u00e9nomm\u00e9 \u201cNema Blonba\u201d\" \/>\n<meta property=\"og:description\" content=\"A l\u2019occasion du 2e anniversaire de la cre\u0301ation de leur parti politique, les leaders du parti Nema e\u0301taient le mercredi ...\" \/>\n<meta property=\"og:url\" content=\"https:\/\/www.africa-press.net\/mali\/parties\/pour-son-2e-anniversaire-le-parti-nema-lance-une-plateforme-denomme-nema-blonba\" \/>\n<meta property=\"og:site_name\" content=\"Mali\" \/>\n<meta property=\"article:publisher\" content=\"https:\/\/www.facebook.com\/AfricaPressTunisiaa\" \/>\n<meta property=\"article:published_time\" content=\"2023-03-04T18:18:38+00:00\" \/>\n<meta property=\"article:modified_time\" content=\"2023-03-04T18:48:43+00:00\" \/>\n<meta property=\"og:image\" content=\"https:\/\/static.africa-press.net\/mali\/sites\/21\/2023\/03\/postQueueImg_1677941332.07.jpg\" \/>\n\t<meta property=\"og:image:width\" content=\"720\" \/>\n\t<meta property=\"og:image:height\" content=\"258\" \/>\n\t<meta property=\"og:image:type\" content=\"image\/jpeg\" \/>\n<meta name=\"author\" content=\"cfeditorfr\" \/>\n<meta name=\"twitter:card\" content=\"summary_large_image\" \/>\n<meta name=\"twitter:label1\" content=\"\u00c9crit par\" \/>\n\t<meta name=\"twitter:data1\" content=\"cfeditorfr\" \/>\n\t<meta name=\"twitter:label2\" content=\"Dur\u00e9e de lecture estim\u00e9e\" \/>\n\t<meta name=\"twitter:data2\" content=\"2 minutes\" \/>\n<script type=\"application\/ld+json\" class=\"yoast-schema-graph\">{\"@context\":\"https:\/\/schema.org\",\"@graph\":[{\"@type\":\"Article\",\"@id\":\"https:\/\/www.africa-press.net\/mali\/parties\/pour-son-2e-anniversaire-le-parti-nema-lance-une-plateforme-denomme-nema-blonba#article\",\"isPartOf\":{\"@id\":\"https:\/\/www.africa-press.net\/mali\/parties\/pour-son-2e-anniversaire-le-parti-nema-lance-une-plateforme-denomme-nema-blonba\"},\"author\":{\"name\":\"cfeditorfr\",\"@id\":\"https:\/\/www.africa-press.net\/mali\/#\/schema\/person\/2b1cf3cd81a31e3cd26889ca66d677f1\"},\"headline\":\"Pour son 2e anniversaire : Le parti Nema lance une plateforme d\u00e9nomm\u00e9 \u201cNema Blonba\u201d\",\"datePublished\":\"2023-03-04T18:18:38+00:00\",\"dateModified\":\"2023-03-04T18:48:43+00:00\",\"mainEntityOfPage\":{\"@id\":\"https:\/\/www.africa-press.net\/mali\/parties\/pour-son-2e-anniversaire-le-parti-nema-lance-une-plateforme-denomme-nema-blonba\"},\"wordCount\":498,\"commentCount\":0,\"image\":{\"@id\":\"https:\/\/www.africa-press.net\/mali\/parties\/pour-son-2e-anniversaire-le-parti-nema-lance-une-plateforme-denomme-nema-blonba#primaryimage\"},\"thumbnailUrl\":\"https:\/\/static.africa-press.net\/mali\/sites\/21\/2023\/03\/postQueueImg_1677941332.07.jpg\",\"keywords\":[\"Africa Press\",\"Africa Press-Mali\",\"mali\"],\"articleSection\":[\"Parties\",\"Toutes les actualit\u00e9s\"],\"inLanguage\":\"fr-FR\",\"potentialAction\":[{\"@type\":\"CommentAction\",\"name\":\"Comment\",\"target\":[\"https:\/\/www.africa-press.net\/mali\/parties\/pour-son-2e-anniversaire-le-parti-nema-lance-une-plateforme-denomme-nema-blonba#respond\"]}]},{\"@type\":\"WebPage\",\"@id\":\"https:\/\/www.africa-press.net\/mali\/parties\/pour-son-2e-anniversaire-le-parti-nema-lance-une-plateforme-denomme-nema-blonba\",\"url\":\"https:\/\/www.africa-press.net\/mali\/parties\/pour-son-2e-anniversaire-le-parti-nema-lance-une-plateforme-denomme-nema-blonba\",\"name\":\"Pour son 2e anniversaire : Le parti Nema lance une plateforme d\u00e9nomm\u00e9 \u201cNema Blonba\u201d - Mali\",\"isPartOf\":{\"@id\":\"https:\/\/www.africa-press.net\/mali\/#website\"},\"primaryImageOfPage\":{\"@id\":\"https:\/\/www.africa-press.net\/mali\/parties\/pour-son-2e-anniversaire-le-parti-nema-lance-une-plateforme-denomme-nema-blonba#primaryimage\"},\"image\":{\"@id\":\"https:\/\/www.africa-press.net\/mali\/parties\/pour-son-2e-anniversaire-le-parti-nema-lance-une-plateforme-denomme-nema-blonba#primaryimage\"},\"thumbnailUrl\":\"https:\/\/static.africa-press.net\/mali\/sites\/21\/2023\/03\/postQueueImg_1677941332.07.jpg\",\"datePublished\":\"2023-03-04T18:18:38+00:00\",\"dateModified\":\"2023-03-04T18:48:43+00:00\",\"author\":{\"@id\":\"https:\/\/www.africa-press.net\/mali\/#\/schema\/person\/2b1cf3cd81a31e3cd26889ca66d677f1\"},\"description\":\"A l\u2019occasion du 2e anniversaire de la cre\u0301ation de leur parti politique, les leaders du parti Nema e\u0301taient le mercredi ...\",\"breadcrumb\":{\"@id\":\"https:\/\/www.africa-press.net\/mali\/parties\/pour-son-2e-anniversaire-le-parti-nema-lance-une-plateforme-denomme-nema-blonba#breadcrumb\"},\"inLanguage\":\"fr-FR\",\"potentialAction\":[{\"@type\":\"ReadAction\",\"target\":[\"https:\/\/www.africa-press.net\/mali\/parties\/pour-son-2e-anniversaire-le-parti-nema-lance-une-plateforme-denomme-nema-blonba\"]}]},{\"@type\":\"ImageObject\",\"inLanguage\":\"fr-FR\",\"@id\":\"https:\/\/www.africa-press.net\/mali\/parties\/pour-son-2e-anniversaire-le-parti-nema-lance-une-plateforme-denomme-nema-blonba#primaryimage\",\"url\":\"https:\/\/static.africa-press.net\/mali\/sites\/21\/2023\/03\/postQueueImg_1677941332.07.jpg\",\"contentUrl\":\"https:\/\/static.africa-press.net\/mali\/sites\/21\/2023\/03\/postQueueImg_1677941332.07.jpg\",\"width\":720,\"height\":258,\"caption\":\"Pour son 2e anniversaire : Le parti Nema lance une plateforme d\u00e9nomm\u00e9 \u201cNema Blonba\u201d\"},{\"@type\":\"BreadcrumbList\",\"@id\":\"https:\/\/www.africa-press.net\/mali\/parties\/pour-son-2e-anniversaire-le-parti-nema-lance-une-plateforme-denomme-nema-blonba#breadcrumb\",\"itemListElement\":[{\"@type\":\"ListItem\",\"position\":1,\"name\":\"Home\",\"item\":\"https:\/\/www.africa-press.net\/mali\/\"},{\"@type\":\"ListItem\",\"position\":2,\"name\":\"Pour son 2e anniversaire : Le parti Nema lance une plateforme d\u00e9nomm\u00e9 \u201cNema Blonba\u201d\"}]},{\"@type\":\"WebSite\",\"@id\":\"https:\/\/www.africa-press.net\/mali\/#website\",\"url\":\"https:\/\/www.africa-press.net\/mali\/\",\"name\":\"Mali\",\"description\":\"Just another Africa News Agency Sites site\",\"potentialAction\":[{\"@type\":\"SearchAction\",\"target\":{\"@type\":\"EntryPoint\",\"urlTemplate\":\"https:\/\/www.africa-press.net\/mali\/?s={search_term_string}\"},\"query-input\":{\"@type\":\"PropertyValueSpecification\",\"valueRequired\":true,\"valueName\":\"search_term_string\"}}],\"inLanguage\":\"fr-FR\"},{\"@type\":\"Person\",\"@id\":\"https:\/\/www.africa-press.net\/mali\/#\/schema\/person\/2b1cf3cd81a31e3cd26889ca66d677f1\",\"name\":\"cfeditorfr\"}]}<\/script>\n<!-- \/ Yoast SEO Premium plugin. -->","yoast_head_json":{"title":"Pour son 2e anniversaire : Le parti Nema lance une plateforme d\u00e9nomm\u00e9 \u201cNema Blonba\u201d - Mali","description":"A l\u2019occasion du 2e anniversaire de la cre\u0301ation de leur parti politique, les leaders du parti Nema e\u0301taient le mercredi ...","robots":{"index":"index","follow":"follow","max-snippet":"max-snippet:-1","max-image-preview":"max-image-preview:large","max-video-preview":"max-video-preview:-1"},"canonical":"https:\/\/www.africa-press.net\/mali\/parties\/pour-son-2e-anniversaire-le-parti-nema-lance-une-plateforme-denomme-nema-blonba","og_locale":"fr_FR","og_type":"article","og_title":"Pour son 2e anniversaire : Le parti Nema lance une plateforme d\u00e9nomm\u00e9 \u201cNema Blonba\u201d","og_description":"A l\u2019occasion du 2e anniversaire de la cre\u0301ation de leur parti politique, les leaders du parti Nema e\u0301taient le mercredi ...","og_url":"https:\/\/www.africa-press.net\/mali\/parties\/pour-son-2e-anniversaire-le-parti-nema-lance-une-plateforme-denomme-nema-blonba","og_site_name":"Mali","article_publisher":"https:\/\/www.facebook.com\/AfricaPressTunisiaa","article_published_time":"2023-03-04T18:18:38+00:00","article_modified_time":"2023-03-04T18:48:43+00:00","og_image":[{"width":720,"height":258,"url":"https:\/\/static.africa-press.net\/mali\/sites\/21\/2023\/03\/postQueueImg_1677941332.07.jpg","type":"image\/jpeg"}],"author":"cfeditorfr","twitter_card":"summary_large_image","twitter_misc":{"\u00c9crit par":"cfeditorfr","Dur\u00e9e de lecture estim\u00e9e":"2 minutes"},"schema":{"@context":"https:\/\/schema.org","@graph":[{"@type":"Article","@id":"https:\/\/www.africa-press.net\/mali\/parties\/pour-son-2e-anniversaire-le-parti-nema-lance-une-plateforme-denomme-nema-blonba#article","isPartOf":{"@id":"https:\/\/www.africa-press.net\/mali\/parties\/pour-son-2e-anniversaire-le-parti-nema-lance-une-plateforme-denomme-nema-blonba"},"author":{"name":"cfeditorfr","@id":"https:\/\/www.africa-press.net\/mali\/#\/schema\/person\/2b1cf3cd81a31e3cd26889ca66d677f1"},"headline":"Pour son 2e anniversaire : Le parti Nema lance une plateforme d\u00e9nomm\u00e9 \u201cNema Blonba\u201d","datePublished":"2023-03-04T18:18:38+00:00","dateModified":"2023-03-04T18:48:43+00:00","mainEntityOfPage":{"@id":"https:\/\/www.africa-press.net\/mali\/parties\/pour-son-2e-anniversaire-le-parti-nema-lance-une-plateforme-denomme-nema-blonba"},"wordCount":498,"commentCount":0,"image":{"@id":"https:\/\/www.africa-press.net\/mali\/parties\/pour-son-2e-anniversaire-le-parti-nema-lance-une-plateforme-denomme-nema-blonba#primaryimage"},"thumbnailUrl":"https:\/\/static.africa-press.net\/mali\/sites\/21\/2023\/03\/postQueueImg_1677941332.07.jpg","keywords":["Africa Press","Africa Press-Mali","mali"],"articleSection":["Parties","Toutes les actualit\u00e9s"],"inLanguage":"fr-FR","potentialAction":[{"@type":"CommentAction","name":"Comment","target":["https:\/\/www.africa-press.net\/mali\/parties\/pour-son-2e-anniversaire-le-parti-nema-lance-une-plateforme-denomme-nema-blonba#respond"]}]},{"@type":"WebPage","@id":"https:\/\/www.africa-press.net\/mali\/parties\/pour-son-2e-anniversaire-le-parti-nema-lance-une-plateforme-denomme-nema-blonba","url":"https:\/\/www.africa-press.net\/mali\/parties\/pour-son-2e-anniversaire-le-parti-nema-lance-une-plateforme-denomme-nema-blonba","name":"Pour son 2e anniversaire : Le parti Nema lance une plateforme d\u00e9nomm\u00e9 \u201cNema Blonba\u201d - Mali","isPartOf":{"@id":"https:\/\/www.africa-press.net\/mali\/#website"},"primaryImageOfPage":{"@id":"https:\/\/www.africa-press.net\/mali\/parties\/pour-son-2e-anniversaire-le-parti-nema-lance-une-plateforme-denomme-nema-blonba#primaryimage"},"image":{"@id":"https:\/\/www.africa-press.net\/mali\/parties\/pour-son-2e-anniversaire-le-parti-nema-lance-une-plateforme-denomme-nema-blonba#primaryimage"},"thumbnailUrl":"https:\/\/static.africa-press.net\/mali\/sites\/21\/2023\/03\/postQueueImg_1677941332.07.jpg","datePublished":"2023-03-04T18:18:38+00:00","dateModified":"2023-03-04T18:48:43+00:00","author":{"@id":"https:\/\/www.africa-press.net\/mali\/#\/schema\/person\/2b1cf3cd81a31e3cd26889ca66d677f1"},"description":"A l\u2019occasion du 2e anniversaire de la cre\u0301ation de leur parti politique, les leaders du parti Nema e\u0301taient le mercredi ...","breadcrumb":{"@id":"https:\/\/www.africa-press.net\/mali\/parties\/pour-son-2e-anniversaire-le-parti-nema-lance-une-plateforme-denomme-nema-blonba#breadcrumb"},"inLanguage":"fr-FR","potentialAction":[{"@type":"ReadAction","target":["https:\/\/www.africa-press.net\/mali\/parties\/pour-son-2e-anniversaire-le-parti-nema-lance-une-plateforme-denomme-nema-blonba"]}]},{"@type":"ImageObject","inLanguage":"fr-FR","@id":"https:\/\/www.africa-press.net\/mali\/parties\/pour-son-2e-anniversaire-le-parti-nema-lance-une-plateforme-denomme-nema-blonba#primaryimage","url":"https:\/\/static.africa-press.net\/mali\/sites\/21\/2023\/03\/postQueueImg_1677941332.07.jpg","contentUrl":"https:\/\/static.africa-press.net\/mali\/sites\/21\/2023\/03\/postQueueImg_1677941332.07.jpg","width":720,"height":258,"caption":"Pour son 2e anniversaire : Le parti Nema lance une plateforme d\u00e9nomm\u00e9 \u201cNema Blonba\u201d"},{"@type":"BreadcrumbList","@id":"https:\/\/www.africa-press.net\/mali\/parties\/pour-son-2e-anniversaire-le-parti-nema-lance-une-plateforme-denomme-nema-blonba#breadcrumb","itemListElement":[{"@type":"ListItem","position":1,"name":"Home","item":"https:\/\/www.africa-press.net\/mali\/"},{"@type":"ListItem","position":2,"name":"Pour son 2e anniversaire : Le parti Nema lance une plateforme d\u00e9nomm\u00e9 \u201cNema Blonba\u201d"}]},{"@type":"WebSite","@id":"https:\/\/www.africa-press.net\/mali\/#website","url":"https:\/\/www.africa-press.net\/mali\/","name":"Mali","description":"Just another Africa News Agency Sites site","potentialAction":[{"@type":"SearchAction","target":{"@type":"EntryPoint","urlTemplate":"https:\/\/www.africa-press.net\/mali\/?s={search_term_string}"},"query-input":{"@type":"PropertyValueSpecification","valueRequired":true,"valueName":"search_term_string"}}],"inLanguage":"fr-FR"},{"@type":"Person","@id":"https:\/\/www.africa-press.net\/mali\/#\/schema\/person\/2b1cf3cd81a31e3cd26889ca66d677f1","name":"cfeditorfr"}]}},"_links":{"self":[{"href":"https:\/\/www.africa-press.net\/mali\/wp-json\/wp\/v2\/posts\/31496","targetHints":{"allow":["GET"]}}],"collection":[{"href":"https:\/\/www.africa-press.net\/mali\/wp-json\/wp\/v2\/posts"}],"about":[{"href":"https:\/\/www.africa-press.net\/mali\/wp-json\/wp\/v2\/types\/post"}],"author":[{"embeddable":true,"href":"https:\/\/www.africa-press.net\/mali\/wp-json\/wp\/v2\/users\/82"}],"replies":[{"embeddable":true,"href":"https:\/\/www.africa-press.net\/mali\/wp-json\/wp\/v2\/comments?post=31496"}],"version-history":[{"count":0,"href":"https:\/\/www.africa-press.net\/mali\/wp-json\/wp\/v2\/posts\/31496\/revisions"}],"wp:featuredmedia":[{"embeddable":true,"href":"https:\/\/www.africa-press.net\/mali\/wp-json\/wp\/v2\/media\/31495"}],"wp:attachment":[{"href":"https:\/\/www.africa-press.net\/mali\/wp-json\/wp\/v2\/media?parent=31496"}],"wp:term":[{"taxonomy":"category","embeddable":true,"href":"https:\/\/www.africa-press.net\/mali\/wp-json\/wp\/v2\/categories?post=31496"},{"taxonomy":"post_tag","embeddable":true,"href":"https:\/\/www.africa-press.net\/mali\/wp-json\/wp\/v2\/tags?post=31496"}],"curies":[{"name":"wp","href":"https:\/\/api.w.org\/{rel}","templated":true}]}}