{"id":31503,"date":"2023-03-04T18:21:13","date_gmt":"2023-03-04T18:21:13","guid":{"rendered":"https:\/\/www.africa-press.net\/mali\/politique\/abdel-karim-konate-a-loffice-du-niger-et-lespoir-renait-chez-les-producteurs-agricoles"},"modified":"2023-03-04T18:49:55","modified_gmt":"2023-03-04T18:49:55","slug":"abdel-karim-konate-a-loffice-du-niger-et-lespoir-renait-chez-les-producteurs-agricoles","status":"publish","type":"post","link":"https:\/\/www.africa-press.net\/mali\/economie\/abdel-karim-konate-a-loffice-du-niger-et-lespoir-renait-chez-les-producteurs-agricoles","title":{"rendered":"Abdel Karim Konat\u00e9 \u00e0 l\u2019Office du Niger : Et l\u2019espoir rena\u00eet chez les producteurs agricoles !"},"content":{"rendered":"<p><span style=\"color: #ff6600\"><strong>Africa-Press &#8211; Mali. <\/strong><\/span>Travailleur acharne\u0301 et patriote convaincu, Abdel Karim Konate\u0301 plus connu sous le sobriquet de Empe\u0301 (diminutif d\u2019Empereur) a e\u0301te\u0301 nomme\u0301 pre\u0301sident-directeur ge\u0301ne\u0301ral de l\u2019Office du Niger le mercredi 22 janvier 2020. Et l\u2019espoir revint chez tous les paysans et producteurs de la Zone, de la re\u0301gion de Se\u0301gou et du Mali tout entier. Espoir d\u2019autant plus justifie\u0301 que le PDG arrivant e\u0301tait pre\u0301ce\u0301de\u0301 de la flatteuse re\u0301putation d\u2019homme des de\u0301fis. Des de\u0301fis qu\u2019il a alle\u0300grement releve\u0301s aussi bien au sein de sa profession d\u2019origine, les douanes, que dans tous les de\u0301partements ministe\u0301riels qui ont jalonne\u0301 la suite de sa carrie\u0300re professionnelle. L\u2019espoir a e\u0301te\u0301 effectivement comble\u0301 de\u0300s la premie\u0300re anne\u0301e de fonction d\u2019Abdel Karim Konate\u0301 avec un chiffre d\u2019affaires de 7 614 654 496 F CFA et un total-bilan de 103 912 785 907 F CFA re\u0301alise\u0301s en 2020. Les diffe\u0301rentes reconnaissances de la Nation a\u0300 son endroit, dont le grade de chevalier de l\u2019Ordre national du Mali, ne sont de\u0300s lors point usurpe\u0301es.<\/p>\n<p>n 2020, l\u2019anne\u0301e d\u2019arrive\u0301e a\u0300 sa te\u0302te d\u2019Abdel Karim Konate\u0301, l\u2019Office du Niger a re\u0301alise\u0301 un chiffre d\u2019affaires de 7 614 654 496 F CFA et un total-bilan de 103 912 785 907 F CFA. Le bilan de la campagne agricole 2020\/2021 faisait ressortir une production de 837 136,72 tonnes de riz paddy ; 326 299 tonnes de produits maraichers et 71 950 tonnes de produits de diversification. Et les objectifs de production pour la campagne agricole 2021\/2022 e\u0301taient de 903 537,55 tonnes de riz paddy, 396 332,34 tonnes de produits marai\u0302chers et 116 361 tonnes de produits de diversification. Pour un coup d\u2019essai annuel, Empe\u0301 venait de re\u0301ussir un coup de mai\u0302tre. Mais, pour savoir que ce re\u0301sultat ne vient pas du ne\u0301ant, il convient de coucher deux mots sur l\u2019histoire professionnelle de Konate\u0301 sans nous y attarder.<\/p>\n<p>Inspecteur des douanes de son e\u0301tat, il est diplo\u0302me\u0301 de l\u2019Ecole centrale de l\u2019industrie, du commerce et de l\u2019artisanat (Ecica) et l\u2019Ecole sous-re\u0301gionale des finances publiques de Ouagadougou. Il est de\u0301tenteur d\u2019un diplo\u0302me d\u2019administrateur des services financiers (promotion 2001) de l\u2019Ecole nationale des re\u0301gies financie\u0300res du Burkina Faso \u2013 Enaref d\u2019ou\u0300 il sort 2e major de sa promotion et d\u2019un Master en management financier de l\u2019Institut des hautes e\u0301tudes e\u0301conomiques et sociales de Bruxelles, de\u0301localise\u0301 a\u0300 Bamako.<\/p>\n<p>Sa carrie\u0300re au sein de l\u2019Administration des douanes l\u2019aura successivement conduit : a\u0300 la Brigade mobile d\u2019intervention de Bamako en 1995 ; a\u0300 la division recherche et intervention ; au Guichet unique pour le de\u0301douanement des ve\u0301hicules ; a\u0300 la direction re\u0301gionale des douanes de Kayes de 2009 a\u0300 2011 ; et a\u0300 la direction ge\u0301ne\u0301rale des douanes. Il a rec\u0327u plusieurs distinctions honorifiques pour d\u2019innombrables services rendus a\u0300 la nation parmi lesquelles chevalier de l\u2019Ordre national du Mali.<\/p>\n<p>Apre\u0300s le coup d\u2019Etat de mars 2012 commence sa longue et riche carrie\u0300re de ministre, quasiment 7 ans durant, sans interruption. Cela veut tout dire et met en avant les compe\u0301tences prouve\u0301es dans les diffe\u0301rents portefeuilles occupe\u0301s.<\/p>\n<p>Ministre du Commerce et de l\u2019Industrie : 20 aou\u0302t 2012-22 juin 2013 ; ministre des Finances du 22 juin 2013 au 8 septembre 2013 ; ministre du Commerce et de l\u2019Industrie du 8 septembre 2013 au 30 de\u0301cembre 2017 ; Porte-parole du gouvernement du 11 avril 2017 au 23 avril 2019 ; et ministre du Commerce et de la Concurrence du 30 de\u0301cembre 2017 au 23 avril 2019.<\/p>\n<p>Abdel Karim Konate\u0301 a donc vu de\u0301filer les Premiers ministres Cheick Modibo Diarra, Diango Cissoko, Oumar Tatam Ly, Moussa Mara, Abdoulaye Idrissa Mai\u0308ga, Modibo Ke\u0301i\u0308ta et Soumeylou Boube\u0300ye Mai\u0308ga. C\u2019est pourquoi, quand Abdel Karim Konate\u0301 a quitte\u0301 de\u0301finitivement le gouvernement, il a laisse\u0301 des Maliens nostalgiques d\u2019un ministre qui facilite le mois de ramadan pour les fide\u0300les musulmans et pour tout le monde ; d\u2019un ministre qui a engage\u0301 le combat contre les produits contrefaits, afin de permettre aux Maliens de s\u2019approvisionner a\u0300 la bonne qualite\u0301 garantissant ainsi leur se\u0301curite\u0301 sanitaire.<\/p>\n<p>Dans son dernier poste ministe\u0301riel, Empe\u0301 n\u2019a cesse\u0301 de soutenir les ope\u0301rateurs e\u0301conomiques dans leur mission d\u2019approvisionnement du pays en produits de premie\u0300re ne\u0301cessite\u0301 et cela, malgre\u0301 la continentalite\u0301 du Mali ; sans oublier sa contribution a\u0300 la re\u0301ussite du Projet d\u2019appui aux commerc\u0327ants de\u0301taillants d\u2019alors. C\u2019est dire que son engagement pour maintenir les prix des produits de premie\u0300re ne\u0301cessite\u0301 a\u0300 des proportions raisonnables ainsi que son souci de stabiliser les stocks nationaux avaient fait de lui le ministre le plus populaire au sein de la population. Et, c\u2019est justement sur cette bonne note qu\u2019il fut porte\u0301 a\u0300 la te\u0302te de l\u2019Office du Niger. Apre\u0300s 8 mois de repos bien me\u0301rite\u0301 hors du gouvernement.<\/p>\n<p>Nous e\u0301crivions donc, que de\u0300s sa premie\u0300re anne\u0301e a\u0300 Se\u0301gou, le PDG de l\u2019Office du Niger a frappe\u0301 un grand coup a\u0300 travers les chiffres re\u0301ve\u0301le\u0301s plus haut lors de la 48e session du conseil d\u2019administration de la structure, tenue le 10 aou\u0302t 2021, a\u0300 Se\u0301gou. Pourtant, a\u0300 l\u2019occasion, le PDG a rappele\u0301 que l\u2019anne\u0301e 2020 a connu plusieurs difficulte\u0301s.<\/p>\n<p>En effet, en plus de la faiblesse des quantite\u0301s d\u2019engrais subventionne\u0301s accorde\u0301es aux producteurs, avec un taux de couverture de 35 % des besoins, la Zone Office du Niger avait enregistre\u0301 de grandes quantite\u0301s de pluies qui ont provoque\u0301 des inondations au niveau de certains champs et villages avec leur corollaire de de\u0301veloppement de maladies cryptogamiques. Cette situation avait occasionne\u0301 une perte de production estime\u0301e a\u0300 19 326 tonnes de riz paddy et a conduit l\u2019Office du Niger et ses partenaires paysans (de\u0301le\u0301gue\u0301s et comite\u0301s paritaires) a\u0300 accorder aux producteurs affecte\u0301s un de\u0301gre\u0300vement portant sur 3221 ha en casiers avec un manque a\u0300 gagner de redevance-eau de 188 114 687 F CFA.<\/p>\n<p>En plus des inondations, toute la zone Office du Niger, singulie\u0300rement le cercle de Niono, avait e\u0301te\u0301 marque\u0301e par l\u2019inse\u0301curite\u0301 avec de nombreuses pertes en vies humaines, des enle\u0300vements de personnes, des cas de vols et de destructions de biens et d\u2019ouvrages hydrauliques, notamment le dynamitage de 5 ponts ayant eu pour conse\u0301quences l\u2019isolement des villages et l\u2019impossibilite\u0301 d\u2019acce\u0301der a\u0300 certains champs arrive\u0301s a\u0300 maturite\u0301. Ainsi, dans le seul village de Farabougou, zone de Kouroumari, 572 ha n\u2019avaient pas pu e\u0302tre re\u0301colte\u0301s, soit la totalite\u0301 des superficies cultive\u0301es.<\/p>\n<p>Dans le but de soulager les producteurs victimes de l\u2019inse\u0301curite\u0301 et cela, en droite ligne des conclusions et recommandations du forum de Niono sur la paix et la re\u0301conciliation tenu du 5 au 7 novembre 2020, l\u2019Office du Niger leur a accorde\u0301 un de\u0301gre\u0300vement spe\u0301cial sur 2050,57 ha, en casiers et hors-casiers avec un manque a\u0300 gagner en redevance-eau de 115 042 315 F CFA, soit un de\u0301gre\u0300vement total de 5271,67 ha pour un manque a\u0300 gagner en redevance-eau de 303 157 002 F CFA.<\/p>\n<p>Par ailleurs, pour compenser les pertes de re\u0301coltes dues aux inondations et a\u0300 l\u2019inse\u0301curite\u0301, avec l\u2019accompagnement de la direction nationale de l\u2019hydraulique, l\u2019Office du Niger a autorise\u0301 la mise en valeur, a\u0300 titre exceptionnel, de 45 000 ha en contre-saison (dont 15 000 ha de riz, 15 000 ha de maraichage et 15 000 ha de canne a\u0300 sucre).<\/p>\n<p>L\u2019anne\u0301e 2020 a e\u0301te\u0301 e\u0301galement marque\u0301e par les difficulte\u0301s habituelles que sont : la non-re\u0301alisation des pre\u0301visions d\u2019ame\u0301nagement et de re\u0301habilitation dans les zones de Niono, Molodo et M\u2019Bewani qui a conside\u0301rablement impacte\u0301 les niveaux de production ; le sous-e\u0301quipement et l\u2019insuffisance de la main d\u2019\u0153uvre avec comme conse\u0301quence le non-respect du calendrier agricole par bon nombre d\u2019exploitants agricoles ; l\u2019envahissement de certains re\u0301seaux par les ve\u0301ge\u0301taux flottants avec comme conse\u0301quence la perturbation du service de l\u2019eau a\u0300 certains endroits.<\/p>\n<p>Malgre\u0301 ces difficulte\u0301s, les dispositions prises en termes de maintenance des re\u0301seaux hydrauliques, ont permis d\u2019assurer un service de l\u2019eau satisfaisant. Par ailleurs, l\u2019appui conseil aux exploitants a pu e\u0302tre assure\u0301 malgre\u0301 les restrictions de mouvements dues a\u0300 l\u2019inse\u0301curite\u0301.<\/p>\n<p>Ainsi, le bilan de la campagne agricole 2020\/2021 fait ressortir une production de 837 136,72 tonnes de riz paddy ; 326 299 tonnes de produits maraichers et 71 950 tonnes de produits de diversification.<\/p>\n<p>En qui concerne la campagne agricole 2021\/2022, les objectifs de production e\u0301taient de 903 537,55 tonnes de riz paddy ; 396 332,34 tonnes de produits marai\u0302chers et 116 361 tonnes de produits de diversification.<\/p>\n<p>L\u2019atteinte de ces objectifs de\u0301pendait, entre autres, de l\u2019e\u0301volution du contexte se\u0301curitaire, de la re\u0301alisation des ame\u0301nagements pre\u0301vus et aussi de la mise a\u0300 la disposition des exploitants a\u0300 temps opportun des engrais subventionne\u0301s. C\u2019est dans ce cadre que, le mercredi 16 fe\u0301vrier 2022, s\u2019est tenue a\u0300 Macina, une rencontre d\u2019e\u0301changes entre le PDG de l\u2019Office du Niger et les responsables des organisations paysannes (OP), les syndicats et les chefs de villages des zones de production de M\u2019Bewani, Kolongo et Macina. Au menu, le paiement de la \u201credevance eau\u201d de la campagne 2021-2022. Une occasion pour Abdel Karim Konate\u0301 dit Empe\u0301 d\u2019inviter les organisations paysannes a\u0300 s\u2019acquitter de la redevance eau avant le 31 mars 2022. A leur tour, les interlocuteurs du PDG ont mis l\u2019accent sur les diffe\u0301rentes difficulte\u0301s auxquelles est confronte\u0301 le monde agricole. En effet, en plus de l\u2019inse\u0301curite\u0301 qui rend difficile les travaux, les syndicats et les organisations paysannes (OP) ont e\u0301galement souligne\u0301 le de\u0301faut d\u2019entretien des canaux d\u2019irrigation, l\u2019acce\u0300s aux intrants agricoles, etc. Ensuite, ce fut le tour de la proble\u0301matique de paiement de la \u201credevance eau\u201d a\u0300 l\u2019Office du Niger en ge\u0301ne\u0301ral et les zones de production de M\u2019Bewani, Kolongo et Macina en particulier.<\/p>\n<p>Au finish, la campagne a donne\u0301 des re\u0301sultats probants. Re\u0301sultats appre\u0301cie\u0301s en son temps par le Premier ministre, Dr. Choguel Mai\u0308ga, qui avait effectue\u0301, courant aou\u0302t 2021, une visite de trois jours dans la re\u0301gion de Se\u0301gou ou\u0300 il s\u2019est rendu dans le Pe\u0301rime\u0300tre de l\u2019Office du Niger puis a\u0300 Diabaly pour apporter son soutien aux Forces arme\u0301es et de se\u0301curite\u0301. Dr. Choguel Mai\u0308ga, rappelons-le, avait rec\u0327u a\u0300 N\u2019de\u0301bougou, des mains de la repre\u0301sentante de la KfW, le partenaire allemand, le document contrat du projet intitule\u0301 N\u2019de\u0301bougou 4.<\/p>\n<p>Enfin, sur une pre\u0301vision de 900 000 tonnes de riz paddy, la production attendue dans l\u2019ensemble des zones de production de l\u2019Office du Niger (Kolongo, Ke\u0301-Macina, Niono, Molodo, N\u2019De\u0301bougou, Kouroumari et M\u2019Bewani) est de 800 000 tonnes de riz au sortir de la campagne 2022-2023 avec une mise en valeur de plus de 115 000 ha.<\/p>\n<p>L\u2019annonce a e\u0301te\u0301 faite en octobre 2022 lors d\u2019une visite de terrain du PDG de l\u2019Office, Abdel Karim Konate\u0301, accompagne\u0301 de ses proches collaborateurs, dans les zones de production de M\u2019Bewani, N\u2019De\u0301bougou, Niono et Kouroumari. Il en ressort que les activite\u0301s agricoles ont e\u0301te\u0301 re\u0301alise\u0301es conforme\u0301ment au calendrier agricole.<\/p>\n<p><strong>Pour plus d&rsquo;informations et d&rsquo;analyses sur la <a href=\"https:\/\/www.africa-press.net\/mali\">Mali<\/a>, suivez <a href=\"https:\/\/www.africa-press.net\/\">Africa-Press<\/a><\/strong><\/p>\n","protected":false},"excerpt":{"rendered":"<p>Africa-Press &#8211; Mali. Travailleur acharne\u0301 et patriote convaincu, Abdel Karim Konate\u0301 plus connu sous le sobriquet de Empe\u0301 (diminutif d\u2019Empereur) a e\u0301te\u0301 nomme\u0301 pre\u0301sident-directeur ge\u0301ne\u0301ral de l\u2019Office du Niger le mercredi 22 janvier 2020. Et l\u2019espoir revint chez tous les paysans et producteurs de la Zone, de la re\u0301gion de Se\u0301gou et du Mali tout [&hellip;]<\/p>\n","protected":false},"author":82,"featured_media":31502,"comment_status":"open","ping_status":"closed","sticky":false,"template":"","format":"standard","meta":{"footnotes":""},"categories":[12,17],"tags":[76,86,19],"class_list":["post-31503","post","type-post","status-publish","format-standard","has-post-thumbnail","hentry","category-economie","category-toutes-les-actualites","tag-africa-press","tag-africa-press-mali","tag-mali"],"yoast_head":"<!-- This site is optimized with the Yoast SEO Premium plugin v26.1 (Yoast SEO v27.0) - https:\/\/yoast.com\/product\/yoast-seo-premium-wordpress\/ -->\n<title>Abdel Karim Konat\u00e9 \u00e0 l\u2019Office du Niger : Et l\u2019espoir rena\u00eet chez les producteurs agricoles ! - Mali<\/title>\n<meta name=\"description\" content=\"Travailleur acharne\u0301 et patriote convaincu, Abdel Karim Konate\u0301 plus connu sous le sobriquet de Empe\u0301 (diminutif d\u2019Emper ...\" \/>\n<meta name=\"robots\" content=\"index, follow, max-snippet:-1, max-image-preview:large, max-video-preview:-1\" \/>\n<link rel=\"canonical\" href=\"https:\/\/www.africa-press.net\/mali\/economie\/abdel-karim-konate-a-loffice-du-niger-et-lespoir-renait-chez-les-producteurs-agricoles\" \/>\n<meta property=\"og:locale\" content=\"fr_FR\" \/>\n<meta property=\"og:type\" content=\"article\" \/>\n<meta property=\"og:title\" content=\"Abdel Karim Konat\u00e9 \u00e0 l\u2019Office du Niger : Et l\u2019espoir rena\u00eet chez les producteurs agricoles !\" \/>\n<meta property=\"og:description\" content=\"Travailleur acharne\u0301 et patriote convaincu, Abdel Karim Konate\u0301 plus connu sous le sobriquet de Empe\u0301 (diminutif d\u2019Emper ...\" \/>\n<meta property=\"og:url\" content=\"https:\/\/www.africa-press.net\/mali\/economie\/abdel-karim-konate-a-loffice-du-niger-et-lespoir-renait-chez-les-producteurs-agricoles\" \/>\n<meta property=\"og:site_name\" content=\"Mali\" \/>\n<meta property=\"article:publisher\" content=\"https:\/\/www.facebook.com\/AfricaPressTunisiaa\" \/>\n<meta property=\"article:published_time\" content=\"2023-03-04T18:21:13+00:00\" \/>\n<meta property=\"article:modified_time\" content=\"2023-03-04T18:49:55+00:00\" \/>\n<meta property=\"og:image\" content=\"https:\/\/static.africa-press.net\/mali\/sites\/21\/2023\/03\/postQueueImg_1677941487.01.jpg\" \/>\n\t<meta property=\"og:image:width\" content=\"720\" \/>\n\t<meta property=\"og:image:height\" content=\"479\" \/>\n\t<meta property=\"og:image:type\" content=\"image\/jpeg\" \/>\n<meta name=\"author\" content=\"cfeditorfr\" \/>\n<meta name=\"twitter:card\" content=\"summary_large_image\" \/>\n<meta name=\"twitter:label1\" content=\"\u00c9crit par\" \/>\n\t<meta name=\"twitter:data1\" content=\"cfeditorfr\" \/>\n\t<meta name=\"twitter:label2\" content=\"Dur\u00e9e de lecture estim\u00e9e\" \/>\n\t<meta name=\"twitter:data2\" content=\"10 minutes\" \/>\n<script type=\"application\/ld+json\" class=\"yoast-schema-graph\">{\"@context\":\"https:\/\/schema.org\",\"@graph\":[{\"@type\":\"Article\",\"@id\":\"https:\/\/www.africa-press.net\/mali\/economie\/abdel-karim-konate-a-loffice-du-niger-et-lespoir-renait-chez-les-producteurs-agricoles#article\",\"isPartOf\":{\"@id\":\"https:\/\/www.africa-press.net\/mali\/economie\/abdel-karim-konate-a-loffice-du-niger-et-lespoir-renait-chez-les-producteurs-agricoles\"},\"author\":{\"name\":\"cfeditorfr\",\"@id\":\"https:\/\/www.africa-press.net\/mali\/#\/schema\/person\/2b1cf3cd81a31e3cd26889ca66d677f1\"},\"headline\":\"Abdel Karim Konat\u00e9 \u00e0 l\u2019Office du Niger : Et l\u2019espoir rena\u00eet chez les producteurs agricoles !\",\"datePublished\":\"2023-03-04T18:21:13+00:00\",\"dateModified\":\"2023-03-04T18:49:55+00:00\",\"mainEntityOfPage\":{\"@id\":\"https:\/\/www.africa-press.net\/mali\/economie\/abdel-karim-konate-a-loffice-du-niger-et-lespoir-renait-chez-les-producteurs-agricoles\"},\"wordCount\":1950,\"commentCount\":0,\"image\":{\"@id\":\"https:\/\/www.africa-press.net\/mali\/economie\/abdel-karim-konate-a-loffice-du-niger-et-lespoir-renait-chez-les-producteurs-agricoles#primaryimage\"},\"thumbnailUrl\":\"https:\/\/static.africa-press.net\/mali\/sites\/21\/2023\/03\/postQueueImg_1677941487.01.jpg\",\"keywords\":[\"Africa Press\",\"Africa Press-Mali\",\"mali\"],\"articleSection\":[\"\u00c9conomie\",\"Toutes les actualit\u00e9s\"],\"inLanguage\":\"fr-FR\",\"potentialAction\":[{\"@type\":\"CommentAction\",\"name\":\"Comment\",\"target\":[\"https:\/\/www.africa-press.net\/mali\/economie\/abdel-karim-konate-a-loffice-du-niger-et-lespoir-renait-chez-les-producteurs-agricoles#respond\"]}]},{\"@type\":\"WebPage\",\"@id\":\"https:\/\/www.africa-press.net\/mali\/economie\/abdel-karim-konate-a-loffice-du-niger-et-lespoir-renait-chez-les-producteurs-agricoles\",\"url\":\"https:\/\/www.africa-press.net\/mali\/economie\/abdel-karim-konate-a-loffice-du-niger-et-lespoir-renait-chez-les-producteurs-agricoles\",\"name\":\"Abdel Karim Konat\u00e9 \u00e0 l\u2019Office du Niger : Et l\u2019espoir rena\u00eet chez les producteurs agricoles ! - Mali\",\"isPartOf\":{\"@id\":\"https:\/\/www.africa-press.net\/mali\/#website\"},\"primaryImageOfPage\":{\"@id\":\"https:\/\/www.africa-press.net\/mali\/economie\/abdel-karim-konate-a-loffice-du-niger-et-lespoir-renait-chez-les-producteurs-agricoles#primaryimage\"},\"image\":{\"@id\":\"https:\/\/www.africa-press.net\/mali\/economie\/abdel-karim-konate-a-loffice-du-niger-et-lespoir-renait-chez-les-producteurs-agricoles#primaryimage\"},\"thumbnailUrl\":\"https:\/\/static.africa-press.net\/mali\/sites\/21\/2023\/03\/postQueueImg_1677941487.01.jpg\",\"datePublished\":\"2023-03-04T18:21:13+00:00\",\"dateModified\":\"2023-03-04T18:49:55+00:00\",\"author\":{\"@id\":\"https:\/\/www.africa-press.net\/mali\/#\/schema\/person\/2b1cf3cd81a31e3cd26889ca66d677f1\"},\"description\":\"Travailleur acharne\u0301 et patriote convaincu, Abdel Karim Konate\u0301 plus connu sous le sobriquet de Empe\u0301 (diminutif d\u2019Emper ...\",\"breadcrumb\":{\"@id\":\"https:\/\/www.africa-press.net\/mali\/economie\/abdel-karim-konate-a-loffice-du-niger-et-lespoir-renait-chez-les-producteurs-agricoles#breadcrumb\"},\"inLanguage\":\"fr-FR\",\"potentialAction\":[{\"@type\":\"ReadAction\",\"target\":[\"https:\/\/www.africa-press.net\/mali\/economie\/abdel-karim-konate-a-loffice-du-niger-et-lespoir-renait-chez-les-producteurs-agricoles\"]}]},{\"@type\":\"ImageObject\",\"inLanguage\":\"fr-FR\",\"@id\":\"https:\/\/www.africa-press.net\/mali\/economie\/abdel-karim-konate-a-loffice-du-niger-et-lespoir-renait-chez-les-producteurs-agricoles#primaryimage\",\"url\":\"https:\/\/static.africa-press.net\/mali\/sites\/21\/2023\/03\/postQueueImg_1677941487.01.jpg\",\"contentUrl\":\"https:\/\/static.africa-press.net\/mali\/sites\/21\/2023\/03\/postQueueImg_1677941487.01.jpg\",\"width\":720,\"height\":479,\"caption\":\"Abdel Karim Konat\u00e9 \u00e0 l\u2019Office du Niger : Et l\u2019espoir rena\u00eet chez les producteurs agricoles !\"},{\"@type\":\"BreadcrumbList\",\"@id\":\"https:\/\/www.africa-press.net\/mali\/economie\/abdel-karim-konate-a-loffice-du-niger-et-lespoir-renait-chez-les-producteurs-agricoles#breadcrumb\",\"itemListElement\":[{\"@type\":\"ListItem\",\"position\":1,\"name\":\"Home\",\"item\":\"https:\/\/www.africa-press.net\/mali\/\"},{\"@type\":\"ListItem\",\"position\":2,\"name\":\"Abdel Karim Konat\u00e9 \u00e0 l\u2019Office du Niger : Et l\u2019espoir rena\u00eet chez les producteurs agricoles !\"}]},{\"@type\":\"WebSite\",\"@id\":\"https:\/\/www.africa-press.net\/mali\/#website\",\"url\":\"https:\/\/www.africa-press.net\/mali\/\",\"name\":\"Mali\",\"description\":\"Just another Africa News Agency Sites site\",\"potentialAction\":[{\"@type\":\"SearchAction\",\"target\":{\"@type\":\"EntryPoint\",\"urlTemplate\":\"https:\/\/www.africa-press.net\/mali\/?s={search_term_string}\"},\"query-input\":{\"@type\":\"PropertyValueSpecification\",\"valueRequired\":true,\"valueName\":\"search_term_string\"}}],\"inLanguage\":\"fr-FR\"},{\"@type\":\"Person\",\"@id\":\"https:\/\/www.africa-press.net\/mali\/#\/schema\/person\/2b1cf3cd81a31e3cd26889ca66d677f1\",\"name\":\"cfeditorfr\"}]}<\/script>\n<!-- \/ Yoast SEO Premium plugin. -->","yoast_head_json":{"title":"Abdel Karim Konat\u00e9 \u00e0 l\u2019Office du Niger : Et l\u2019espoir rena\u00eet chez les producteurs agricoles ! - Mali","description":"Travailleur acharne\u0301 et patriote convaincu, Abdel Karim Konate\u0301 plus connu sous le sobriquet de Empe\u0301 (diminutif d\u2019Emper ...","robots":{"index":"index","follow":"follow","max-snippet":"max-snippet:-1","max-image-preview":"max-image-preview:large","max-video-preview":"max-video-preview:-1"},"canonical":"https:\/\/www.africa-press.net\/mali\/economie\/abdel-karim-konate-a-loffice-du-niger-et-lespoir-renait-chez-les-producteurs-agricoles","og_locale":"fr_FR","og_type":"article","og_title":"Abdel Karim Konat\u00e9 \u00e0 l\u2019Office du Niger : Et l\u2019espoir rena\u00eet chez les producteurs agricoles !","og_description":"Travailleur acharne\u0301 et patriote convaincu, Abdel Karim Konate\u0301 plus connu sous le sobriquet de Empe\u0301 (diminutif d\u2019Emper ...","og_url":"https:\/\/www.africa-press.net\/mali\/economie\/abdel-karim-konate-a-loffice-du-niger-et-lespoir-renait-chez-les-producteurs-agricoles","og_site_name":"Mali","article_publisher":"https:\/\/www.facebook.com\/AfricaPressTunisiaa","article_published_time":"2023-03-04T18:21:13+00:00","article_modified_time":"2023-03-04T18:49:55+00:00","og_image":[{"width":720,"height":479,"url":"https:\/\/static.africa-press.net\/mali\/sites\/21\/2023\/03\/postQueueImg_1677941487.01.jpg","type":"image\/jpeg"}],"author":"cfeditorfr","twitter_card":"summary_large_image","twitter_misc":{"\u00c9crit par":"cfeditorfr","Dur\u00e9e de lecture estim\u00e9e":"10 minutes"},"schema":{"@context":"https:\/\/schema.org","@graph":[{"@type":"Article","@id":"https:\/\/www.africa-press.net\/mali\/economie\/abdel-karim-konate-a-loffice-du-niger-et-lespoir-renait-chez-les-producteurs-agricoles#article","isPartOf":{"@id":"https:\/\/www.africa-press.net\/mali\/economie\/abdel-karim-konate-a-loffice-du-niger-et-lespoir-renait-chez-les-producteurs-agricoles"},"author":{"name":"cfeditorfr","@id":"https:\/\/www.africa-press.net\/mali\/#\/schema\/person\/2b1cf3cd81a31e3cd26889ca66d677f1"},"headline":"Abdel Karim Konat\u00e9 \u00e0 l\u2019Office du Niger : Et l\u2019espoir rena\u00eet chez les producteurs agricoles !","datePublished":"2023-03-04T18:21:13+00:00","dateModified":"2023-03-04T18:49:55+00:00","mainEntityOfPage":{"@id":"https:\/\/www.africa-press.net\/mali\/economie\/abdel-karim-konate-a-loffice-du-niger-et-lespoir-renait-chez-les-producteurs-agricoles"},"wordCount":1950,"commentCount":0,"image":{"@id":"https:\/\/www.africa-press.net\/mali\/economie\/abdel-karim-konate-a-loffice-du-niger-et-lespoir-renait-chez-les-producteurs-agricoles#primaryimage"},"thumbnailUrl":"https:\/\/static.africa-press.net\/mali\/sites\/21\/2023\/03\/postQueueImg_1677941487.01.jpg","keywords":["Africa Press","Africa Press-Mali","mali"],"articleSection":["\u00c9conomie","Toutes les actualit\u00e9s"],"inLanguage":"fr-FR","potentialAction":[{"@type":"CommentAction","name":"Comment","target":["https:\/\/www.africa-press.net\/mali\/economie\/abdel-karim-konate-a-loffice-du-niger-et-lespoir-renait-chez-les-producteurs-agricoles#respond"]}]},{"@type":"WebPage","@id":"https:\/\/www.africa-press.net\/mali\/economie\/abdel-karim-konate-a-loffice-du-niger-et-lespoir-renait-chez-les-producteurs-agricoles","url":"https:\/\/www.africa-press.net\/mali\/economie\/abdel-karim-konate-a-loffice-du-niger-et-lespoir-renait-chez-les-producteurs-agricoles","name":"Abdel Karim Konat\u00e9 \u00e0 l\u2019Office du Niger : Et l\u2019espoir rena\u00eet chez les producteurs agricoles ! - Mali","isPartOf":{"@id":"https:\/\/www.africa-press.net\/mali\/#website"},"primaryImageOfPage":{"@id":"https:\/\/www.africa-press.net\/mali\/economie\/abdel-karim-konate-a-loffice-du-niger-et-lespoir-renait-chez-les-producteurs-agricoles#primaryimage"},"image":{"@id":"https:\/\/www.africa-press.net\/mali\/economie\/abdel-karim-konate-a-loffice-du-niger-et-lespoir-renait-chez-les-producteurs-agricoles#primaryimage"},"thumbnailUrl":"https:\/\/static.africa-press.net\/mali\/sites\/21\/2023\/03\/postQueueImg_1677941487.01.jpg","datePublished":"2023-03-04T18:21:13+00:00","dateModified":"2023-03-04T18:49:55+00:00","author":{"@id":"https:\/\/www.africa-press.net\/mali\/#\/schema\/person\/2b1cf3cd81a31e3cd26889ca66d677f1"},"description":"Travailleur acharne\u0301 et patriote convaincu, Abdel Karim Konate\u0301 plus connu sous le sobriquet de Empe\u0301 (diminutif d\u2019Emper ...","breadcrumb":{"@id":"https:\/\/www.africa-press.net\/mali\/economie\/abdel-karim-konate-a-loffice-du-niger-et-lespoir-renait-chez-les-producteurs-agricoles#breadcrumb"},"inLanguage":"fr-FR","potentialAction":[{"@type":"ReadAction","target":["https:\/\/www.africa-press.net\/mali\/economie\/abdel-karim-konate-a-loffice-du-niger-et-lespoir-renait-chez-les-producteurs-agricoles"]}]},{"@type":"ImageObject","inLanguage":"fr-FR","@id":"https:\/\/www.africa-press.net\/mali\/economie\/abdel-karim-konate-a-loffice-du-niger-et-lespoir-renait-chez-les-producteurs-agricoles#primaryimage","url":"https:\/\/static.africa-press.net\/mali\/sites\/21\/2023\/03\/postQueueImg_1677941487.01.jpg","contentUrl":"https:\/\/static.africa-press.net\/mali\/sites\/21\/2023\/03\/postQueueImg_1677941487.01.jpg","width":720,"height":479,"caption":"Abdel Karim Konat\u00e9 \u00e0 l\u2019Office du Niger : Et l\u2019espoir rena\u00eet chez les producteurs agricoles !"},{"@type":"BreadcrumbList","@id":"https:\/\/www.africa-press.net\/mali\/economie\/abdel-karim-konate-a-loffice-du-niger-et-lespoir-renait-chez-les-producteurs-agricoles#breadcrumb","itemListElement":[{"@type":"ListItem","position":1,"name":"Home","item":"https:\/\/www.africa-press.net\/mali\/"},{"@type":"ListItem","position":2,"name":"Abdel Karim Konat\u00e9 \u00e0 l\u2019Office du Niger : Et l\u2019espoir rena\u00eet chez les producteurs agricoles !"}]},{"@type":"WebSite","@id":"https:\/\/www.africa-press.net\/mali\/#website","url":"https:\/\/www.africa-press.net\/mali\/","name":"Mali","description":"Just another Africa News Agency Sites site","potentialAction":[{"@type":"SearchAction","target":{"@type":"EntryPoint","urlTemplate":"https:\/\/www.africa-press.net\/mali\/?s={search_term_string}"},"query-input":{"@type":"PropertyValueSpecification","valueRequired":true,"valueName":"search_term_string"}}],"inLanguage":"fr-FR"},{"@type":"Person","@id":"https:\/\/www.africa-press.net\/mali\/#\/schema\/person\/2b1cf3cd81a31e3cd26889ca66d677f1","name":"cfeditorfr"}]}},"_links":{"self":[{"href":"https:\/\/www.africa-press.net\/mali\/wp-json\/wp\/v2\/posts\/31503","targetHints":{"allow":["GET"]}}],"collection":[{"href":"https:\/\/www.africa-press.net\/mali\/wp-json\/wp\/v2\/posts"}],"about":[{"href":"https:\/\/www.africa-press.net\/mali\/wp-json\/wp\/v2\/types\/post"}],"author":[{"embeddable":true,"href":"https:\/\/www.africa-press.net\/mali\/wp-json\/wp\/v2\/users\/82"}],"replies":[{"embeddable":true,"href":"https:\/\/www.africa-press.net\/mali\/wp-json\/wp\/v2\/comments?post=31503"}],"version-history":[{"count":0,"href":"https:\/\/www.africa-press.net\/mali\/wp-json\/wp\/v2\/posts\/31503\/revisions"}],"wp:featuredmedia":[{"embeddable":true,"href":"https:\/\/www.africa-press.net\/mali\/wp-json\/wp\/v2\/media\/31502"}],"wp:attachment":[{"href":"https:\/\/www.africa-press.net\/mali\/wp-json\/wp\/v2\/media?parent=31503"}],"wp:term":[{"taxonomy":"category","embeddable":true,"href":"https:\/\/www.africa-press.net\/mali\/wp-json\/wp\/v2\/categories?post=31503"},{"taxonomy":"post_tag","embeddable":true,"href":"https:\/\/www.africa-press.net\/mali\/wp-json\/wp\/v2\/tags?post=31503"}],"curies":[{"name":"wp","href":"https:\/\/api.w.org\/{rel}","templated":true}]}}