{"id":31534,"date":"2023-03-05T19:44:31","date_gmt":"2023-03-05T19:44:31","guid":{"rendered":"https:\/\/www.africa-press.net\/mali\/politique\/deux-travailleurs-humanitaires-de-la-croix-rouge-enleves-au-mali"},"modified":"2023-03-05T19:53:56","modified_gmt":"2023-03-05T19:53:56","slug":"deux-travailleurs-humanitaires-de-la-croix-rouge-enleves-au-mali","status":"publish","type":"post","link":"https:\/\/www.africa-press.net\/mali\/top-nouvelles\/deux-travailleurs-humanitaires-de-la-croix-rouge-enleves-au-mali","title":{"rendered":"Deux travailleurs humanitaires de la Croix-Rouge enlev\u00e9s au Mali"},"content":{"rendered":"<p><span style=\"color: #ff6600\"><strong>Africa-Press &#8211; Mali. <\/strong><\/span>Deux travailleurs humanitaires employe\u0301s par le Comite\u0301 international de la Croix-Rouge (CICR) ont e\u0301te\u0301 enleve\u0301s samedi dans le nord du Mali, a annonce\u0301 la branche malienne du CICR sur Twitter.<\/p>\n<p>\u00ab\u00a0Nous confirmons l&rsquo;enle\u0300vement de deux de nos colle\u0300gues ce matin entre Gao et Kidal\u00a0\u00bb, pre\u0301cise le CICR.<\/p>\n<p>\u00ab\u00a0Pre\u0301sent au Mali depuis 32 ans, le CICR est une organisation neutre, inde\u0301pendante et impartiale\u00a0\u00bb.<\/p>\n<p>\u00ab\u00a0Nous demandons de ne pas spe\u0301culer sur cet incident afin de ne pas rendre plus difficile sa re\u0301solution\u00a0\u00bb, a-t-il ajoute\u0301.<\/p>\n<p>Nous confirmons l\u2019enle\u0300vement de 02 de nos colle\u0300gues ce matin entre Gao et Kidal. Nous demandons de ne pas spe\u0301culer sur cet incident afin de ne pas entraver sa re\u0301solution.<\/p>\n<p>Pre\u0301sent au Mali depuis 32 ans, le CICR est une organisation neutre, inde\u0301pendante et impartiale. Aminata Alassane, porte-parole du CICR au Mali, a confirme\u0301 l&rsquo;enle\u0300vement a\u0300 l&rsquo;AFP.<\/p>\n<p>\u00ab\u00a0Le CICR de\u0301plore (l&rsquo;incident) et exige la libe\u0301ration de ses collaborateurs\u00a0\u00bb, a-t-elle de\u0301clare\u0301.<\/p>\n<p>En mai, des hommes arme\u0301s ont enleve\u0301 trois Italiens et un ressortissant togolais dans le sud-est du Mali, un pays en proie a\u0300 une crise se\u0301curitaire, de\u0301clenche\u0301e par une re\u0301volte re\u0301gionale dans le nord qui s&rsquo;est transforme\u0301e en insurrection jihadiste.<\/p>\n<p>Des milliers de civils, policiers et militaires tue\u0301s dans la re\u0301gion<\/p>\n<p>Les violences qui secouent ce pays sahe\u0301lien depuis 2012 sont le fait de jihadistes lie\u0301s a\u0300 Al-Qaida et au groupe E\u0301tat islamique, mais aussi de milices autoproclame\u0301es et de bandits.<\/p>\n<p>Les troubles se sont e\u0301tendus au Burkina Faso et au Niger voisins. Des milliers de civils, de policiers et de militaires ont e\u0301te\u0301 tue\u0301s dans la re\u0301gion, et plus de deux millions de personnes ont fui leurs foyers.<\/p>\n<p>Au Burkina Faso, une religieuse ame\u0301ricaine qui avait e\u0301te\u0301 enleve\u0301e par des djihadistes en avril dernier a e\u0301te\u0301 libe\u0301re\u0301e en aou\u0302t. En fe\u0301vrier, un me\u0301decin de l&rsquo;Organisation mondiale de la sante\u0301 (OMS) qui avait e\u0301te\u0301 enleve\u0301 fin janvier au Mali a e\u0301te\u0301 libe\u0301re\u0301.<\/p>\n<p><strong>Pour plus d&rsquo;informations et d&rsquo;analyses sur la <a href=\"https:\/\/www.africa-press.net\/mali\">Mali<\/a>, suivez <a href=\"https:\/\/www.africa-press.net\/\">Africa-Press<\/a><\/strong><\/p>\n","protected":false},"excerpt":{"rendered":"<p>Africa-Press &#8211; Mali. Deux travailleurs humanitaires employe\u0301s par le Comite\u0301 international de la Croix-Rouge (CICR) ont e\u0301te\u0301 enleve\u0301s samedi dans le nord du Mali, a annonce\u0301 la branche malienne du CICR sur Twitter. \u00ab\u00a0Nous confirmons l&rsquo;enle\u0300vement de deux de nos colle\u0300gues ce matin entre Gao et Kidal\u00a0\u00bb, pre\u0301cise le CICR. \u00ab\u00a0Pre\u0301sent au Mali depuis 32 [&hellip;]<\/p>\n","protected":false},"author":82,"featured_media":31533,"comment_status":"open","ping_status":"closed","sticky":false,"template":"","format":"standard","meta":{"footnotes":""},"categories":[7,5,17],"tags":[76,86,19],"class_list":["post-31534","post","type-post","status-publish","format-standard","has-post-thumbnail","hentry","category-politique","category-top-nouvelles","category-toutes-les-actualites","tag-africa-press","tag-africa-press-mali","tag-mali"],"yoast_head":"<!-- This site is optimized with the Yoast SEO Premium plugin v26.1 (Yoast SEO v27.0) - https:\/\/yoast.com\/product\/yoast-seo-premium-wordpress\/ -->\n<title>Deux travailleurs humanitaires de la Croix-Rouge enlev\u00e9s au Mali - Mali<\/title>\n<meta name=\"description\" content=\"Deux travailleurs humanitaires employe\u0301s par le Comite\u0301 international de la Croix-Rouge (CICR) ont e\u0301te\u0301 enleve\u0301s samedi ...\" \/>\n<meta name=\"robots\" content=\"index, follow, max-snippet:-1, max-image-preview:large, max-video-preview:-1\" \/>\n<link rel=\"canonical\" href=\"https:\/\/www.africa-press.net\/mali\/top-nouvelles\/deux-travailleurs-humanitaires-de-la-croix-rouge-enleves-au-mali\" \/>\n<meta property=\"og:locale\" content=\"fr_FR\" \/>\n<meta property=\"og:type\" content=\"article\" \/>\n<meta property=\"og:title\" content=\"Deux travailleurs humanitaires de la Croix-Rouge enlev\u00e9s au Mali\" \/>\n<meta property=\"og:description\" content=\"Deux travailleurs humanitaires employe\u0301s par le Comite\u0301 international de la Croix-Rouge (CICR) ont e\u0301te\u0301 enleve\u0301s samedi ...\" \/>\n<meta property=\"og:url\" content=\"https:\/\/www.africa-press.net\/mali\/top-nouvelles\/deux-travailleurs-humanitaires-de-la-croix-rouge-enleves-au-mali\" \/>\n<meta property=\"og:site_name\" content=\"Mali\" \/>\n<meta property=\"article:publisher\" content=\"https:\/\/www.facebook.com\/AfricaPressTunisiaa\" \/>\n<meta property=\"article:published_time\" content=\"2023-03-05T19:44:31+00:00\" \/>\n<meta property=\"article:modified_time\" content=\"2023-03-05T19:53:56+00:00\" \/>\n<meta property=\"og:image\" content=\"https:\/\/static.africa-press.net\/mali\/sites\/21\/2023\/03\/postQueueImg_1678033198.49.jpg\" \/>\n\t<meta property=\"og:image:width\" content=\"980\" \/>\n\t<meta property=\"og:image:height\" content=\"551\" \/>\n\t<meta property=\"og:image:type\" content=\"image\/jpeg\" \/>\n<meta name=\"author\" content=\"cfeditorfr\" \/>\n<meta name=\"twitter:card\" content=\"summary_large_image\" \/>\n<meta name=\"twitter:label1\" content=\"\u00c9crit par\" \/>\n\t<meta name=\"twitter:data1\" content=\"cfeditorfr\" \/>\n\t<meta name=\"twitter:label2\" content=\"Dur\u00e9e de lecture estim\u00e9e\" \/>\n\t<meta name=\"twitter:data2\" content=\"2 minutes\" \/>\n<script type=\"application\/ld+json\" class=\"yoast-schema-graph\">{\"@context\":\"https:\/\/schema.org\",\"@graph\":[{\"@type\":\"Article\",\"@id\":\"https:\/\/www.africa-press.net\/mali\/top-nouvelles\/deux-travailleurs-humanitaires-de-la-croix-rouge-enleves-au-mali#article\",\"isPartOf\":{\"@id\":\"https:\/\/www.africa-press.net\/mali\/top-nouvelles\/deux-travailleurs-humanitaires-de-la-croix-rouge-enleves-au-mali\"},\"author\":{\"name\":\"cfeditorfr\",\"@id\":\"https:\/\/www.africa-press.net\/mali\/#\/schema\/person\/2b1cf3cd81a31e3cd26889ca66d677f1\"},\"headline\":\"Deux travailleurs humanitaires de la Croix-Rouge enlev\u00e9s au Mali\",\"datePublished\":\"2023-03-05T19:44:31+00:00\",\"dateModified\":\"2023-03-05T19:53:56+00:00\",\"mainEntityOfPage\":{\"@id\":\"https:\/\/www.africa-press.net\/mali\/top-nouvelles\/deux-travailleurs-humanitaires-de-la-croix-rouge-enleves-au-mali\"},\"wordCount\":391,\"commentCount\":0,\"image\":{\"@id\":\"https:\/\/www.africa-press.net\/mali\/top-nouvelles\/deux-travailleurs-humanitaires-de-la-croix-rouge-enleves-au-mali#primaryimage\"},\"thumbnailUrl\":\"https:\/\/static.africa-press.net\/mali\/sites\/21\/2023\/03\/postQueueImg_1678033198.49.jpg\",\"keywords\":[\"Africa Press\",\"Africa Press-Mali\",\"mali\"],\"articleSection\":[\"Politique\",\"Top Nouvelles\",\"Toutes les actualit\u00e9s\"],\"inLanguage\":\"fr-FR\",\"potentialAction\":[{\"@type\":\"CommentAction\",\"name\":\"Comment\",\"target\":[\"https:\/\/www.africa-press.net\/mali\/top-nouvelles\/deux-travailleurs-humanitaires-de-la-croix-rouge-enleves-au-mali#respond\"]}]},{\"@type\":\"WebPage\",\"@id\":\"https:\/\/www.africa-press.net\/mali\/top-nouvelles\/deux-travailleurs-humanitaires-de-la-croix-rouge-enleves-au-mali\",\"url\":\"https:\/\/www.africa-press.net\/mali\/top-nouvelles\/deux-travailleurs-humanitaires-de-la-croix-rouge-enleves-au-mali\",\"name\":\"Deux travailleurs humanitaires de la Croix-Rouge enlev\u00e9s au Mali - Mali\",\"isPartOf\":{\"@id\":\"https:\/\/www.africa-press.net\/mali\/#website\"},\"primaryImageOfPage\":{\"@id\":\"https:\/\/www.africa-press.net\/mali\/top-nouvelles\/deux-travailleurs-humanitaires-de-la-croix-rouge-enleves-au-mali#primaryimage\"},\"image\":{\"@id\":\"https:\/\/www.africa-press.net\/mali\/top-nouvelles\/deux-travailleurs-humanitaires-de-la-croix-rouge-enleves-au-mali#primaryimage\"},\"thumbnailUrl\":\"https:\/\/static.africa-press.net\/mali\/sites\/21\/2023\/03\/postQueueImg_1678033198.49.jpg\",\"datePublished\":\"2023-03-05T19:44:31+00:00\",\"dateModified\":\"2023-03-05T19:53:56+00:00\",\"author\":{\"@id\":\"https:\/\/www.africa-press.net\/mali\/#\/schema\/person\/2b1cf3cd81a31e3cd26889ca66d677f1\"},\"description\":\"Deux travailleurs humanitaires employe\u0301s par le Comite\u0301 international de la Croix-Rouge (CICR) ont e\u0301te\u0301 enleve\u0301s samedi ...\",\"breadcrumb\":{\"@id\":\"https:\/\/www.africa-press.net\/mali\/top-nouvelles\/deux-travailleurs-humanitaires-de-la-croix-rouge-enleves-au-mali#breadcrumb\"},\"inLanguage\":\"fr-FR\",\"potentialAction\":[{\"@type\":\"ReadAction\",\"target\":[\"https:\/\/www.africa-press.net\/mali\/top-nouvelles\/deux-travailleurs-humanitaires-de-la-croix-rouge-enleves-au-mali\"]}]},{\"@type\":\"ImageObject\",\"inLanguage\":\"fr-FR\",\"@id\":\"https:\/\/www.africa-press.net\/mali\/top-nouvelles\/deux-travailleurs-humanitaires-de-la-croix-rouge-enleves-au-mali#primaryimage\",\"url\":\"https:\/\/static.africa-press.net\/mali\/sites\/21\/2023\/03\/postQueueImg_1678033198.49.jpg\",\"contentUrl\":\"https:\/\/static.africa-press.net\/mali\/sites\/21\/2023\/03\/postQueueImg_1678033198.49.jpg\",\"width\":980,\"height\":551,\"caption\":\"Deux travailleurs humanitaires de la Croix-Rouge enlev\u00e9s au Mali\"},{\"@type\":\"BreadcrumbList\",\"@id\":\"https:\/\/www.africa-press.net\/mali\/top-nouvelles\/deux-travailleurs-humanitaires-de-la-croix-rouge-enleves-au-mali#breadcrumb\",\"itemListElement\":[{\"@type\":\"ListItem\",\"position\":1,\"name\":\"Home\",\"item\":\"https:\/\/www.africa-press.net\/mali\/\"},{\"@type\":\"ListItem\",\"position\":2,\"name\":\"Deux travailleurs humanitaires de la Croix-Rouge enlev\u00e9s au Mali\"}]},{\"@type\":\"WebSite\",\"@id\":\"https:\/\/www.africa-press.net\/mali\/#website\",\"url\":\"https:\/\/www.africa-press.net\/mali\/\",\"name\":\"Mali\",\"description\":\"Just another Africa News Agency Sites site\",\"potentialAction\":[{\"@type\":\"SearchAction\",\"target\":{\"@type\":\"EntryPoint\",\"urlTemplate\":\"https:\/\/www.africa-press.net\/mali\/?s={search_term_string}\"},\"query-input\":{\"@type\":\"PropertyValueSpecification\",\"valueRequired\":true,\"valueName\":\"search_term_string\"}}],\"inLanguage\":\"fr-FR\"},{\"@type\":\"Person\",\"@id\":\"https:\/\/www.africa-press.net\/mali\/#\/schema\/person\/2b1cf3cd81a31e3cd26889ca66d677f1\",\"name\":\"cfeditorfr\"}]}<\/script>\n<!-- \/ Yoast SEO Premium plugin. -->","yoast_head_json":{"title":"Deux travailleurs humanitaires de la Croix-Rouge enlev\u00e9s au Mali - Mali","description":"Deux travailleurs humanitaires employe\u0301s par le Comite\u0301 international de la Croix-Rouge (CICR) ont e\u0301te\u0301 enleve\u0301s samedi ...","robots":{"index":"index","follow":"follow","max-snippet":"max-snippet:-1","max-image-preview":"max-image-preview:large","max-video-preview":"max-video-preview:-1"},"canonical":"https:\/\/www.africa-press.net\/mali\/top-nouvelles\/deux-travailleurs-humanitaires-de-la-croix-rouge-enleves-au-mali","og_locale":"fr_FR","og_type":"article","og_title":"Deux travailleurs humanitaires de la Croix-Rouge enlev\u00e9s au Mali","og_description":"Deux travailleurs humanitaires employe\u0301s par le Comite\u0301 international de la Croix-Rouge (CICR) ont e\u0301te\u0301 enleve\u0301s samedi ...","og_url":"https:\/\/www.africa-press.net\/mali\/top-nouvelles\/deux-travailleurs-humanitaires-de-la-croix-rouge-enleves-au-mali","og_site_name":"Mali","article_publisher":"https:\/\/www.facebook.com\/AfricaPressTunisiaa","article_published_time":"2023-03-05T19:44:31+00:00","article_modified_time":"2023-03-05T19:53:56+00:00","og_image":[{"width":980,"height":551,"url":"https:\/\/static.africa-press.net\/mali\/sites\/21\/2023\/03\/postQueueImg_1678033198.49.jpg","type":"image\/jpeg"}],"author":"cfeditorfr","twitter_card":"summary_large_image","twitter_misc":{"\u00c9crit par":"cfeditorfr","Dur\u00e9e de lecture estim\u00e9e":"2 minutes"},"schema":{"@context":"https:\/\/schema.org","@graph":[{"@type":"Article","@id":"https:\/\/www.africa-press.net\/mali\/top-nouvelles\/deux-travailleurs-humanitaires-de-la-croix-rouge-enleves-au-mali#article","isPartOf":{"@id":"https:\/\/www.africa-press.net\/mali\/top-nouvelles\/deux-travailleurs-humanitaires-de-la-croix-rouge-enleves-au-mali"},"author":{"name":"cfeditorfr","@id":"https:\/\/www.africa-press.net\/mali\/#\/schema\/person\/2b1cf3cd81a31e3cd26889ca66d677f1"},"headline":"Deux travailleurs humanitaires de la Croix-Rouge enlev\u00e9s au Mali","datePublished":"2023-03-05T19:44:31+00:00","dateModified":"2023-03-05T19:53:56+00:00","mainEntityOfPage":{"@id":"https:\/\/www.africa-press.net\/mali\/top-nouvelles\/deux-travailleurs-humanitaires-de-la-croix-rouge-enleves-au-mali"},"wordCount":391,"commentCount":0,"image":{"@id":"https:\/\/www.africa-press.net\/mali\/top-nouvelles\/deux-travailleurs-humanitaires-de-la-croix-rouge-enleves-au-mali#primaryimage"},"thumbnailUrl":"https:\/\/static.africa-press.net\/mali\/sites\/21\/2023\/03\/postQueueImg_1678033198.49.jpg","keywords":["Africa Press","Africa Press-Mali","mali"],"articleSection":["Politique","Top Nouvelles","Toutes les actualit\u00e9s"],"inLanguage":"fr-FR","potentialAction":[{"@type":"CommentAction","name":"Comment","target":["https:\/\/www.africa-press.net\/mali\/top-nouvelles\/deux-travailleurs-humanitaires-de-la-croix-rouge-enleves-au-mali#respond"]}]},{"@type":"WebPage","@id":"https:\/\/www.africa-press.net\/mali\/top-nouvelles\/deux-travailleurs-humanitaires-de-la-croix-rouge-enleves-au-mali","url":"https:\/\/www.africa-press.net\/mali\/top-nouvelles\/deux-travailleurs-humanitaires-de-la-croix-rouge-enleves-au-mali","name":"Deux travailleurs humanitaires de la Croix-Rouge enlev\u00e9s au Mali - Mali","isPartOf":{"@id":"https:\/\/www.africa-press.net\/mali\/#website"},"primaryImageOfPage":{"@id":"https:\/\/www.africa-press.net\/mali\/top-nouvelles\/deux-travailleurs-humanitaires-de-la-croix-rouge-enleves-au-mali#primaryimage"},"image":{"@id":"https:\/\/www.africa-press.net\/mali\/top-nouvelles\/deux-travailleurs-humanitaires-de-la-croix-rouge-enleves-au-mali#primaryimage"},"thumbnailUrl":"https:\/\/static.africa-press.net\/mali\/sites\/21\/2023\/03\/postQueueImg_1678033198.49.jpg","datePublished":"2023-03-05T19:44:31+00:00","dateModified":"2023-03-05T19:53:56+00:00","author":{"@id":"https:\/\/www.africa-press.net\/mali\/#\/schema\/person\/2b1cf3cd81a31e3cd26889ca66d677f1"},"description":"Deux travailleurs humanitaires employe\u0301s par le Comite\u0301 international de la Croix-Rouge (CICR) ont e\u0301te\u0301 enleve\u0301s samedi ...","breadcrumb":{"@id":"https:\/\/www.africa-press.net\/mali\/top-nouvelles\/deux-travailleurs-humanitaires-de-la-croix-rouge-enleves-au-mali#breadcrumb"},"inLanguage":"fr-FR","potentialAction":[{"@type":"ReadAction","target":["https:\/\/www.africa-press.net\/mali\/top-nouvelles\/deux-travailleurs-humanitaires-de-la-croix-rouge-enleves-au-mali"]}]},{"@type":"ImageObject","inLanguage":"fr-FR","@id":"https:\/\/www.africa-press.net\/mali\/top-nouvelles\/deux-travailleurs-humanitaires-de-la-croix-rouge-enleves-au-mali#primaryimage","url":"https:\/\/static.africa-press.net\/mali\/sites\/21\/2023\/03\/postQueueImg_1678033198.49.jpg","contentUrl":"https:\/\/static.africa-press.net\/mali\/sites\/21\/2023\/03\/postQueueImg_1678033198.49.jpg","width":980,"height":551,"caption":"Deux travailleurs humanitaires de la Croix-Rouge enlev\u00e9s au Mali"},{"@type":"BreadcrumbList","@id":"https:\/\/www.africa-press.net\/mali\/top-nouvelles\/deux-travailleurs-humanitaires-de-la-croix-rouge-enleves-au-mali#breadcrumb","itemListElement":[{"@type":"ListItem","position":1,"name":"Home","item":"https:\/\/www.africa-press.net\/mali\/"},{"@type":"ListItem","position":2,"name":"Deux travailleurs humanitaires de la Croix-Rouge enlev\u00e9s au Mali"}]},{"@type":"WebSite","@id":"https:\/\/www.africa-press.net\/mali\/#website","url":"https:\/\/www.africa-press.net\/mali\/","name":"Mali","description":"Just another Africa News Agency Sites site","potentialAction":[{"@type":"SearchAction","target":{"@type":"EntryPoint","urlTemplate":"https:\/\/www.africa-press.net\/mali\/?s={search_term_string}"},"query-input":{"@type":"PropertyValueSpecification","valueRequired":true,"valueName":"search_term_string"}}],"inLanguage":"fr-FR"},{"@type":"Person","@id":"https:\/\/www.africa-press.net\/mali\/#\/schema\/person\/2b1cf3cd81a31e3cd26889ca66d677f1","name":"cfeditorfr"}]}},"_links":{"self":[{"href":"https:\/\/www.africa-press.net\/mali\/wp-json\/wp\/v2\/posts\/31534","targetHints":{"allow":["GET"]}}],"collection":[{"href":"https:\/\/www.africa-press.net\/mali\/wp-json\/wp\/v2\/posts"}],"about":[{"href":"https:\/\/www.africa-press.net\/mali\/wp-json\/wp\/v2\/types\/post"}],"author":[{"embeddable":true,"href":"https:\/\/www.africa-press.net\/mali\/wp-json\/wp\/v2\/users\/82"}],"replies":[{"embeddable":true,"href":"https:\/\/www.africa-press.net\/mali\/wp-json\/wp\/v2\/comments?post=31534"}],"version-history":[{"count":0,"href":"https:\/\/www.africa-press.net\/mali\/wp-json\/wp\/v2\/posts\/31534\/revisions"}],"wp:featuredmedia":[{"embeddable":true,"href":"https:\/\/www.africa-press.net\/mali\/wp-json\/wp\/v2\/media\/31533"}],"wp:attachment":[{"href":"https:\/\/www.africa-press.net\/mali\/wp-json\/wp\/v2\/media?parent=31534"}],"wp:term":[{"taxonomy":"category","embeddable":true,"href":"https:\/\/www.africa-press.net\/mali\/wp-json\/wp\/v2\/categories?post=31534"},{"taxonomy":"post_tag","embeddable":true,"href":"https:\/\/www.africa-press.net\/mali\/wp-json\/wp\/v2\/tags?post=31534"}],"curies":[{"name":"wp","href":"https:\/\/api.w.org\/{rel}","templated":true}]}}