{"id":31537,"date":"2023-03-06T17:50:28","date_gmt":"2023-03-06T17:50:28","guid":{"rendered":"https:\/\/www.africa-press.net\/mali\/politique\/affaires-etrangeres-maliens-de-lexterieur-encore-une-semaine-de-greve-a-compter-de-ce-lundi"},"modified":"2023-03-06T18:20:48","modified_gmt":"2023-03-06T18:20:48","slug":"affaires-etrangeres-maliens-de-lexterieur-encore-une-semaine-de-greve-a-compter-de-ce-lundi","status":"publish","type":"post","link":"https:\/\/www.africa-press.net\/mali\/top-nouvelles\/affaires-etrangeres-maliens-de-lexterieur-encore-une-semaine-de-greve-a-compter-de-ce-lundi","title":{"rendered":"Affaires \u00e9trang\u00e8res, Maliens de l\u2019Ext\u00e9rieur : Encore une semaine de gr\u00e8ve \u00e0 compter de ce lundi !"},"content":{"rendered":"<p><span style=\"color: #ff6600\"><strong>Africa-Press &#8211; Mali. <\/strong><\/span>Dans le communique\u0301 n\u00b0 005\/SYLTAE-STMMEEIA-2023, la Coalition des Organisations syndicales du Secteur des Affaires e\u0301trange\u0300res et des Maliens de l\u2019Exte\u0301rieur (SYLTAE et STMMEEIA) renouvelle ses sentiments de gratitude et ses fe\u0301licitations aux Travailleurs du Secteur pour l\u2019e\u0301blouissant succe\u0300s des deux premie\u0300res phases du mouvement de gre\u0300ve.<\/p>\n<p>\u00ab La Coalition rassure ses militants de son engagement a\u0300 poursuivre son action a\u0300 l\u2019effet de favoriser l\u2019e\u0301panouissement personnel et professionnel de chaque travailleur. La Coalition regrette les actions entreprises par certains partenaires dans le but d\u2019entraver le bon de\u0301roulement de la gre\u0300ve, notamment le recours aux stagiaires et les tentatives de restriction du droit de gre\u0300ve dans les Ambassades et Consulats du Mali et de re\u0301quisition des Chefs de de\u0301partement. Les actions sus-e\u0301voque\u0301es portent atteinte a\u0300 un droit constitutionnellement garanti et sont contraires a\u0300 la re\u0301glementation en vigueur ainsi qu\u2019aux Conventions internationales ratifie\u0301es par notre pays. \u00bb<\/p>\n<p>La Coalition invite les Travailleurs au strict respect du Me\u0301morandum relatif au service minimum et les exhorte a\u0300 poursuivre sereinement la troisie\u0300me phase de la gre\u0300ve, du lundi 06 au vendredi 10 mars 2023.<\/p>\n<p><strong>Pour plus d&rsquo;informations et d&rsquo;analyses sur la <a href=\"https:\/\/www.africa-press.net\/mali\">Mali<\/a>, suivez <a href=\"https:\/\/www.africa-press.net\/\">Africa-Press<\/a><\/strong><\/p>\n","protected":false},"excerpt":{"rendered":"<p>Africa-Press &#8211; Mali. Dans le communique\u0301 n\u00b0 005\/SYLTAE-STMMEEIA-2023, la Coalition des Organisations syndicales du Secteur des Affaires e\u0301trange\u0300res et des Maliens de l\u2019Exte\u0301rieur (SYLTAE et STMMEEIA) renouvelle ses sentiments de gratitude et ses fe\u0301licitations aux Travailleurs du Secteur pour l\u2019e\u0301blouissant succe\u0300s des deux premie\u0300res phases du mouvement de gre\u0300ve. \u00ab La Coalition rassure ses militants [&hellip;]<\/p>\n","protected":false},"author":82,"featured_media":31536,"comment_status":"open","ping_status":"closed","sticky":false,"template":"","format":"standard","meta":{"footnotes":""},"categories":[7,5,17],"tags":[76,86,19],"class_list":["post-31537","post","type-post","status-publish","format-standard","has-post-thumbnail","hentry","category-politique","category-top-nouvelles","category-toutes-les-actualites","tag-africa-press","tag-africa-press-mali","tag-mali"],"yoast_head":"<!-- This site is optimized with the Yoast SEO Premium plugin v26.1 (Yoast SEO v27.0) - https:\/\/yoast.com\/product\/yoast-seo-premium-wordpress\/ -->\n<title>Affaires \u00e9trang\u00e8res, Maliens de l\u2019Ext\u00e9rieur : Encore une semaine de gr\u00e8ve \u00e0 compter de ce lundi ! - Mali<\/title>\n<meta name=\"description\" content=\"Dans le communique\u0301 n\u00b0 005\/SYLTAE-STMMEEIA-2023, la Coalition des Organisations syndicales du Secteur des Affaires e\u0301tra ...\" \/>\n<meta name=\"robots\" content=\"index, follow, max-snippet:-1, max-image-preview:large, max-video-preview:-1\" \/>\n<link rel=\"canonical\" href=\"https:\/\/www.africa-press.net\/mali\/top-nouvelles\/affaires-etrangeres-maliens-de-lexterieur-encore-une-semaine-de-greve-a-compter-de-ce-lundi\" \/>\n<meta property=\"og:locale\" content=\"fr_FR\" \/>\n<meta property=\"og:type\" content=\"article\" \/>\n<meta property=\"og:title\" content=\"Affaires \u00e9trang\u00e8res, Maliens de l\u2019Ext\u00e9rieur : Encore une semaine de gr\u00e8ve \u00e0 compter de ce lundi !\" \/>\n<meta property=\"og:description\" content=\"Dans le communique\u0301 n\u00b0 005\/SYLTAE-STMMEEIA-2023, la Coalition des Organisations syndicales du Secteur des Affaires e\u0301tra ...\" \/>\n<meta property=\"og:url\" content=\"https:\/\/www.africa-press.net\/mali\/top-nouvelles\/affaires-etrangeres-maliens-de-lexterieur-encore-une-semaine-de-greve-a-compter-de-ce-lundi\" \/>\n<meta property=\"og:site_name\" content=\"Mali\" \/>\n<meta property=\"article:publisher\" content=\"https:\/\/www.facebook.com\/AfricaPressTunisiaa\" \/>\n<meta property=\"article:published_time\" content=\"2023-03-06T17:50:28+00:00\" \/>\n<meta property=\"article:modified_time\" content=\"2023-03-06T18:20:48+00:00\" \/>\n<meta property=\"og:image\" content=\"https:\/\/static.africa-press.net\/mali\/sites\/21\/2023\/03\/postQueueImg_1678112438.02.jpg\" \/>\n\t<meta property=\"og:image:width\" content=\"720\" \/>\n\t<meta property=\"og:image:height\" content=\"540\" \/>\n\t<meta property=\"og:image:type\" content=\"image\/jpeg\" \/>\n<meta name=\"author\" content=\"cfeditorfr\" \/>\n<meta name=\"twitter:card\" content=\"summary_large_image\" \/>\n<meta name=\"twitter:label1\" content=\"\u00c9crit par\" \/>\n\t<meta name=\"twitter:data1\" content=\"cfeditorfr\" \/>\n\t<meta name=\"twitter:label2\" content=\"Dur\u00e9e de lecture estim\u00e9e\" \/>\n\t<meta name=\"twitter:data2\" content=\"1 minute\" \/>\n<script type=\"application\/ld+json\" class=\"yoast-schema-graph\">{\"@context\":\"https:\/\/schema.org\",\"@graph\":[{\"@type\":\"Article\",\"@id\":\"https:\/\/www.africa-press.net\/mali\/top-nouvelles\/affaires-etrangeres-maliens-de-lexterieur-encore-une-semaine-de-greve-a-compter-de-ce-lundi#article\",\"isPartOf\":{\"@id\":\"https:\/\/www.africa-press.net\/mali\/top-nouvelles\/affaires-etrangeres-maliens-de-lexterieur-encore-une-semaine-de-greve-a-compter-de-ce-lundi\"},\"author\":{\"name\":\"cfeditorfr\",\"@id\":\"https:\/\/www.africa-press.net\/mali\/#\/schema\/person\/2b1cf3cd81a31e3cd26889ca66d677f1\"},\"headline\":\"Affaires \u00e9trang\u00e8res, Maliens de l\u2019Ext\u00e9rieur : Encore une semaine de gr\u00e8ve \u00e0 compter de ce lundi !\",\"datePublished\":\"2023-03-06T17:50:28+00:00\",\"dateModified\":\"2023-03-06T18:20:48+00:00\",\"mainEntityOfPage\":{\"@id\":\"https:\/\/www.africa-press.net\/mali\/top-nouvelles\/affaires-etrangeres-maliens-de-lexterieur-encore-une-semaine-de-greve-a-compter-de-ce-lundi\"},\"wordCount\":233,\"commentCount\":0,\"image\":{\"@id\":\"https:\/\/www.africa-press.net\/mali\/top-nouvelles\/affaires-etrangeres-maliens-de-lexterieur-encore-une-semaine-de-greve-a-compter-de-ce-lundi#primaryimage\"},\"thumbnailUrl\":\"https:\/\/static.africa-press.net\/mali\/sites\/21\/2023\/03\/postQueueImg_1678112438.02.jpg\",\"keywords\":[\"Africa Press\",\"Africa Press-Mali\",\"mali\"],\"articleSection\":[\"Politique\",\"Top Nouvelles\",\"Toutes les actualit\u00e9s\"],\"inLanguage\":\"fr-FR\",\"potentialAction\":[{\"@type\":\"CommentAction\",\"name\":\"Comment\",\"target\":[\"https:\/\/www.africa-press.net\/mali\/top-nouvelles\/affaires-etrangeres-maliens-de-lexterieur-encore-une-semaine-de-greve-a-compter-de-ce-lundi#respond\"]}]},{\"@type\":\"WebPage\",\"@id\":\"https:\/\/www.africa-press.net\/mali\/top-nouvelles\/affaires-etrangeres-maliens-de-lexterieur-encore-une-semaine-de-greve-a-compter-de-ce-lundi\",\"url\":\"https:\/\/www.africa-press.net\/mali\/top-nouvelles\/affaires-etrangeres-maliens-de-lexterieur-encore-une-semaine-de-greve-a-compter-de-ce-lundi\",\"name\":\"Affaires \u00e9trang\u00e8res, Maliens de l\u2019Ext\u00e9rieur : Encore une semaine de gr\u00e8ve \u00e0 compter de ce lundi ! - Mali\",\"isPartOf\":{\"@id\":\"https:\/\/www.africa-press.net\/mali\/#website\"},\"primaryImageOfPage\":{\"@id\":\"https:\/\/www.africa-press.net\/mali\/top-nouvelles\/affaires-etrangeres-maliens-de-lexterieur-encore-une-semaine-de-greve-a-compter-de-ce-lundi#primaryimage\"},\"image\":{\"@id\":\"https:\/\/www.africa-press.net\/mali\/top-nouvelles\/affaires-etrangeres-maliens-de-lexterieur-encore-une-semaine-de-greve-a-compter-de-ce-lundi#primaryimage\"},\"thumbnailUrl\":\"https:\/\/static.africa-press.net\/mali\/sites\/21\/2023\/03\/postQueueImg_1678112438.02.jpg\",\"datePublished\":\"2023-03-06T17:50:28+00:00\",\"dateModified\":\"2023-03-06T18:20:48+00:00\",\"author\":{\"@id\":\"https:\/\/www.africa-press.net\/mali\/#\/schema\/person\/2b1cf3cd81a31e3cd26889ca66d677f1\"},\"description\":\"Dans le communique\u0301 n\u00b0 005\/SYLTAE-STMMEEIA-2023, la Coalition des Organisations syndicales du Secteur des Affaires e\u0301tra ...\",\"breadcrumb\":{\"@id\":\"https:\/\/www.africa-press.net\/mali\/top-nouvelles\/affaires-etrangeres-maliens-de-lexterieur-encore-une-semaine-de-greve-a-compter-de-ce-lundi#breadcrumb\"},\"inLanguage\":\"fr-FR\",\"potentialAction\":[{\"@type\":\"ReadAction\",\"target\":[\"https:\/\/www.africa-press.net\/mali\/top-nouvelles\/affaires-etrangeres-maliens-de-lexterieur-encore-une-semaine-de-greve-a-compter-de-ce-lundi\"]}]},{\"@type\":\"ImageObject\",\"inLanguage\":\"fr-FR\",\"@id\":\"https:\/\/www.africa-press.net\/mali\/top-nouvelles\/affaires-etrangeres-maliens-de-lexterieur-encore-une-semaine-de-greve-a-compter-de-ce-lundi#primaryimage\",\"url\":\"https:\/\/static.africa-press.net\/mali\/sites\/21\/2023\/03\/postQueueImg_1678112438.02.jpg\",\"contentUrl\":\"https:\/\/static.africa-press.net\/mali\/sites\/21\/2023\/03\/postQueueImg_1678112438.02.jpg\",\"width\":720,\"height\":540,\"caption\":\"Affaires \u00e9trang\u00e8res, Maliens de l\u2019Ext\u00e9rieur : Encore une semaine de gr\u00e8ve \u00e0 compter de ce lundi !\"},{\"@type\":\"BreadcrumbList\",\"@id\":\"https:\/\/www.africa-press.net\/mali\/top-nouvelles\/affaires-etrangeres-maliens-de-lexterieur-encore-une-semaine-de-greve-a-compter-de-ce-lundi#breadcrumb\",\"itemListElement\":[{\"@type\":\"ListItem\",\"position\":1,\"name\":\"Home\",\"item\":\"https:\/\/www.africa-press.net\/mali\/\"},{\"@type\":\"ListItem\",\"position\":2,\"name\":\"Affaires \u00e9trang\u00e8res, Maliens de l\u2019Ext\u00e9rieur : Encore une semaine de gr\u00e8ve \u00e0 compter de ce lundi !\"}]},{\"@type\":\"WebSite\",\"@id\":\"https:\/\/www.africa-press.net\/mali\/#website\",\"url\":\"https:\/\/www.africa-press.net\/mali\/\",\"name\":\"Mali\",\"description\":\"Just another Africa News Agency Sites site\",\"potentialAction\":[{\"@type\":\"SearchAction\",\"target\":{\"@type\":\"EntryPoint\",\"urlTemplate\":\"https:\/\/www.africa-press.net\/mali\/?s={search_term_string}\"},\"query-input\":{\"@type\":\"PropertyValueSpecification\",\"valueRequired\":true,\"valueName\":\"search_term_string\"}}],\"inLanguage\":\"fr-FR\"},{\"@type\":\"Person\",\"@id\":\"https:\/\/www.africa-press.net\/mali\/#\/schema\/person\/2b1cf3cd81a31e3cd26889ca66d677f1\",\"name\":\"cfeditorfr\"}]}<\/script>\n<!-- \/ Yoast SEO Premium plugin. -->","yoast_head_json":{"title":"Affaires \u00e9trang\u00e8res, Maliens de l\u2019Ext\u00e9rieur : Encore une semaine de gr\u00e8ve \u00e0 compter de ce lundi ! - Mali","description":"Dans le communique\u0301 n\u00b0 005\/SYLTAE-STMMEEIA-2023, la Coalition des Organisations syndicales du Secteur des Affaires e\u0301tra ...","robots":{"index":"index","follow":"follow","max-snippet":"max-snippet:-1","max-image-preview":"max-image-preview:large","max-video-preview":"max-video-preview:-1"},"canonical":"https:\/\/www.africa-press.net\/mali\/top-nouvelles\/affaires-etrangeres-maliens-de-lexterieur-encore-une-semaine-de-greve-a-compter-de-ce-lundi","og_locale":"fr_FR","og_type":"article","og_title":"Affaires \u00e9trang\u00e8res, Maliens de l\u2019Ext\u00e9rieur : Encore une semaine de gr\u00e8ve \u00e0 compter de ce lundi !","og_description":"Dans le communique\u0301 n\u00b0 005\/SYLTAE-STMMEEIA-2023, la Coalition des Organisations syndicales du Secteur des Affaires e\u0301tra ...","og_url":"https:\/\/www.africa-press.net\/mali\/top-nouvelles\/affaires-etrangeres-maliens-de-lexterieur-encore-une-semaine-de-greve-a-compter-de-ce-lundi","og_site_name":"Mali","article_publisher":"https:\/\/www.facebook.com\/AfricaPressTunisiaa","article_published_time":"2023-03-06T17:50:28+00:00","article_modified_time":"2023-03-06T18:20:48+00:00","og_image":[{"width":720,"height":540,"url":"https:\/\/static.africa-press.net\/mali\/sites\/21\/2023\/03\/postQueueImg_1678112438.02.jpg","type":"image\/jpeg"}],"author":"cfeditorfr","twitter_card":"summary_large_image","twitter_misc":{"\u00c9crit par":"cfeditorfr","Dur\u00e9e de lecture estim\u00e9e":"1 minute"},"schema":{"@context":"https:\/\/schema.org","@graph":[{"@type":"Article","@id":"https:\/\/www.africa-press.net\/mali\/top-nouvelles\/affaires-etrangeres-maliens-de-lexterieur-encore-une-semaine-de-greve-a-compter-de-ce-lundi#article","isPartOf":{"@id":"https:\/\/www.africa-press.net\/mali\/top-nouvelles\/affaires-etrangeres-maliens-de-lexterieur-encore-une-semaine-de-greve-a-compter-de-ce-lundi"},"author":{"name":"cfeditorfr","@id":"https:\/\/www.africa-press.net\/mali\/#\/schema\/person\/2b1cf3cd81a31e3cd26889ca66d677f1"},"headline":"Affaires \u00e9trang\u00e8res, Maliens de l\u2019Ext\u00e9rieur : Encore une semaine de gr\u00e8ve \u00e0 compter de ce lundi !","datePublished":"2023-03-06T17:50:28+00:00","dateModified":"2023-03-06T18:20:48+00:00","mainEntityOfPage":{"@id":"https:\/\/www.africa-press.net\/mali\/top-nouvelles\/affaires-etrangeres-maliens-de-lexterieur-encore-une-semaine-de-greve-a-compter-de-ce-lundi"},"wordCount":233,"commentCount":0,"image":{"@id":"https:\/\/www.africa-press.net\/mali\/top-nouvelles\/affaires-etrangeres-maliens-de-lexterieur-encore-une-semaine-de-greve-a-compter-de-ce-lundi#primaryimage"},"thumbnailUrl":"https:\/\/static.africa-press.net\/mali\/sites\/21\/2023\/03\/postQueueImg_1678112438.02.jpg","keywords":["Africa Press","Africa Press-Mali","mali"],"articleSection":["Politique","Top Nouvelles","Toutes les actualit\u00e9s"],"inLanguage":"fr-FR","potentialAction":[{"@type":"CommentAction","name":"Comment","target":["https:\/\/www.africa-press.net\/mali\/top-nouvelles\/affaires-etrangeres-maliens-de-lexterieur-encore-une-semaine-de-greve-a-compter-de-ce-lundi#respond"]}]},{"@type":"WebPage","@id":"https:\/\/www.africa-press.net\/mali\/top-nouvelles\/affaires-etrangeres-maliens-de-lexterieur-encore-une-semaine-de-greve-a-compter-de-ce-lundi","url":"https:\/\/www.africa-press.net\/mali\/top-nouvelles\/affaires-etrangeres-maliens-de-lexterieur-encore-une-semaine-de-greve-a-compter-de-ce-lundi","name":"Affaires \u00e9trang\u00e8res, Maliens de l\u2019Ext\u00e9rieur : Encore une semaine de gr\u00e8ve \u00e0 compter de ce lundi ! - Mali","isPartOf":{"@id":"https:\/\/www.africa-press.net\/mali\/#website"},"primaryImageOfPage":{"@id":"https:\/\/www.africa-press.net\/mali\/top-nouvelles\/affaires-etrangeres-maliens-de-lexterieur-encore-une-semaine-de-greve-a-compter-de-ce-lundi#primaryimage"},"image":{"@id":"https:\/\/www.africa-press.net\/mali\/top-nouvelles\/affaires-etrangeres-maliens-de-lexterieur-encore-une-semaine-de-greve-a-compter-de-ce-lundi#primaryimage"},"thumbnailUrl":"https:\/\/static.africa-press.net\/mali\/sites\/21\/2023\/03\/postQueueImg_1678112438.02.jpg","datePublished":"2023-03-06T17:50:28+00:00","dateModified":"2023-03-06T18:20:48+00:00","author":{"@id":"https:\/\/www.africa-press.net\/mali\/#\/schema\/person\/2b1cf3cd81a31e3cd26889ca66d677f1"},"description":"Dans le communique\u0301 n\u00b0 005\/SYLTAE-STMMEEIA-2023, la Coalition des Organisations syndicales du Secteur des Affaires e\u0301tra ...","breadcrumb":{"@id":"https:\/\/www.africa-press.net\/mali\/top-nouvelles\/affaires-etrangeres-maliens-de-lexterieur-encore-une-semaine-de-greve-a-compter-de-ce-lundi#breadcrumb"},"inLanguage":"fr-FR","potentialAction":[{"@type":"ReadAction","target":["https:\/\/www.africa-press.net\/mali\/top-nouvelles\/affaires-etrangeres-maliens-de-lexterieur-encore-une-semaine-de-greve-a-compter-de-ce-lundi"]}]},{"@type":"ImageObject","inLanguage":"fr-FR","@id":"https:\/\/www.africa-press.net\/mali\/top-nouvelles\/affaires-etrangeres-maliens-de-lexterieur-encore-une-semaine-de-greve-a-compter-de-ce-lundi#primaryimage","url":"https:\/\/static.africa-press.net\/mali\/sites\/21\/2023\/03\/postQueueImg_1678112438.02.jpg","contentUrl":"https:\/\/static.africa-press.net\/mali\/sites\/21\/2023\/03\/postQueueImg_1678112438.02.jpg","width":720,"height":540,"caption":"Affaires \u00e9trang\u00e8res, Maliens de l\u2019Ext\u00e9rieur : Encore une semaine de gr\u00e8ve \u00e0 compter de ce lundi !"},{"@type":"BreadcrumbList","@id":"https:\/\/www.africa-press.net\/mali\/top-nouvelles\/affaires-etrangeres-maliens-de-lexterieur-encore-une-semaine-de-greve-a-compter-de-ce-lundi#breadcrumb","itemListElement":[{"@type":"ListItem","position":1,"name":"Home","item":"https:\/\/www.africa-press.net\/mali\/"},{"@type":"ListItem","position":2,"name":"Affaires \u00e9trang\u00e8res, Maliens de l\u2019Ext\u00e9rieur : Encore une semaine de gr\u00e8ve \u00e0 compter de ce lundi !"}]},{"@type":"WebSite","@id":"https:\/\/www.africa-press.net\/mali\/#website","url":"https:\/\/www.africa-press.net\/mali\/","name":"Mali","description":"Just another Africa News Agency Sites site","potentialAction":[{"@type":"SearchAction","target":{"@type":"EntryPoint","urlTemplate":"https:\/\/www.africa-press.net\/mali\/?s={search_term_string}"},"query-input":{"@type":"PropertyValueSpecification","valueRequired":true,"valueName":"search_term_string"}}],"inLanguage":"fr-FR"},{"@type":"Person","@id":"https:\/\/www.africa-press.net\/mali\/#\/schema\/person\/2b1cf3cd81a31e3cd26889ca66d677f1","name":"cfeditorfr"}]}},"_links":{"self":[{"href":"https:\/\/www.africa-press.net\/mali\/wp-json\/wp\/v2\/posts\/31537","targetHints":{"allow":["GET"]}}],"collection":[{"href":"https:\/\/www.africa-press.net\/mali\/wp-json\/wp\/v2\/posts"}],"about":[{"href":"https:\/\/www.africa-press.net\/mali\/wp-json\/wp\/v2\/types\/post"}],"author":[{"embeddable":true,"href":"https:\/\/www.africa-press.net\/mali\/wp-json\/wp\/v2\/users\/82"}],"replies":[{"embeddable":true,"href":"https:\/\/www.africa-press.net\/mali\/wp-json\/wp\/v2\/comments?post=31537"}],"version-history":[{"count":0,"href":"https:\/\/www.africa-press.net\/mali\/wp-json\/wp\/v2\/posts\/31537\/revisions"}],"wp:featuredmedia":[{"embeddable":true,"href":"https:\/\/www.africa-press.net\/mali\/wp-json\/wp\/v2\/media\/31536"}],"wp:attachment":[{"href":"https:\/\/www.africa-press.net\/mali\/wp-json\/wp\/v2\/media?parent=31537"}],"wp:term":[{"taxonomy":"category","embeddable":true,"href":"https:\/\/www.africa-press.net\/mali\/wp-json\/wp\/v2\/categories?post=31537"},{"taxonomy":"post_tag","embeddable":true,"href":"https:\/\/www.africa-press.net\/mali\/wp-json\/wp\/v2\/tags?post=31537"}],"curies":[{"name":"wp","href":"https:\/\/api.w.org\/{rel}","templated":true}]}}