{"id":31539,"date":"2023-03-06T17:51:00","date_gmt":"2023-03-06T17:51:00","guid":{"rendered":"https:\/\/www.africa-press.net\/mali\/politique\/ambassade-du-mali-a-berlin-mission-accomplie-excellence"},"modified":"2023-03-06T18:21:37","modified_gmt":"2023-03-06T18:21:37","slug":"ambassade-du-mali-a-berlin-mission-accomplie-excellence","status":"publish","type":"post","link":"https:\/\/www.africa-press.net\/mali\/politique\/ambassade-du-mali-a-berlin-mission-accomplie-excellence","title":{"rendered":"Ambassade du Mali \u00e0 Berlin : Mission accomplie, Excellence !"},"content":{"rendered":"<p><span style=\"color: #ff6600\"><strong>Africa-Press &#8211; Mali. <\/strong><\/span>Tout est bien qui finit bien. Tradition diplomatique oblige : la mission confie\u0301e par le Pre\u0301sident de la Re\u0301publique a\u0300 Mme Seck Oumou Sall, lors du conseil des ministres du 31 mai 2018, comme Ambassadeur ple\u0301nipotentiaire de la Re\u0301publique du Mali aupre\u0300s de la Re\u0301publique d\u2019Allemagne, est arrive\u0301e a\u0300 terme la semaine dernie\u0300re.<\/p>\n<p>Malgre\u0301 un contexte difficile marque\u0301 par la pande\u0301mie du Covid 19, les crises se\u0301curitaire, politique et institutionnelle au Mali et la guerre en Ukraine, elle a travaille\u0301 d\u2019arrache-pied au raffermissement de la coope\u0301ration entre le Mali et les diffe\u0301rents pays relevant de sa juridiction, a\u0300 savoir la Re\u0301publique Fe\u0301de\u0301rale d\u2019Allemagne, l\u2019Autriche, le Danemark, la Finlande, l\u2019Islande, le Norve\u0300ge, la Pologne, la Re\u0301publique Tche\u0300que, le Sue\u0300de, la Lituanie, l\u2019Estonie, la Lettonie.<\/p>\n<p>Mme l\u2019Ambassadeur s\u2019est re\u0301solument engage\u0301e a\u0300 rassembler ses compatriotes. Ainsi selon de nombreux te\u0301moignages de Maliens e\u0301tablis dans sa juridiction, la Chancellerie a rarement e\u0301te\u0301 dirige\u0301e par un diplomate qui a e\u0301te\u0301 aussi pre\u0300s de ses concitoyens. Ce qui n\u2019est gue\u0300re pour surprendre ceux qui connaissent cette amazone de la paix, de la cohe\u0301sion sociale et du de\u0301veloppement. Son engagement et son de\u0301vouement pour l\u2019inte\u0301re\u0302t de sa me\u0300re patrie et le bonheur de ses concitoyens font tout simplement d\u2019elle une re\u0301fe\u0301rence !<\/p>\n<p><strong>Pour plus d&rsquo;informations et d&rsquo;analyses sur la <a href=\"https:\/\/www.africa-press.net\/mali\">Mali<\/a>, suivez <a href=\"https:\/\/www.africa-press.net\/\">Africa-Press<\/a><\/strong><\/p>\n","protected":false},"excerpt":{"rendered":"<p>Africa-Press &#8211; Mali. Tout est bien qui finit bien. Tradition diplomatique oblige : la mission confie\u0301e par le Pre\u0301sident de la Re\u0301publique a\u0300 Mme Seck Oumou Sall, lors du conseil des ministres du 31 mai 2018, comme Ambassadeur ple\u0301nipotentiaire de la Re\u0301publique du Mali aupre\u0300s de la Re\u0301publique d\u2019Allemagne, est arrive\u0301e a\u0300 terme la semaine [&hellip;]<\/p>\n","protected":false},"author":82,"featured_media":31538,"comment_status":"open","ping_status":"closed","sticky":false,"template":"","format":"standard","meta":{"footnotes":""},"categories":[7,17],"tags":[76,86,19],"class_list":["post-31539","post","type-post","status-publish","format-standard","has-post-thumbnail","hentry","category-politique","category-toutes-les-actualites","tag-africa-press","tag-africa-press-mali","tag-mali"],"yoast_head":"<!-- This site is optimized with the Yoast SEO Premium plugin v26.1 (Yoast SEO v27.0) - https:\/\/yoast.com\/product\/yoast-seo-premium-wordpress\/ -->\n<title>Ambassade du Mali \u00e0 Berlin : Mission accomplie, Excellence ! - Mali<\/title>\n<meta name=\"description\" content=\"Tout est bien qui finit bien. Tradition diplomatique oblige : la mission confie\u0301e par le Pre\u0301sident de la Re\u0301publique a\u0300 ...\" \/>\n<meta name=\"robots\" content=\"index, follow, max-snippet:-1, max-image-preview:large, max-video-preview:-1\" \/>\n<link rel=\"canonical\" href=\"https:\/\/www.africa-press.net\/mali\/politique\/ambassade-du-mali-a-berlin-mission-accomplie-excellence\" \/>\n<meta property=\"og:locale\" content=\"fr_FR\" \/>\n<meta property=\"og:type\" content=\"article\" \/>\n<meta property=\"og:title\" content=\"Ambassade du Mali \u00e0 Berlin : Mission accomplie, Excellence !\" \/>\n<meta property=\"og:description\" content=\"Tout est bien qui finit bien. Tradition diplomatique oblige : la mission confie\u0301e par le Pre\u0301sident de la Re\u0301publique a\u0300 ...\" \/>\n<meta property=\"og:url\" content=\"https:\/\/www.africa-press.net\/mali\/politique\/ambassade-du-mali-a-berlin-mission-accomplie-excellence\" \/>\n<meta property=\"og:site_name\" content=\"Mali\" \/>\n<meta property=\"article:publisher\" content=\"https:\/\/www.facebook.com\/AfricaPressTunisiaa\" \/>\n<meta property=\"article:published_time\" content=\"2023-03-06T17:51:00+00:00\" \/>\n<meta property=\"article:modified_time\" content=\"2023-03-06T18:21:37+00:00\" \/>\n<meta property=\"og:image\" content=\"https:\/\/static.africa-press.net\/mali\/sites\/21\/2023\/03\/postQueueImg_1678112468.12.jpg\" \/>\n\t<meta property=\"og:image:width\" content=\"720\" \/>\n\t<meta property=\"og:image:height\" content=\"472\" \/>\n\t<meta property=\"og:image:type\" content=\"image\/jpeg\" \/>\n<meta name=\"author\" content=\"cfeditorfr\" \/>\n<meta name=\"twitter:card\" content=\"summary_large_image\" \/>\n<meta name=\"twitter:label1\" content=\"\u00c9crit par\" \/>\n\t<meta name=\"twitter:data1\" content=\"cfeditorfr\" \/>\n\t<meta name=\"twitter:label2\" content=\"Dur\u00e9e de lecture estim\u00e9e\" \/>\n\t<meta name=\"twitter:data2\" content=\"1 minute\" \/>\n<script type=\"application\/ld+json\" class=\"yoast-schema-graph\">{\"@context\":\"https:\/\/schema.org\",\"@graph\":[{\"@type\":\"Article\",\"@id\":\"https:\/\/www.africa-press.net\/mali\/politique\/ambassade-du-mali-a-berlin-mission-accomplie-excellence#article\",\"isPartOf\":{\"@id\":\"https:\/\/www.africa-press.net\/mali\/politique\/ambassade-du-mali-a-berlin-mission-accomplie-excellence\"},\"author\":{\"name\":\"cfeditorfr\",\"@id\":\"https:\/\/www.africa-press.net\/mali\/#\/schema\/person\/2b1cf3cd81a31e3cd26889ca66d677f1\"},\"headline\":\"Ambassade du Mali \u00e0 Berlin : Mission accomplie, Excellence !\",\"datePublished\":\"2023-03-06T17:51:00+00:00\",\"dateModified\":\"2023-03-06T18:21:37+00:00\",\"mainEntityOfPage\":{\"@id\":\"https:\/\/www.africa-press.net\/mali\/politique\/ambassade-du-mali-a-berlin-mission-accomplie-excellence\"},\"wordCount\":270,\"commentCount\":0,\"image\":{\"@id\":\"https:\/\/www.africa-press.net\/mali\/politique\/ambassade-du-mali-a-berlin-mission-accomplie-excellence#primaryimage\"},\"thumbnailUrl\":\"https:\/\/static.africa-press.net\/mali\/sites\/21\/2023\/03\/postQueueImg_1678112468.12.jpg\",\"keywords\":[\"Africa Press\",\"Africa Press-Mali\",\"mali\"],\"articleSection\":[\"Politique\",\"Toutes les actualit\u00e9s\"],\"inLanguage\":\"fr-FR\",\"potentialAction\":[{\"@type\":\"CommentAction\",\"name\":\"Comment\",\"target\":[\"https:\/\/www.africa-press.net\/mali\/politique\/ambassade-du-mali-a-berlin-mission-accomplie-excellence#respond\"]}]},{\"@type\":\"WebPage\",\"@id\":\"https:\/\/www.africa-press.net\/mali\/politique\/ambassade-du-mali-a-berlin-mission-accomplie-excellence\",\"url\":\"https:\/\/www.africa-press.net\/mali\/politique\/ambassade-du-mali-a-berlin-mission-accomplie-excellence\",\"name\":\"Ambassade du Mali \u00e0 Berlin : Mission accomplie, Excellence ! - Mali\",\"isPartOf\":{\"@id\":\"https:\/\/www.africa-press.net\/mali\/#website\"},\"primaryImageOfPage\":{\"@id\":\"https:\/\/www.africa-press.net\/mali\/politique\/ambassade-du-mali-a-berlin-mission-accomplie-excellence#primaryimage\"},\"image\":{\"@id\":\"https:\/\/www.africa-press.net\/mali\/politique\/ambassade-du-mali-a-berlin-mission-accomplie-excellence#primaryimage\"},\"thumbnailUrl\":\"https:\/\/static.africa-press.net\/mali\/sites\/21\/2023\/03\/postQueueImg_1678112468.12.jpg\",\"datePublished\":\"2023-03-06T17:51:00+00:00\",\"dateModified\":\"2023-03-06T18:21:37+00:00\",\"author\":{\"@id\":\"https:\/\/www.africa-press.net\/mali\/#\/schema\/person\/2b1cf3cd81a31e3cd26889ca66d677f1\"},\"description\":\"Tout est bien qui finit bien. Tradition diplomatique oblige : la mission confie\u0301e par le Pre\u0301sident de la Re\u0301publique a\u0300 ...\",\"breadcrumb\":{\"@id\":\"https:\/\/www.africa-press.net\/mali\/politique\/ambassade-du-mali-a-berlin-mission-accomplie-excellence#breadcrumb\"},\"inLanguage\":\"fr-FR\",\"potentialAction\":[{\"@type\":\"ReadAction\",\"target\":[\"https:\/\/www.africa-press.net\/mali\/politique\/ambassade-du-mali-a-berlin-mission-accomplie-excellence\"]}]},{\"@type\":\"ImageObject\",\"inLanguage\":\"fr-FR\",\"@id\":\"https:\/\/www.africa-press.net\/mali\/politique\/ambassade-du-mali-a-berlin-mission-accomplie-excellence#primaryimage\",\"url\":\"https:\/\/static.africa-press.net\/mali\/sites\/21\/2023\/03\/postQueueImg_1678112468.12.jpg\",\"contentUrl\":\"https:\/\/static.africa-press.net\/mali\/sites\/21\/2023\/03\/postQueueImg_1678112468.12.jpg\",\"width\":720,\"height\":472,\"caption\":\"Ambassade du Mali \u00e0 Berlin : Mission accomplie, Excellence !\"},{\"@type\":\"BreadcrumbList\",\"@id\":\"https:\/\/www.africa-press.net\/mali\/politique\/ambassade-du-mali-a-berlin-mission-accomplie-excellence#breadcrumb\",\"itemListElement\":[{\"@type\":\"ListItem\",\"position\":1,\"name\":\"Home\",\"item\":\"https:\/\/www.africa-press.net\/mali\/\"},{\"@type\":\"ListItem\",\"position\":2,\"name\":\"Ambassade du Mali \u00e0 Berlin : Mission accomplie, Excellence !\"}]},{\"@type\":\"WebSite\",\"@id\":\"https:\/\/www.africa-press.net\/mali\/#website\",\"url\":\"https:\/\/www.africa-press.net\/mali\/\",\"name\":\"Mali\",\"description\":\"Just another Africa News Agency Sites site\",\"potentialAction\":[{\"@type\":\"SearchAction\",\"target\":{\"@type\":\"EntryPoint\",\"urlTemplate\":\"https:\/\/www.africa-press.net\/mali\/?s={search_term_string}\"},\"query-input\":{\"@type\":\"PropertyValueSpecification\",\"valueRequired\":true,\"valueName\":\"search_term_string\"}}],\"inLanguage\":\"fr-FR\"},{\"@type\":\"Person\",\"@id\":\"https:\/\/www.africa-press.net\/mali\/#\/schema\/person\/2b1cf3cd81a31e3cd26889ca66d677f1\",\"name\":\"cfeditorfr\"}]}<\/script>\n<!-- \/ Yoast SEO Premium plugin. -->","yoast_head_json":{"title":"Ambassade du Mali \u00e0 Berlin : Mission accomplie, Excellence ! - Mali","description":"Tout est bien qui finit bien. Tradition diplomatique oblige : la mission confie\u0301e par le Pre\u0301sident de la Re\u0301publique a\u0300 ...","robots":{"index":"index","follow":"follow","max-snippet":"max-snippet:-1","max-image-preview":"max-image-preview:large","max-video-preview":"max-video-preview:-1"},"canonical":"https:\/\/www.africa-press.net\/mali\/politique\/ambassade-du-mali-a-berlin-mission-accomplie-excellence","og_locale":"fr_FR","og_type":"article","og_title":"Ambassade du Mali \u00e0 Berlin : Mission accomplie, Excellence !","og_description":"Tout est bien qui finit bien. Tradition diplomatique oblige : la mission confie\u0301e par le Pre\u0301sident de la Re\u0301publique a\u0300 ...","og_url":"https:\/\/www.africa-press.net\/mali\/politique\/ambassade-du-mali-a-berlin-mission-accomplie-excellence","og_site_name":"Mali","article_publisher":"https:\/\/www.facebook.com\/AfricaPressTunisiaa","article_published_time":"2023-03-06T17:51:00+00:00","article_modified_time":"2023-03-06T18:21:37+00:00","og_image":[{"width":720,"height":472,"url":"https:\/\/static.africa-press.net\/mali\/sites\/21\/2023\/03\/postQueueImg_1678112468.12.jpg","type":"image\/jpeg"}],"author":"cfeditorfr","twitter_card":"summary_large_image","twitter_misc":{"\u00c9crit par":"cfeditorfr","Dur\u00e9e de lecture estim\u00e9e":"1 minute"},"schema":{"@context":"https:\/\/schema.org","@graph":[{"@type":"Article","@id":"https:\/\/www.africa-press.net\/mali\/politique\/ambassade-du-mali-a-berlin-mission-accomplie-excellence#article","isPartOf":{"@id":"https:\/\/www.africa-press.net\/mali\/politique\/ambassade-du-mali-a-berlin-mission-accomplie-excellence"},"author":{"name":"cfeditorfr","@id":"https:\/\/www.africa-press.net\/mali\/#\/schema\/person\/2b1cf3cd81a31e3cd26889ca66d677f1"},"headline":"Ambassade du Mali \u00e0 Berlin : Mission accomplie, Excellence !","datePublished":"2023-03-06T17:51:00+00:00","dateModified":"2023-03-06T18:21:37+00:00","mainEntityOfPage":{"@id":"https:\/\/www.africa-press.net\/mali\/politique\/ambassade-du-mali-a-berlin-mission-accomplie-excellence"},"wordCount":270,"commentCount":0,"image":{"@id":"https:\/\/www.africa-press.net\/mali\/politique\/ambassade-du-mali-a-berlin-mission-accomplie-excellence#primaryimage"},"thumbnailUrl":"https:\/\/static.africa-press.net\/mali\/sites\/21\/2023\/03\/postQueueImg_1678112468.12.jpg","keywords":["Africa Press","Africa Press-Mali","mali"],"articleSection":["Politique","Toutes les actualit\u00e9s"],"inLanguage":"fr-FR","potentialAction":[{"@type":"CommentAction","name":"Comment","target":["https:\/\/www.africa-press.net\/mali\/politique\/ambassade-du-mali-a-berlin-mission-accomplie-excellence#respond"]}]},{"@type":"WebPage","@id":"https:\/\/www.africa-press.net\/mali\/politique\/ambassade-du-mali-a-berlin-mission-accomplie-excellence","url":"https:\/\/www.africa-press.net\/mali\/politique\/ambassade-du-mali-a-berlin-mission-accomplie-excellence","name":"Ambassade du Mali \u00e0 Berlin : Mission accomplie, Excellence ! - Mali","isPartOf":{"@id":"https:\/\/www.africa-press.net\/mali\/#website"},"primaryImageOfPage":{"@id":"https:\/\/www.africa-press.net\/mali\/politique\/ambassade-du-mali-a-berlin-mission-accomplie-excellence#primaryimage"},"image":{"@id":"https:\/\/www.africa-press.net\/mali\/politique\/ambassade-du-mali-a-berlin-mission-accomplie-excellence#primaryimage"},"thumbnailUrl":"https:\/\/static.africa-press.net\/mali\/sites\/21\/2023\/03\/postQueueImg_1678112468.12.jpg","datePublished":"2023-03-06T17:51:00+00:00","dateModified":"2023-03-06T18:21:37+00:00","author":{"@id":"https:\/\/www.africa-press.net\/mali\/#\/schema\/person\/2b1cf3cd81a31e3cd26889ca66d677f1"},"description":"Tout est bien qui finit bien. Tradition diplomatique oblige : la mission confie\u0301e par le Pre\u0301sident de la Re\u0301publique a\u0300 ...","breadcrumb":{"@id":"https:\/\/www.africa-press.net\/mali\/politique\/ambassade-du-mali-a-berlin-mission-accomplie-excellence#breadcrumb"},"inLanguage":"fr-FR","potentialAction":[{"@type":"ReadAction","target":["https:\/\/www.africa-press.net\/mali\/politique\/ambassade-du-mali-a-berlin-mission-accomplie-excellence"]}]},{"@type":"ImageObject","inLanguage":"fr-FR","@id":"https:\/\/www.africa-press.net\/mali\/politique\/ambassade-du-mali-a-berlin-mission-accomplie-excellence#primaryimage","url":"https:\/\/static.africa-press.net\/mali\/sites\/21\/2023\/03\/postQueueImg_1678112468.12.jpg","contentUrl":"https:\/\/static.africa-press.net\/mali\/sites\/21\/2023\/03\/postQueueImg_1678112468.12.jpg","width":720,"height":472,"caption":"Ambassade du Mali \u00e0 Berlin : Mission accomplie, Excellence !"},{"@type":"BreadcrumbList","@id":"https:\/\/www.africa-press.net\/mali\/politique\/ambassade-du-mali-a-berlin-mission-accomplie-excellence#breadcrumb","itemListElement":[{"@type":"ListItem","position":1,"name":"Home","item":"https:\/\/www.africa-press.net\/mali\/"},{"@type":"ListItem","position":2,"name":"Ambassade du Mali \u00e0 Berlin : Mission accomplie, Excellence !"}]},{"@type":"WebSite","@id":"https:\/\/www.africa-press.net\/mali\/#website","url":"https:\/\/www.africa-press.net\/mali\/","name":"Mali","description":"Just another Africa News Agency Sites site","potentialAction":[{"@type":"SearchAction","target":{"@type":"EntryPoint","urlTemplate":"https:\/\/www.africa-press.net\/mali\/?s={search_term_string}"},"query-input":{"@type":"PropertyValueSpecification","valueRequired":true,"valueName":"search_term_string"}}],"inLanguage":"fr-FR"},{"@type":"Person","@id":"https:\/\/www.africa-press.net\/mali\/#\/schema\/person\/2b1cf3cd81a31e3cd26889ca66d677f1","name":"cfeditorfr"}]}},"_links":{"self":[{"href":"https:\/\/www.africa-press.net\/mali\/wp-json\/wp\/v2\/posts\/31539","targetHints":{"allow":["GET"]}}],"collection":[{"href":"https:\/\/www.africa-press.net\/mali\/wp-json\/wp\/v2\/posts"}],"about":[{"href":"https:\/\/www.africa-press.net\/mali\/wp-json\/wp\/v2\/types\/post"}],"author":[{"embeddable":true,"href":"https:\/\/www.africa-press.net\/mali\/wp-json\/wp\/v2\/users\/82"}],"replies":[{"embeddable":true,"href":"https:\/\/www.africa-press.net\/mali\/wp-json\/wp\/v2\/comments?post=31539"}],"version-history":[{"count":0,"href":"https:\/\/www.africa-press.net\/mali\/wp-json\/wp\/v2\/posts\/31539\/revisions"}],"wp:featuredmedia":[{"embeddable":true,"href":"https:\/\/www.africa-press.net\/mali\/wp-json\/wp\/v2\/media\/31538"}],"wp:attachment":[{"href":"https:\/\/www.africa-press.net\/mali\/wp-json\/wp\/v2\/media?parent=31539"}],"wp:term":[{"taxonomy":"category","embeddable":true,"href":"https:\/\/www.africa-press.net\/mali\/wp-json\/wp\/v2\/categories?post=31539"},{"taxonomy":"post_tag","embeddable":true,"href":"https:\/\/www.africa-press.net\/mali\/wp-json\/wp\/v2\/tags?post=31539"}],"curies":[{"name":"wp","href":"https:\/\/api.w.org\/{rel}","templated":true}]}}