{"id":31542,"date":"2023-03-06T17:52:02","date_gmt":"2023-03-06T17:52:02","guid":{"rendered":"https:\/\/www.africa-press.net\/mali\/politique\/sikasso-modibo-sidibe-adule-par-le-folona-et-le-kenedougou"},"modified":"2023-03-06T18:22:24","modified_gmt":"2023-03-06T18:22:24","slug":"sikasso-modibo-sidibe-adule-par-le-folona-et-le-kenedougou","status":"publish","type":"post","link":"https:\/\/www.africa-press.net\/mali\/politique\/sikasso-modibo-sidibe-adule-par-le-folona-et-le-kenedougou","title":{"rendered":"Sikasso : Modibo Sidib\u00e9 adul\u00e9 par le Folona et le K\u00e9n\u00e9dougou"},"content":{"rendered":"<p><span style=\"color: #ff6600\"><strong>Africa-Press &#8211; Mali. <\/strong><\/span>A l\u2019invitation de l\u2019association Modibo Sidibe\u0301 \u2018\u2019De\u0301me\u0301 Ton\u2019\u2019, le pre\u0301sident des Forces alternatives pour le Renouveau et l\u2019e\u0301mergence a effectue\u0301 une visite de quatre jours dans la re\u0301gion de Sikasso. Cette sortie de l\u2019ancien premier ministre a e\u0301te\u0301 l\u2019occasion pour lui de donner des gages par rapport a\u0300 la relance de l\u2019e\u0301conomie culturelle et agricolte une fois au pouvoir.<\/p>\n<p>Cette premie\u0300re sortie politique du pre\u0301sident des FARE An Ka Wuli s\u2019est de\u0301roule\u0301e du 2 au 4 mars 2023, dans la re\u0301gion de Sikasso. Elle a permis a\u0300 l\u2019ancien premier ministre de sillonner le Folona et le Ke\u0301ne\u0301dougou avec certains cadres de son parti et l\u2019association qui le soutienne politiquement. De Bougouni en passant par Sikasso jusqu\u2019a\u0300 Kadiolo, la de\u0301le\u0301gation du pre\u0301sident a e\u0301te\u0301 rec\u0327ue dans les chefferies traditionnelles, le gouvernorat et dans les sous-pre\u0301fectures.<\/p>\n<p><img loading=\"lazy\" decoding=\"async\" width=\"680\" height=\"382\" class=\"alignnone wp-image-31540 size-full\" src=\"https:\/\/static.africa-press.net\/mali\/sites\/21\/2023\/03\/postMediaimg_15_1.jpg\" srcset=\"https:\/\/static.africa-press.net\/mali\/sites\/21\/2023\/03\/postMediaimg_15_1.jpg 680w, https:\/\/static.africa-press.net\/mali\/sites\/21\/2023\/03\/postMediaimg_15_1-300x169.jpg 300w\" sizes=\"auto, (max-width: 680px) 100vw, 680px\" \/><\/p>\n<p>C\u2019est ainsi que Modibo Sidibe\u0301 a pre\u0301side\u0301 une rencontre politique dans l\u2019enceinte du service culturel de Kadiolo avant de mettre le cap dans la commune de Borogoba, situe\u0301 a\u0300 18 Km de Kadiolo, ou\u0300 il a parraine\u0301 la premie\u0300re e\u0301dition du festival culturel de cette localite\u0301. Ce festival consacre\u0301 a\u0300 la promotion et de la pre\u0301servation de la culture Se\u0301noufo a e\u0301te\u0301 l\u2019occasion indique\u0301e par le pre\u0301sident des FARE pour inviter le Folona a\u0300 renforcer l\u2019entente, la cohe\u0301sion et a\u0300 user du dialogue comme moyen de re\u0300glement de tous les diffe\u0301rends et les litiges. \u00abNous saluons la valorisation de la culture et de la Chefferie par les autorite\u0301s de transition \u00bb, a de\u0301clare\u0301 Modibo Sidibe\u0301, qui a assiste\u0301 au de\u0301file\u0301 des diffe\u0301rents instruments de musique du terroir du Folona. Ensuite, il a mis le cap sur la ville de Sikasso, ou\u0300 e\u0301galement il a pre\u0301side\u0301 un meeting ge\u0301ant organise\u0301 par l\u2019association Modibo Sidibe\u0301 De\u0301me\u0301 Ton au stade municipal. Devant les centaines de militants, il a de\u0301clare\u0301 que \u00ab la re\u0301gion de Sikasso est une zone de croissance e\u0301conomique par excellence \u00bb.<\/p>\n<p>Ainsi, il a de\u0301cline\u0301 quelques grandes lignes de son projet de socie\u0301te\u0301 \u201cMali Horizon 2030\u201d. Ce projet, assure-t-il, propose de faire la politique autrement, de sortir du communautarisme et des chantiers battus pour se projeter dans l\u2019avenir. Le Pre\u0301sident des FARE est revenu sur l\u2019axe relatif aux po\u0302les de de\u0301veloppement e\u0301conomique, a\u0300 savoir faire de l\u2019e\u0301levage, de l\u2019agriculture, de l\u2019arboriculture et la pe\u0302che les piliers du de\u0301veloppement du Mali. A ce sujet, il promet, une fois e\u0301lu Pre\u0301sident de Re\u0301publique, un investissement de 26 milliards FCFA tous les deux ans pour l\u2019ame\u0301nagement des plaines afin de permettre aux populations rurales de produire en dehors des saisons pluvieuses. \u00ab Partout dans les villages de Sikasso, il y a de grandes potentialite\u0301s agricoles et des ressources halieutiques que nous pouvons transformer. Parce que les grandes puissances de demain, ce sont celles qui seront capables de produire et de transformer \u00bb, a indique\u0301 Modibo Sidibe\u0301 en re\u0301ponse aux diffe\u0301rentes dole\u0301ances des populations des localite\u0301s visite\u0301es.<\/p>\n<p>A Sikasso comme a\u0300 Kadiolo, Modibo Sidibe\u0301 a re\u0301ite\u0301re\u0301 son engagement a\u0300 re\u0301former le syste\u0300me e\u0301ducatif, a\u0300 travers la construction d\u2019un lyce\u0301e technique dans chaque re\u0301gion du Mali, de\u0301die\u0301 a\u0300 l\u2019apprentissage des me\u0301tiers. Ce, en insistant sur la valorisation de l\u2019agriculture et la transformation des matie\u0300res premie\u0300res. \u00ab Le de\u0301veloppement englobe : l\u2019e\u0301ducation, l\u2019ame\u0301nagement des routes et des plaines de Folona. Nous nous engageons a\u0300 ame\u0301liorer cette croissance lorsque nous aurons le pouvoir \u00bb, a ajoute\u0301 le pre\u0301sident des FARE. Toujours dans la re\u0301gion de Sikasso, l\u2019ancien premier ministre a insiste\u0301 a\u0300 la mise en place d\u2019une de\u0301mocratie en phase avec les valeurs du pays qui permettra, selon lui, de doter le Mali d\u2019institutions fortes et une gouvernance saine qui travaille a\u0300 trouver des solutions aux besoins des Maliens.<\/p>\n<p>Lors de cette tourne\u0301e, le bilan de l\u2019ancien premier ministre a e\u0301te\u0301 passe\u0301 au peigne fin par Madame Aminata Sidibe\u0301, membre de l\u2019association Modibo Sidibe De\u0301me\u0301 ton de Sikasso. Modibo Sidibe est de\u0301crit comme \u00ab un homme inte\u0300gre, patriote qui posse\u0300de toutes les qualite\u0301s et compe\u0301tences pour sortir le Mali de l\u2019ornie\u0300re. Toujours, il est de\u0301crit comme l\u2019artisan de l\u2019instauration d\u2019un syste\u0300me de sante\u0301 avec la construction de plusieurs dizaines de centre de sante\u0301 de re\u0301fe\u0301rence, la gratuite\u0301 de la ce\u0301sarienne , de la prise en charge de certaines maladies des enfants et l\u2019assurance maladie obligatoire au Mali. Pour Mory Soumano, le pre\u0301sident des FARE incarne l\u2019avenir du Mali. \u00ab Il suffit que les sikassois lui portent leur confiance lors des e\u0301lections prochaines pour qu\u2019il relance la croissance e\u0301conomique de la re\u0301gion. Confiez lui le Mali et il le portera au sommet \u00bb, harangue Mory Soumano.<\/p>\n<p><strong>Pour plus d&rsquo;informations et d&rsquo;analyses sur la <a href=\"https:\/\/www.africa-press.net\/mali\">Mali<\/a>, suivez <a href=\"https:\/\/www.africa-press.net\/\">Africa-Press<\/a><\/strong><\/p>\n","protected":false},"excerpt":{"rendered":"<p>Africa-Press &#8211; Mali. A l\u2019invitation de l\u2019association Modibo Sidibe\u0301 \u2018\u2019De\u0301me\u0301 Ton\u2019\u2019, le pre\u0301sident des Forces alternatives pour le Renouveau et l\u2019e\u0301mergence a effectue\u0301 une visite de quatre jours dans la re\u0301gion de Sikasso. Cette sortie de l\u2019ancien premier ministre a e\u0301te\u0301 l\u2019occasion pour lui de donner des gages par rapport a\u0300 la relance de l\u2019e\u0301conomie [&hellip;]<\/p>\n","protected":false},"author":82,"featured_media":31541,"comment_status":"open","ping_status":"closed","sticky":false,"template":"","format":"standard","meta":{"footnotes":""},"categories":[7,17],"tags":[76,86,19],"class_list":["post-31542","post","type-post","status-publish","format-standard","has-post-thumbnail","hentry","category-politique","category-toutes-les-actualites","tag-africa-press","tag-africa-press-mali","tag-mali"],"yoast_head":"<!-- This site is optimized with the Yoast SEO Premium plugin v26.1 (Yoast SEO v27.0) - https:\/\/yoast.com\/product\/yoast-seo-premium-wordpress\/ -->\n<title>Sikasso : Modibo Sidib\u00e9 adul\u00e9 par le Folona et le K\u00e9n\u00e9dougou - Mali<\/title>\n<meta name=\"description\" content=\"A l\u2019invitation de l\u2019association Modibo Sidibe\u0301 \u2018\u2019De\u0301me\u0301 Ton\u2019\u2019, le pre\u0301sident des Forces alternatives pour le Renouveau e ...\" \/>\n<meta name=\"robots\" content=\"index, follow, max-snippet:-1, max-image-preview:large, max-video-preview:-1\" \/>\n<link rel=\"canonical\" href=\"https:\/\/www.africa-press.net\/mali\/politique\/sikasso-modibo-sidibe-adule-par-le-folona-et-le-kenedougou\" \/>\n<meta property=\"og:locale\" content=\"fr_FR\" \/>\n<meta property=\"og:type\" content=\"article\" \/>\n<meta property=\"og:title\" content=\"Sikasso : Modibo Sidib\u00e9 adul\u00e9 par le Folona et le K\u00e9n\u00e9dougou\" \/>\n<meta property=\"og:description\" content=\"A l\u2019invitation de l\u2019association Modibo Sidibe\u0301 \u2018\u2019De\u0301me\u0301 Ton\u2019\u2019, le pre\u0301sident des Forces alternatives pour le Renouveau e ...\" \/>\n<meta property=\"og:url\" content=\"https:\/\/www.africa-press.net\/mali\/politique\/sikasso-modibo-sidibe-adule-par-le-folona-et-le-kenedougou\" \/>\n<meta property=\"og:site_name\" content=\"Mali\" \/>\n<meta property=\"article:publisher\" content=\"https:\/\/www.facebook.com\/AfricaPressTunisiaa\" \/>\n<meta property=\"article:published_time\" content=\"2023-03-06T17:52:02+00:00\" \/>\n<meta property=\"article:modified_time\" content=\"2023-03-06T18:22:24+00:00\" \/>\n<meta property=\"og:image\" content=\"https:\/\/static.africa-press.net\/mali\/sites\/21\/2023\/03\/postQueueImg_1678112551.74.jpg\" \/>\n\t<meta property=\"og:image:width\" content=\"720\" \/>\n\t<meta property=\"og:image:height\" content=\"404\" \/>\n\t<meta property=\"og:image:type\" content=\"image\/jpeg\" \/>\n<meta name=\"author\" content=\"cfeditorfr\" \/>\n<meta name=\"twitter:card\" content=\"summary_large_image\" \/>\n<meta name=\"twitter:label1\" content=\"\u00c9crit par\" \/>\n\t<meta name=\"twitter:data1\" content=\"cfeditorfr\" \/>\n\t<meta name=\"twitter:label2\" content=\"Dur\u00e9e de lecture estim\u00e9e\" \/>\n\t<meta name=\"twitter:data2\" content=\"4 minutes\" \/>\n<script type=\"application\/ld+json\" class=\"yoast-schema-graph\">{\"@context\":\"https:\/\/schema.org\",\"@graph\":[{\"@type\":\"Article\",\"@id\":\"https:\/\/www.africa-press.net\/mali\/politique\/sikasso-modibo-sidibe-adule-par-le-folona-et-le-kenedougou#article\",\"isPartOf\":{\"@id\":\"https:\/\/www.africa-press.net\/mali\/politique\/sikasso-modibo-sidibe-adule-par-le-folona-et-le-kenedougou\"},\"author\":{\"name\":\"cfeditorfr\",\"@id\":\"https:\/\/www.africa-press.net\/mali\/#\/schema\/person\/2b1cf3cd81a31e3cd26889ca66d677f1\"},\"headline\":\"Sikasso : Modibo Sidib\u00e9 adul\u00e9 par le Folona et le K\u00e9n\u00e9dougou\",\"datePublished\":\"2023-03-06T17:52:02+00:00\",\"dateModified\":\"2023-03-06T18:22:24+00:00\",\"mainEntityOfPage\":{\"@id\":\"https:\/\/www.africa-press.net\/mali\/politique\/sikasso-modibo-sidibe-adule-par-le-folona-et-le-kenedougou\"},\"wordCount\":895,\"commentCount\":0,\"image\":{\"@id\":\"https:\/\/www.africa-press.net\/mali\/politique\/sikasso-modibo-sidibe-adule-par-le-folona-et-le-kenedougou#primaryimage\"},\"thumbnailUrl\":\"https:\/\/static.africa-press.net\/mali\/sites\/21\/2023\/03\/postQueueImg_1678112551.74.jpg\",\"keywords\":[\"Africa Press\",\"Africa Press-Mali\",\"mali\"],\"articleSection\":[\"Politique\",\"Toutes les actualit\u00e9s\"],\"inLanguage\":\"fr-FR\",\"potentialAction\":[{\"@type\":\"CommentAction\",\"name\":\"Comment\",\"target\":[\"https:\/\/www.africa-press.net\/mali\/politique\/sikasso-modibo-sidibe-adule-par-le-folona-et-le-kenedougou#respond\"]}]},{\"@type\":\"WebPage\",\"@id\":\"https:\/\/www.africa-press.net\/mali\/politique\/sikasso-modibo-sidibe-adule-par-le-folona-et-le-kenedougou\",\"url\":\"https:\/\/www.africa-press.net\/mali\/politique\/sikasso-modibo-sidibe-adule-par-le-folona-et-le-kenedougou\",\"name\":\"Sikasso : Modibo Sidib\u00e9 adul\u00e9 par le Folona et le K\u00e9n\u00e9dougou - Mali\",\"isPartOf\":{\"@id\":\"https:\/\/www.africa-press.net\/mali\/#website\"},\"primaryImageOfPage\":{\"@id\":\"https:\/\/www.africa-press.net\/mali\/politique\/sikasso-modibo-sidibe-adule-par-le-folona-et-le-kenedougou#primaryimage\"},\"image\":{\"@id\":\"https:\/\/www.africa-press.net\/mali\/politique\/sikasso-modibo-sidibe-adule-par-le-folona-et-le-kenedougou#primaryimage\"},\"thumbnailUrl\":\"https:\/\/static.africa-press.net\/mali\/sites\/21\/2023\/03\/postQueueImg_1678112551.74.jpg\",\"datePublished\":\"2023-03-06T17:52:02+00:00\",\"dateModified\":\"2023-03-06T18:22:24+00:00\",\"author\":{\"@id\":\"https:\/\/www.africa-press.net\/mali\/#\/schema\/person\/2b1cf3cd81a31e3cd26889ca66d677f1\"},\"description\":\"A l\u2019invitation de l\u2019association Modibo Sidibe\u0301 \u2018\u2019De\u0301me\u0301 Ton\u2019\u2019, le pre\u0301sident des Forces alternatives pour le Renouveau e ...\",\"breadcrumb\":{\"@id\":\"https:\/\/www.africa-press.net\/mali\/politique\/sikasso-modibo-sidibe-adule-par-le-folona-et-le-kenedougou#breadcrumb\"},\"inLanguage\":\"fr-FR\",\"potentialAction\":[{\"@type\":\"ReadAction\",\"target\":[\"https:\/\/www.africa-press.net\/mali\/politique\/sikasso-modibo-sidibe-adule-par-le-folona-et-le-kenedougou\"]}]},{\"@type\":\"ImageObject\",\"inLanguage\":\"fr-FR\",\"@id\":\"https:\/\/www.africa-press.net\/mali\/politique\/sikasso-modibo-sidibe-adule-par-le-folona-et-le-kenedougou#primaryimage\",\"url\":\"https:\/\/static.africa-press.net\/mali\/sites\/21\/2023\/03\/postQueueImg_1678112551.74.jpg\",\"contentUrl\":\"https:\/\/static.africa-press.net\/mali\/sites\/21\/2023\/03\/postQueueImg_1678112551.74.jpg\",\"width\":720,\"height\":404,\"caption\":\"Sikasso : Modibo Sidib\u00e9 adul\u00e9 par le Folona et le K\u00e9n\u00e9dougou\"},{\"@type\":\"BreadcrumbList\",\"@id\":\"https:\/\/www.africa-press.net\/mali\/politique\/sikasso-modibo-sidibe-adule-par-le-folona-et-le-kenedougou#breadcrumb\",\"itemListElement\":[{\"@type\":\"ListItem\",\"position\":1,\"name\":\"Home\",\"item\":\"https:\/\/www.africa-press.net\/mali\/\"},{\"@type\":\"ListItem\",\"position\":2,\"name\":\"Sikasso : Modibo Sidib\u00e9 adul\u00e9 par le Folona et le K\u00e9n\u00e9dougou\"}]},{\"@type\":\"WebSite\",\"@id\":\"https:\/\/www.africa-press.net\/mali\/#website\",\"url\":\"https:\/\/www.africa-press.net\/mali\/\",\"name\":\"Mali\",\"description\":\"Just another Africa News Agency Sites site\",\"potentialAction\":[{\"@type\":\"SearchAction\",\"target\":{\"@type\":\"EntryPoint\",\"urlTemplate\":\"https:\/\/www.africa-press.net\/mali\/?s={search_term_string}\"},\"query-input\":{\"@type\":\"PropertyValueSpecification\",\"valueRequired\":true,\"valueName\":\"search_term_string\"}}],\"inLanguage\":\"fr-FR\"},{\"@type\":\"Person\",\"@id\":\"https:\/\/www.africa-press.net\/mali\/#\/schema\/person\/2b1cf3cd81a31e3cd26889ca66d677f1\",\"name\":\"cfeditorfr\"}]}<\/script>\n<!-- \/ Yoast SEO Premium plugin. -->","yoast_head_json":{"title":"Sikasso : Modibo Sidib\u00e9 adul\u00e9 par le Folona et le K\u00e9n\u00e9dougou - Mali","description":"A l\u2019invitation de l\u2019association Modibo Sidibe\u0301 \u2018\u2019De\u0301me\u0301 Ton\u2019\u2019, le pre\u0301sident des Forces alternatives pour le Renouveau e ...","robots":{"index":"index","follow":"follow","max-snippet":"max-snippet:-1","max-image-preview":"max-image-preview:large","max-video-preview":"max-video-preview:-1"},"canonical":"https:\/\/www.africa-press.net\/mali\/politique\/sikasso-modibo-sidibe-adule-par-le-folona-et-le-kenedougou","og_locale":"fr_FR","og_type":"article","og_title":"Sikasso : Modibo Sidib\u00e9 adul\u00e9 par le Folona et le K\u00e9n\u00e9dougou","og_description":"A l\u2019invitation de l\u2019association Modibo Sidibe\u0301 \u2018\u2019De\u0301me\u0301 Ton\u2019\u2019, le pre\u0301sident des Forces alternatives pour le Renouveau e ...","og_url":"https:\/\/www.africa-press.net\/mali\/politique\/sikasso-modibo-sidibe-adule-par-le-folona-et-le-kenedougou","og_site_name":"Mali","article_publisher":"https:\/\/www.facebook.com\/AfricaPressTunisiaa","article_published_time":"2023-03-06T17:52:02+00:00","article_modified_time":"2023-03-06T18:22:24+00:00","og_image":[{"width":720,"height":404,"url":"https:\/\/static.africa-press.net\/mali\/sites\/21\/2023\/03\/postQueueImg_1678112551.74.jpg","type":"image\/jpeg"}],"author":"cfeditorfr","twitter_card":"summary_large_image","twitter_misc":{"\u00c9crit par":"cfeditorfr","Dur\u00e9e de lecture estim\u00e9e":"4 minutes"},"schema":{"@context":"https:\/\/schema.org","@graph":[{"@type":"Article","@id":"https:\/\/www.africa-press.net\/mali\/politique\/sikasso-modibo-sidibe-adule-par-le-folona-et-le-kenedougou#article","isPartOf":{"@id":"https:\/\/www.africa-press.net\/mali\/politique\/sikasso-modibo-sidibe-adule-par-le-folona-et-le-kenedougou"},"author":{"name":"cfeditorfr","@id":"https:\/\/www.africa-press.net\/mali\/#\/schema\/person\/2b1cf3cd81a31e3cd26889ca66d677f1"},"headline":"Sikasso : Modibo Sidib\u00e9 adul\u00e9 par le Folona et le K\u00e9n\u00e9dougou","datePublished":"2023-03-06T17:52:02+00:00","dateModified":"2023-03-06T18:22:24+00:00","mainEntityOfPage":{"@id":"https:\/\/www.africa-press.net\/mali\/politique\/sikasso-modibo-sidibe-adule-par-le-folona-et-le-kenedougou"},"wordCount":895,"commentCount":0,"image":{"@id":"https:\/\/www.africa-press.net\/mali\/politique\/sikasso-modibo-sidibe-adule-par-le-folona-et-le-kenedougou#primaryimage"},"thumbnailUrl":"https:\/\/static.africa-press.net\/mali\/sites\/21\/2023\/03\/postQueueImg_1678112551.74.jpg","keywords":["Africa Press","Africa Press-Mali","mali"],"articleSection":["Politique","Toutes les actualit\u00e9s"],"inLanguage":"fr-FR","potentialAction":[{"@type":"CommentAction","name":"Comment","target":["https:\/\/www.africa-press.net\/mali\/politique\/sikasso-modibo-sidibe-adule-par-le-folona-et-le-kenedougou#respond"]}]},{"@type":"WebPage","@id":"https:\/\/www.africa-press.net\/mali\/politique\/sikasso-modibo-sidibe-adule-par-le-folona-et-le-kenedougou","url":"https:\/\/www.africa-press.net\/mali\/politique\/sikasso-modibo-sidibe-adule-par-le-folona-et-le-kenedougou","name":"Sikasso : Modibo Sidib\u00e9 adul\u00e9 par le Folona et le K\u00e9n\u00e9dougou - Mali","isPartOf":{"@id":"https:\/\/www.africa-press.net\/mali\/#website"},"primaryImageOfPage":{"@id":"https:\/\/www.africa-press.net\/mali\/politique\/sikasso-modibo-sidibe-adule-par-le-folona-et-le-kenedougou#primaryimage"},"image":{"@id":"https:\/\/www.africa-press.net\/mali\/politique\/sikasso-modibo-sidibe-adule-par-le-folona-et-le-kenedougou#primaryimage"},"thumbnailUrl":"https:\/\/static.africa-press.net\/mali\/sites\/21\/2023\/03\/postQueueImg_1678112551.74.jpg","datePublished":"2023-03-06T17:52:02+00:00","dateModified":"2023-03-06T18:22:24+00:00","author":{"@id":"https:\/\/www.africa-press.net\/mali\/#\/schema\/person\/2b1cf3cd81a31e3cd26889ca66d677f1"},"description":"A l\u2019invitation de l\u2019association Modibo Sidibe\u0301 \u2018\u2019De\u0301me\u0301 Ton\u2019\u2019, le pre\u0301sident des Forces alternatives pour le Renouveau e ...","breadcrumb":{"@id":"https:\/\/www.africa-press.net\/mali\/politique\/sikasso-modibo-sidibe-adule-par-le-folona-et-le-kenedougou#breadcrumb"},"inLanguage":"fr-FR","potentialAction":[{"@type":"ReadAction","target":["https:\/\/www.africa-press.net\/mali\/politique\/sikasso-modibo-sidibe-adule-par-le-folona-et-le-kenedougou"]}]},{"@type":"ImageObject","inLanguage":"fr-FR","@id":"https:\/\/www.africa-press.net\/mali\/politique\/sikasso-modibo-sidibe-adule-par-le-folona-et-le-kenedougou#primaryimage","url":"https:\/\/static.africa-press.net\/mali\/sites\/21\/2023\/03\/postQueueImg_1678112551.74.jpg","contentUrl":"https:\/\/static.africa-press.net\/mali\/sites\/21\/2023\/03\/postQueueImg_1678112551.74.jpg","width":720,"height":404,"caption":"Sikasso : Modibo Sidib\u00e9 adul\u00e9 par le Folona et le K\u00e9n\u00e9dougou"},{"@type":"BreadcrumbList","@id":"https:\/\/www.africa-press.net\/mali\/politique\/sikasso-modibo-sidibe-adule-par-le-folona-et-le-kenedougou#breadcrumb","itemListElement":[{"@type":"ListItem","position":1,"name":"Home","item":"https:\/\/www.africa-press.net\/mali\/"},{"@type":"ListItem","position":2,"name":"Sikasso : Modibo Sidib\u00e9 adul\u00e9 par le Folona et le K\u00e9n\u00e9dougou"}]},{"@type":"WebSite","@id":"https:\/\/www.africa-press.net\/mali\/#website","url":"https:\/\/www.africa-press.net\/mali\/","name":"Mali","description":"Just another Africa News Agency Sites site","potentialAction":[{"@type":"SearchAction","target":{"@type":"EntryPoint","urlTemplate":"https:\/\/www.africa-press.net\/mali\/?s={search_term_string}"},"query-input":{"@type":"PropertyValueSpecification","valueRequired":true,"valueName":"search_term_string"}}],"inLanguage":"fr-FR"},{"@type":"Person","@id":"https:\/\/www.africa-press.net\/mali\/#\/schema\/person\/2b1cf3cd81a31e3cd26889ca66d677f1","name":"cfeditorfr"}]}},"_links":{"self":[{"href":"https:\/\/www.africa-press.net\/mali\/wp-json\/wp\/v2\/posts\/31542","targetHints":{"allow":["GET"]}}],"collection":[{"href":"https:\/\/www.africa-press.net\/mali\/wp-json\/wp\/v2\/posts"}],"about":[{"href":"https:\/\/www.africa-press.net\/mali\/wp-json\/wp\/v2\/types\/post"}],"author":[{"embeddable":true,"href":"https:\/\/www.africa-press.net\/mali\/wp-json\/wp\/v2\/users\/82"}],"replies":[{"embeddable":true,"href":"https:\/\/www.africa-press.net\/mali\/wp-json\/wp\/v2\/comments?post=31542"}],"version-history":[{"count":0,"href":"https:\/\/www.africa-press.net\/mali\/wp-json\/wp\/v2\/posts\/31542\/revisions"}],"wp:featuredmedia":[{"embeddable":true,"href":"https:\/\/www.africa-press.net\/mali\/wp-json\/wp\/v2\/media\/31541"}],"wp:attachment":[{"href":"https:\/\/www.africa-press.net\/mali\/wp-json\/wp\/v2\/media?parent=31542"}],"wp:term":[{"taxonomy":"category","embeddable":true,"href":"https:\/\/www.africa-press.net\/mali\/wp-json\/wp\/v2\/categories?post=31542"},{"taxonomy":"post_tag","embeddable":true,"href":"https:\/\/www.africa-press.net\/mali\/wp-json\/wp\/v2\/tags?post=31542"}],"curies":[{"name":"wp","href":"https:\/\/api.w.org\/{rel}","templated":true}]}}