{"id":31545,"date":"2023-03-06T17:53:12","date_gmt":"2023-03-06T17:53:12","guid":{"rendered":"https:\/\/www.africa-press.net\/mali\/politique\/vouee-aux-gemonies-par-lopinion-la-classe-politique-malienne-doit-faire-sa-mue"},"modified":"2023-03-06T18:26:26","modified_gmt":"2023-03-06T18:26:26","slug":"vouee-aux-gemonies-par-lopinion-la-classe-politique-malienne-doit-faire-sa-mue","status":"publish","type":"post","link":"https:\/\/www.africa-press.net\/mali\/dossiers\/vouee-aux-gemonies-par-lopinion-la-classe-politique-malienne-doit-faire-sa-mue","title":{"rendered":"Vou\u00e9e aux g\u00e9monies par l\u2019opinion : La classe politique malienne doit faire sa mue"},"content":{"rendered":"<p><b>Youssouf Sissoko<\/b><\/p>\n<p><span style=\"color: #ff6600\"><strong>Africa-Press &#8211; Mali. <\/strong><\/span>La Classe politique malienne est de\u0301sormais taxe\u0301e de tous les noms d\u2019oiseaux de mauvais augure. Qualifie\u0301e de corrompue et d\u2019incapable, par Emmanuel Macron, vilipende\u0301e par l\u2019opinion publique, source de tous les maux et surtout de l\u2019effondrement du Mali selon la junte militaire et ses partisans, l\u2019heure a vraiment sonne\u0301 pour la classe politique de faire sa mue afin de redorer son blason. Le temps de la clarification et du bilan s\u2019impose apre\u0300s plus de 30 ans de de\u0301mocratie. Elle est fortement interpelle\u0301e pour non seulement faire son introspection, mais aussi et surtout diagnostiquer les maux et d\u2019y apporter des solutions idoines. Est-elle capable de faire son mea culpa ? L\u2019opinion n\u2019a-t-elle pas raison de prononcer une sentence, la plus critique au regard des bourdes et autres manquements aux principes de la bonne gouvernance qui avaient pignon sur rue sous l\u2019e\u0300re de\u0301mocratique?<\/p>\n<p>Le discours du Pre\u0301sident Franc\u0327ais Emmanuel Macron, dans lequel il a qualifie\u0301 la classe politique malienne d\u2019avoir e\u0301choue\u0301 a\u0300 redresser son pays, a non seulement renforce\u0301 les tenants actuels du pouvoir dans leur se\u0301ve\u0300re jugement sur la classe politique malienne, mais aussi et surtout il a e\u0301te\u0301 un ve\u0301ritable pave\u0301 dans la marre d\u2019une certaine opinion nationale et me\u0302me internationale qui pense a\u0300 tort ou a\u0300 raison que les hommes politiques sont a\u0300 la base de la chaotique situation dans laquelle se trouve le Mali. Le tableau est si noir, selon certains, que cette affirmation a re\u0301conforte\u0301 les de\u0301tracteurs des hommes politiques maliens au point qu\u2019elle a e\u0301te\u0301 reprise en boucles sur les re\u0301seaux sociaux et dans beaucoup de me\u0301dias.<\/p>\n<p><b>L\u2019opinion n\u2019a-t-elle pas raison de prononcer une sentence, la plus critique au regard des bourdes et autres manquements aux principes de la bonne gouvernance sous l\u2019e\u0300re de\u0301mocratique?<\/b><\/p>\n<p>Pour rappel, de l\u2019ave\u0300nement de la de\u0301mocratie multi partisane, en 91 jusqu\u2019au premier coup d\u2019arre\u0302t un 22 mars 2012, le Mali n\u2019est jamais sorti de la zone de turbulence et la gouvernance n\u2019a jamais e\u0301te\u0301 vertueuse. Corruption, ne\u0301potisme, affairisme, malversation, favoritisme, la liste de qualificatifs est loin d\u2019e\u0302tre exhaustive, ce sont la\u0300 les caracte\u0301ristiques principales de la gouvernance sous les de\u0301mocrates. En effet, des cadres venus de nulle part se sont fait des milliards en un temps record. Le fausse\u0301 qui se\u0301pare riches et bas peuple s\u2019est tellement creuse\u0301 qu\u2019il e\u0301tait devenu immense. C\u2019est dans cette atmosphe\u0300re de\u0301le\u0301te\u0300re, de paupe\u0301risation, de corruption a\u0300 ciel d\u2019inse\u0301curite\u0301 ge\u0301ne\u0301ralise\u0301e avec son lot de tuerie, qu\u2019une insurrection militaire a balaye\u0301 un re\u0301gime de\u0301ja\u0300 a\u0300 bout de souffle qui est celui d\u2019ATT, a\u0300 quelques mois des e\u0301lections qui devraient consacrer la fin du deuxie\u0300me et dernier mandat d\u2019ATT. Quatorze mois apre\u0300s une transition pleine de rebondissements et d\u2019e\u0301ve\u0301nements malheurs, le Mali a retrouve\u0301 sa normalite\u0301 constitutionnelle avec l\u2019e\u0301lection au relent de ple\u0301biscite, d\u2019IBK en 2013. Qu\u2019il soit dit en passant, jamais une e\u0301lection pre\u0301sidentielle n\u2019a mobilise\u0301 autant d\u2019e\u0301lecteurs que celle d\u2019IBK. Et cela dans l\u2019espoir d\u2019e\u0302tre la solution aux multiples proble\u0300mes auxquels le Mali est confronte\u0301.<\/p>\n<p>La de\u0301ception a e\u0301te\u0301 si grande et la de\u0301sillusion si forte que deux ans apre\u0300s sa controverse\u0301e re\u0301e\u0301lection pour son second mandat, son re\u0301gime a e\u0301te\u0301 e\u0301galement balaye\u0301 par un soule\u0300vement populaire paracheve\u0301 par une partie de l\u2019arme\u0301e. Pour rappel tous les maux que l\u2019on reprochait au re\u0301gime d\u2019ATT se sont exacerbe\u0301s sous IBK. Pire la Re\u0301publique e\u0301tait prise en otage par la famille d\u2019IBK en complicite\u0301 avec les hommes politiques ve\u0301reux, pre\u0301occupe\u0301s seulement par leurs inte\u0301re\u0302ts e\u0301goi\u0308stes. C\u2019est un peuple trahi par sa classe politique qui a applaudi les militaires qui se sont empare\u0301s du pouvoir. Ces derniers sont-ils en train de mieux faire que les hommes politiques ? Les maux qui ont e\u0301te\u0301 a\u0300 la base de la chute des deux re\u0301gimes civils ont-ils e\u0301te\u0301 endigue\u0301s ? En attendant la re\u0301ponse a\u0300 ces deux questions, c\u2019est une ve\u0301ritable traverse\u0301e du de\u0301sert de la classe politique, qui est plus que jamais appele\u0301e a\u0300 faire d\u2019abord son mea maxima culpa, ensuite sa mue et enfin se re\u0301concilier avec son peuple.<\/p>\n<p><strong>Pour plus d&rsquo;informations et d&rsquo;analyses sur la <a href=\"https:\/\/www.africa-press.net\/mali\">Mali<\/a>, suivez <a href=\"https:\/\/www.africa-press.net\/\">Africa-Press<\/a><\/strong><\/p>\n","protected":false},"excerpt":{"rendered":"<p>Youssouf Sissoko Africa-Press &#8211; Mali. La Classe politique malienne est de\u0301sormais taxe\u0301e de tous les noms d\u2019oiseaux de mauvais augure. Qualifie\u0301e de corrompue et d\u2019incapable, par Emmanuel Macron, vilipende\u0301e par l\u2019opinion publique, source de tous les maux et surtout de l\u2019effondrement du Mali selon la junte militaire et ses partisans, l\u2019heure a vraiment sonne\u0301 pour [&hellip;]<\/p>\n","protected":false},"author":82,"featured_media":31543,"comment_status":"open","ping_status":"closed","sticky":false,"template":"","format":"standard","meta":{"footnotes":""},"categories":[13,17],"tags":[76,86,19],"class_list":["post-31545","post","type-post","status-publish","format-standard","has-post-thumbnail","hentry","category-dossiers","category-toutes-les-actualites","tag-africa-press","tag-africa-press-mali","tag-mali"],"yoast_head":"<!-- This site is optimized with the Yoast SEO Premium plugin v26.1 (Yoast SEO v27.0) - https:\/\/yoast.com\/product\/yoast-seo-premium-wordpress\/ -->\n<title>Vou\u00e9e aux g\u00e9monies par l\u2019opinion : La classe politique malienne doit faire sa mue - Mali<\/title>\n<meta name=\"description\" content=\"La Classe politique malienne est de\u0301sormais taxe\u0301e de tous les noms d\u2019oiseaux de mauvais augure. Qualifie\u0301e de corrompue ...La Classe politique malienne est de\u0301sormais taxe\u0301e de tous les noms d\u2019oiseaux de mauvais augure. Qualifie\u0301e de corrompue ...La Classe politique malienne est de\u0301sormais taxe\u0301e de tous les noms d\u2019oiseaux de mauvais augure. Qualifie\u0301e de corrompue ...\" \/>\n<meta name=\"robots\" content=\"index, follow, max-snippet:-1, max-image-preview:large, max-video-preview:-1\" \/>\n<link rel=\"canonical\" href=\"https:\/\/www.africa-press.net\/mali\/dossiers\/vouee-aux-gemonies-par-lopinion-la-classe-politique-malienne-doit-faire-sa-mue\" \/>\n<meta property=\"og:locale\" content=\"fr_FR\" \/>\n<meta property=\"og:type\" content=\"article\" \/>\n<meta property=\"og:title\" content=\"Vou\u00e9e aux g\u00e9monies par l\u2019opinion : La classe politique malienne doit faire sa mue\" \/>\n<meta property=\"og:description\" content=\"La Classe politique malienne est de\u0301sormais taxe\u0301e de tous les noms d\u2019oiseaux de mauvais augure. Qualifie\u0301e de corrompue ...La Classe politique malienne est de\u0301sormais taxe\u0301e de tous les noms d\u2019oiseaux de mauvais augure. Qualifie\u0301e de corrompue ...La Classe politique malienne est de\u0301sormais taxe\u0301e de tous les noms d\u2019oiseaux de mauvais augure. Qualifie\u0301e de corrompue ...\" \/>\n<meta property=\"og:url\" content=\"https:\/\/www.africa-press.net\/mali\/dossiers\/vouee-aux-gemonies-par-lopinion-la-classe-politique-malienne-doit-faire-sa-mue\" \/>\n<meta property=\"og:site_name\" content=\"Mali\" \/>\n<meta property=\"article:publisher\" content=\"https:\/\/www.facebook.com\/AfricaPressTunisiaa\" \/>\n<meta property=\"article:published_time\" content=\"2023-03-06T17:53:12+00:00\" \/>\n<meta property=\"article:modified_time\" content=\"2023-03-06T18:26:26+00:00\" \/>\n<meta property=\"og:image\" content=\"https:\/\/static.africa-press.net\/mali\/sites\/21\/2023\/03\/postQueueImg_1678112762.12.jpg\" \/>\n\t<meta property=\"og:image:width\" content=\"720\" \/>\n\t<meta property=\"og:image:height\" content=\"479\" \/>\n\t<meta property=\"og:image:type\" content=\"image\/jpeg\" \/>\n<meta name=\"author\" content=\"cfeditorfr\" \/>\n<meta name=\"twitter:card\" content=\"summary_large_image\" \/>\n<meta name=\"twitter:label1\" content=\"\u00c9crit par\" \/>\n\t<meta name=\"twitter:data1\" content=\"cfeditorfr\" \/>\n\t<meta name=\"twitter:label2\" content=\"Dur\u00e9e de lecture estim\u00e9e\" \/>\n\t<meta name=\"twitter:data2\" content=\"4 minutes\" \/>\n<script type=\"application\/ld+json\" class=\"yoast-schema-graph\">{\"@context\":\"https:\/\/schema.org\",\"@graph\":[{\"@type\":\"Article\",\"@id\":\"https:\/\/www.africa-press.net\/mali\/dossiers\/vouee-aux-gemonies-par-lopinion-la-classe-politique-malienne-doit-faire-sa-mue#article\",\"isPartOf\":{\"@id\":\"https:\/\/www.africa-press.net\/mali\/dossiers\/vouee-aux-gemonies-par-lopinion-la-classe-politique-malienne-doit-faire-sa-mue\"},\"author\":{\"name\":\"cfeditorfr\",\"@id\":\"https:\/\/www.africa-press.net\/mali\/#\/schema\/person\/2b1cf3cd81a31e3cd26889ca66d677f1\"},\"headline\":\"Vou\u00e9e aux g\u00e9monies par l\u2019opinion : La classe politique malienne doit faire sa mue\",\"datePublished\":\"2023-03-06T17:53:12+00:00\",\"dateModified\":\"2023-03-06T18:26:26+00:00\",\"mainEntityOfPage\":{\"@id\":\"https:\/\/www.africa-press.net\/mali\/dossiers\/vouee-aux-gemonies-par-lopinion-la-classe-politique-malienne-doit-faire-sa-mue\"},\"wordCount\":820,\"commentCount\":0,\"image\":{\"@id\":\"https:\/\/www.africa-press.net\/mali\/dossiers\/vouee-aux-gemonies-par-lopinion-la-classe-politique-malienne-doit-faire-sa-mue#primaryimage\"},\"thumbnailUrl\":\"https:\/\/static.africa-press.net\/mali\/sites\/21\/2023\/03\/postQueueImg_1678112762.12.jpg\",\"keywords\":[\"Africa Press\",\"Africa Press-Mali\",\"mali\"],\"articleSection\":[\"Dossiers\",\"Toutes les actualit\u00e9s\"],\"inLanguage\":\"fr-FR\",\"potentialAction\":[{\"@type\":\"CommentAction\",\"name\":\"Comment\",\"target\":[\"https:\/\/www.africa-press.net\/mali\/dossiers\/vouee-aux-gemonies-par-lopinion-la-classe-politique-malienne-doit-faire-sa-mue#respond\"]}]},{\"@type\":\"WebPage\",\"@id\":\"https:\/\/www.africa-press.net\/mali\/dossiers\/vouee-aux-gemonies-par-lopinion-la-classe-politique-malienne-doit-faire-sa-mue\",\"url\":\"https:\/\/www.africa-press.net\/mali\/dossiers\/vouee-aux-gemonies-par-lopinion-la-classe-politique-malienne-doit-faire-sa-mue\",\"name\":\"Vou\u00e9e aux g\u00e9monies par l\u2019opinion : La classe politique malienne doit faire sa mue - Mali\",\"isPartOf\":{\"@id\":\"https:\/\/www.africa-press.net\/mali\/#website\"},\"primaryImageOfPage\":{\"@id\":\"https:\/\/www.africa-press.net\/mali\/dossiers\/vouee-aux-gemonies-par-lopinion-la-classe-politique-malienne-doit-faire-sa-mue#primaryimage\"},\"image\":{\"@id\":\"https:\/\/www.africa-press.net\/mali\/dossiers\/vouee-aux-gemonies-par-lopinion-la-classe-politique-malienne-doit-faire-sa-mue#primaryimage\"},\"thumbnailUrl\":\"https:\/\/static.africa-press.net\/mali\/sites\/21\/2023\/03\/postQueueImg_1678112762.12.jpg\",\"datePublished\":\"2023-03-06T17:53:12+00:00\",\"dateModified\":\"2023-03-06T18:26:26+00:00\",\"author\":{\"@id\":\"https:\/\/www.africa-press.net\/mali\/#\/schema\/person\/2b1cf3cd81a31e3cd26889ca66d677f1\"},\"description\":\"La Classe politique malienne est de\u0301sormais taxe\u0301e de tous les noms d\u2019oiseaux de mauvais augure. Qualifie\u0301e de corrompue ...La Classe politique malienne est de\u0301sormais taxe\u0301e de tous les noms d\u2019oiseaux de mauvais augure. Qualifie\u0301e de corrompue ...La Classe politique malienne est de\u0301sormais taxe\u0301e de tous les noms d\u2019oiseaux de mauvais augure. Qualifie\u0301e de corrompue ...\",\"breadcrumb\":{\"@id\":\"https:\/\/www.africa-press.net\/mali\/dossiers\/vouee-aux-gemonies-par-lopinion-la-classe-politique-malienne-doit-faire-sa-mue#breadcrumb\"},\"inLanguage\":\"fr-FR\",\"potentialAction\":[{\"@type\":\"ReadAction\",\"target\":[\"https:\/\/www.africa-press.net\/mali\/dossiers\/vouee-aux-gemonies-par-lopinion-la-classe-politique-malienne-doit-faire-sa-mue\"]}]},{\"@type\":\"ImageObject\",\"inLanguage\":\"fr-FR\",\"@id\":\"https:\/\/www.africa-press.net\/mali\/dossiers\/vouee-aux-gemonies-par-lopinion-la-classe-politique-malienne-doit-faire-sa-mue#primaryimage\",\"url\":\"https:\/\/static.africa-press.net\/mali\/sites\/21\/2023\/03\/postQueueImg_1678112762.12.jpg\",\"contentUrl\":\"https:\/\/static.africa-press.net\/mali\/sites\/21\/2023\/03\/postQueueImg_1678112762.12.jpg\",\"width\":720,\"height\":479,\"caption\":\"Vou\u00e9e aux g\u00e9monies par l\u2019opinion : La classe politique malienne doit faire sa mue\"},{\"@type\":\"BreadcrumbList\",\"@id\":\"https:\/\/www.africa-press.net\/mali\/dossiers\/vouee-aux-gemonies-par-lopinion-la-classe-politique-malienne-doit-faire-sa-mue#breadcrumb\",\"itemListElement\":[{\"@type\":\"ListItem\",\"position\":1,\"name\":\"Home\",\"item\":\"https:\/\/www.africa-press.net\/mali\/\"},{\"@type\":\"ListItem\",\"position\":2,\"name\":\"Vou\u00e9e aux g\u00e9monies par l\u2019opinion : La classe politique malienne doit faire sa mue\"}]},{\"@type\":\"WebSite\",\"@id\":\"https:\/\/www.africa-press.net\/mali\/#website\",\"url\":\"https:\/\/www.africa-press.net\/mali\/\",\"name\":\"Mali\",\"description\":\"Just another Africa News Agency Sites site\",\"potentialAction\":[{\"@type\":\"SearchAction\",\"target\":{\"@type\":\"EntryPoint\",\"urlTemplate\":\"https:\/\/www.africa-press.net\/mali\/?s={search_term_string}\"},\"query-input\":{\"@type\":\"PropertyValueSpecification\",\"valueRequired\":true,\"valueName\":\"search_term_string\"}}],\"inLanguage\":\"fr-FR\"},{\"@type\":\"Person\",\"@id\":\"https:\/\/www.africa-press.net\/mali\/#\/schema\/person\/2b1cf3cd81a31e3cd26889ca66d677f1\",\"name\":\"cfeditorfr\"}]}<\/script>\n<!-- \/ Yoast SEO Premium plugin. -->","yoast_head_json":{"title":"Vou\u00e9e aux g\u00e9monies par l\u2019opinion : La classe politique malienne doit faire sa mue - Mali","description":"La Classe politique malienne est de\u0301sormais taxe\u0301e de tous les noms d\u2019oiseaux de mauvais augure. Qualifie\u0301e de corrompue ...La Classe politique malienne est de\u0301sormais taxe\u0301e de tous les noms d\u2019oiseaux de mauvais augure. Qualifie\u0301e de corrompue ...La Classe politique malienne est de\u0301sormais taxe\u0301e de tous les noms d\u2019oiseaux de mauvais augure. Qualifie\u0301e de corrompue ...","robots":{"index":"index","follow":"follow","max-snippet":"max-snippet:-1","max-image-preview":"max-image-preview:large","max-video-preview":"max-video-preview:-1"},"canonical":"https:\/\/www.africa-press.net\/mali\/dossiers\/vouee-aux-gemonies-par-lopinion-la-classe-politique-malienne-doit-faire-sa-mue","og_locale":"fr_FR","og_type":"article","og_title":"Vou\u00e9e aux g\u00e9monies par l\u2019opinion : La classe politique malienne doit faire sa mue","og_description":"La Classe politique malienne est de\u0301sormais taxe\u0301e de tous les noms d\u2019oiseaux de mauvais augure. Qualifie\u0301e de corrompue ...La Classe politique malienne est de\u0301sormais taxe\u0301e de tous les noms d\u2019oiseaux de mauvais augure. Qualifie\u0301e de corrompue ...La Classe politique malienne est de\u0301sormais taxe\u0301e de tous les noms d\u2019oiseaux de mauvais augure. Qualifie\u0301e de corrompue ...","og_url":"https:\/\/www.africa-press.net\/mali\/dossiers\/vouee-aux-gemonies-par-lopinion-la-classe-politique-malienne-doit-faire-sa-mue","og_site_name":"Mali","article_publisher":"https:\/\/www.facebook.com\/AfricaPressTunisiaa","article_published_time":"2023-03-06T17:53:12+00:00","article_modified_time":"2023-03-06T18:26:26+00:00","og_image":[{"width":720,"height":479,"url":"https:\/\/static.africa-press.net\/mali\/sites\/21\/2023\/03\/postQueueImg_1678112762.12.jpg","type":"image\/jpeg"}],"author":"cfeditorfr","twitter_card":"summary_large_image","twitter_misc":{"\u00c9crit par":"cfeditorfr","Dur\u00e9e de lecture estim\u00e9e":"4 minutes"},"schema":{"@context":"https:\/\/schema.org","@graph":[{"@type":"Article","@id":"https:\/\/www.africa-press.net\/mali\/dossiers\/vouee-aux-gemonies-par-lopinion-la-classe-politique-malienne-doit-faire-sa-mue#article","isPartOf":{"@id":"https:\/\/www.africa-press.net\/mali\/dossiers\/vouee-aux-gemonies-par-lopinion-la-classe-politique-malienne-doit-faire-sa-mue"},"author":{"name":"cfeditorfr","@id":"https:\/\/www.africa-press.net\/mali\/#\/schema\/person\/2b1cf3cd81a31e3cd26889ca66d677f1"},"headline":"Vou\u00e9e aux g\u00e9monies par l\u2019opinion : La classe politique malienne doit faire sa mue","datePublished":"2023-03-06T17:53:12+00:00","dateModified":"2023-03-06T18:26:26+00:00","mainEntityOfPage":{"@id":"https:\/\/www.africa-press.net\/mali\/dossiers\/vouee-aux-gemonies-par-lopinion-la-classe-politique-malienne-doit-faire-sa-mue"},"wordCount":820,"commentCount":0,"image":{"@id":"https:\/\/www.africa-press.net\/mali\/dossiers\/vouee-aux-gemonies-par-lopinion-la-classe-politique-malienne-doit-faire-sa-mue#primaryimage"},"thumbnailUrl":"https:\/\/static.africa-press.net\/mali\/sites\/21\/2023\/03\/postQueueImg_1678112762.12.jpg","keywords":["Africa Press","Africa Press-Mali","mali"],"articleSection":["Dossiers","Toutes les actualit\u00e9s"],"inLanguage":"fr-FR","potentialAction":[{"@type":"CommentAction","name":"Comment","target":["https:\/\/www.africa-press.net\/mali\/dossiers\/vouee-aux-gemonies-par-lopinion-la-classe-politique-malienne-doit-faire-sa-mue#respond"]}]},{"@type":"WebPage","@id":"https:\/\/www.africa-press.net\/mali\/dossiers\/vouee-aux-gemonies-par-lopinion-la-classe-politique-malienne-doit-faire-sa-mue","url":"https:\/\/www.africa-press.net\/mali\/dossiers\/vouee-aux-gemonies-par-lopinion-la-classe-politique-malienne-doit-faire-sa-mue","name":"Vou\u00e9e aux g\u00e9monies par l\u2019opinion : La classe politique malienne doit faire sa mue - Mali","isPartOf":{"@id":"https:\/\/www.africa-press.net\/mali\/#website"},"primaryImageOfPage":{"@id":"https:\/\/www.africa-press.net\/mali\/dossiers\/vouee-aux-gemonies-par-lopinion-la-classe-politique-malienne-doit-faire-sa-mue#primaryimage"},"image":{"@id":"https:\/\/www.africa-press.net\/mali\/dossiers\/vouee-aux-gemonies-par-lopinion-la-classe-politique-malienne-doit-faire-sa-mue#primaryimage"},"thumbnailUrl":"https:\/\/static.africa-press.net\/mali\/sites\/21\/2023\/03\/postQueueImg_1678112762.12.jpg","datePublished":"2023-03-06T17:53:12+00:00","dateModified":"2023-03-06T18:26:26+00:00","author":{"@id":"https:\/\/www.africa-press.net\/mali\/#\/schema\/person\/2b1cf3cd81a31e3cd26889ca66d677f1"},"description":"La Classe politique malienne est de\u0301sormais taxe\u0301e de tous les noms d\u2019oiseaux de mauvais augure. Qualifie\u0301e de corrompue ...La Classe politique malienne est de\u0301sormais taxe\u0301e de tous les noms d\u2019oiseaux de mauvais augure. Qualifie\u0301e de corrompue ...La Classe politique malienne est de\u0301sormais taxe\u0301e de tous les noms d\u2019oiseaux de mauvais augure. Qualifie\u0301e de corrompue ...","breadcrumb":{"@id":"https:\/\/www.africa-press.net\/mali\/dossiers\/vouee-aux-gemonies-par-lopinion-la-classe-politique-malienne-doit-faire-sa-mue#breadcrumb"},"inLanguage":"fr-FR","potentialAction":[{"@type":"ReadAction","target":["https:\/\/www.africa-press.net\/mali\/dossiers\/vouee-aux-gemonies-par-lopinion-la-classe-politique-malienne-doit-faire-sa-mue"]}]},{"@type":"ImageObject","inLanguage":"fr-FR","@id":"https:\/\/www.africa-press.net\/mali\/dossiers\/vouee-aux-gemonies-par-lopinion-la-classe-politique-malienne-doit-faire-sa-mue#primaryimage","url":"https:\/\/static.africa-press.net\/mali\/sites\/21\/2023\/03\/postQueueImg_1678112762.12.jpg","contentUrl":"https:\/\/static.africa-press.net\/mali\/sites\/21\/2023\/03\/postQueueImg_1678112762.12.jpg","width":720,"height":479,"caption":"Vou\u00e9e aux g\u00e9monies par l\u2019opinion : La classe politique malienne doit faire sa mue"},{"@type":"BreadcrumbList","@id":"https:\/\/www.africa-press.net\/mali\/dossiers\/vouee-aux-gemonies-par-lopinion-la-classe-politique-malienne-doit-faire-sa-mue#breadcrumb","itemListElement":[{"@type":"ListItem","position":1,"name":"Home","item":"https:\/\/www.africa-press.net\/mali\/"},{"@type":"ListItem","position":2,"name":"Vou\u00e9e aux g\u00e9monies par l\u2019opinion : La classe politique malienne doit faire sa mue"}]},{"@type":"WebSite","@id":"https:\/\/www.africa-press.net\/mali\/#website","url":"https:\/\/www.africa-press.net\/mali\/","name":"Mali","description":"Just another Africa News Agency Sites site","potentialAction":[{"@type":"SearchAction","target":{"@type":"EntryPoint","urlTemplate":"https:\/\/www.africa-press.net\/mali\/?s={search_term_string}"},"query-input":{"@type":"PropertyValueSpecification","valueRequired":true,"valueName":"search_term_string"}}],"inLanguage":"fr-FR"},{"@type":"Person","@id":"https:\/\/www.africa-press.net\/mali\/#\/schema\/person\/2b1cf3cd81a31e3cd26889ca66d677f1","name":"cfeditorfr"}]}},"_links":{"self":[{"href":"https:\/\/www.africa-press.net\/mali\/wp-json\/wp\/v2\/posts\/31545","targetHints":{"allow":["GET"]}}],"collection":[{"href":"https:\/\/www.africa-press.net\/mali\/wp-json\/wp\/v2\/posts"}],"about":[{"href":"https:\/\/www.africa-press.net\/mali\/wp-json\/wp\/v2\/types\/post"}],"author":[{"embeddable":true,"href":"https:\/\/www.africa-press.net\/mali\/wp-json\/wp\/v2\/users\/82"}],"replies":[{"embeddable":true,"href":"https:\/\/www.africa-press.net\/mali\/wp-json\/wp\/v2\/comments?post=31545"}],"version-history":[{"count":0,"href":"https:\/\/www.africa-press.net\/mali\/wp-json\/wp\/v2\/posts\/31545\/revisions"}],"wp:featuredmedia":[{"embeddable":true,"href":"https:\/\/www.africa-press.net\/mali\/wp-json\/wp\/v2\/media\/31543"}],"wp:attachment":[{"href":"https:\/\/www.africa-press.net\/mali\/wp-json\/wp\/v2\/media?parent=31545"}],"wp:term":[{"taxonomy":"category","embeddable":true,"href":"https:\/\/www.africa-press.net\/mali\/wp-json\/wp\/v2\/categories?post=31545"},{"taxonomy":"post_tag","embeddable":true,"href":"https:\/\/www.africa-press.net\/mali\/wp-json\/wp\/v2\/tags?post=31545"}],"curies":[{"name":"wp","href":"https:\/\/api.w.org\/{rel}","templated":true}]}}