{"id":31548,"date":"2023-03-06T17:56:25","date_gmt":"2023-03-06T17:56:25","guid":{"rendered":"https:\/\/www.africa-press.net\/mali\/politique\/discours-du-docteur-choguel-kokalla-maiga-au-sommet-sur-les-pays-les-moins-avances-pma-doha"},"modified":"2023-03-06T18:27:35","modified_gmt":"2023-03-06T18:27:35","slug":"discours-du-docteur-choguel-kokalla-maiga-au-sommet-sur-les-pays-les-moins-avances-pma-doha","status":"publish","type":"post","link":"https:\/\/www.africa-press.net\/mali\/politique\/discours-du-docteur-choguel-kokalla-maiga-au-sommet-sur-les-pays-les-moins-avances-pma-doha","title":{"rendered":"Discours du Docteur Choguel Kokalla Ma\u00efga, au Sommet sur les Pays les Moins Avanc\u00e9s (PMA) Doha"},"content":{"rendered":"<p><span style=\"color: #ff6600\"><strong>Africa-Press &#8211; Mali. <\/strong><\/span>Au Sommet sur les Pays les Moins Avance\u0301s (PMA) Doha, Qatar, 4 mars 2023 Son Excellence Monsieur le Pre\u0301sident de la Re\u0301publique du Malawi, Pre\u0301sident du Sommet,<\/p>\n<p>Son Altesse Emir du Qatar, Mesdames et Messieurs les Chefs d\u2019Etat et de Gouvernement, Monsieur le Secre\u0301taire ge\u0301ne\u0301ral de l\u2019Organisation des Nations Unies, Monsieur le Secre\u0301taire ge\u0301ne\u0301ral des Nations Unies, Distingue\u0301s invite\u0301s, Mesdames, Messieurs,<\/p>\n<p>Permettez-moi a\u0300 l\u2019entame de mon propos, de vous transmettre les salutations cordiales et fraternelles du Peuple du Mali, avec a\u0300 sa te\u0302te Son Excellence le Colonel Assimi GOITA, Pre\u0301sident de la Transition, Chef de l\u2019Etat, qui m\u2019a fait l\u2019honneur de me de\u0301signer pour le repre\u0301senter a\u0300 cette Cinquie\u0300me Confe\u0301rence des Nations Unies sur les Pays les moins avance\u0301s (PMA5).<\/p>\n<p>Je voudrais e\u0301galement adresser, au nom du Peuple malien et au mien propre, mes vifs remerciements a\u0300 Son Altesse Cheikh Tamin bin Hamad Al Thani, Emir de l\u2019Etat du Qatar, au Gouvernement et au peuple Qataris pour l\u2019accueil si chaleureux et pour toutes les commodite\u0301s re\u0301serve\u0301es a\u0300 la de\u0301le\u0301gation malienne, depuis notre arrive\u0301e dans cette belle ville de Doha.<\/p>\n<p>Apre\u0300s l\u2019organisation re\u0301ussie de la Coupe du monde 2022, le Qatar offre encore au monde sa grande hospitalite\u0301 le\u0301gendaire et son engagement en faveur des causes justes et nobles. Merci au peuple fre\u0300re et ami du Qatar, a\u0300 son Gouvernement et a\u0300 ses hauts dirigeants.<\/p>\n<p>La de\u0301le\u0301gation du Mali vous adresse, Monsieur le Pre\u0301sident Lazarus McCarty Chakwera et Mesdames et Messieurs les membres du bureau, ses chaleureuses fe\u0301licitations pour votre leadership des Pays les moins avance\u0301s.<\/p>\n<p>Le Mali se fe\u0301licite de la tenue de ce Sommet, particulie\u0300rement en cette pe\u0301riode cruciale ou\u0300 nous entamons la de\u0301cennie d\u2019action pour l\u2019atteinte des Objectifs de De\u0301veloppement Durable (ODD).<\/p>\n<p>En effet, ayons le courage de le reconnai\u0302tre, les progre\u0300s enregistre\u0301s dans la mise en \u0153uvre du Programme d\u2019action d\u2019Istanbul ont e\u0301te\u0301 timides et pour la plupart remis en cause par les impacts ne\u0301gatifs de la pande\u0301mie de la Covid-19, durement ressentis par les Pays les Moins Avance\u0301s, en raison de leur vulne\u0301rabilite\u0301 macroe\u0301conomique aux chocs endoge\u0300nes et exoge\u0300nes.<\/p>\n<p>Nous devons avoir une vision a\u0300 long terme, pour les dix prochaines anne\u0301es, et e\u0302tre plus ambitieux dans notre volonte\u0301 commune de jeter les bases d\u2019un nouveau cadre de coope\u0301ration pour le de\u0301veloppement des Pays les Moins Avance\u0301s. Comme le disait un fils e\u0301me\u0301rite de l\u2019Afrique, le Pre\u0301sident Nelson Mandela, je cite : \u00ab Toute action qui ne de\u0301coule pas d\u2019une vision est du temps perdu. Toute vision suivie d\u2019action peut changer le monde \u00bb. C\u2019est de cela dont les PMA ont besoin pour assurer leur de\u0301veloppement et pour sortir de la pauvrete\u0301. La coope\u0301ration Sud- Sud est essentielle a\u0300 cet e\u0301gard.<\/p>\n<p>Mesdames, Messieurs, Le Mali reste fermement engage\u0301 dans la mise en \u0153uvre des programmes en faveur des Pays les Moins Avance\u0301s. Ainsi, pour ne parler que du Programme d\u2019action d\u2019Istanbul 2011-2020, mon pays a adopte\u0301, en de\u0301cembre 2011, le Cadre Strate\u0301gique pour la Croissance et la Re\u0301duction de la Pauvrete\u0301 (CSCRP) 2012-2017.<\/p>\n<p>Par la suite, les efforts de\u0301ploye\u0301s ont permis de mettre en place un cadre unique de re\u0301fe\u0301rence de mise en \u0153uvre des politiques et strate\u0301gies de de\u0301veloppement, de\u0301nomme\u0301 Cadre strate\u0301gique de Relance Economique et de De\u0301veloppement Durable (CREDD) 2019-2023. Cependant, je dois reconnai\u0302tre que l\u2019ope\u0301rationnalisation de ce re\u0301fe\u0301rentiel s\u2019est effectue\u0301e dans un contexte particulie\u0300rement<\/p>\n<p>difficile, marque\u0301 par la crise politique et se\u0301curitaire au Mali et dans certains pays de la re\u0301gion. Cette situation a e\u0301te\u0301 aggrave\u0301e par les crises sanitaires, comme l\u2019e\u0301pide\u0301mie de la fie\u0300vre a\u0300 virus Ebola et, plus re\u0301cemment, la pande\u0301mie de la COVID-19, aux conse\u0301quences ne\u0301fastes pour nos populations et notre e\u0301conomie.<\/p>\n<p>En effet, comme vous le savez, mon pays, le Mali traverse depuis 2012, une crise multidimensionnelle et complexe, alimente\u0301e par le terrorisme et les trafics en tout genre. Or, le de\u0301veloppement d\u2019un pays reste tributaire de sa stabilite\u0301 durable.<\/p>\n<p>C\u2019est pourquoi, sous l\u2019autorite\u0301 de Son Excellence le Colonel Assimi GOI\u0308TA, Pre\u0301sident de la Transition, Chef de l\u2019Etat, et a\u0300 travers ses orientations pertinentes, le Gouvernement du Mali s\u2019atte\u0300le a\u0300 re\u0301tablir la paix et la se\u0301curite\u0301 sur toute l\u2019e\u0301tendue du territoire national.<\/p>\n<p>Aussi, le Gouvernement continue de de\u0301ployer des efforts importants visant a\u0300 renforcer les capacite\u0301s ope\u0301rationnelles des Forces de de\u0301fense et de se\u0301curite\u0301 maliennes. Je puis vous assurer que ces actions donnent des re\u0301sultats tre\u0300s encourageants sur le terrain, avec la mise hors d\u2019e\u0301tat de nuire de nombreux terroristes, de leurs sanctuaires et bases logistiques. Ces efforts ont permis de re\u0301tablir progressivement l\u2019autorite\u0301 de l\u2019Etat, d\u2019assurer le retour, e\u0301tapes par e\u0301tapes des services de l\u2019Etat, des services sociaux de base et de prote\u0301ger nos populations et leurs biens.<\/p>\n<p>Paralle\u0300lement a\u0300 ces mesures se\u0301curitaires, le Gouvernement est re\u0301solument engage\u0301 dans un processus de re\u0301formes politiques et institutionnelles, en vue de la refondation de l\u2019Etat malien. Ce processus s\u2019inscrit dans le sens d\u2019une gouvernance vertueuse et inclusive, a\u0300 me\u0302me d\u2019assurer une stabilite\u0301 durable des institutions et un avenir meilleur aux populations maliennes, conforme\u0301ment aux recommandations des Assises nationales de la Refondation (ANR), tenues en de\u0301cembre 2021.<\/p>\n<p>Mesdames, Messieurs, C\u2019est aussi le lieu pour moi de rappeler que le Gouvernement du Mali, conforme\u0301ment aux engagements pris avec les organisations re\u0301gionale et sous re\u0301gionale, reste de\u0301termine\u0301 a\u0300 organiser des e\u0301lections cre\u0301dibles et transparentes, suivant le chronogramme convenu en vue d\u2019un retour a\u0300 l\u2019ordre constitutionnel.<\/p>\n<p>De me\u0302me, le Gouvernement s\u2019atte\u0300le a\u0300 la mise en \u0153uvre de l\u2019Accord pour la paix et la re\u0301conciliation, issu du processus d\u2019Alger, dont le chapitre III est consacre\u0301 au de\u0301veloppement des re\u0301gions du nord de notre pays.<\/p>\n<p>Monsieur le Pre\u0301sident, Distingue\u0301s participants, Comme vous pouvez le constater, il s\u2019agit la\u0300 de chantiers tre\u0300s ambitieux au plan national et dont la re\u0301alisation requiert e\u0301galement l\u2019accompagnement des partenaires re\u0301gionaux et internationaux du Mali.<\/p>\n<p>C\u2019est a\u0300 ce titre qu\u2019a\u0300 l\u2019instar des autres Pays les Moins Avance\u0301s, le Mali fonde beaucoup d\u2019espoir sur le Programme d\u2019action de Doha. En effet, ce nouveau cadre de coope\u0301ration pour les dix (10) prochaines anne\u0301es contient des mesures destine\u0301es a\u0300 lever les obstacles au commerce international et a\u0300 la compe\u0301titivite\u0301, y compris l\u2019e\u0301pineuse question des infrastructures e\u0301nerge\u0301tiques et de transport, les restrictions a\u0300 l\u2019importation et a\u0300 l\u2019exportation.<\/p>\n<p>Suivant cette dynamique, la mise en \u0153uvre du Programme Cadre Inte\u0301gre\u0301 Renforce\u0301 en faveur des pays les moins avance\u0301s a permis au Mali de renforcer la dimension commerciale dans les politiques et strate\u0301gies de de\u0301veloppement, notamment en ce qui concerne le renforcement des capacite\u0301s d\u2019offres des produits nationaux a\u0300 forte potentialite\u0301 d\u2019exportation. En ce sens, le Mali s\u2019inscrit dans la dynamique de la mise en \u0153uvre de la troisie\u0300me phase dudit programme.<\/p>\n<p>Mesdames, Messieurs, Est-il ne\u0301cessaire de rappeler que mon Pays, le Mali, est a\u0300 la fois Pays en de\u0301veloppement, mais aussi, Pays sans littoral et subit de plein fouet les impacts ne\u0301fastes des changements climatiques a\u0300 l\u2019origine de nombreux conflits intercommunautaires et de nombreuses vulne\u0301rabilite\u0301s e\u0301cologiques et e\u0301conomiques.<\/p>\n<p>Par ailleurs, comme tous les pays dans ces cate\u0301gories, le Mali est pre\u0301occupe\u0301 par l\u2019inflation, le faible niveau des investissements directs e\u0301trangers, les cou\u0302ts e\u0301leve\u0301s de l\u2019e\u0301nergie, la volatilite\u0301 des marche\u0301s financiers et la perturbation des chai\u0302nes d\u2019approvisionnement et de transport. Ne\u0301anmoins, la bonne gestion des finances publiques a permis un accroissement significatif des recettes budge\u0301taires, une mai\u0302trise des de\u0301penses publiques et une ame\u0301lioration de leur qualite\u0301.<\/p>\n<p>Il importe donc de promouvoir une chai\u0302ne de solidarite\u0301 et de justice internationale, pour lever les obstacles au de\u0301veloppement des Pays les moins avance\u0301s. Le Programme d\u2019Action de Doha est une re\u0301ponse cohe\u0301rente a\u0300 cette demande forte.<\/p>\n<p>Il nous revient a\u0300 pre\u0301sent de travailler ensemble a\u0300 son application diligente et efficace pour les dix (10) prochaines anne\u0301es, en vue de l\u2019ame\u0301lioration des conditions de vie de nos populations, notamment les plus vulne\u0301rables.<\/p>\n<p>Mesdames, Messieurs, A la suite de l\u2019organisation re\u0301ussie de la coupe du monde 2022 de football, la tenue du pre\u0301sent forum indique clairement le ro\u0302le de plus en plus important que l\u2019Etat du Qatar veut jouer dans le concert des Nations.<\/p>\n<p>Pour sa part, le Gouvernement du Mali reste dispose\u0301 a\u0300 coope\u0301rer avec l\u2019ensemble des partenaires pour aider a\u0300 re\u0301aliser ensemble les objectifs convenus dans le nouveau Programme de Doha, bien e\u0301videmment dans le respect des trois principes de\u0301finis par Son Excellence le Colonel Assimi GOITA, Pre\u0301sident de la Transition, Chef de l\u2019Etat, a\u0300 savoir: le respect de la souverainete\u0301 du Mali, le respect des choix strate\u0301giques et de partenariats ope\u0301re\u0301s par le Mali et la de\u0301fense des inte\u0301re\u0302ts vitaux des populations maliennes dans toutes les de\u0301cisions prises.<\/p>\n<p><strong>Pour plus d&rsquo;informations et d&rsquo;analyses sur la <a href=\"https:\/\/www.africa-press.net\/mali\">Mali<\/a>, suivez <a href=\"https:\/\/www.africa-press.net\/\">Africa-Press<\/a><\/strong><\/p>\n","protected":false},"excerpt":{"rendered":"<p>Africa-Press &#8211; Mali. Au Sommet sur les Pays les Moins Avance\u0301s (PMA) Doha, Qatar, 4 mars 2023 Son Excellence Monsieur le Pre\u0301sident de la Re\u0301publique du Malawi, Pre\u0301sident du Sommet, Son Altesse Emir du Qatar, Mesdames et Messieurs les Chefs d\u2019Etat et de Gouvernement, Monsieur le Secre\u0301taire ge\u0301ne\u0301ral de l\u2019Organisation des Nations Unies, Monsieur le [&hellip;]<\/p>\n","protected":false},"author":82,"featured_media":31546,"comment_status":"open","ping_status":"closed","sticky":false,"template":"","format":"standard","meta":{"footnotes":""},"categories":[7,17],"tags":[76,86,19],"class_list":["post-31548","post","type-post","status-publish","format-standard","has-post-thumbnail","hentry","category-politique","category-toutes-les-actualites","tag-africa-press","tag-africa-press-mali","tag-mali"],"yoast_head":"<!-- This site is optimized with the Yoast SEO Premium plugin v26.1 (Yoast SEO v27.0) - https:\/\/yoast.com\/product\/yoast-seo-premium-wordpress\/ -->\n<title>Discours du Docteur Choguel Kokalla Ma\u00efga, au Sommet sur les Pays les Moins Avanc\u00e9s (PMA) Doha - Mali<\/title>\n<meta name=\"description\" content=\"Au Sommet sur les Pays les Moins Avance\u0301s (PMA) Doha, Qatar, 4 mars 2023 Son Excellence Monsieur le Pre\u0301sident de la Re\u0301 ...\" \/>\n<meta name=\"robots\" content=\"index, follow, max-snippet:-1, max-image-preview:large, max-video-preview:-1\" \/>\n<link rel=\"canonical\" href=\"https:\/\/www.africa-press.net\/mali\/politique\/discours-du-docteur-choguel-kokalla-maiga-au-sommet-sur-les-pays-les-moins-avances-pma-doha\" \/>\n<meta property=\"og:locale\" content=\"fr_FR\" \/>\n<meta property=\"og:type\" content=\"article\" \/>\n<meta property=\"og:title\" content=\"Discours du Docteur Choguel Kokalla Ma\u00efga, au Sommet sur les Pays les Moins Avanc\u00e9s (PMA) Doha\" \/>\n<meta property=\"og:description\" content=\"Au Sommet sur les Pays les Moins Avance\u0301s (PMA) Doha, Qatar, 4 mars 2023 Son Excellence Monsieur le Pre\u0301sident de la Re\u0301 ...\" \/>\n<meta property=\"og:url\" content=\"https:\/\/www.africa-press.net\/mali\/politique\/discours-du-docteur-choguel-kokalla-maiga-au-sommet-sur-les-pays-les-moins-avances-pma-doha\" \/>\n<meta property=\"og:site_name\" content=\"Mali\" \/>\n<meta property=\"article:publisher\" content=\"https:\/\/www.facebook.com\/AfricaPressTunisiaa\" \/>\n<meta property=\"article:published_time\" content=\"2023-03-06T17:56:25+00:00\" \/>\n<meta property=\"article:modified_time\" content=\"2023-03-06T18:27:35+00:00\" \/>\n<meta property=\"og:image\" content=\"https:\/\/static.africa-press.net\/mali\/sites\/21\/2023\/03\/postQueueImg_1678112824.01.jpg\" \/>\n\t<meta property=\"og:image:width\" content=\"720\" \/>\n\t<meta property=\"og:image:height\" content=\"480\" \/>\n\t<meta property=\"og:image:type\" content=\"image\/jpeg\" \/>\n<meta name=\"author\" content=\"cfeditorfr\" \/>\n<meta name=\"twitter:card\" content=\"summary_large_image\" \/>\n<meta name=\"twitter:label1\" content=\"\u00c9crit par\" \/>\n\t<meta name=\"twitter:data1\" content=\"cfeditorfr\" \/>\n\t<meta name=\"twitter:label2\" content=\"Dur\u00e9e de lecture estim\u00e9e\" \/>\n\t<meta name=\"twitter:data2\" content=\"8 minutes\" \/>\n<script type=\"application\/ld+json\" class=\"yoast-schema-graph\">{\"@context\":\"https:\/\/schema.org\",\"@graph\":[{\"@type\":\"Article\",\"@id\":\"https:\/\/www.africa-press.net\/mali\/politique\/discours-du-docteur-choguel-kokalla-maiga-au-sommet-sur-les-pays-les-moins-avances-pma-doha#article\",\"isPartOf\":{\"@id\":\"https:\/\/www.africa-press.net\/mali\/politique\/discours-du-docteur-choguel-kokalla-maiga-au-sommet-sur-les-pays-les-moins-avances-pma-doha\"},\"author\":{\"name\":\"cfeditorfr\",\"@id\":\"https:\/\/www.africa-press.net\/mali\/#\/schema\/person\/2b1cf3cd81a31e3cd26889ca66d677f1\"},\"headline\":\"Discours du Docteur Choguel Kokalla Ma\u00efga, au Sommet sur les Pays les Moins Avanc\u00e9s (PMA) Doha\",\"datePublished\":\"2023-03-06T17:56:25+00:00\",\"dateModified\":\"2023-03-06T18:27:35+00:00\",\"mainEntityOfPage\":{\"@id\":\"https:\/\/www.africa-press.net\/mali\/politique\/discours-du-docteur-choguel-kokalla-maiga-au-sommet-sur-les-pays-les-moins-avances-pma-doha\"},\"wordCount\":1692,\"commentCount\":0,\"image\":{\"@id\":\"https:\/\/www.africa-press.net\/mali\/politique\/discours-du-docteur-choguel-kokalla-maiga-au-sommet-sur-les-pays-les-moins-avances-pma-doha#primaryimage\"},\"thumbnailUrl\":\"https:\/\/static.africa-press.net\/mali\/sites\/21\/2023\/03\/postQueueImg_1678112824.01.jpg\",\"keywords\":[\"Africa Press\",\"Africa Press-Mali\",\"mali\"],\"articleSection\":[\"Politique\",\"Toutes les actualit\u00e9s\"],\"inLanguage\":\"fr-FR\",\"potentialAction\":[{\"@type\":\"CommentAction\",\"name\":\"Comment\",\"target\":[\"https:\/\/www.africa-press.net\/mali\/politique\/discours-du-docteur-choguel-kokalla-maiga-au-sommet-sur-les-pays-les-moins-avances-pma-doha#respond\"]}]},{\"@type\":\"WebPage\",\"@id\":\"https:\/\/www.africa-press.net\/mali\/politique\/discours-du-docteur-choguel-kokalla-maiga-au-sommet-sur-les-pays-les-moins-avances-pma-doha\",\"url\":\"https:\/\/www.africa-press.net\/mali\/politique\/discours-du-docteur-choguel-kokalla-maiga-au-sommet-sur-les-pays-les-moins-avances-pma-doha\",\"name\":\"Discours du Docteur Choguel Kokalla Ma\u00efga, au Sommet sur les Pays les Moins Avanc\u00e9s (PMA) Doha - Mali\",\"isPartOf\":{\"@id\":\"https:\/\/www.africa-press.net\/mali\/#website\"},\"primaryImageOfPage\":{\"@id\":\"https:\/\/www.africa-press.net\/mali\/politique\/discours-du-docteur-choguel-kokalla-maiga-au-sommet-sur-les-pays-les-moins-avances-pma-doha#primaryimage\"},\"image\":{\"@id\":\"https:\/\/www.africa-press.net\/mali\/politique\/discours-du-docteur-choguel-kokalla-maiga-au-sommet-sur-les-pays-les-moins-avances-pma-doha#primaryimage\"},\"thumbnailUrl\":\"https:\/\/static.africa-press.net\/mali\/sites\/21\/2023\/03\/postQueueImg_1678112824.01.jpg\",\"datePublished\":\"2023-03-06T17:56:25+00:00\",\"dateModified\":\"2023-03-06T18:27:35+00:00\",\"author\":{\"@id\":\"https:\/\/www.africa-press.net\/mali\/#\/schema\/person\/2b1cf3cd81a31e3cd26889ca66d677f1\"},\"description\":\"Au Sommet sur les Pays les Moins Avance\u0301s (PMA) Doha, Qatar, 4 mars 2023 Son Excellence Monsieur le Pre\u0301sident de la Re\u0301 ...\",\"breadcrumb\":{\"@id\":\"https:\/\/www.africa-press.net\/mali\/politique\/discours-du-docteur-choguel-kokalla-maiga-au-sommet-sur-les-pays-les-moins-avances-pma-doha#breadcrumb\"},\"inLanguage\":\"fr-FR\",\"potentialAction\":[{\"@type\":\"ReadAction\",\"target\":[\"https:\/\/www.africa-press.net\/mali\/politique\/discours-du-docteur-choguel-kokalla-maiga-au-sommet-sur-les-pays-les-moins-avances-pma-doha\"]}]},{\"@type\":\"ImageObject\",\"inLanguage\":\"fr-FR\",\"@id\":\"https:\/\/www.africa-press.net\/mali\/politique\/discours-du-docteur-choguel-kokalla-maiga-au-sommet-sur-les-pays-les-moins-avances-pma-doha#primaryimage\",\"url\":\"https:\/\/static.africa-press.net\/mali\/sites\/21\/2023\/03\/postQueueImg_1678112824.01.jpg\",\"contentUrl\":\"https:\/\/static.africa-press.net\/mali\/sites\/21\/2023\/03\/postQueueImg_1678112824.01.jpg\",\"width\":720,\"height\":480,\"caption\":\"Discours du Docteur Choguel Kokalla Ma\u00efga, au Sommet sur les Pays les Moins Avanc\u00e9s (PMA) Doha\"},{\"@type\":\"BreadcrumbList\",\"@id\":\"https:\/\/www.africa-press.net\/mali\/politique\/discours-du-docteur-choguel-kokalla-maiga-au-sommet-sur-les-pays-les-moins-avances-pma-doha#breadcrumb\",\"itemListElement\":[{\"@type\":\"ListItem\",\"position\":1,\"name\":\"Home\",\"item\":\"https:\/\/www.africa-press.net\/mali\/\"},{\"@type\":\"ListItem\",\"position\":2,\"name\":\"Discours du Docteur Choguel Kokalla Ma\u00efga, au Sommet sur les Pays les Moins Avanc\u00e9s (PMA) Doha\"}]},{\"@type\":\"WebSite\",\"@id\":\"https:\/\/www.africa-press.net\/mali\/#website\",\"url\":\"https:\/\/www.africa-press.net\/mali\/\",\"name\":\"Mali\",\"description\":\"Just another Africa News Agency Sites site\",\"potentialAction\":[{\"@type\":\"SearchAction\",\"target\":{\"@type\":\"EntryPoint\",\"urlTemplate\":\"https:\/\/www.africa-press.net\/mali\/?s={search_term_string}\"},\"query-input\":{\"@type\":\"PropertyValueSpecification\",\"valueRequired\":true,\"valueName\":\"search_term_string\"}}],\"inLanguage\":\"fr-FR\"},{\"@type\":\"Person\",\"@id\":\"https:\/\/www.africa-press.net\/mali\/#\/schema\/person\/2b1cf3cd81a31e3cd26889ca66d677f1\",\"name\":\"cfeditorfr\"}]}<\/script>\n<!-- \/ Yoast SEO Premium plugin. -->","yoast_head_json":{"title":"Discours du Docteur Choguel Kokalla Ma\u00efga, au Sommet sur les Pays les Moins Avanc\u00e9s (PMA) Doha - Mali","description":"Au Sommet sur les Pays les Moins Avance\u0301s (PMA) Doha, Qatar, 4 mars 2023 Son Excellence Monsieur le Pre\u0301sident de la Re\u0301 ...","robots":{"index":"index","follow":"follow","max-snippet":"max-snippet:-1","max-image-preview":"max-image-preview:large","max-video-preview":"max-video-preview:-1"},"canonical":"https:\/\/www.africa-press.net\/mali\/politique\/discours-du-docteur-choguel-kokalla-maiga-au-sommet-sur-les-pays-les-moins-avances-pma-doha","og_locale":"fr_FR","og_type":"article","og_title":"Discours du Docteur Choguel Kokalla Ma\u00efga, au Sommet sur les Pays les Moins Avanc\u00e9s (PMA) Doha","og_description":"Au Sommet sur les Pays les Moins Avance\u0301s (PMA) Doha, Qatar, 4 mars 2023 Son Excellence Monsieur le Pre\u0301sident de la Re\u0301 ...","og_url":"https:\/\/www.africa-press.net\/mali\/politique\/discours-du-docteur-choguel-kokalla-maiga-au-sommet-sur-les-pays-les-moins-avances-pma-doha","og_site_name":"Mali","article_publisher":"https:\/\/www.facebook.com\/AfricaPressTunisiaa","article_published_time":"2023-03-06T17:56:25+00:00","article_modified_time":"2023-03-06T18:27:35+00:00","og_image":[{"width":720,"height":480,"url":"https:\/\/static.africa-press.net\/mali\/sites\/21\/2023\/03\/postQueueImg_1678112824.01.jpg","type":"image\/jpeg"}],"author":"cfeditorfr","twitter_card":"summary_large_image","twitter_misc":{"\u00c9crit par":"cfeditorfr","Dur\u00e9e de lecture estim\u00e9e":"8 minutes"},"schema":{"@context":"https:\/\/schema.org","@graph":[{"@type":"Article","@id":"https:\/\/www.africa-press.net\/mali\/politique\/discours-du-docteur-choguel-kokalla-maiga-au-sommet-sur-les-pays-les-moins-avances-pma-doha#article","isPartOf":{"@id":"https:\/\/www.africa-press.net\/mali\/politique\/discours-du-docteur-choguel-kokalla-maiga-au-sommet-sur-les-pays-les-moins-avances-pma-doha"},"author":{"name":"cfeditorfr","@id":"https:\/\/www.africa-press.net\/mali\/#\/schema\/person\/2b1cf3cd81a31e3cd26889ca66d677f1"},"headline":"Discours du Docteur Choguel Kokalla Ma\u00efga, au Sommet sur les Pays les Moins Avanc\u00e9s (PMA) Doha","datePublished":"2023-03-06T17:56:25+00:00","dateModified":"2023-03-06T18:27:35+00:00","mainEntityOfPage":{"@id":"https:\/\/www.africa-press.net\/mali\/politique\/discours-du-docteur-choguel-kokalla-maiga-au-sommet-sur-les-pays-les-moins-avances-pma-doha"},"wordCount":1692,"commentCount":0,"image":{"@id":"https:\/\/www.africa-press.net\/mali\/politique\/discours-du-docteur-choguel-kokalla-maiga-au-sommet-sur-les-pays-les-moins-avances-pma-doha#primaryimage"},"thumbnailUrl":"https:\/\/static.africa-press.net\/mali\/sites\/21\/2023\/03\/postQueueImg_1678112824.01.jpg","keywords":["Africa Press","Africa Press-Mali","mali"],"articleSection":["Politique","Toutes les actualit\u00e9s"],"inLanguage":"fr-FR","potentialAction":[{"@type":"CommentAction","name":"Comment","target":["https:\/\/www.africa-press.net\/mali\/politique\/discours-du-docteur-choguel-kokalla-maiga-au-sommet-sur-les-pays-les-moins-avances-pma-doha#respond"]}]},{"@type":"WebPage","@id":"https:\/\/www.africa-press.net\/mali\/politique\/discours-du-docteur-choguel-kokalla-maiga-au-sommet-sur-les-pays-les-moins-avances-pma-doha","url":"https:\/\/www.africa-press.net\/mali\/politique\/discours-du-docteur-choguel-kokalla-maiga-au-sommet-sur-les-pays-les-moins-avances-pma-doha","name":"Discours du Docteur Choguel Kokalla Ma\u00efga, au Sommet sur les Pays les Moins Avanc\u00e9s (PMA) Doha - Mali","isPartOf":{"@id":"https:\/\/www.africa-press.net\/mali\/#website"},"primaryImageOfPage":{"@id":"https:\/\/www.africa-press.net\/mali\/politique\/discours-du-docteur-choguel-kokalla-maiga-au-sommet-sur-les-pays-les-moins-avances-pma-doha#primaryimage"},"image":{"@id":"https:\/\/www.africa-press.net\/mali\/politique\/discours-du-docteur-choguel-kokalla-maiga-au-sommet-sur-les-pays-les-moins-avances-pma-doha#primaryimage"},"thumbnailUrl":"https:\/\/static.africa-press.net\/mali\/sites\/21\/2023\/03\/postQueueImg_1678112824.01.jpg","datePublished":"2023-03-06T17:56:25+00:00","dateModified":"2023-03-06T18:27:35+00:00","author":{"@id":"https:\/\/www.africa-press.net\/mali\/#\/schema\/person\/2b1cf3cd81a31e3cd26889ca66d677f1"},"description":"Au Sommet sur les Pays les Moins Avance\u0301s (PMA) Doha, Qatar, 4 mars 2023 Son Excellence Monsieur le Pre\u0301sident de la Re\u0301 ...","breadcrumb":{"@id":"https:\/\/www.africa-press.net\/mali\/politique\/discours-du-docteur-choguel-kokalla-maiga-au-sommet-sur-les-pays-les-moins-avances-pma-doha#breadcrumb"},"inLanguage":"fr-FR","potentialAction":[{"@type":"ReadAction","target":["https:\/\/www.africa-press.net\/mali\/politique\/discours-du-docteur-choguel-kokalla-maiga-au-sommet-sur-les-pays-les-moins-avances-pma-doha"]}]},{"@type":"ImageObject","inLanguage":"fr-FR","@id":"https:\/\/www.africa-press.net\/mali\/politique\/discours-du-docteur-choguel-kokalla-maiga-au-sommet-sur-les-pays-les-moins-avances-pma-doha#primaryimage","url":"https:\/\/static.africa-press.net\/mali\/sites\/21\/2023\/03\/postQueueImg_1678112824.01.jpg","contentUrl":"https:\/\/static.africa-press.net\/mali\/sites\/21\/2023\/03\/postQueueImg_1678112824.01.jpg","width":720,"height":480,"caption":"Discours du Docteur Choguel Kokalla Ma\u00efga, au Sommet sur les Pays les Moins Avanc\u00e9s (PMA) Doha"},{"@type":"BreadcrumbList","@id":"https:\/\/www.africa-press.net\/mali\/politique\/discours-du-docteur-choguel-kokalla-maiga-au-sommet-sur-les-pays-les-moins-avances-pma-doha#breadcrumb","itemListElement":[{"@type":"ListItem","position":1,"name":"Home","item":"https:\/\/www.africa-press.net\/mali\/"},{"@type":"ListItem","position":2,"name":"Discours du Docteur Choguel Kokalla Ma\u00efga, au Sommet sur les Pays les Moins Avanc\u00e9s (PMA) Doha"}]},{"@type":"WebSite","@id":"https:\/\/www.africa-press.net\/mali\/#website","url":"https:\/\/www.africa-press.net\/mali\/","name":"Mali","description":"Just another Africa News Agency Sites site","potentialAction":[{"@type":"SearchAction","target":{"@type":"EntryPoint","urlTemplate":"https:\/\/www.africa-press.net\/mali\/?s={search_term_string}"},"query-input":{"@type":"PropertyValueSpecification","valueRequired":true,"valueName":"search_term_string"}}],"inLanguage":"fr-FR"},{"@type":"Person","@id":"https:\/\/www.africa-press.net\/mali\/#\/schema\/person\/2b1cf3cd81a31e3cd26889ca66d677f1","name":"cfeditorfr"}]}},"_links":{"self":[{"href":"https:\/\/www.africa-press.net\/mali\/wp-json\/wp\/v2\/posts\/31548","targetHints":{"allow":["GET"]}}],"collection":[{"href":"https:\/\/www.africa-press.net\/mali\/wp-json\/wp\/v2\/posts"}],"about":[{"href":"https:\/\/www.africa-press.net\/mali\/wp-json\/wp\/v2\/types\/post"}],"author":[{"embeddable":true,"href":"https:\/\/www.africa-press.net\/mali\/wp-json\/wp\/v2\/users\/82"}],"replies":[{"embeddable":true,"href":"https:\/\/www.africa-press.net\/mali\/wp-json\/wp\/v2\/comments?post=31548"}],"version-history":[{"count":0,"href":"https:\/\/www.africa-press.net\/mali\/wp-json\/wp\/v2\/posts\/31548\/revisions"}],"wp:featuredmedia":[{"embeddable":true,"href":"https:\/\/www.africa-press.net\/mali\/wp-json\/wp\/v2\/media\/31546"}],"wp:attachment":[{"href":"https:\/\/www.africa-press.net\/mali\/wp-json\/wp\/v2\/media?parent=31548"}],"wp:term":[{"taxonomy":"category","embeddable":true,"href":"https:\/\/www.africa-press.net\/mali\/wp-json\/wp\/v2\/categories?post=31548"},{"taxonomy":"post_tag","embeddable":true,"href":"https:\/\/www.africa-press.net\/mali\/wp-json\/wp\/v2\/tags?post=31548"}],"curies":[{"name":"wp","href":"https:\/\/api.w.org\/{rel}","templated":true}]}}