{"id":31555,"date":"2023-03-06T17:58:04","date_gmt":"2023-03-06T17:58:04","guid":{"rendered":"https:\/\/www.africa-press.net\/mali\/politique\/dichotomie-autour-du-candidat-lideal-pour-la-presidentielle-aucun-malien-ne-convient"},"modified":"2023-03-06T18:37:29","modified_gmt":"2023-03-06T18:37:29","slug":"dichotomie-autour-du-candidat-lideal-pour-la-presidentielle-aucun-malien-ne-convient","status":"publish","type":"post","link":"https:\/\/www.africa-press.net\/mali\/politique\/dichotomie-autour-du-candidat-lideal-pour-la-presidentielle-aucun-malien-ne-convient","title":{"rendered":"Dichotomie autour du candidat l\u2019id\u00e9al pour la pr\u00e9sidentielle : Aucun Malien ne convient ?"},"content":{"rendered":"<p><b>Seydou Diakite\u0301<\/b><\/p>\n<p><span style=\"color: #ff6600\"><strong>Africa-Press &#8211; Mali. <\/strong><\/span>A moins d\u2019attendre que la providence nous fasse descendre du ciel le Malien parfait pour la gouvernance, on risque de longtemps de\u0301ambuler dans le vicieux labyrinthe du choix ide\u0301al qui n\u2019existe me\u0302me pas.<\/p>\n<p>En effet, a\u0300 force de vouloir ad vitam aeternam chercher la part crapule de l\u2019autre, le Mali vit une crise de confiance a\u0300 nul autre pareil, aboutissant a\u0300 cette situation rocambolesque qui n\u2019est autre que celle de l\u2019inconvenance de toutes les potentielles candidatures a\u0300 la prochaine pre\u0301sidentielle. A croire que la gestion de notre Mali-Koura soit devenue une mission seigneuriale, personne ne semble avoir un parcours blanc-saint pour prendre la probable succession du colonel pre\u0301sident de la transition, me\u0302me si a\u0300 ce niveau bon nombre de Maliens chantent a\u0300 qui veut l\u2019entendre qu\u2019on s\u2019ente\u0302te a\u0300 chercher ce qu\u2019on a de\u0301ja\u0300 sous la main. Par ailleurs, paralle\u0300lement au fait que beaucoup d\u2019autres de nos concitoyens ne voient aucune alternative a\u0300 une crise poste\u0301lectorale si le tre\u0300s pre\u0301visible scenario notoire de la candidature du seigneur du jour venait a\u0300 se pre\u0301senter, existe e\u0301galement l\u2019imbroglio de l\u2019ambition muette des manitous religieux qui lorgne Koulouba et veulent y acce\u0301der comme de coutume par l\u2019entremise de la personne des politiques et militaires quelque peu machiave\u0301liques. Malgre\u0301 toutes ces petites remarques qui augurent une pre\u0301sidentielle convulsive s\u2019il a lieu en 2024, on espe\u0300re que ces dissensions consistant a\u0300 s\u2019entrent jeter syste\u0301matiquement l\u2019anathe\u0300me et le discre\u0301dit, on aboutira aux yeux de l\u2019e\u0301lectorat a\u0300 un travail d\u2019entonnoir qui le\u0300vera certainement le voile sur les plus et les moins ve\u0301reux susceptibles d\u2019avoir en charge la gestion future du pays.<\/p>\n<p>En tout cas, abstention faite de tout ce qui se passe pre\u0301sentement, la gestion du Mali ne saura e\u0302tre trop bien pour tous ses enfants car ce Mali-Koura tant chante\u0301 est l\u2019initiative et l\u2019aspiration de ce me\u0302me peuple dont une portion juve\u0301nile fort de ses convictions a consenti l\u2019ultime sacrifice, ne l\u2019oublions pas, lors des e\u0301ve\u0300nements des 10, 11,12 juillet 2020. D\u2019autre part, le pays regorge toujours des ressources humaines vertueuses et compe\u0301tentes pre\u0302tes a\u0300 servir leur nation sans e\u0302tre dans des de\u0301bats ste\u0301riles motive\u0301s que par la boulimie du pouvoir.<\/p>\n<p><b>Source : Le De\u0301clic<\/b><\/p>\n<p><strong>Pour plus d&rsquo;informations et d&rsquo;analyses sur la <a href=\"https:\/\/www.africa-press.net\/mali\">Mali<\/a>, suivez <a href=\"https:\/\/www.africa-press.net\/\">Africa-Press<\/a><\/strong><\/p>\n","protected":false},"excerpt":{"rendered":"<p>Seydou Diakite\u0301 Africa-Press &#8211; Mali. A moins d\u2019attendre que la providence nous fasse descendre du ciel le Malien parfait pour la gouvernance, on risque de longtemps de\u0301ambuler dans le vicieux labyrinthe du choix ide\u0301al qui n\u2019existe me\u0302me pas. En effet, a\u0300 force de vouloir ad vitam aeternam chercher la part crapule de l\u2019autre, le Mali [&hellip;]<\/p>\n","protected":false},"author":82,"featured_media":31554,"comment_status":"open","ping_status":"closed","sticky":false,"template":"","format":"standard","meta":{"footnotes":""},"categories":[13,7,17],"tags":[76,86,19],"class_list":["post-31555","post","type-post","status-publish","format-standard","has-post-thumbnail","hentry","category-dossiers","category-politique","category-toutes-les-actualites","tag-africa-press","tag-africa-press-mali","tag-mali"],"yoast_head":"<!-- This site is optimized with the Yoast SEO Premium plugin v26.1 (Yoast SEO v27.0) - https:\/\/yoast.com\/product\/yoast-seo-premium-wordpress\/ -->\n<title>Dichotomie autour du candidat l\u2019id\u00e9al pour la pr\u00e9sidentielle : Aucun Malien ne convient ? - Mali<\/title>\n<meta name=\"description\" content=\"A moins d\u2019attendre que la providence nous fasse descendre du ciel le Malien parfait pour la gouvernance, on risque de lo ...\" \/>\n<meta name=\"robots\" content=\"index, follow, max-snippet:-1, max-image-preview:large, max-video-preview:-1\" \/>\n<link rel=\"canonical\" href=\"https:\/\/www.africa-press.net\/mali\/politique\/dichotomie-autour-du-candidat-lideal-pour-la-presidentielle-aucun-malien-ne-convient\" \/>\n<meta property=\"og:locale\" content=\"fr_FR\" \/>\n<meta property=\"og:type\" content=\"article\" \/>\n<meta property=\"og:title\" content=\"Dichotomie autour du candidat l\u2019id\u00e9al pour la pr\u00e9sidentielle : Aucun Malien ne convient ?\" \/>\n<meta property=\"og:description\" content=\"A moins d\u2019attendre que la providence nous fasse descendre du ciel le Malien parfait pour la gouvernance, on risque de lo ...\" \/>\n<meta property=\"og:url\" content=\"https:\/\/www.africa-press.net\/mali\/politique\/dichotomie-autour-du-candidat-lideal-pour-la-presidentielle-aucun-malien-ne-convient\" \/>\n<meta property=\"og:site_name\" content=\"Mali\" \/>\n<meta property=\"article:publisher\" content=\"https:\/\/www.facebook.com\/AfricaPressTunisiaa\" \/>\n<meta property=\"article:published_time\" content=\"2023-03-06T17:58:04+00:00\" \/>\n<meta property=\"article:modified_time\" content=\"2023-03-06T18:37:29+00:00\" \/>\n<meta property=\"og:image\" content=\"https:\/\/static.africa-press.net\/mali\/sites\/21\/2023\/03\/postQueueImg_1678112925.90.jpg\" \/>\n\t<meta property=\"og:image:width\" content=\"720\" \/>\n\t<meta property=\"og:image:height\" content=\"537\" \/>\n\t<meta property=\"og:image:type\" content=\"image\/jpeg\" \/>\n<meta name=\"author\" content=\"cfeditorfr\" \/>\n<meta name=\"twitter:card\" content=\"summary_large_image\" \/>\n<meta name=\"twitter:label1\" content=\"\u00c9crit par\" \/>\n\t<meta name=\"twitter:data1\" content=\"cfeditorfr\" \/>\n\t<meta name=\"twitter:label2\" content=\"Dur\u00e9e de lecture estim\u00e9e\" \/>\n\t<meta name=\"twitter:data2\" content=\"2 minutes\" \/>\n<script type=\"application\/ld+json\" class=\"yoast-schema-graph\">{\"@context\":\"https:\/\/schema.org\",\"@graph\":[{\"@type\":\"Article\",\"@id\":\"https:\/\/www.africa-press.net\/mali\/politique\/dichotomie-autour-du-candidat-lideal-pour-la-presidentielle-aucun-malien-ne-convient#article\",\"isPartOf\":{\"@id\":\"https:\/\/www.africa-press.net\/mali\/politique\/dichotomie-autour-du-candidat-lideal-pour-la-presidentielle-aucun-malien-ne-convient\"},\"author\":{\"name\":\"cfeditorfr\",\"@id\":\"https:\/\/www.africa-press.net\/mali\/#\/schema\/person\/2b1cf3cd81a31e3cd26889ca66d677f1\"},\"headline\":\"Dichotomie autour du candidat l\u2019id\u00e9al pour la pr\u00e9sidentielle : Aucun Malien ne convient ?\",\"datePublished\":\"2023-03-06T17:58:04+00:00\",\"dateModified\":\"2023-03-06T18:37:29+00:00\",\"mainEntityOfPage\":{\"@id\":\"https:\/\/www.africa-press.net\/mali\/politique\/dichotomie-autour-du-candidat-lideal-pour-la-presidentielle-aucun-malien-ne-convient\"},\"wordCount\":446,\"commentCount\":0,\"image\":{\"@id\":\"https:\/\/www.africa-press.net\/mali\/politique\/dichotomie-autour-du-candidat-lideal-pour-la-presidentielle-aucun-malien-ne-convient#primaryimage\"},\"thumbnailUrl\":\"https:\/\/static.africa-press.net\/mali\/sites\/21\/2023\/03\/postQueueImg_1678112925.90.jpg\",\"keywords\":[\"Africa Press\",\"Africa Press-Mali\",\"mali\"],\"articleSection\":[\"Dossiers\",\"Politique\",\"Toutes les actualit\u00e9s\"],\"inLanguage\":\"fr-FR\",\"potentialAction\":[{\"@type\":\"CommentAction\",\"name\":\"Comment\",\"target\":[\"https:\/\/www.africa-press.net\/mali\/politique\/dichotomie-autour-du-candidat-lideal-pour-la-presidentielle-aucun-malien-ne-convient#respond\"]}]},{\"@type\":\"WebPage\",\"@id\":\"https:\/\/www.africa-press.net\/mali\/politique\/dichotomie-autour-du-candidat-lideal-pour-la-presidentielle-aucun-malien-ne-convient\",\"url\":\"https:\/\/www.africa-press.net\/mali\/politique\/dichotomie-autour-du-candidat-lideal-pour-la-presidentielle-aucun-malien-ne-convient\",\"name\":\"Dichotomie autour du candidat l\u2019id\u00e9al pour la pr\u00e9sidentielle : Aucun Malien ne convient ? - Mali\",\"isPartOf\":{\"@id\":\"https:\/\/www.africa-press.net\/mali\/#website\"},\"primaryImageOfPage\":{\"@id\":\"https:\/\/www.africa-press.net\/mali\/politique\/dichotomie-autour-du-candidat-lideal-pour-la-presidentielle-aucun-malien-ne-convient#primaryimage\"},\"image\":{\"@id\":\"https:\/\/www.africa-press.net\/mali\/politique\/dichotomie-autour-du-candidat-lideal-pour-la-presidentielle-aucun-malien-ne-convient#primaryimage\"},\"thumbnailUrl\":\"https:\/\/static.africa-press.net\/mali\/sites\/21\/2023\/03\/postQueueImg_1678112925.90.jpg\",\"datePublished\":\"2023-03-06T17:58:04+00:00\",\"dateModified\":\"2023-03-06T18:37:29+00:00\",\"author\":{\"@id\":\"https:\/\/www.africa-press.net\/mali\/#\/schema\/person\/2b1cf3cd81a31e3cd26889ca66d677f1\"},\"description\":\"A moins d\u2019attendre que la providence nous fasse descendre du ciel le Malien parfait pour la gouvernance, on risque de lo ...\",\"breadcrumb\":{\"@id\":\"https:\/\/www.africa-press.net\/mali\/politique\/dichotomie-autour-du-candidat-lideal-pour-la-presidentielle-aucun-malien-ne-convient#breadcrumb\"},\"inLanguage\":\"fr-FR\",\"potentialAction\":[{\"@type\":\"ReadAction\",\"target\":[\"https:\/\/www.africa-press.net\/mali\/politique\/dichotomie-autour-du-candidat-lideal-pour-la-presidentielle-aucun-malien-ne-convient\"]}]},{\"@type\":\"ImageObject\",\"inLanguage\":\"fr-FR\",\"@id\":\"https:\/\/www.africa-press.net\/mali\/politique\/dichotomie-autour-du-candidat-lideal-pour-la-presidentielle-aucun-malien-ne-convient#primaryimage\",\"url\":\"https:\/\/static.africa-press.net\/mali\/sites\/21\/2023\/03\/postQueueImg_1678112925.90.jpg\",\"contentUrl\":\"https:\/\/static.africa-press.net\/mali\/sites\/21\/2023\/03\/postQueueImg_1678112925.90.jpg\",\"width\":720,\"height\":537,\"caption\":\"Dichotomie autour du candidat l\u2019id\u00e9al pour la pr\u00e9sidentielle : Aucun Malien ne convient ?\"},{\"@type\":\"BreadcrumbList\",\"@id\":\"https:\/\/www.africa-press.net\/mali\/politique\/dichotomie-autour-du-candidat-lideal-pour-la-presidentielle-aucun-malien-ne-convient#breadcrumb\",\"itemListElement\":[{\"@type\":\"ListItem\",\"position\":1,\"name\":\"Home\",\"item\":\"https:\/\/www.africa-press.net\/mali\/\"},{\"@type\":\"ListItem\",\"position\":2,\"name\":\"Dichotomie autour du candidat l\u2019id\u00e9al pour la pr\u00e9sidentielle : Aucun Malien ne convient ?\"}]},{\"@type\":\"WebSite\",\"@id\":\"https:\/\/www.africa-press.net\/mali\/#website\",\"url\":\"https:\/\/www.africa-press.net\/mali\/\",\"name\":\"Mali\",\"description\":\"Just another Africa News Agency Sites site\",\"potentialAction\":[{\"@type\":\"SearchAction\",\"target\":{\"@type\":\"EntryPoint\",\"urlTemplate\":\"https:\/\/www.africa-press.net\/mali\/?s={search_term_string}\"},\"query-input\":{\"@type\":\"PropertyValueSpecification\",\"valueRequired\":true,\"valueName\":\"search_term_string\"}}],\"inLanguage\":\"fr-FR\"},{\"@type\":\"Person\",\"@id\":\"https:\/\/www.africa-press.net\/mali\/#\/schema\/person\/2b1cf3cd81a31e3cd26889ca66d677f1\",\"name\":\"cfeditorfr\"}]}<\/script>\n<!-- \/ Yoast SEO Premium plugin. -->","yoast_head_json":{"title":"Dichotomie autour du candidat l\u2019id\u00e9al pour la pr\u00e9sidentielle : Aucun Malien ne convient ? - Mali","description":"A moins d\u2019attendre que la providence nous fasse descendre du ciel le Malien parfait pour la gouvernance, on risque de lo ...","robots":{"index":"index","follow":"follow","max-snippet":"max-snippet:-1","max-image-preview":"max-image-preview:large","max-video-preview":"max-video-preview:-1"},"canonical":"https:\/\/www.africa-press.net\/mali\/politique\/dichotomie-autour-du-candidat-lideal-pour-la-presidentielle-aucun-malien-ne-convient","og_locale":"fr_FR","og_type":"article","og_title":"Dichotomie autour du candidat l\u2019id\u00e9al pour la pr\u00e9sidentielle : Aucun Malien ne convient ?","og_description":"A moins d\u2019attendre que la providence nous fasse descendre du ciel le Malien parfait pour la gouvernance, on risque de lo ...","og_url":"https:\/\/www.africa-press.net\/mali\/politique\/dichotomie-autour-du-candidat-lideal-pour-la-presidentielle-aucun-malien-ne-convient","og_site_name":"Mali","article_publisher":"https:\/\/www.facebook.com\/AfricaPressTunisiaa","article_published_time":"2023-03-06T17:58:04+00:00","article_modified_time":"2023-03-06T18:37:29+00:00","og_image":[{"width":720,"height":537,"url":"https:\/\/static.africa-press.net\/mali\/sites\/21\/2023\/03\/postQueueImg_1678112925.90.jpg","type":"image\/jpeg"}],"author":"cfeditorfr","twitter_card":"summary_large_image","twitter_misc":{"\u00c9crit par":"cfeditorfr","Dur\u00e9e de lecture estim\u00e9e":"2 minutes"},"schema":{"@context":"https:\/\/schema.org","@graph":[{"@type":"Article","@id":"https:\/\/www.africa-press.net\/mali\/politique\/dichotomie-autour-du-candidat-lideal-pour-la-presidentielle-aucun-malien-ne-convient#article","isPartOf":{"@id":"https:\/\/www.africa-press.net\/mali\/politique\/dichotomie-autour-du-candidat-lideal-pour-la-presidentielle-aucun-malien-ne-convient"},"author":{"name":"cfeditorfr","@id":"https:\/\/www.africa-press.net\/mali\/#\/schema\/person\/2b1cf3cd81a31e3cd26889ca66d677f1"},"headline":"Dichotomie autour du candidat l\u2019id\u00e9al pour la pr\u00e9sidentielle : Aucun Malien ne convient ?","datePublished":"2023-03-06T17:58:04+00:00","dateModified":"2023-03-06T18:37:29+00:00","mainEntityOfPage":{"@id":"https:\/\/www.africa-press.net\/mali\/politique\/dichotomie-autour-du-candidat-lideal-pour-la-presidentielle-aucun-malien-ne-convient"},"wordCount":446,"commentCount":0,"image":{"@id":"https:\/\/www.africa-press.net\/mali\/politique\/dichotomie-autour-du-candidat-lideal-pour-la-presidentielle-aucun-malien-ne-convient#primaryimage"},"thumbnailUrl":"https:\/\/static.africa-press.net\/mali\/sites\/21\/2023\/03\/postQueueImg_1678112925.90.jpg","keywords":["Africa Press","Africa Press-Mali","mali"],"articleSection":["Dossiers","Politique","Toutes les actualit\u00e9s"],"inLanguage":"fr-FR","potentialAction":[{"@type":"CommentAction","name":"Comment","target":["https:\/\/www.africa-press.net\/mali\/politique\/dichotomie-autour-du-candidat-lideal-pour-la-presidentielle-aucun-malien-ne-convient#respond"]}]},{"@type":"WebPage","@id":"https:\/\/www.africa-press.net\/mali\/politique\/dichotomie-autour-du-candidat-lideal-pour-la-presidentielle-aucun-malien-ne-convient","url":"https:\/\/www.africa-press.net\/mali\/politique\/dichotomie-autour-du-candidat-lideal-pour-la-presidentielle-aucun-malien-ne-convient","name":"Dichotomie autour du candidat l\u2019id\u00e9al pour la pr\u00e9sidentielle : Aucun Malien ne convient ? - Mali","isPartOf":{"@id":"https:\/\/www.africa-press.net\/mali\/#website"},"primaryImageOfPage":{"@id":"https:\/\/www.africa-press.net\/mali\/politique\/dichotomie-autour-du-candidat-lideal-pour-la-presidentielle-aucun-malien-ne-convient#primaryimage"},"image":{"@id":"https:\/\/www.africa-press.net\/mali\/politique\/dichotomie-autour-du-candidat-lideal-pour-la-presidentielle-aucun-malien-ne-convient#primaryimage"},"thumbnailUrl":"https:\/\/static.africa-press.net\/mali\/sites\/21\/2023\/03\/postQueueImg_1678112925.90.jpg","datePublished":"2023-03-06T17:58:04+00:00","dateModified":"2023-03-06T18:37:29+00:00","author":{"@id":"https:\/\/www.africa-press.net\/mali\/#\/schema\/person\/2b1cf3cd81a31e3cd26889ca66d677f1"},"description":"A moins d\u2019attendre que la providence nous fasse descendre du ciel le Malien parfait pour la gouvernance, on risque de lo ...","breadcrumb":{"@id":"https:\/\/www.africa-press.net\/mali\/politique\/dichotomie-autour-du-candidat-lideal-pour-la-presidentielle-aucun-malien-ne-convient#breadcrumb"},"inLanguage":"fr-FR","potentialAction":[{"@type":"ReadAction","target":["https:\/\/www.africa-press.net\/mali\/politique\/dichotomie-autour-du-candidat-lideal-pour-la-presidentielle-aucun-malien-ne-convient"]}]},{"@type":"ImageObject","inLanguage":"fr-FR","@id":"https:\/\/www.africa-press.net\/mali\/politique\/dichotomie-autour-du-candidat-lideal-pour-la-presidentielle-aucun-malien-ne-convient#primaryimage","url":"https:\/\/static.africa-press.net\/mali\/sites\/21\/2023\/03\/postQueueImg_1678112925.90.jpg","contentUrl":"https:\/\/static.africa-press.net\/mali\/sites\/21\/2023\/03\/postQueueImg_1678112925.90.jpg","width":720,"height":537,"caption":"Dichotomie autour du candidat l\u2019id\u00e9al pour la pr\u00e9sidentielle : Aucun Malien ne convient ?"},{"@type":"BreadcrumbList","@id":"https:\/\/www.africa-press.net\/mali\/politique\/dichotomie-autour-du-candidat-lideal-pour-la-presidentielle-aucun-malien-ne-convient#breadcrumb","itemListElement":[{"@type":"ListItem","position":1,"name":"Home","item":"https:\/\/www.africa-press.net\/mali\/"},{"@type":"ListItem","position":2,"name":"Dichotomie autour du candidat l\u2019id\u00e9al pour la pr\u00e9sidentielle : Aucun Malien ne convient ?"}]},{"@type":"WebSite","@id":"https:\/\/www.africa-press.net\/mali\/#website","url":"https:\/\/www.africa-press.net\/mali\/","name":"Mali","description":"Just another Africa News Agency Sites site","potentialAction":[{"@type":"SearchAction","target":{"@type":"EntryPoint","urlTemplate":"https:\/\/www.africa-press.net\/mali\/?s={search_term_string}"},"query-input":{"@type":"PropertyValueSpecification","valueRequired":true,"valueName":"search_term_string"}}],"inLanguage":"fr-FR"},{"@type":"Person","@id":"https:\/\/www.africa-press.net\/mali\/#\/schema\/person\/2b1cf3cd81a31e3cd26889ca66d677f1","name":"cfeditorfr"}]}},"_links":{"self":[{"href":"https:\/\/www.africa-press.net\/mali\/wp-json\/wp\/v2\/posts\/31555","targetHints":{"allow":["GET"]}}],"collection":[{"href":"https:\/\/www.africa-press.net\/mali\/wp-json\/wp\/v2\/posts"}],"about":[{"href":"https:\/\/www.africa-press.net\/mali\/wp-json\/wp\/v2\/types\/post"}],"author":[{"embeddable":true,"href":"https:\/\/www.africa-press.net\/mali\/wp-json\/wp\/v2\/users\/82"}],"replies":[{"embeddable":true,"href":"https:\/\/www.africa-press.net\/mali\/wp-json\/wp\/v2\/comments?post=31555"}],"version-history":[{"count":0,"href":"https:\/\/www.africa-press.net\/mali\/wp-json\/wp\/v2\/posts\/31555\/revisions"}],"wp:featuredmedia":[{"embeddable":true,"href":"https:\/\/www.africa-press.net\/mali\/wp-json\/wp\/v2\/media\/31554"}],"wp:attachment":[{"href":"https:\/\/www.africa-press.net\/mali\/wp-json\/wp\/v2\/media?parent=31555"}],"wp:term":[{"taxonomy":"category","embeddable":true,"href":"https:\/\/www.africa-press.net\/mali\/wp-json\/wp\/v2\/categories?post=31555"},{"taxonomy":"post_tag","embeddable":true,"href":"https:\/\/www.africa-press.net\/mali\/wp-json\/wp\/v2\/tags?post=31555"}],"curies":[{"name":"wp","href":"https:\/\/api.w.org\/{rel}","templated":true}]}}