{"id":31626,"date":"2023-03-07T19:42:46","date_gmt":"2023-03-07T19:42:46","guid":{"rendered":"https:\/\/www.africa-press.net\/mali\/politique\/mali-russie-alliance-contre-le-terrorisme-et-pour-le-combat-diplomatique"},"modified":"2023-03-07T20:20:28","modified_gmt":"2023-03-07T20:20:28","slug":"mali-russie-alliance-contre-le-terrorisme-et-pour-le-combat-diplomatique","status":"publish","type":"post","link":"https:\/\/www.africa-press.net\/mali\/top-nouvelles\/mali-russie-alliance-contre-le-terrorisme-et-pour-le-combat-diplomatique","title":{"rendered":"Mali-Russie : Alliance contre le terrorisme et pour le combat diplomatique"},"content":{"rendered":"<p><span style=\"color: #ff6600\"><strong>Africa-Press &#8211; Mali. <\/strong><\/span>En marge des travaux de la 5e\u0300 confe\u0301rence des Nations unies sur les pays les moins avance\u0301s (PMA), le Premier ministre a multiplie\u0301 les contacts au niveau bilate\u0301ral. Hier, Dr Choguel Kokalla Mai\u0308ga s\u2019est entretenu avec le vice-ministre russe des Affaires e\u0301trange\u0300res, Sergey Vershineen.<\/p>\n<p>C\u2019e\u0301tait en pre\u0301sence du ministre des Affaires e\u0301trange\u0300res et de la Coope\u0301ration internationale, Abdoulaye Diop et d\u2019autres membres de la de\u0301le\u0301gation.<\/p>\n<p>Ces dernie\u0300res anne\u0301es, la coope\u0301ration entre notre pays et la Russie s\u2019est densifie\u0301e. A\u0300 Doha, Sergey Vershineen et Dr Choguel Kokalla Mai\u0308ga ont proce\u0301de\u0301 a\u0300 une analyse de l\u2019e\u0301volution de cette relation bilate\u0301rale.<\/p>\n<p>Un exercice d\u2019autant plus aise\u0301 que les parties ont la me\u0302me lecture des de\u0301fis a\u0300 relever. Elles s\u2019e\u0301paulent sur les plans se\u0301curitaire et diplomatique. Le vice-chef de la diplomatie russe est certain que cette relation se de\u0301veloppera davantage dans tous les domaines. Et pour cause, a-t-il soutenu, \u00abnos inte\u0301re\u0302ts coi\u0308ncident et nous pouvons aller de l\u2019avant sur les plans politique et e\u0301conomique \u00bb.<\/p>\n<p>Tel est e\u0301galement le souhait du chef du gouvernement qui a tenu rappeler a\u0300 \u00ab nos amis russes\u00bb que les choix du Mali s\u2019articulent autour de ces trois principes : le respect de la souverainete\u0301, le respect des choix de partenaires strate\u0301giques et la de\u0301fense des inte\u0301re\u0302ts du peuple malien. Dans toutes ses interventions a\u0300 Doha, le Premier ministre re\u0301pe\u0300te syste\u0301matiquement ces principes, sur la base desquels notre pays de\u0301finit ses relations au niveau bilate\u0301ral. Il se trouve qu\u2019aujourd\u2019hui, s\u2019est-il fe\u0301licite\u0301, \u00ab la Russie tire dans la me\u0302me direction \u00bb.<\/p>\n<p>Ce pays est surtout sur la me\u0302me longueur d\u2019onde que le no\u0302tre sur les questions de souverainete\u0301 et de lutte contre le terrorisme. A\u0300 ce propos, Dr Choguel Kokalla Mai\u0308ga a rappele\u0301 que la Russie a e\u0301te\u0301 l\u2019une des plus grandes victimes de ce fle\u0301au.<\/p>\n<p>Elle a en effet connu, il y a une de\u0301cennie, des attaques terroristes d\u2019envergure. L\u2019on comprend de\u0300s lors le sens de son engagement aux co\u0302te\u0301s du Mali. Pour le Premier ministre, notre pays, dans le cadre de cette coope\u0301ration pragmatique, peut tirer profit de l\u2019expe\u0301rience russe. Mais aussi et surtout, ce pays fre\u0300re, en tant que puissance militaire, peut satisfaire une bonne partie de nos besoins en matie\u0300re d\u2019e\u0301quipements militaires.<\/p>\n<p>En outre, le chef du gouvernement a e\u0301voque\u0301 l\u2019appui que les Russes peuvent apporter au Mali dans le domaine de la se\u0301curite\u0301 alimentaire. Il convient de souligner que les deux E\u0301tats ont de\u0301ja\u0300 conclu des accords importants sur le ble\u0301, les engrais, le pe\u0301trole&#8230; Ils entendent e\u0301largir l\u2019e\u0301ventail a\u0300 d\u2019autres produits.<\/p>\n<p>La volonte\u0301 commune affiche\u0301e lors de cette audience est de poursuivre les e\u0301changes afin de dissiper totalement les proble\u0300mes qu\u2019il y a eu par le passe\u0301 entre notre pays et l\u2019ex-Union sovie\u0301tique. Et ce, pour que \u00abnotre coope\u0301ration soit e\u0301minemment profitable a\u0300 nos deux pays\u00bb, a de\u0301clare\u0301 Dr Choguel Kokalla Mai\u0308ga.<\/p>\n<p>Sur le plan diplomatique, les parties sont convenues de coope\u0301rer davantage au niveau du Syste\u0300me des Nations unies ou\u0300 \u00abcertains ame\u0300nent des embargos contre le Mali et qui sont syste\u0301matiquement bloque\u0301s par les Russes\u00bb. Ces derniers sont aussi tre\u0300s \u00ab enchante\u0301s que nous soyons ensemble pour e\u0301viter la bataille diplomatique contre la Russie\u00bb, a ajoute\u0301 le Premier ministre, convaincu que cette lutte commune contre le terrorisme et pour un re\u0301e\u0301quilibrage des relations internationales, sera force\u0301ment gagnante.<\/p>\n<p>Cette audience s\u2019est e\u0301galement voulu une rencontre pre\u0301paratoire a\u0300 la grande visite que le peuple russe attend du pre\u0301sident de la Transition, le colonel Assimi Goi\u0308ta. Ce de\u0301placement, de l\u2019avis de Choguel Kokalla Mai\u0308ga, sera \u00abl\u2019apoge\u0301e contemporaine de la relation bilate\u0301rale entre les deux pays\u00bb.<\/p>\n<p><strong>Pour plus d&rsquo;informations et d&rsquo;analyses sur la <a href=\"https:\/\/www.africa-press.net\/mali\">Mali<\/a>, suivez <a href=\"https:\/\/www.africa-press.net\/\">Africa-Press<\/a><\/strong><\/p>\n","protected":false},"excerpt":{"rendered":"<p>Africa-Press &#8211; Mali. En marge des travaux de la 5e\u0300 confe\u0301rence des Nations unies sur les pays les moins avance\u0301s (PMA), le Premier ministre a multiplie\u0301 les contacts au niveau bilate\u0301ral. Hier, Dr Choguel Kokalla Mai\u0308ga s\u2019est entretenu avec le vice-ministre russe des Affaires e\u0301trange\u0300res, Sergey Vershineen. C\u2019e\u0301tait en pre\u0301sence du ministre des Affaires e\u0301trange\u0300res [&hellip;]<\/p>\n","protected":false},"author":82,"featured_media":31625,"comment_status":"open","ping_status":"closed","sticky":false,"template":"","format":"standard","meta":{"footnotes":""},"categories":[7,5,17],"tags":[76,86,19],"class_list":["post-31626","post","type-post","status-publish","format-standard","has-post-thumbnail","hentry","category-politique","category-top-nouvelles","category-toutes-les-actualites","tag-africa-press","tag-africa-press-mali","tag-mali"],"yoast_head":"<!-- This site is optimized with the Yoast SEO Premium plugin v26.1 (Yoast SEO v27.0) - https:\/\/yoast.com\/product\/yoast-seo-premium-wordpress\/ -->\n<title>Mali-Russie : Alliance contre le terrorisme et pour le combat diplomatique - Mali<\/title>\n<meta name=\"description\" content=\"En marge des travaux de la 5e\u0300 confe\u0301rence des Nations unies sur les pays les moins avance\u0301s (PMA), le Premier ministre ...\" \/>\n<meta name=\"robots\" content=\"index, follow, max-snippet:-1, max-image-preview:large, max-video-preview:-1\" \/>\n<link rel=\"canonical\" href=\"https:\/\/www.africa-press.net\/mali\/top-nouvelles\/mali-russie-alliance-contre-le-terrorisme-et-pour-le-combat-diplomatique\" \/>\n<meta property=\"og:locale\" content=\"fr_FR\" \/>\n<meta property=\"og:type\" content=\"article\" \/>\n<meta property=\"og:title\" content=\"Mali-Russie : Alliance contre le terrorisme et pour le combat diplomatique\" \/>\n<meta property=\"og:description\" content=\"En marge des travaux de la 5e\u0300 confe\u0301rence des Nations unies sur les pays les moins avance\u0301s (PMA), le Premier ministre ...\" \/>\n<meta property=\"og:url\" content=\"https:\/\/www.africa-press.net\/mali\/top-nouvelles\/mali-russie-alliance-contre-le-terrorisme-et-pour-le-combat-diplomatique\" \/>\n<meta property=\"og:site_name\" content=\"Mali\" \/>\n<meta property=\"article:publisher\" content=\"https:\/\/www.facebook.com\/AfricaPressTunisiaa\" \/>\n<meta property=\"article:published_time\" content=\"2023-03-07T19:42:46+00:00\" \/>\n<meta property=\"article:modified_time\" content=\"2023-03-07T20:20:28+00:00\" \/>\n<meta property=\"og:image\" content=\"https:\/\/static.africa-press.net\/mali\/sites\/21\/2023\/03\/postQueueImg_1678205587.44.jpg\" \/>\n\t<meta property=\"og:image:width\" content=\"720\" \/>\n\t<meta property=\"og:image:height\" content=\"480\" \/>\n\t<meta property=\"og:image:type\" content=\"image\/jpeg\" \/>\n<meta name=\"author\" content=\"cfeditorfr\" \/>\n<meta name=\"twitter:card\" content=\"summary_large_image\" \/>\n<meta name=\"twitter:label1\" content=\"\u00c9crit par\" \/>\n\t<meta name=\"twitter:data1\" content=\"cfeditorfr\" \/>\n\t<meta name=\"twitter:label2\" content=\"Dur\u00e9e de lecture estim\u00e9e\" \/>\n\t<meta name=\"twitter:data2\" content=\"4 minutes\" \/>\n<script type=\"application\/ld+json\" class=\"yoast-schema-graph\">{\"@context\":\"https:\/\/schema.org\",\"@graph\":[{\"@type\":\"Article\",\"@id\":\"https:\/\/www.africa-press.net\/mali\/top-nouvelles\/mali-russie-alliance-contre-le-terrorisme-et-pour-le-combat-diplomatique#article\",\"isPartOf\":{\"@id\":\"https:\/\/www.africa-press.net\/mali\/top-nouvelles\/mali-russie-alliance-contre-le-terrorisme-et-pour-le-combat-diplomatique\"},\"author\":{\"name\":\"cfeditorfr\",\"@id\":\"https:\/\/www.africa-press.net\/mali\/#\/schema\/person\/2b1cf3cd81a31e3cd26889ca66d677f1\"},\"headline\":\"Mali-Russie : Alliance contre le terrorisme et pour le combat diplomatique\",\"datePublished\":\"2023-03-07T19:42:46+00:00\",\"dateModified\":\"2023-03-07T20:20:28+00:00\",\"mainEntityOfPage\":{\"@id\":\"https:\/\/www.africa-press.net\/mali\/top-nouvelles\/mali-russie-alliance-contre-le-terrorisme-et-pour-le-combat-diplomatique\"},\"wordCount\":724,\"commentCount\":0,\"image\":{\"@id\":\"https:\/\/www.africa-press.net\/mali\/top-nouvelles\/mali-russie-alliance-contre-le-terrorisme-et-pour-le-combat-diplomatique#primaryimage\"},\"thumbnailUrl\":\"https:\/\/static.africa-press.net\/mali\/sites\/21\/2023\/03\/postQueueImg_1678205587.44.jpg\",\"keywords\":[\"Africa Press\",\"Africa Press-Mali\",\"mali\"],\"articleSection\":[\"Politique\",\"Top Nouvelles\",\"Toutes les actualit\u00e9s\"],\"inLanguage\":\"fr-FR\",\"potentialAction\":[{\"@type\":\"CommentAction\",\"name\":\"Comment\",\"target\":[\"https:\/\/www.africa-press.net\/mali\/top-nouvelles\/mali-russie-alliance-contre-le-terrorisme-et-pour-le-combat-diplomatique#respond\"]}]},{\"@type\":\"WebPage\",\"@id\":\"https:\/\/www.africa-press.net\/mali\/top-nouvelles\/mali-russie-alliance-contre-le-terrorisme-et-pour-le-combat-diplomatique\",\"url\":\"https:\/\/www.africa-press.net\/mali\/top-nouvelles\/mali-russie-alliance-contre-le-terrorisme-et-pour-le-combat-diplomatique\",\"name\":\"Mali-Russie : Alliance contre le terrorisme et pour le combat diplomatique - Mali\",\"isPartOf\":{\"@id\":\"https:\/\/www.africa-press.net\/mali\/#website\"},\"primaryImageOfPage\":{\"@id\":\"https:\/\/www.africa-press.net\/mali\/top-nouvelles\/mali-russie-alliance-contre-le-terrorisme-et-pour-le-combat-diplomatique#primaryimage\"},\"image\":{\"@id\":\"https:\/\/www.africa-press.net\/mali\/top-nouvelles\/mali-russie-alliance-contre-le-terrorisme-et-pour-le-combat-diplomatique#primaryimage\"},\"thumbnailUrl\":\"https:\/\/static.africa-press.net\/mali\/sites\/21\/2023\/03\/postQueueImg_1678205587.44.jpg\",\"datePublished\":\"2023-03-07T19:42:46+00:00\",\"dateModified\":\"2023-03-07T20:20:28+00:00\",\"author\":{\"@id\":\"https:\/\/www.africa-press.net\/mali\/#\/schema\/person\/2b1cf3cd81a31e3cd26889ca66d677f1\"},\"description\":\"En marge des travaux de la 5e\u0300 confe\u0301rence des Nations unies sur les pays les moins avance\u0301s (PMA), le Premier ministre ...\",\"breadcrumb\":{\"@id\":\"https:\/\/www.africa-press.net\/mali\/top-nouvelles\/mali-russie-alliance-contre-le-terrorisme-et-pour-le-combat-diplomatique#breadcrumb\"},\"inLanguage\":\"fr-FR\",\"potentialAction\":[{\"@type\":\"ReadAction\",\"target\":[\"https:\/\/www.africa-press.net\/mali\/top-nouvelles\/mali-russie-alliance-contre-le-terrorisme-et-pour-le-combat-diplomatique\"]}]},{\"@type\":\"ImageObject\",\"inLanguage\":\"fr-FR\",\"@id\":\"https:\/\/www.africa-press.net\/mali\/top-nouvelles\/mali-russie-alliance-contre-le-terrorisme-et-pour-le-combat-diplomatique#primaryimage\",\"url\":\"https:\/\/static.africa-press.net\/mali\/sites\/21\/2023\/03\/postQueueImg_1678205587.44.jpg\",\"contentUrl\":\"https:\/\/static.africa-press.net\/mali\/sites\/21\/2023\/03\/postQueueImg_1678205587.44.jpg\",\"width\":720,\"height\":480,\"caption\":\"Mali-Russie : Alliance contre le terrorisme et pour le combat diplomatique\"},{\"@type\":\"BreadcrumbList\",\"@id\":\"https:\/\/www.africa-press.net\/mali\/top-nouvelles\/mali-russie-alliance-contre-le-terrorisme-et-pour-le-combat-diplomatique#breadcrumb\",\"itemListElement\":[{\"@type\":\"ListItem\",\"position\":1,\"name\":\"Home\",\"item\":\"https:\/\/www.africa-press.net\/mali\/\"},{\"@type\":\"ListItem\",\"position\":2,\"name\":\"Mali-Russie : Alliance contre le terrorisme et pour le combat diplomatique\"}]},{\"@type\":\"WebSite\",\"@id\":\"https:\/\/www.africa-press.net\/mali\/#website\",\"url\":\"https:\/\/www.africa-press.net\/mali\/\",\"name\":\"Mali\",\"description\":\"Just another Africa News Agency Sites site\",\"potentialAction\":[{\"@type\":\"SearchAction\",\"target\":{\"@type\":\"EntryPoint\",\"urlTemplate\":\"https:\/\/www.africa-press.net\/mali\/?s={search_term_string}\"},\"query-input\":{\"@type\":\"PropertyValueSpecification\",\"valueRequired\":true,\"valueName\":\"search_term_string\"}}],\"inLanguage\":\"fr-FR\"},{\"@type\":\"Person\",\"@id\":\"https:\/\/www.africa-press.net\/mali\/#\/schema\/person\/2b1cf3cd81a31e3cd26889ca66d677f1\",\"name\":\"cfeditorfr\"}]}<\/script>\n<!-- \/ Yoast SEO Premium plugin. -->","yoast_head_json":{"title":"Mali-Russie : Alliance contre le terrorisme et pour le combat diplomatique - Mali","description":"En marge des travaux de la 5e\u0300 confe\u0301rence des Nations unies sur les pays les moins avance\u0301s (PMA), le Premier ministre ...","robots":{"index":"index","follow":"follow","max-snippet":"max-snippet:-1","max-image-preview":"max-image-preview:large","max-video-preview":"max-video-preview:-1"},"canonical":"https:\/\/www.africa-press.net\/mali\/top-nouvelles\/mali-russie-alliance-contre-le-terrorisme-et-pour-le-combat-diplomatique","og_locale":"fr_FR","og_type":"article","og_title":"Mali-Russie : Alliance contre le terrorisme et pour le combat diplomatique","og_description":"En marge des travaux de la 5e\u0300 confe\u0301rence des Nations unies sur les pays les moins avance\u0301s (PMA), le Premier ministre ...","og_url":"https:\/\/www.africa-press.net\/mali\/top-nouvelles\/mali-russie-alliance-contre-le-terrorisme-et-pour-le-combat-diplomatique","og_site_name":"Mali","article_publisher":"https:\/\/www.facebook.com\/AfricaPressTunisiaa","article_published_time":"2023-03-07T19:42:46+00:00","article_modified_time":"2023-03-07T20:20:28+00:00","og_image":[{"width":720,"height":480,"url":"https:\/\/static.africa-press.net\/mali\/sites\/21\/2023\/03\/postQueueImg_1678205587.44.jpg","type":"image\/jpeg"}],"author":"cfeditorfr","twitter_card":"summary_large_image","twitter_misc":{"\u00c9crit par":"cfeditorfr","Dur\u00e9e de lecture estim\u00e9e":"4 minutes"},"schema":{"@context":"https:\/\/schema.org","@graph":[{"@type":"Article","@id":"https:\/\/www.africa-press.net\/mali\/top-nouvelles\/mali-russie-alliance-contre-le-terrorisme-et-pour-le-combat-diplomatique#article","isPartOf":{"@id":"https:\/\/www.africa-press.net\/mali\/top-nouvelles\/mali-russie-alliance-contre-le-terrorisme-et-pour-le-combat-diplomatique"},"author":{"name":"cfeditorfr","@id":"https:\/\/www.africa-press.net\/mali\/#\/schema\/person\/2b1cf3cd81a31e3cd26889ca66d677f1"},"headline":"Mali-Russie : Alliance contre le terrorisme et pour le combat diplomatique","datePublished":"2023-03-07T19:42:46+00:00","dateModified":"2023-03-07T20:20:28+00:00","mainEntityOfPage":{"@id":"https:\/\/www.africa-press.net\/mali\/top-nouvelles\/mali-russie-alliance-contre-le-terrorisme-et-pour-le-combat-diplomatique"},"wordCount":724,"commentCount":0,"image":{"@id":"https:\/\/www.africa-press.net\/mali\/top-nouvelles\/mali-russie-alliance-contre-le-terrorisme-et-pour-le-combat-diplomatique#primaryimage"},"thumbnailUrl":"https:\/\/static.africa-press.net\/mali\/sites\/21\/2023\/03\/postQueueImg_1678205587.44.jpg","keywords":["Africa Press","Africa Press-Mali","mali"],"articleSection":["Politique","Top Nouvelles","Toutes les actualit\u00e9s"],"inLanguage":"fr-FR","potentialAction":[{"@type":"CommentAction","name":"Comment","target":["https:\/\/www.africa-press.net\/mali\/top-nouvelles\/mali-russie-alliance-contre-le-terrorisme-et-pour-le-combat-diplomatique#respond"]}]},{"@type":"WebPage","@id":"https:\/\/www.africa-press.net\/mali\/top-nouvelles\/mali-russie-alliance-contre-le-terrorisme-et-pour-le-combat-diplomatique","url":"https:\/\/www.africa-press.net\/mali\/top-nouvelles\/mali-russie-alliance-contre-le-terrorisme-et-pour-le-combat-diplomatique","name":"Mali-Russie : Alliance contre le terrorisme et pour le combat diplomatique - Mali","isPartOf":{"@id":"https:\/\/www.africa-press.net\/mali\/#website"},"primaryImageOfPage":{"@id":"https:\/\/www.africa-press.net\/mali\/top-nouvelles\/mali-russie-alliance-contre-le-terrorisme-et-pour-le-combat-diplomatique#primaryimage"},"image":{"@id":"https:\/\/www.africa-press.net\/mali\/top-nouvelles\/mali-russie-alliance-contre-le-terrorisme-et-pour-le-combat-diplomatique#primaryimage"},"thumbnailUrl":"https:\/\/static.africa-press.net\/mali\/sites\/21\/2023\/03\/postQueueImg_1678205587.44.jpg","datePublished":"2023-03-07T19:42:46+00:00","dateModified":"2023-03-07T20:20:28+00:00","author":{"@id":"https:\/\/www.africa-press.net\/mali\/#\/schema\/person\/2b1cf3cd81a31e3cd26889ca66d677f1"},"description":"En marge des travaux de la 5e\u0300 confe\u0301rence des Nations unies sur les pays les moins avance\u0301s (PMA), le Premier ministre ...","breadcrumb":{"@id":"https:\/\/www.africa-press.net\/mali\/top-nouvelles\/mali-russie-alliance-contre-le-terrorisme-et-pour-le-combat-diplomatique#breadcrumb"},"inLanguage":"fr-FR","potentialAction":[{"@type":"ReadAction","target":["https:\/\/www.africa-press.net\/mali\/top-nouvelles\/mali-russie-alliance-contre-le-terrorisme-et-pour-le-combat-diplomatique"]}]},{"@type":"ImageObject","inLanguage":"fr-FR","@id":"https:\/\/www.africa-press.net\/mali\/top-nouvelles\/mali-russie-alliance-contre-le-terrorisme-et-pour-le-combat-diplomatique#primaryimage","url":"https:\/\/static.africa-press.net\/mali\/sites\/21\/2023\/03\/postQueueImg_1678205587.44.jpg","contentUrl":"https:\/\/static.africa-press.net\/mali\/sites\/21\/2023\/03\/postQueueImg_1678205587.44.jpg","width":720,"height":480,"caption":"Mali-Russie : Alliance contre le terrorisme et pour le combat diplomatique"},{"@type":"BreadcrumbList","@id":"https:\/\/www.africa-press.net\/mali\/top-nouvelles\/mali-russie-alliance-contre-le-terrorisme-et-pour-le-combat-diplomatique#breadcrumb","itemListElement":[{"@type":"ListItem","position":1,"name":"Home","item":"https:\/\/www.africa-press.net\/mali\/"},{"@type":"ListItem","position":2,"name":"Mali-Russie : Alliance contre le terrorisme et pour le combat diplomatique"}]},{"@type":"WebSite","@id":"https:\/\/www.africa-press.net\/mali\/#website","url":"https:\/\/www.africa-press.net\/mali\/","name":"Mali","description":"Just another Africa News Agency Sites site","potentialAction":[{"@type":"SearchAction","target":{"@type":"EntryPoint","urlTemplate":"https:\/\/www.africa-press.net\/mali\/?s={search_term_string}"},"query-input":{"@type":"PropertyValueSpecification","valueRequired":true,"valueName":"search_term_string"}}],"inLanguage":"fr-FR"},{"@type":"Person","@id":"https:\/\/www.africa-press.net\/mali\/#\/schema\/person\/2b1cf3cd81a31e3cd26889ca66d677f1","name":"cfeditorfr"}]}},"_links":{"self":[{"href":"https:\/\/www.africa-press.net\/mali\/wp-json\/wp\/v2\/posts\/31626","targetHints":{"allow":["GET"]}}],"collection":[{"href":"https:\/\/www.africa-press.net\/mali\/wp-json\/wp\/v2\/posts"}],"about":[{"href":"https:\/\/www.africa-press.net\/mali\/wp-json\/wp\/v2\/types\/post"}],"author":[{"embeddable":true,"href":"https:\/\/www.africa-press.net\/mali\/wp-json\/wp\/v2\/users\/82"}],"replies":[{"embeddable":true,"href":"https:\/\/www.africa-press.net\/mali\/wp-json\/wp\/v2\/comments?post=31626"}],"version-history":[{"count":0,"href":"https:\/\/www.africa-press.net\/mali\/wp-json\/wp\/v2\/posts\/31626\/revisions"}],"wp:featuredmedia":[{"embeddable":true,"href":"https:\/\/www.africa-press.net\/mali\/wp-json\/wp\/v2\/media\/31625"}],"wp:attachment":[{"href":"https:\/\/www.africa-press.net\/mali\/wp-json\/wp\/v2\/media?parent=31626"}],"wp:term":[{"taxonomy":"category","embeddable":true,"href":"https:\/\/www.africa-press.net\/mali\/wp-json\/wp\/v2\/categories?post=31626"},{"taxonomy":"post_tag","embeddable":true,"href":"https:\/\/www.africa-press.net\/mali\/wp-json\/wp\/v2\/tags?post=31626"}],"curies":[{"name":"wp","href":"https:\/\/api.w.org\/{rel}","templated":true}]}}