{"id":31628,"date":"2023-03-07T19:43:58","date_gmt":"2023-03-07T19:43:58","guid":{"rendered":"https:\/\/www.africa-press.net\/mali\/politique\/emmanuel-macron-flingue-la-classe-politique-malienne-des-acteurs-politiques-reagissent"},"modified":"2023-03-07T20:20:50","modified_gmt":"2023-03-07T20:20:50","slug":"emmanuel-macron-flingue-la-classe-politique-malienne-des-acteurs-politiques-reagissent","status":"publish","type":"post","link":"https:\/\/www.africa-press.net\/mali\/politique\/emmanuel-macron-flingue-la-classe-politique-malienne-des-acteurs-politiques-reagissent","title":{"rendered":"Emmanuel Macron \u2018\u2019flingue\u2019\u2019 la classe politique malienne : Des acteurs politiques r\u00e9agissent !"},"content":{"rendered":"<p><span style=\"color: #ff6600\"><strong>Africa-Press &#8211; Mali. <\/strong><\/span>Lors de sa confe\u0301rence de presse du 28 fe\u0301vrier dernier, le Pre\u0301sident de la Re\u0301publique franc\u0327aise, Emmanuel Macron, a jete\u0301 un grand pave\u0301 dans la mare de la classe politique malienne. \u00abNous avons pourtant malgre\u0301 nous assume\u0301 une responsabilite\u0301 exorbitante. Cela nous vaut aujourd\u2019hui d\u2019e\u0302tre l\u2019objet, par amalgame, du rejet qui frappe une classe politique malienne qui a e\u0301choue\u0301 a\u0300 redresser son pays\u00bb, a de\u0301clare\u0301 Emmanuel Macron. Que pensent des hommes politiques de cette sortie du Chef de l\u2019Etat franc\u0327ais ?<\/p>\n<p>Konimba Sidibe\u0301, Pre\u0301sident du MODEC : \u00abLe soutien de la France aux e\u0301lites corrompues est a\u0300 l\u2019origine des difficulte\u0301s actuelles de la France en Afrique\u00bb<\/p>\n<p>\u00abIgnorance, volonte\u0301 de\u0301libe\u0301re\u0301e d\u2019enfumage ou imposture ? C\u2019est ce me\u0302me Macron qui a fe\u0301licite\u0301 IBK apre\u0300s sa re\u0301e\u0301lection avant me\u0302me la validation de la Cour Constitutionnelle par me\u0301pris pour cette Cour, pour la classe politique et le peuple malien qui contestaient cette re\u0301e\u0301lection et sa gouvernance du pays, ainsi que pour tous ceux qui sont attache\u0301s a\u0300 la de\u0301mocratie et l\u2019Etat de droit !<\/p>\n<p>Macron n\u2019a toujours pas compris que c\u2019est cette politique africaine de la France de soutien aux e\u0301lites corrompues pour l\u2019acce\u0300s au pouvoir et son exercice contre les inte\u0301re\u0302ts du peuple malien, tout en sauvegardant les inte\u0301re\u0302ts ne\u0301ocoloniaux, qui est a\u0300 l\u2019origine des difficulte\u0301s actuelles de la France en Afrique. En tenant ce genre de propos, il ne pouvait s\u2019y prendre mieux pour saccager davantage les relations entre la France et l\u2019Afrique.\u00bb<\/p>\n<p>Dr Modibo Soumare\u0301, Pre\u0301sident du Cadre des partis pour le retour a\u0300 l\u2019ordre constitutionnel : \u00abIl y a des sujets beaucoup plus utiles que ces propos de Macron\u00bb<\/p>\n<p>\u00abJe crois que le discours de Macron est un e\u0301piphe\u0301nome\u0300ne par rapport a\u0300 l\u2019e\u0301volution de la situation socio-politique et se\u0301curitaire du Mali. Je crois qu\u2019il y a des sujets beaucoup plus utiles que ces propos de Macron. Mais ce qu\u2019il faut dire, c\u2019est que la classe politique franc\u0327aise aussi a e\u0301choue\u0301 a\u0300 redresser ou me\u0302me a\u0300 transformer la France. L\u2019exemple de la reforme sur les retraites en est l\u2019exemple e\u0301loquent. Les de\u0301file\u0301s des gilets jaunes, il y a un an&#8230; \u00bb Issa Kaou Ndjim, Pre\u0301sident de l\u2019ACRT : \u00abTous les acteurs politiques doivent se mettre ensemble pour sauver l\u2019essentiel&#8230;apre\u0300s l\u2019autocritique \u00bb<\/p>\n<p>Je pense qu\u2019il faut faire la part des choses. Macron est un Pre\u0301sident d\u2019un pays. Pour des raisons politiques, il a fait un discours politique. Dans ce pays, il a parle\u0301 du ro\u0302le et de la responsabilite\u0301 de la classe politique en ge\u0301ne\u0301ral. J\u2019aurais souhaite\u0301 que la classe politique accepte de se mettre ensemble pour faire notre propre autocritique. Cela n\u2019est pas une faiblesse. Je ne veux pas e\u0302tre pre\u0301tentieux. Je pense que tous les acteurs politiques doivent se mettre ensemble pour sauver l\u2019essentiel. C\u0327a nous rendra en position de force pour re\u0301pondre e\u0301ventuellement sans passer par des actes. Je pense que la meilleure re\u0301ponse est le re\u0301sultat. Et aujourd\u2019hui, le re\u0301sultat qu\u2019il faut est de barrer la route au Cnsp dans sa volonte\u0301 de confisquer le pouvoir. Tout le reste, c\u2019est la diversion.<\/p>\n<p><strong>Pour plus d&rsquo;informations et d&rsquo;analyses sur la <a href=\"https:\/\/www.africa-press.net\/mali\">Mali<\/a>, suivez <a href=\"https:\/\/www.africa-press.net\/\">Africa-Press<\/a><\/strong><\/p>\n","protected":false},"excerpt":{"rendered":"<p>Africa-Press &#8211; Mali. Lors de sa confe\u0301rence de presse du 28 fe\u0301vrier dernier, le Pre\u0301sident de la Re\u0301publique franc\u0327aise, Emmanuel Macron, a jete\u0301 un grand pave\u0301 dans la mare de la classe politique malienne. \u00abNous avons pourtant malgre\u0301 nous assume\u0301 une responsabilite\u0301 exorbitante. Cela nous vaut aujourd\u2019hui d\u2019e\u0302tre l\u2019objet, par amalgame, du rejet qui frappe [&hellip;]<\/p>\n","protected":false},"author":82,"featured_media":31627,"comment_status":"open","ping_status":"closed","sticky":false,"template":"","format":"standard","meta":{"footnotes":""},"categories":[7,17],"tags":[76,86,19],"class_list":["post-31628","post","type-post","status-publish","format-standard","has-post-thumbnail","hentry","category-politique","category-toutes-les-actualites","tag-africa-press","tag-africa-press-mali","tag-mali"],"yoast_head":"<!-- This site is optimized with the Yoast SEO Premium plugin v26.1 (Yoast SEO v27.0) - https:\/\/yoast.com\/product\/yoast-seo-premium-wordpress\/ -->\n<title>Emmanuel Macron \u2018\u2019flingue\u2019\u2019 la classe politique malienne : Des acteurs politiques r\u00e9agissent ! - Mali<\/title>\n<meta name=\"description\" content=\"Lors de sa confe\u0301rence de presse du 28 fe\u0301vrier dernier, le Pre\u0301sident de la Re\u0301publique franc\u0327aise, Emmanuel Macron, a ...\" \/>\n<meta name=\"robots\" content=\"index, follow, max-snippet:-1, max-image-preview:large, max-video-preview:-1\" \/>\n<link rel=\"canonical\" href=\"https:\/\/www.africa-press.net\/mali\/politique\/emmanuel-macron-flingue-la-classe-politique-malienne-des-acteurs-politiques-reagissent\" \/>\n<meta property=\"og:locale\" content=\"fr_FR\" \/>\n<meta property=\"og:type\" content=\"article\" \/>\n<meta property=\"og:title\" content=\"Emmanuel Macron \u2018\u2019flingue\u2019\u2019 la classe politique malienne : Des acteurs politiques r\u00e9agissent !\" \/>\n<meta property=\"og:description\" content=\"Lors de sa confe\u0301rence de presse du 28 fe\u0301vrier dernier, le Pre\u0301sident de la Re\u0301publique franc\u0327aise, Emmanuel Macron, a ...\" \/>\n<meta property=\"og:url\" content=\"https:\/\/www.africa-press.net\/mali\/politique\/emmanuel-macron-flingue-la-classe-politique-malienne-des-acteurs-politiques-reagissent\" \/>\n<meta property=\"og:site_name\" content=\"Mali\" \/>\n<meta property=\"article:publisher\" content=\"https:\/\/www.facebook.com\/AfricaPressTunisiaa\" \/>\n<meta property=\"article:published_time\" content=\"2023-03-07T19:43:58+00:00\" \/>\n<meta property=\"article:modified_time\" content=\"2023-03-07T20:20:50+00:00\" \/>\n<meta property=\"og:image\" content=\"https:\/\/static.africa-press.net\/mali\/sites\/21\/2023\/03\/postQueueImg_1678205646.91.jpg\" \/>\n\t<meta property=\"og:image:width\" content=\"720\" \/>\n\t<meta property=\"og:image:height\" content=\"350\" \/>\n\t<meta property=\"og:image:type\" content=\"image\/jpeg\" \/>\n<meta name=\"author\" content=\"cfeditorfr\" \/>\n<meta name=\"twitter:card\" content=\"summary_large_image\" \/>\n<meta name=\"twitter:label1\" content=\"\u00c9crit par\" \/>\n\t<meta name=\"twitter:data1\" content=\"cfeditorfr\" \/>\n\t<meta name=\"twitter:label2\" content=\"Dur\u00e9e de lecture estim\u00e9e\" \/>\n\t<meta name=\"twitter:data2\" content=\"3 minutes\" \/>\n<script type=\"application\/ld+json\" class=\"yoast-schema-graph\">{\"@context\":\"https:\/\/schema.org\",\"@graph\":[{\"@type\":\"Article\",\"@id\":\"https:\/\/www.africa-press.net\/mali\/politique\/emmanuel-macron-flingue-la-classe-politique-malienne-des-acteurs-politiques-reagissent#article\",\"isPartOf\":{\"@id\":\"https:\/\/www.africa-press.net\/mali\/politique\/emmanuel-macron-flingue-la-classe-politique-malienne-des-acteurs-politiques-reagissent\"},\"author\":{\"name\":\"cfeditorfr\",\"@id\":\"https:\/\/www.africa-press.net\/mali\/#\/schema\/person\/2b1cf3cd81a31e3cd26889ca66d677f1\"},\"headline\":\"Emmanuel Macron \u2018\u2019flingue\u2019\u2019 la classe politique malienne : Des acteurs politiques r\u00e9agissent !\",\"datePublished\":\"2023-03-07T19:43:58+00:00\",\"dateModified\":\"2023-03-07T20:20:50+00:00\",\"mainEntityOfPage\":{\"@id\":\"https:\/\/www.africa-press.net\/mali\/politique\/emmanuel-macron-flingue-la-classe-politique-malienne-des-acteurs-politiques-reagissent\"},\"wordCount\":615,\"commentCount\":0,\"image\":{\"@id\":\"https:\/\/www.africa-press.net\/mali\/politique\/emmanuel-macron-flingue-la-classe-politique-malienne-des-acteurs-politiques-reagissent#primaryimage\"},\"thumbnailUrl\":\"https:\/\/static.africa-press.net\/mali\/sites\/21\/2023\/03\/postQueueImg_1678205646.91.jpg\",\"keywords\":[\"Africa Press\",\"Africa Press-Mali\",\"mali\"],\"articleSection\":[\"Politique\",\"Toutes les actualit\u00e9s\"],\"inLanguage\":\"fr-FR\",\"potentialAction\":[{\"@type\":\"CommentAction\",\"name\":\"Comment\",\"target\":[\"https:\/\/www.africa-press.net\/mali\/politique\/emmanuel-macron-flingue-la-classe-politique-malienne-des-acteurs-politiques-reagissent#respond\"]}]},{\"@type\":\"WebPage\",\"@id\":\"https:\/\/www.africa-press.net\/mali\/politique\/emmanuel-macron-flingue-la-classe-politique-malienne-des-acteurs-politiques-reagissent\",\"url\":\"https:\/\/www.africa-press.net\/mali\/politique\/emmanuel-macron-flingue-la-classe-politique-malienne-des-acteurs-politiques-reagissent\",\"name\":\"Emmanuel Macron \u2018\u2019flingue\u2019\u2019 la classe politique malienne : Des acteurs politiques r\u00e9agissent ! - Mali\",\"isPartOf\":{\"@id\":\"https:\/\/www.africa-press.net\/mali\/#website\"},\"primaryImageOfPage\":{\"@id\":\"https:\/\/www.africa-press.net\/mali\/politique\/emmanuel-macron-flingue-la-classe-politique-malienne-des-acteurs-politiques-reagissent#primaryimage\"},\"image\":{\"@id\":\"https:\/\/www.africa-press.net\/mali\/politique\/emmanuel-macron-flingue-la-classe-politique-malienne-des-acteurs-politiques-reagissent#primaryimage\"},\"thumbnailUrl\":\"https:\/\/static.africa-press.net\/mali\/sites\/21\/2023\/03\/postQueueImg_1678205646.91.jpg\",\"datePublished\":\"2023-03-07T19:43:58+00:00\",\"dateModified\":\"2023-03-07T20:20:50+00:00\",\"author\":{\"@id\":\"https:\/\/www.africa-press.net\/mali\/#\/schema\/person\/2b1cf3cd81a31e3cd26889ca66d677f1\"},\"description\":\"Lors de sa confe\u0301rence de presse du 28 fe\u0301vrier dernier, le Pre\u0301sident de la Re\u0301publique franc\u0327aise, Emmanuel Macron, a ...\",\"breadcrumb\":{\"@id\":\"https:\/\/www.africa-press.net\/mali\/politique\/emmanuel-macron-flingue-la-classe-politique-malienne-des-acteurs-politiques-reagissent#breadcrumb\"},\"inLanguage\":\"fr-FR\",\"potentialAction\":[{\"@type\":\"ReadAction\",\"target\":[\"https:\/\/www.africa-press.net\/mali\/politique\/emmanuel-macron-flingue-la-classe-politique-malienne-des-acteurs-politiques-reagissent\"]}]},{\"@type\":\"ImageObject\",\"inLanguage\":\"fr-FR\",\"@id\":\"https:\/\/www.africa-press.net\/mali\/politique\/emmanuel-macron-flingue-la-classe-politique-malienne-des-acteurs-politiques-reagissent#primaryimage\",\"url\":\"https:\/\/static.africa-press.net\/mali\/sites\/21\/2023\/03\/postQueueImg_1678205646.91.jpg\",\"contentUrl\":\"https:\/\/static.africa-press.net\/mali\/sites\/21\/2023\/03\/postQueueImg_1678205646.91.jpg\",\"width\":720,\"height\":350,\"caption\":\"Emmanuel Macron \u2018\u2019flingue\u2019\u2019 la classe politique malienne : Des acteurs politiques r\u00e9agissent !\"},{\"@type\":\"BreadcrumbList\",\"@id\":\"https:\/\/www.africa-press.net\/mali\/politique\/emmanuel-macron-flingue-la-classe-politique-malienne-des-acteurs-politiques-reagissent#breadcrumb\",\"itemListElement\":[{\"@type\":\"ListItem\",\"position\":1,\"name\":\"Home\",\"item\":\"https:\/\/www.africa-press.net\/mali\/\"},{\"@type\":\"ListItem\",\"position\":2,\"name\":\"Emmanuel Macron \u2018\u2019flingue\u2019\u2019 la classe politique malienne : Des acteurs politiques r\u00e9agissent !\"}]},{\"@type\":\"WebSite\",\"@id\":\"https:\/\/www.africa-press.net\/mali\/#website\",\"url\":\"https:\/\/www.africa-press.net\/mali\/\",\"name\":\"Mali\",\"description\":\"Just another Africa News Agency Sites site\",\"potentialAction\":[{\"@type\":\"SearchAction\",\"target\":{\"@type\":\"EntryPoint\",\"urlTemplate\":\"https:\/\/www.africa-press.net\/mali\/?s={search_term_string}\"},\"query-input\":{\"@type\":\"PropertyValueSpecification\",\"valueRequired\":true,\"valueName\":\"search_term_string\"}}],\"inLanguage\":\"fr-FR\"},{\"@type\":\"Person\",\"@id\":\"https:\/\/www.africa-press.net\/mali\/#\/schema\/person\/2b1cf3cd81a31e3cd26889ca66d677f1\",\"name\":\"cfeditorfr\"}]}<\/script>\n<!-- \/ Yoast SEO Premium plugin. -->","yoast_head_json":{"title":"Emmanuel Macron \u2018\u2019flingue\u2019\u2019 la classe politique malienne : Des acteurs politiques r\u00e9agissent ! - Mali","description":"Lors de sa confe\u0301rence de presse du 28 fe\u0301vrier dernier, le Pre\u0301sident de la Re\u0301publique franc\u0327aise, Emmanuel Macron, a ...","robots":{"index":"index","follow":"follow","max-snippet":"max-snippet:-1","max-image-preview":"max-image-preview:large","max-video-preview":"max-video-preview:-1"},"canonical":"https:\/\/www.africa-press.net\/mali\/politique\/emmanuel-macron-flingue-la-classe-politique-malienne-des-acteurs-politiques-reagissent","og_locale":"fr_FR","og_type":"article","og_title":"Emmanuel Macron \u2018\u2019flingue\u2019\u2019 la classe politique malienne : Des acteurs politiques r\u00e9agissent !","og_description":"Lors de sa confe\u0301rence de presse du 28 fe\u0301vrier dernier, le Pre\u0301sident de la Re\u0301publique franc\u0327aise, Emmanuel Macron, a ...","og_url":"https:\/\/www.africa-press.net\/mali\/politique\/emmanuel-macron-flingue-la-classe-politique-malienne-des-acteurs-politiques-reagissent","og_site_name":"Mali","article_publisher":"https:\/\/www.facebook.com\/AfricaPressTunisiaa","article_published_time":"2023-03-07T19:43:58+00:00","article_modified_time":"2023-03-07T20:20:50+00:00","og_image":[{"width":720,"height":350,"url":"https:\/\/static.africa-press.net\/mali\/sites\/21\/2023\/03\/postQueueImg_1678205646.91.jpg","type":"image\/jpeg"}],"author":"cfeditorfr","twitter_card":"summary_large_image","twitter_misc":{"\u00c9crit par":"cfeditorfr","Dur\u00e9e de lecture estim\u00e9e":"3 minutes"},"schema":{"@context":"https:\/\/schema.org","@graph":[{"@type":"Article","@id":"https:\/\/www.africa-press.net\/mali\/politique\/emmanuel-macron-flingue-la-classe-politique-malienne-des-acteurs-politiques-reagissent#article","isPartOf":{"@id":"https:\/\/www.africa-press.net\/mali\/politique\/emmanuel-macron-flingue-la-classe-politique-malienne-des-acteurs-politiques-reagissent"},"author":{"name":"cfeditorfr","@id":"https:\/\/www.africa-press.net\/mali\/#\/schema\/person\/2b1cf3cd81a31e3cd26889ca66d677f1"},"headline":"Emmanuel Macron \u2018\u2019flingue\u2019\u2019 la classe politique malienne : Des acteurs politiques r\u00e9agissent !","datePublished":"2023-03-07T19:43:58+00:00","dateModified":"2023-03-07T20:20:50+00:00","mainEntityOfPage":{"@id":"https:\/\/www.africa-press.net\/mali\/politique\/emmanuel-macron-flingue-la-classe-politique-malienne-des-acteurs-politiques-reagissent"},"wordCount":615,"commentCount":0,"image":{"@id":"https:\/\/www.africa-press.net\/mali\/politique\/emmanuel-macron-flingue-la-classe-politique-malienne-des-acteurs-politiques-reagissent#primaryimage"},"thumbnailUrl":"https:\/\/static.africa-press.net\/mali\/sites\/21\/2023\/03\/postQueueImg_1678205646.91.jpg","keywords":["Africa Press","Africa Press-Mali","mali"],"articleSection":["Politique","Toutes les actualit\u00e9s"],"inLanguage":"fr-FR","potentialAction":[{"@type":"CommentAction","name":"Comment","target":["https:\/\/www.africa-press.net\/mali\/politique\/emmanuel-macron-flingue-la-classe-politique-malienne-des-acteurs-politiques-reagissent#respond"]}]},{"@type":"WebPage","@id":"https:\/\/www.africa-press.net\/mali\/politique\/emmanuel-macron-flingue-la-classe-politique-malienne-des-acteurs-politiques-reagissent","url":"https:\/\/www.africa-press.net\/mali\/politique\/emmanuel-macron-flingue-la-classe-politique-malienne-des-acteurs-politiques-reagissent","name":"Emmanuel Macron \u2018\u2019flingue\u2019\u2019 la classe politique malienne : Des acteurs politiques r\u00e9agissent ! - Mali","isPartOf":{"@id":"https:\/\/www.africa-press.net\/mali\/#website"},"primaryImageOfPage":{"@id":"https:\/\/www.africa-press.net\/mali\/politique\/emmanuel-macron-flingue-la-classe-politique-malienne-des-acteurs-politiques-reagissent#primaryimage"},"image":{"@id":"https:\/\/www.africa-press.net\/mali\/politique\/emmanuel-macron-flingue-la-classe-politique-malienne-des-acteurs-politiques-reagissent#primaryimage"},"thumbnailUrl":"https:\/\/static.africa-press.net\/mali\/sites\/21\/2023\/03\/postQueueImg_1678205646.91.jpg","datePublished":"2023-03-07T19:43:58+00:00","dateModified":"2023-03-07T20:20:50+00:00","author":{"@id":"https:\/\/www.africa-press.net\/mali\/#\/schema\/person\/2b1cf3cd81a31e3cd26889ca66d677f1"},"description":"Lors de sa confe\u0301rence de presse du 28 fe\u0301vrier dernier, le Pre\u0301sident de la Re\u0301publique franc\u0327aise, Emmanuel Macron, a ...","breadcrumb":{"@id":"https:\/\/www.africa-press.net\/mali\/politique\/emmanuel-macron-flingue-la-classe-politique-malienne-des-acteurs-politiques-reagissent#breadcrumb"},"inLanguage":"fr-FR","potentialAction":[{"@type":"ReadAction","target":["https:\/\/www.africa-press.net\/mali\/politique\/emmanuel-macron-flingue-la-classe-politique-malienne-des-acteurs-politiques-reagissent"]}]},{"@type":"ImageObject","inLanguage":"fr-FR","@id":"https:\/\/www.africa-press.net\/mali\/politique\/emmanuel-macron-flingue-la-classe-politique-malienne-des-acteurs-politiques-reagissent#primaryimage","url":"https:\/\/static.africa-press.net\/mali\/sites\/21\/2023\/03\/postQueueImg_1678205646.91.jpg","contentUrl":"https:\/\/static.africa-press.net\/mali\/sites\/21\/2023\/03\/postQueueImg_1678205646.91.jpg","width":720,"height":350,"caption":"Emmanuel Macron \u2018\u2019flingue\u2019\u2019 la classe politique malienne : Des acteurs politiques r\u00e9agissent !"},{"@type":"BreadcrumbList","@id":"https:\/\/www.africa-press.net\/mali\/politique\/emmanuel-macron-flingue-la-classe-politique-malienne-des-acteurs-politiques-reagissent#breadcrumb","itemListElement":[{"@type":"ListItem","position":1,"name":"Home","item":"https:\/\/www.africa-press.net\/mali\/"},{"@type":"ListItem","position":2,"name":"Emmanuel Macron \u2018\u2019flingue\u2019\u2019 la classe politique malienne : Des acteurs politiques r\u00e9agissent !"}]},{"@type":"WebSite","@id":"https:\/\/www.africa-press.net\/mali\/#website","url":"https:\/\/www.africa-press.net\/mali\/","name":"Mali","description":"Just another Africa News Agency Sites site","potentialAction":[{"@type":"SearchAction","target":{"@type":"EntryPoint","urlTemplate":"https:\/\/www.africa-press.net\/mali\/?s={search_term_string}"},"query-input":{"@type":"PropertyValueSpecification","valueRequired":true,"valueName":"search_term_string"}}],"inLanguage":"fr-FR"},{"@type":"Person","@id":"https:\/\/www.africa-press.net\/mali\/#\/schema\/person\/2b1cf3cd81a31e3cd26889ca66d677f1","name":"cfeditorfr"}]}},"_links":{"self":[{"href":"https:\/\/www.africa-press.net\/mali\/wp-json\/wp\/v2\/posts\/31628","targetHints":{"allow":["GET"]}}],"collection":[{"href":"https:\/\/www.africa-press.net\/mali\/wp-json\/wp\/v2\/posts"}],"about":[{"href":"https:\/\/www.africa-press.net\/mali\/wp-json\/wp\/v2\/types\/post"}],"author":[{"embeddable":true,"href":"https:\/\/www.africa-press.net\/mali\/wp-json\/wp\/v2\/users\/82"}],"replies":[{"embeddable":true,"href":"https:\/\/www.africa-press.net\/mali\/wp-json\/wp\/v2\/comments?post=31628"}],"version-history":[{"count":0,"href":"https:\/\/www.africa-press.net\/mali\/wp-json\/wp\/v2\/posts\/31628\/revisions"}],"wp:featuredmedia":[{"embeddable":true,"href":"https:\/\/www.africa-press.net\/mali\/wp-json\/wp\/v2\/media\/31627"}],"wp:attachment":[{"href":"https:\/\/www.africa-press.net\/mali\/wp-json\/wp\/v2\/media?parent=31628"}],"wp:term":[{"taxonomy":"category","embeddable":true,"href":"https:\/\/www.africa-press.net\/mali\/wp-json\/wp\/v2\/categories?post=31628"},{"taxonomy":"post_tag","embeddable":true,"href":"https:\/\/www.africa-press.net\/mali\/wp-json\/wp\/v2\/tags?post=31628"}],"curies":[{"name":"wp","href":"https:\/\/api.w.org\/{rel}","templated":true}]}}