{"id":31631,"date":"2023-03-07T19:44:47","date_gmt":"2023-03-07T19:44:47","guid":{"rendered":"https:\/\/www.africa-press.net\/mali\/politique\/seydou-amadou-toure-president-des-f-a-c-monsieur-emmanuel-macron-vous-etes-a-la-base-de-lechec-de-cette-vieille-garde"},"modified":"2023-03-07T20:21:26","modified_gmt":"2023-03-07T20:21:26","slug":"seydou-amadou-toure-president-des-f-a-c-monsieur-emmanuel-macron-vous-etes-a-la-base-de-lechec-de-cette-vieille-garde","status":"publish","type":"post","link":"https:\/\/www.africa-press.net\/mali\/dossiers\/seydou-amadou-toure-president-des-f-a-c-monsieur-emmanuel-macron-vous-etes-a-la-base-de-lechec-de-cette-vieille-garde","title":{"rendered":"Seydou Amadou Tour\u00e9, Pr\u00e9sident des F.A.C : \u00abMonsieur Emmanuel Macron, vous \u00eates \u00e0 la base de l\u2019\u00e9chec de cette vieille garde !\u00bb"},"content":{"rendered":"<p><b>par Ousmane Tangara<\/b><\/p>\n<p><span style=\"color: #ff6600\"><strong>Africa-Press &#8211; Mali. <\/strong><\/span>Seydou Amadou Toure\u0301, Pre\u0301sident des F.A.C : \u00abMonsieur Emmanuel Macron, vous e\u0302tes a\u0300 la base de l\u2019e\u0301chec de cette vieille garde !\u00bb \u00ab &#8230; Je m\u2019inscris en faux contre cette de\u0301claration, je qualifie cette alle\u0301gation de fallacieuse, infonde\u0301e et injustifie\u0301e. Connaissez-vous tous les partis politiques du Mali ? Savez-vous faire la distinction entre les partis politiques et les hommes politiques ? Savez-vous qu\u2019il existe au Mali des partis et hommes politiques qui n\u2019ont jamais ni pre\u0300s ni de loin e\u0301te\u0301 associe\u0301s a\u0300 la gestion de l\u2019E\u0301tat ?<\/p>\n<p>Il fallait donc e\u0302tre explicite en pre\u0301cisant les hommes politiques dont il s\u2019agit. Cependant, Monsieur Emmanuel Macron, je comprends votre frustration, votre haine, votre de\u0301sarroi et de\u0301ception a\u0300 l\u2019endroit de la classe politique malienne.<\/p>\n<p>Oui je vous comprends : vous parlez des partis politiques qui ont ge\u0301re\u0301 l\u2019E\u0301tat du Mali de 1991 a\u0300 nos jours. Vous parlez des partis politiques que vous financez, que vous parrainez, a\u0300 travers l\u2019international socialiste et l\u2019international libe\u0301ral, dans le but funeste de conque\u0301rir le pouvoir afin d\u2019appliquer votre politique. Je parle de la politique franc\u0327aise en Re\u0301publique du Mali, aux fins de maintenir l\u2019he\u0301ge\u0301monie sur le Mali en particulier, et l\u2019Afrique en ge\u0301ne\u0301ral.<\/p>\n<p>Oui, Monsieur Emmanuel Macron : votre propos s\u2019adresse a\u0300 ceux-ci. D\u2019apre\u0300s vous, cette vieille garde de la classe politique malienne a e\u0301choue\u0301 car, tout simplement, le service rendu n\u2019a pas e\u0301te\u0301 a\u0300 la hauteur de vos attentes.<\/p>\n<p>Monsieur Emmanuel Macron, vous e\u0302tes a\u0300 la base de l\u2019e\u0301chec de cette vieille garde ! C\u2019est vous et la France qui avez introduit l\u2019achat de conscience, le ne\u0301potisme, le syste\u0300me de fraudes massives dans nos e\u0301lections a\u0300 travers vos financements ille\u0301gaux et ille\u0301gitimes de ces partis politiques auxquels vous faites allusion. Vous et la France e\u0302tes les principaux auteurs du de\u0301sordre qui s\u2019installe au Mali en particulier et en Afrique en ge\u0301ne\u0301ral.<\/p>\n<p>Monsieur Emmanuel Macron, la France est tombe\u0301e dans son propre pie\u0300ge, a\u0300 travers votre politique des affaires e\u0301trange\u0300res caduque ! Des de\u0301cennies durant, le Mali et l\u2019Afrique n\u2019attendaient de la France que de changer cette politique apocalyptique, qui a atteint ses limites, qui est a\u0300 un niveau de putre\u0301faction avance\u0301e, en adoptant un partenariat gagnant-gagnant dans le respect mutuel.<\/p>\n<p>Monsieur Emmanuel Macron c\u2019est trop tard de penser, ici et maintenant, a\u0300 un changement de politique des affaires e\u0301trange\u0300res, parce que le Mali et l\u2019Afrique ont file\u0301 entre vos doigts. Le Mali et l\u2019Afrique ont de\u0301cide\u0301 de prendre leur destin en main. Nul ne pourra nous de\u0301vier de ce chemin. Il y va de notre honneur et de notre dignite\u0301.<\/p>\n<p>Monsieur Emmanuel Macron, je vous apprends qu\u2019en Re\u0301publique du Mali, il existe des hommes politiques dignes, debout, travailleurs, dans l\u2019honneur et la dignite\u0301, des hommes politiques, inde\u0301pendants d\u2019esprit, qui ne sont infe\u0301ode\u0301s a\u0300 une quelconque association internationale. Vous avez en Re\u0301publique du Mali des hommes politiques qui sont des nationalistes convaincus, qui n\u2019ont que le Mali au tre\u0301fonds de leur a\u0302me.<\/p>\n<p>Monsieur Emmanuel Macron, vous devriez respecter me\u0302me ceux a\u0300 qui vous faites allusion, car ils ont fait ce qu\u2019ils ont pu pour le Mali. Vous devez leur rendre hommage et exprimer votre gratitude et votre reconnaissance parce qu\u2019ils ont rendu service a\u0300 la France par le passe\u0301.<\/p>\n<p>Mais force est de constater que chaque chose a une fin. Je vous pre\u0301dis la fin de l\u2019he\u0301ge\u0301monie de la France en Re\u0301publique du Mali et en Afrique pour la simple raison que nous n\u2019accepterons jamais, au grand jamais, les erreurs qui ont e\u0301te\u0301 commises par nos devanciers. Le Mali fu\u0302t, le Mali est et le Mali sera. Vive la Re\u0301publique ! Vive le Mali ! Qu\u2019Allah be\u0301nisse le Mali !\u00bb.<\/p>\n<p><strong>Pour plus d&rsquo;informations et d&rsquo;analyses sur la <a href=\"https:\/\/www.africa-press.net\/mali\">Mali<\/a>, suivez <a href=\"https:\/\/www.africa-press.net\/\">Africa-Press<\/a><\/strong><\/p>\n","protected":false},"excerpt":{"rendered":"<p>par Ousmane Tangara Africa-Press &#8211; Mali. Seydou Amadou Toure\u0301, Pre\u0301sident des F.A.C : \u00abMonsieur Emmanuel Macron, vous e\u0302tes a\u0300 la base de l\u2019e\u0301chec de cette vieille garde !\u00bb \u00ab &#8230; Je m\u2019inscris en faux contre cette de\u0301claration, je qualifie cette alle\u0301gation de fallacieuse, infonde\u0301e et injustifie\u0301e. Connaissez-vous tous les partis politiques du Mali ? Savez-vous [&hellip;]<\/p>\n","protected":false},"author":82,"featured_media":31629,"comment_status":"open","ping_status":"closed","sticky":false,"template":"","format":"standard","meta":{"footnotes":""},"categories":[13,17],"tags":[76,86,19],"class_list":["post-31631","post","type-post","status-publish","format-standard","has-post-thumbnail","hentry","category-dossiers","category-toutes-les-actualites","tag-africa-press","tag-africa-press-mali","tag-mali"],"yoast_head":"<!-- This site is optimized with the Yoast SEO Premium plugin v26.1 (Yoast SEO v27.0) - https:\/\/yoast.com\/product\/yoast-seo-premium-wordpress\/ -->\n<title>Seydou Amadou Tour\u00e9, Pr\u00e9sident des F.A.C : \u00abMonsieur Emmanuel Macron, vous \u00eates \u00e0 la base de l\u2019\u00e9chec de cette vieille garde !\u00bb - Mali<\/title>\n<meta name=\"description\" content=\"Seydou Amadou Toure\u0301, Pre\u0301sident des F.A.C : \u00abMonsieur Emmanuel Macron, vous e\u0302tes a\u0300 la base de l\u2019e\u0301chec de cette vieil ...\" \/>\n<meta name=\"robots\" content=\"index, follow, max-snippet:-1, max-image-preview:large, max-video-preview:-1\" \/>\n<link rel=\"canonical\" href=\"https:\/\/www.africa-press.net\/mali\/dossiers\/seydou-amadou-toure-president-des-f-a-c-monsieur-emmanuel-macron-vous-etes-a-la-base-de-lechec-de-cette-vieille-garde\" \/>\n<meta property=\"og:locale\" content=\"fr_FR\" \/>\n<meta property=\"og:type\" content=\"article\" \/>\n<meta property=\"og:title\" content=\"Seydou Amadou Tour\u00e9, Pr\u00e9sident des F.A.C : \u00abMonsieur Emmanuel Macron, vous \u00eates \u00e0 la base de l\u2019\u00e9chec de cette vieille garde !\u00bb\" \/>\n<meta property=\"og:description\" content=\"Seydou Amadou Toure\u0301, Pre\u0301sident des F.A.C : \u00abMonsieur Emmanuel Macron, vous e\u0302tes a\u0300 la base de l\u2019e\u0301chec de cette vieil ...\" \/>\n<meta property=\"og:url\" content=\"https:\/\/www.africa-press.net\/mali\/dossiers\/seydou-amadou-toure-president-des-f-a-c-monsieur-emmanuel-macron-vous-etes-a-la-base-de-lechec-de-cette-vieille-garde\" \/>\n<meta property=\"og:site_name\" content=\"Mali\" \/>\n<meta property=\"article:publisher\" content=\"https:\/\/www.facebook.com\/AfricaPressTunisiaa\" \/>\n<meta property=\"article:published_time\" content=\"2023-03-07T19:44:47+00:00\" \/>\n<meta property=\"article:modified_time\" content=\"2023-03-07T20:21:26+00:00\" \/>\n<meta property=\"og:image\" content=\"https:\/\/static.africa-press.net\/mali\/sites\/21\/2023\/03\/postQueueImg_1678205754.81.jpg\" \/>\n\t<meta property=\"og:image:width\" content=\"720\" \/>\n\t<meta property=\"og:image:height\" content=\"558\" \/>\n\t<meta property=\"og:image:type\" content=\"image\/jpeg\" \/>\n<meta name=\"author\" content=\"cfeditorfr\" \/>\n<meta name=\"twitter:card\" content=\"summary_large_image\" \/>\n<meta name=\"twitter:label1\" content=\"\u00c9crit par\" \/>\n\t<meta name=\"twitter:data1\" content=\"cfeditorfr\" \/>\n\t<meta name=\"twitter:label2\" content=\"Dur\u00e9e de lecture estim\u00e9e\" \/>\n\t<meta name=\"twitter:data2\" content=\"4 minutes\" \/>\n<script type=\"application\/ld+json\" class=\"yoast-schema-graph\">{\"@context\":\"https:\/\/schema.org\",\"@graph\":[{\"@type\":\"Article\",\"@id\":\"https:\/\/www.africa-press.net\/mali\/dossiers\/seydou-amadou-toure-president-des-f-a-c-monsieur-emmanuel-macron-vous-etes-a-la-base-de-lechec-de-cette-vieille-garde#article\",\"isPartOf\":{\"@id\":\"https:\/\/www.africa-press.net\/mali\/dossiers\/seydou-amadou-toure-president-des-f-a-c-monsieur-emmanuel-macron-vous-etes-a-la-base-de-lechec-de-cette-vieille-garde\"},\"author\":{\"name\":\"cfeditorfr\",\"@id\":\"https:\/\/www.africa-press.net\/mali\/#\/schema\/person\/2b1cf3cd81a31e3cd26889ca66d677f1\"},\"headline\":\"Seydou Amadou Tour\u00e9, Pr\u00e9sident des F.A.C : \u00abMonsieur Emmanuel Macron, vous \u00eates \u00e0 la base de l\u2019\u00e9chec de cette vieille garde !\u00bb\",\"datePublished\":\"2023-03-07T19:44:47+00:00\",\"dateModified\":\"2023-03-07T20:21:26+00:00\",\"mainEntityOfPage\":{\"@id\":\"https:\/\/www.africa-press.net\/mali\/dossiers\/seydou-amadou-toure-president-des-f-a-c-monsieur-emmanuel-macron-vous-etes-a-la-base-de-lechec-de-cette-vieille-garde\"},\"wordCount\":731,\"commentCount\":0,\"image\":{\"@id\":\"https:\/\/www.africa-press.net\/mali\/dossiers\/seydou-amadou-toure-president-des-f-a-c-monsieur-emmanuel-macron-vous-etes-a-la-base-de-lechec-de-cette-vieille-garde#primaryimage\"},\"thumbnailUrl\":\"https:\/\/static.africa-press.net\/mali\/sites\/21\/2023\/03\/postQueueImg_1678205754.81.jpg\",\"keywords\":[\"Africa Press\",\"Africa Press-Mali\",\"mali\"],\"articleSection\":[\"Dossiers\",\"Toutes les actualit\u00e9s\"],\"inLanguage\":\"fr-FR\",\"potentialAction\":[{\"@type\":\"CommentAction\",\"name\":\"Comment\",\"target\":[\"https:\/\/www.africa-press.net\/mali\/dossiers\/seydou-amadou-toure-president-des-f-a-c-monsieur-emmanuel-macron-vous-etes-a-la-base-de-lechec-de-cette-vieille-garde#respond\"]}]},{\"@type\":\"WebPage\",\"@id\":\"https:\/\/www.africa-press.net\/mali\/dossiers\/seydou-amadou-toure-president-des-f-a-c-monsieur-emmanuel-macron-vous-etes-a-la-base-de-lechec-de-cette-vieille-garde\",\"url\":\"https:\/\/www.africa-press.net\/mali\/dossiers\/seydou-amadou-toure-president-des-f-a-c-monsieur-emmanuel-macron-vous-etes-a-la-base-de-lechec-de-cette-vieille-garde\",\"name\":\"Seydou Amadou Tour\u00e9, Pr\u00e9sident des F.A.C : \u00abMonsieur Emmanuel Macron, vous \u00eates \u00e0 la base de l\u2019\u00e9chec de cette vieille garde !\u00bb - Mali\",\"isPartOf\":{\"@id\":\"https:\/\/www.africa-press.net\/mali\/#website\"},\"primaryImageOfPage\":{\"@id\":\"https:\/\/www.africa-press.net\/mali\/dossiers\/seydou-amadou-toure-president-des-f-a-c-monsieur-emmanuel-macron-vous-etes-a-la-base-de-lechec-de-cette-vieille-garde#primaryimage\"},\"image\":{\"@id\":\"https:\/\/www.africa-press.net\/mali\/dossiers\/seydou-amadou-toure-president-des-f-a-c-monsieur-emmanuel-macron-vous-etes-a-la-base-de-lechec-de-cette-vieille-garde#primaryimage\"},\"thumbnailUrl\":\"https:\/\/static.africa-press.net\/mali\/sites\/21\/2023\/03\/postQueueImg_1678205754.81.jpg\",\"datePublished\":\"2023-03-07T19:44:47+00:00\",\"dateModified\":\"2023-03-07T20:21:26+00:00\",\"author\":{\"@id\":\"https:\/\/www.africa-press.net\/mali\/#\/schema\/person\/2b1cf3cd81a31e3cd26889ca66d677f1\"},\"description\":\"Seydou Amadou Toure\u0301, Pre\u0301sident des F.A.C : \u00abMonsieur Emmanuel Macron, vous e\u0302tes a\u0300 la base de l\u2019e\u0301chec de cette vieil ...\",\"breadcrumb\":{\"@id\":\"https:\/\/www.africa-press.net\/mali\/dossiers\/seydou-amadou-toure-president-des-f-a-c-monsieur-emmanuel-macron-vous-etes-a-la-base-de-lechec-de-cette-vieille-garde#breadcrumb\"},\"inLanguage\":\"fr-FR\",\"potentialAction\":[{\"@type\":\"ReadAction\",\"target\":[\"https:\/\/www.africa-press.net\/mali\/dossiers\/seydou-amadou-toure-president-des-f-a-c-monsieur-emmanuel-macron-vous-etes-a-la-base-de-lechec-de-cette-vieille-garde\"]}]},{\"@type\":\"ImageObject\",\"inLanguage\":\"fr-FR\",\"@id\":\"https:\/\/www.africa-press.net\/mali\/dossiers\/seydou-amadou-toure-president-des-f-a-c-monsieur-emmanuel-macron-vous-etes-a-la-base-de-lechec-de-cette-vieille-garde#primaryimage\",\"url\":\"https:\/\/static.africa-press.net\/mali\/sites\/21\/2023\/03\/postQueueImg_1678205754.81.jpg\",\"contentUrl\":\"https:\/\/static.africa-press.net\/mali\/sites\/21\/2023\/03\/postQueueImg_1678205754.81.jpg\",\"width\":720,\"height\":558,\"caption\":\"Seydou Amadou Tour\u00e9, Pr\u00e9sident des F.A.C : \u00abMonsieur Emmanuel Macron, vous \u00eates \u00e0 la base de l\u2019\u00e9chec de cette vieille garde !\u00bb\"},{\"@type\":\"BreadcrumbList\",\"@id\":\"https:\/\/www.africa-press.net\/mali\/dossiers\/seydou-amadou-toure-president-des-f-a-c-monsieur-emmanuel-macron-vous-etes-a-la-base-de-lechec-de-cette-vieille-garde#breadcrumb\",\"itemListElement\":[{\"@type\":\"ListItem\",\"position\":1,\"name\":\"Home\",\"item\":\"https:\/\/www.africa-press.net\/mali\/\"},{\"@type\":\"ListItem\",\"position\":2,\"name\":\"Seydou Amadou Tour\u00e9, Pr\u00e9sident des F.A.C : \u00abMonsieur Emmanuel Macron, vous \u00eates \u00e0 la base de l\u2019\u00e9chec de cette vieille garde !\u00bb\"}]},{\"@type\":\"WebSite\",\"@id\":\"https:\/\/www.africa-press.net\/mali\/#website\",\"url\":\"https:\/\/www.africa-press.net\/mali\/\",\"name\":\"Mali\",\"description\":\"Just another Africa News Agency Sites site\",\"potentialAction\":[{\"@type\":\"SearchAction\",\"target\":{\"@type\":\"EntryPoint\",\"urlTemplate\":\"https:\/\/www.africa-press.net\/mali\/?s={search_term_string}\"},\"query-input\":{\"@type\":\"PropertyValueSpecification\",\"valueRequired\":true,\"valueName\":\"search_term_string\"}}],\"inLanguage\":\"fr-FR\"},{\"@type\":\"Person\",\"@id\":\"https:\/\/www.africa-press.net\/mali\/#\/schema\/person\/2b1cf3cd81a31e3cd26889ca66d677f1\",\"name\":\"cfeditorfr\"}]}<\/script>\n<!-- \/ Yoast SEO Premium plugin. -->","yoast_head_json":{"title":"Seydou Amadou Tour\u00e9, Pr\u00e9sident des F.A.C : \u00abMonsieur Emmanuel Macron, vous \u00eates \u00e0 la base de l\u2019\u00e9chec de cette vieille garde !\u00bb - Mali","description":"Seydou Amadou Toure\u0301, Pre\u0301sident des F.A.C : \u00abMonsieur Emmanuel Macron, vous e\u0302tes a\u0300 la base de l\u2019e\u0301chec de cette vieil ...","robots":{"index":"index","follow":"follow","max-snippet":"max-snippet:-1","max-image-preview":"max-image-preview:large","max-video-preview":"max-video-preview:-1"},"canonical":"https:\/\/www.africa-press.net\/mali\/dossiers\/seydou-amadou-toure-president-des-f-a-c-monsieur-emmanuel-macron-vous-etes-a-la-base-de-lechec-de-cette-vieille-garde","og_locale":"fr_FR","og_type":"article","og_title":"Seydou Amadou Tour\u00e9, Pr\u00e9sident des F.A.C : \u00abMonsieur Emmanuel Macron, vous \u00eates \u00e0 la base de l\u2019\u00e9chec de cette vieille garde !\u00bb","og_description":"Seydou Amadou Toure\u0301, Pre\u0301sident des F.A.C : \u00abMonsieur Emmanuel Macron, vous e\u0302tes a\u0300 la base de l\u2019e\u0301chec de cette vieil ...","og_url":"https:\/\/www.africa-press.net\/mali\/dossiers\/seydou-amadou-toure-president-des-f-a-c-monsieur-emmanuel-macron-vous-etes-a-la-base-de-lechec-de-cette-vieille-garde","og_site_name":"Mali","article_publisher":"https:\/\/www.facebook.com\/AfricaPressTunisiaa","article_published_time":"2023-03-07T19:44:47+00:00","article_modified_time":"2023-03-07T20:21:26+00:00","og_image":[{"width":720,"height":558,"url":"https:\/\/static.africa-press.net\/mali\/sites\/21\/2023\/03\/postQueueImg_1678205754.81.jpg","type":"image\/jpeg"}],"author":"cfeditorfr","twitter_card":"summary_large_image","twitter_misc":{"\u00c9crit par":"cfeditorfr","Dur\u00e9e de lecture estim\u00e9e":"4 minutes"},"schema":{"@context":"https:\/\/schema.org","@graph":[{"@type":"Article","@id":"https:\/\/www.africa-press.net\/mali\/dossiers\/seydou-amadou-toure-president-des-f-a-c-monsieur-emmanuel-macron-vous-etes-a-la-base-de-lechec-de-cette-vieille-garde#article","isPartOf":{"@id":"https:\/\/www.africa-press.net\/mali\/dossiers\/seydou-amadou-toure-president-des-f-a-c-monsieur-emmanuel-macron-vous-etes-a-la-base-de-lechec-de-cette-vieille-garde"},"author":{"name":"cfeditorfr","@id":"https:\/\/www.africa-press.net\/mali\/#\/schema\/person\/2b1cf3cd81a31e3cd26889ca66d677f1"},"headline":"Seydou Amadou Tour\u00e9, Pr\u00e9sident des F.A.C : \u00abMonsieur Emmanuel Macron, vous \u00eates \u00e0 la base de l\u2019\u00e9chec de cette vieille garde !\u00bb","datePublished":"2023-03-07T19:44:47+00:00","dateModified":"2023-03-07T20:21:26+00:00","mainEntityOfPage":{"@id":"https:\/\/www.africa-press.net\/mali\/dossiers\/seydou-amadou-toure-president-des-f-a-c-monsieur-emmanuel-macron-vous-etes-a-la-base-de-lechec-de-cette-vieille-garde"},"wordCount":731,"commentCount":0,"image":{"@id":"https:\/\/www.africa-press.net\/mali\/dossiers\/seydou-amadou-toure-president-des-f-a-c-monsieur-emmanuel-macron-vous-etes-a-la-base-de-lechec-de-cette-vieille-garde#primaryimage"},"thumbnailUrl":"https:\/\/static.africa-press.net\/mali\/sites\/21\/2023\/03\/postQueueImg_1678205754.81.jpg","keywords":["Africa Press","Africa Press-Mali","mali"],"articleSection":["Dossiers","Toutes les actualit\u00e9s"],"inLanguage":"fr-FR","potentialAction":[{"@type":"CommentAction","name":"Comment","target":["https:\/\/www.africa-press.net\/mali\/dossiers\/seydou-amadou-toure-president-des-f-a-c-monsieur-emmanuel-macron-vous-etes-a-la-base-de-lechec-de-cette-vieille-garde#respond"]}]},{"@type":"WebPage","@id":"https:\/\/www.africa-press.net\/mali\/dossiers\/seydou-amadou-toure-president-des-f-a-c-monsieur-emmanuel-macron-vous-etes-a-la-base-de-lechec-de-cette-vieille-garde","url":"https:\/\/www.africa-press.net\/mali\/dossiers\/seydou-amadou-toure-president-des-f-a-c-monsieur-emmanuel-macron-vous-etes-a-la-base-de-lechec-de-cette-vieille-garde","name":"Seydou Amadou Tour\u00e9, Pr\u00e9sident des F.A.C : \u00abMonsieur Emmanuel Macron, vous \u00eates \u00e0 la base de l\u2019\u00e9chec de cette vieille garde !\u00bb - Mali","isPartOf":{"@id":"https:\/\/www.africa-press.net\/mali\/#website"},"primaryImageOfPage":{"@id":"https:\/\/www.africa-press.net\/mali\/dossiers\/seydou-amadou-toure-president-des-f-a-c-monsieur-emmanuel-macron-vous-etes-a-la-base-de-lechec-de-cette-vieille-garde#primaryimage"},"image":{"@id":"https:\/\/www.africa-press.net\/mali\/dossiers\/seydou-amadou-toure-president-des-f-a-c-monsieur-emmanuel-macron-vous-etes-a-la-base-de-lechec-de-cette-vieille-garde#primaryimage"},"thumbnailUrl":"https:\/\/static.africa-press.net\/mali\/sites\/21\/2023\/03\/postQueueImg_1678205754.81.jpg","datePublished":"2023-03-07T19:44:47+00:00","dateModified":"2023-03-07T20:21:26+00:00","author":{"@id":"https:\/\/www.africa-press.net\/mali\/#\/schema\/person\/2b1cf3cd81a31e3cd26889ca66d677f1"},"description":"Seydou Amadou Toure\u0301, Pre\u0301sident des F.A.C : \u00abMonsieur Emmanuel Macron, vous e\u0302tes a\u0300 la base de l\u2019e\u0301chec de cette vieil ...","breadcrumb":{"@id":"https:\/\/www.africa-press.net\/mali\/dossiers\/seydou-amadou-toure-president-des-f-a-c-monsieur-emmanuel-macron-vous-etes-a-la-base-de-lechec-de-cette-vieille-garde#breadcrumb"},"inLanguage":"fr-FR","potentialAction":[{"@type":"ReadAction","target":["https:\/\/www.africa-press.net\/mali\/dossiers\/seydou-amadou-toure-president-des-f-a-c-monsieur-emmanuel-macron-vous-etes-a-la-base-de-lechec-de-cette-vieille-garde"]}]},{"@type":"ImageObject","inLanguage":"fr-FR","@id":"https:\/\/www.africa-press.net\/mali\/dossiers\/seydou-amadou-toure-president-des-f-a-c-monsieur-emmanuel-macron-vous-etes-a-la-base-de-lechec-de-cette-vieille-garde#primaryimage","url":"https:\/\/static.africa-press.net\/mali\/sites\/21\/2023\/03\/postQueueImg_1678205754.81.jpg","contentUrl":"https:\/\/static.africa-press.net\/mali\/sites\/21\/2023\/03\/postQueueImg_1678205754.81.jpg","width":720,"height":558,"caption":"Seydou Amadou Tour\u00e9, Pr\u00e9sident des F.A.C : \u00abMonsieur Emmanuel Macron, vous \u00eates \u00e0 la base de l\u2019\u00e9chec de cette vieille garde !\u00bb"},{"@type":"BreadcrumbList","@id":"https:\/\/www.africa-press.net\/mali\/dossiers\/seydou-amadou-toure-president-des-f-a-c-monsieur-emmanuel-macron-vous-etes-a-la-base-de-lechec-de-cette-vieille-garde#breadcrumb","itemListElement":[{"@type":"ListItem","position":1,"name":"Home","item":"https:\/\/www.africa-press.net\/mali\/"},{"@type":"ListItem","position":2,"name":"Seydou Amadou Tour\u00e9, Pr\u00e9sident des F.A.C : \u00abMonsieur Emmanuel Macron, vous \u00eates \u00e0 la base de l\u2019\u00e9chec de cette vieille garde !\u00bb"}]},{"@type":"WebSite","@id":"https:\/\/www.africa-press.net\/mali\/#website","url":"https:\/\/www.africa-press.net\/mali\/","name":"Mali","description":"Just another Africa News Agency Sites site","potentialAction":[{"@type":"SearchAction","target":{"@type":"EntryPoint","urlTemplate":"https:\/\/www.africa-press.net\/mali\/?s={search_term_string}"},"query-input":{"@type":"PropertyValueSpecification","valueRequired":true,"valueName":"search_term_string"}}],"inLanguage":"fr-FR"},{"@type":"Person","@id":"https:\/\/www.africa-press.net\/mali\/#\/schema\/person\/2b1cf3cd81a31e3cd26889ca66d677f1","name":"cfeditorfr"}]}},"_links":{"self":[{"href":"https:\/\/www.africa-press.net\/mali\/wp-json\/wp\/v2\/posts\/31631","targetHints":{"allow":["GET"]}}],"collection":[{"href":"https:\/\/www.africa-press.net\/mali\/wp-json\/wp\/v2\/posts"}],"about":[{"href":"https:\/\/www.africa-press.net\/mali\/wp-json\/wp\/v2\/types\/post"}],"author":[{"embeddable":true,"href":"https:\/\/www.africa-press.net\/mali\/wp-json\/wp\/v2\/users\/82"}],"replies":[{"embeddable":true,"href":"https:\/\/www.africa-press.net\/mali\/wp-json\/wp\/v2\/comments?post=31631"}],"version-history":[{"count":0,"href":"https:\/\/www.africa-press.net\/mali\/wp-json\/wp\/v2\/posts\/31631\/revisions"}],"wp:featuredmedia":[{"embeddable":true,"href":"https:\/\/www.africa-press.net\/mali\/wp-json\/wp\/v2\/media\/31629"}],"wp:attachment":[{"href":"https:\/\/www.africa-press.net\/mali\/wp-json\/wp\/v2\/media?parent=31631"}],"wp:term":[{"taxonomy":"category","embeddable":true,"href":"https:\/\/www.africa-press.net\/mali\/wp-json\/wp\/v2\/categories?post=31631"},{"taxonomy":"post_tag","embeddable":true,"href":"https:\/\/www.africa-press.net\/mali\/wp-json\/wp\/v2\/tags?post=31631"}],"curies":[{"name":"wp","href":"https:\/\/api.w.org\/{rel}","templated":true}]}}