{"id":31634,"date":"2023-03-07T19:46:09","date_gmt":"2023-03-07T19:46:09","guid":{"rendered":"https:\/\/www.africa-press.net\/mali\/politique\/afriactu-la-courageuse-decision-de-bamako"},"modified":"2023-03-07T20:21:56","modified_gmt":"2023-03-07T20:21:56","slug":"afriactu-la-courageuse-decision-de-bamako","status":"publish","type":"post","link":"https:\/\/www.africa-press.net\/mali\/politique\/afriactu-la-courageuse-decision-de-bamako","title":{"rendered":"Afri\u2019actu : La courageuse d\u00e9cision de Bamako"},"content":{"rendered":"<p><span style=\"color: #ff6600\"><strong>Africa-Press &#8211; Mali. <\/strong><\/span>C\u2019est de\u0301sormais acte\u0301, Paris ne pourra plus de\u0301cider pour Bamako ! Les Autorite\u0301s maliennes ont adresse\u0301, le mercredi 1er mars 2023, une correspondance a\u0300 Pedro Comissario Afonso, pre\u0301sident en exercice du Conseil de se\u0301curite\u0301 et ambassadeur du Mozambique aupre\u0300s de l\u2019Onu, de leur de\u0301cision de retirer a\u0300 Paris son ro\u0302le de Porte-plume pour les re\u0301solutions sur la situation de leur pays au Conseil de Se\u0301curite\u0301 (CS). En franc\u0327ais facile, Bamako ne veut plus de Paris pour re\u0301diger les re\u0301solutions le concernant aux Nations unies.<\/p>\n<p>Dans ce courrier du ministe\u0300re des Affaires e\u0301trange\u0300res et de la Coope\u0301ration internationale, Abdoulaye Diop rappelle que \u00abLa France a toujours porte\u0301 la plume sur toutes les questions concernant le Mali devant cet auguste organe, y compris pour ce qui concerne l\u2019initiative et le portage des projets de re\u0301solutions relatifs au mandat de la Minusma\u00bb. Mais le proble\u0300me est que la Mission onusienne est aujourd\u2019hui fortement suspecte\u0301e par Bamako. Qui estime qu\u2019elle est de connivence avec Paris pour de\u0301stabiliser le Mali. La quasi-totalite\u0301 des Hauts Responsables de la Minusma ne sont-ils pas de nationalite\u0301 franc\u0327aise ? Pour faire le jeu de la France ?<\/p>\n<p>Pour comprendre la courageuse de\u0301cision de Bamako, une explication de la notion de Porte-plume s\u2019impose. Tout comme le fait que la France e\u0301tait jusque-la\u0300 Porte-plume du Mali !<\/p>\n<p>En effet, le ro\u0302le de Porte-plume fait re\u0301fe\u0301rence au membre du Conseil de Se\u0301curite\u0301 qui dirige la ne\u0301gociation et la re\u0301daction de re\u0301solutions sur un point particulier de l\u2019ordre du jour du Conseil onusien. Ainsi depuis 2012, lorsque le Mali a e\u0301te\u0301 confronte\u0301 a\u0300 une crise interne sous la menace des terroristes et des Groupes arme\u0301s touaregs inde\u0301pendantistes, la France a e\u0301te\u0301 charge\u0301e de ce prestigieux ro\u0302le. Sauf que, au regard de la re\u0301alite\u0301 sur le the\u0301a\u0302tre des ope\u0301rations militaires, la France n\u2019a jamais agi dans l\u2019inte\u0301re\u0302t du Mali. Qui l\u2019accuse me\u0302me de connivence avec ses groupes arme\u0301s qui \u0153uvrent pour de\u0301stabiliser notre pays.<\/p>\n<p>De\u0301ja\u0300, en aou\u0302t dernier, le Gouvernement de Transition avait porte\u0301 plainte contre elle aupre\u0300s du Conseil de Se\u0301curite\u0301 de l\u2019Onu pour actes d\u2019agression, de subversion, de de\u0301stabilisation et de violation de l\u2019espace ae\u0301rien malien par des ae\u0301ronefs des forces arme\u0301es franc\u0327aises. Stationne\u0301es au Niger voisin, Les Forces franc\u0327aises continuent de violer l\u2019espace ae\u0301rien du Mali. N\u2019est-ce pas des faits suffisants, l\u2019inimite\u0301 de ce pays, pour que les autorite\u0301s maliennes re\u0301cusent la France de son ro\u0302le de Porte-plume ?<\/p>\n<p>Pour toute a\u0302me anime\u0301e d\u2019objectivite\u0301, le Mali n\u2019avait d\u2019autres choix que de prendre ses responsabilite\u0301s vis-a\u0300-vis de ce dro\u0302le d\u2019ami. Mais, nul doute que des Maliens vont encore bla\u0302mer leurs autorite\u0301s en crieront sur les toits que la Transition malienne est en train de \u00ab provoquer\u00bb l\u2019ancienne Puissance coloniale. Ils finiront par re\u0301aliser que leurs compatriotes en majorite\u0301 sont de\u0301cide\u0301s, a\u0300 tout prix, a\u0300 s\u2019affranchir de la tutelle franc\u0327aise.<\/p>\n<p><strong>Pour plus d&rsquo;informations et d&rsquo;analyses sur la <a href=\"https:\/\/www.africa-press.net\/mali\">Mali<\/a>, suivez <a href=\"https:\/\/www.africa-press.net\/\">Africa-Press<\/a><\/strong><\/p>\n","protected":false},"excerpt":{"rendered":"<p>Africa-Press &#8211; Mali. C\u2019est de\u0301sormais acte\u0301, Paris ne pourra plus de\u0301cider pour Bamako ! Les Autorite\u0301s maliennes ont adresse\u0301, le mercredi 1er mars 2023, une correspondance a\u0300 Pedro Comissario Afonso, pre\u0301sident en exercice du Conseil de se\u0301curite\u0301 et ambassadeur du Mozambique aupre\u0300s de l\u2019Onu, de leur de\u0301cision de retirer a\u0300 Paris son ro\u0302le de Porte-plume [&hellip;]<\/p>\n","protected":false},"author":82,"featured_media":31632,"comment_status":"open","ping_status":"closed","sticky":false,"template":"","format":"standard","meta":{"footnotes":""},"categories":[7,17],"tags":[76,86,19],"class_list":["post-31634","post","type-post","status-publish","format-standard","has-post-thumbnail","hentry","category-politique","category-toutes-les-actualites","tag-africa-press","tag-africa-press-mali","tag-mali"],"yoast_head":"<!-- This site is optimized with the Yoast SEO Premium plugin v26.1 (Yoast SEO v27.0) - https:\/\/yoast.com\/product\/yoast-seo-premium-wordpress\/ -->\n<title>Afri\u2019actu : La courageuse d\u00e9cision de Bamako - Mali<\/title>\n<meta name=\"description\" content=\"C\u2019est de\u0301sormais acte\u0301, Paris ne pourra plus de\u0301cider pour Bamako ! Les Autorite\u0301s maliennes ont adresse\u0301, le mercredi 1 ...\" \/>\n<meta name=\"robots\" content=\"index, follow, max-snippet:-1, max-image-preview:large, max-video-preview:-1\" \/>\n<link rel=\"canonical\" href=\"https:\/\/www.africa-press.net\/mali\/politique\/afriactu-la-courageuse-decision-de-bamako\" \/>\n<meta property=\"og:locale\" content=\"fr_FR\" \/>\n<meta property=\"og:type\" content=\"article\" \/>\n<meta property=\"og:title\" content=\"Afri\u2019actu : La courageuse d\u00e9cision de Bamako\" \/>\n<meta property=\"og:description\" content=\"C\u2019est de\u0301sormais acte\u0301, Paris ne pourra plus de\u0301cider pour Bamako ! Les Autorite\u0301s maliennes ont adresse\u0301, le mercredi 1 ...\" \/>\n<meta property=\"og:url\" content=\"https:\/\/www.africa-press.net\/mali\/politique\/afriactu-la-courageuse-decision-de-bamako\" \/>\n<meta property=\"og:site_name\" content=\"Mali\" \/>\n<meta property=\"article:publisher\" content=\"https:\/\/www.facebook.com\/AfricaPressTunisiaa\" \/>\n<meta property=\"article:published_time\" content=\"2023-03-07T19:46:09+00:00\" \/>\n<meta property=\"article:modified_time\" content=\"2023-03-07T20:21:56+00:00\" \/>\n<meta property=\"og:image\" content=\"https:\/\/static.africa-press.net\/mali\/sites\/21\/2023\/03\/postQueueImg_1678205780.12.jpg\" \/>\n\t<meta property=\"og:image:width\" content=\"720\" \/>\n\t<meta property=\"og:image:height\" content=\"450\" \/>\n\t<meta property=\"og:image:type\" content=\"image\/jpeg\" \/>\n<meta name=\"author\" content=\"cfeditorfr\" \/>\n<meta name=\"twitter:card\" content=\"summary_large_image\" \/>\n<meta name=\"twitter:label1\" content=\"\u00c9crit par\" \/>\n\t<meta name=\"twitter:data1\" content=\"cfeditorfr\" \/>\n\t<meta name=\"twitter:label2\" content=\"Dur\u00e9e de lecture estim\u00e9e\" \/>\n\t<meta name=\"twitter:data2\" content=\"3 minutes\" \/>\n<script type=\"application\/ld+json\" class=\"yoast-schema-graph\">{\"@context\":\"https:\/\/schema.org\",\"@graph\":[{\"@type\":\"Article\",\"@id\":\"https:\/\/www.africa-press.net\/mali\/politique\/afriactu-la-courageuse-decision-de-bamako#article\",\"isPartOf\":{\"@id\":\"https:\/\/www.africa-press.net\/mali\/politique\/afriactu-la-courageuse-decision-de-bamako\"},\"author\":{\"name\":\"cfeditorfr\",\"@id\":\"https:\/\/www.africa-press.net\/mali\/#\/schema\/person\/2b1cf3cd81a31e3cd26889ca66d677f1\"},\"headline\":\"Afri\u2019actu : La courageuse d\u00e9cision de Bamako\",\"datePublished\":\"2023-03-07T19:46:09+00:00\",\"dateModified\":\"2023-03-07T20:21:56+00:00\",\"mainEntityOfPage\":{\"@id\":\"https:\/\/www.africa-press.net\/mali\/politique\/afriactu-la-courageuse-decision-de-bamako\"},\"wordCount\":576,\"commentCount\":0,\"image\":{\"@id\":\"https:\/\/www.africa-press.net\/mali\/politique\/afriactu-la-courageuse-decision-de-bamako#primaryimage\"},\"thumbnailUrl\":\"https:\/\/static.africa-press.net\/mali\/sites\/21\/2023\/03\/postQueueImg_1678205780.12.jpg\",\"keywords\":[\"Africa Press\",\"Africa Press-Mali\",\"mali\"],\"articleSection\":[\"Politique\",\"Toutes les actualit\u00e9s\"],\"inLanguage\":\"fr-FR\",\"potentialAction\":[{\"@type\":\"CommentAction\",\"name\":\"Comment\",\"target\":[\"https:\/\/www.africa-press.net\/mali\/politique\/afriactu-la-courageuse-decision-de-bamako#respond\"]}]},{\"@type\":\"WebPage\",\"@id\":\"https:\/\/www.africa-press.net\/mali\/politique\/afriactu-la-courageuse-decision-de-bamako\",\"url\":\"https:\/\/www.africa-press.net\/mali\/politique\/afriactu-la-courageuse-decision-de-bamako\",\"name\":\"Afri\u2019actu : La courageuse d\u00e9cision de Bamako - Mali\",\"isPartOf\":{\"@id\":\"https:\/\/www.africa-press.net\/mali\/#website\"},\"primaryImageOfPage\":{\"@id\":\"https:\/\/www.africa-press.net\/mali\/politique\/afriactu-la-courageuse-decision-de-bamako#primaryimage\"},\"image\":{\"@id\":\"https:\/\/www.africa-press.net\/mali\/politique\/afriactu-la-courageuse-decision-de-bamako#primaryimage\"},\"thumbnailUrl\":\"https:\/\/static.africa-press.net\/mali\/sites\/21\/2023\/03\/postQueueImg_1678205780.12.jpg\",\"datePublished\":\"2023-03-07T19:46:09+00:00\",\"dateModified\":\"2023-03-07T20:21:56+00:00\",\"author\":{\"@id\":\"https:\/\/www.africa-press.net\/mali\/#\/schema\/person\/2b1cf3cd81a31e3cd26889ca66d677f1\"},\"description\":\"C\u2019est de\u0301sormais acte\u0301, Paris ne pourra plus de\u0301cider pour Bamako ! Les Autorite\u0301s maliennes ont adresse\u0301, le mercredi 1 ...\",\"breadcrumb\":{\"@id\":\"https:\/\/www.africa-press.net\/mali\/politique\/afriactu-la-courageuse-decision-de-bamako#breadcrumb\"},\"inLanguage\":\"fr-FR\",\"potentialAction\":[{\"@type\":\"ReadAction\",\"target\":[\"https:\/\/www.africa-press.net\/mali\/politique\/afriactu-la-courageuse-decision-de-bamako\"]}]},{\"@type\":\"ImageObject\",\"inLanguage\":\"fr-FR\",\"@id\":\"https:\/\/www.africa-press.net\/mali\/politique\/afriactu-la-courageuse-decision-de-bamako#primaryimage\",\"url\":\"https:\/\/static.africa-press.net\/mali\/sites\/21\/2023\/03\/postQueueImg_1678205780.12.jpg\",\"contentUrl\":\"https:\/\/static.africa-press.net\/mali\/sites\/21\/2023\/03\/postQueueImg_1678205780.12.jpg\",\"width\":720,\"height\":450,\"caption\":\"Afri\u2019actu : La courageuse d\u00e9cision de Bamako\"},{\"@type\":\"BreadcrumbList\",\"@id\":\"https:\/\/www.africa-press.net\/mali\/politique\/afriactu-la-courageuse-decision-de-bamako#breadcrumb\",\"itemListElement\":[{\"@type\":\"ListItem\",\"position\":1,\"name\":\"Home\",\"item\":\"https:\/\/www.africa-press.net\/mali\/\"},{\"@type\":\"ListItem\",\"position\":2,\"name\":\"Afri\u2019actu : La courageuse d\u00e9cision de Bamako\"}]},{\"@type\":\"WebSite\",\"@id\":\"https:\/\/www.africa-press.net\/mali\/#website\",\"url\":\"https:\/\/www.africa-press.net\/mali\/\",\"name\":\"Mali\",\"description\":\"Just another Africa News Agency Sites site\",\"potentialAction\":[{\"@type\":\"SearchAction\",\"target\":{\"@type\":\"EntryPoint\",\"urlTemplate\":\"https:\/\/www.africa-press.net\/mali\/?s={search_term_string}\"},\"query-input\":{\"@type\":\"PropertyValueSpecification\",\"valueRequired\":true,\"valueName\":\"search_term_string\"}}],\"inLanguage\":\"fr-FR\"},{\"@type\":\"Person\",\"@id\":\"https:\/\/www.africa-press.net\/mali\/#\/schema\/person\/2b1cf3cd81a31e3cd26889ca66d677f1\",\"name\":\"cfeditorfr\"}]}<\/script>\n<!-- \/ Yoast SEO Premium plugin. -->","yoast_head_json":{"title":"Afri\u2019actu : La courageuse d\u00e9cision de Bamako - Mali","description":"C\u2019est de\u0301sormais acte\u0301, Paris ne pourra plus de\u0301cider pour Bamako ! Les Autorite\u0301s maliennes ont adresse\u0301, le mercredi 1 ...","robots":{"index":"index","follow":"follow","max-snippet":"max-snippet:-1","max-image-preview":"max-image-preview:large","max-video-preview":"max-video-preview:-1"},"canonical":"https:\/\/www.africa-press.net\/mali\/politique\/afriactu-la-courageuse-decision-de-bamako","og_locale":"fr_FR","og_type":"article","og_title":"Afri\u2019actu : La courageuse d\u00e9cision de Bamako","og_description":"C\u2019est de\u0301sormais acte\u0301, Paris ne pourra plus de\u0301cider pour Bamako ! Les Autorite\u0301s maliennes ont adresse\u0301, le mercredi 1 ...","og_url":"https:\/\/www.africa-press.net\/mali\/politique\/afriactu-la-courageuse-decision-de-bamako","og_site_name":"Mali","article_publisher":"https:\/\/www.facebook.com\/AfricaPressTunisiaa","article_published_time":"2023-03-07T19:46:09+00:00","article_modified_time":"2023-03-07T20:21:56+00:00","og_image":[{"width":720,"height":450,"url":"https:\/\/static.africa-press.net\/mali\/sites\/21\/2023\/03\/postQueueImg_1678205780.12.jpg","type":"image\/jpeg"}],"author":"cfeditorfr","twitter_card":"summary_large_image","twitter_misc":{"\u00c9crit par":"cfeditorfr","Dur\u00e9e de lecture estim\u00e9e":"3 minutes"},"schema":{"@context":"https:\/\/schema.org","@graph":[{"@type":"Article","@id":"https:\/\/www.africa-press.net\/mali\/politique\/afriactu-la-courageuse-decision-de-bamako#article","isPartOf":{"@id":"https:\/\/www.africa-press.net\/mali\/politique\/afriactu-la-courageuse-decision-de-bamako"},"author":{"name":"cfeditorfr","@id":"https:\/\/www.africa-press.net\/mali\/#\/schema\/person\/2b1cf3cd81a31e3cd26889ca66d677f1"},"headline":"Afri\u2019actu : La courageuse d\u00e9cision de Bamako","datePublished":"2023-03-07T19:46:09+00:00","dateModified":"2023-03-07T20:21:56+00:00","mainEntityOfPage":{"@id":"https:\/\/www.africa-press.net\/mali\/politique\/afriactu-la-courageuse-decision-de-bamako"},"wordCount":576,"commentCount":0,"image":{"@id":"https:\/\/www.africa-press.net\/mali\/politique\/afriactu-la-courageuse-decision-de-bamako#primaryimage"},"thumbnailUrl":"https:\/\/static.africa-press.net\/mali\/sites\/21\/2023\/03\/postQueueImg_1678205780.12.jpg","keywords":["Africa Press","Africa Press-Mali","mali"],"articleSection":["Politique","Toutes les actualit\u00e9s"],"inLanguage":"fr-FR","potentialAction":[{"@type":"CommentAction","name":"Comment","target":["https:\/\/www.africa-press.net\/mali\/politique\/afriactu-la-courageuse-decision-de-bamako#respond"]}]},{"@type":"WebPage","@id":"https:\/\/www.africa-press.net\/mali\/politique\/afriactu-la-courageuse-decision-de-bamako","url":"https:\/\/www.africa-press.net\/mali\/politique\/afriactu-la-courageuse-decision-de-bamako","name":"Afri\u2019actu : La courageuse d\u00e9cision de Bamako - Mali","isPartOf":{"@id":"https:\/\/www.africa-press.net\/mali\/#website"},"primaryImageOfPage":{"@id":"https:\/\/www.africa-press.net\/mali\/politique\/afriactu-la-courageuse-decision-de-bamako#primaryimage"},"image":{"@id":"https:\/\/www.africa-press.net\/mali\/politique\/afriactu-la-courageuse-decision-de-bamako#primaryimage"},"thumbnailUrl":"https:\/\/static.africa-press.net\/mali\/sites\/21\/2023\/03\/postQueueImg_1678205780.12.jpg","datePublished":"2023-03-07T19:46:09+00:00","dateModified":"2023-03-07T20:21:56+00:00","author":{"@id":"https:\/\/www.africa-press.net\/mali\/#\/schema\/person\/2b1cf3cd81a31e3cd26889ca66d677f1"},"description":"C\u2019est de\u0301sormais acte\u0301, Paris ne pourra plus de\u0301cider pour Bamako ! Les Autorite\u0301s maliennes ont adresse\u0301, le mercredi 1 ...","breadcrumb":{"@id":"https:\/\/www.africa-press.net\/mali\/politique\/afriactu-la-courageuse-decision-de-bamako#breadcrumb"},"inLanguage":"fr-FR","potentialAction":[{"@type":"ReadAction","target":["https:\/\/www.africa-press.net\/mali\/politique\/afriactu-la-courageuse-decision-de-bamako"]}]},{"@type":"ImageObject","inLanguage":"fr-FR","@id":"https:\/\/www.africa-press.net\/mali\/politique\/afriactu-la-courageuse-decision-de-bamako#primaryimage","url":"https:\/\/static.africa-press.net\/mali\/sites\/21\/2023\/03\/postQueueImg_1678205780.12.jpg","contentUrl":"https:\/\/static.africa-press.net\/mali\/sites\/21\/2023\/03\/postQueueImg_1678205780.12.jpg","width":720,"height":450,"caption":"Afri\u2019actu : La courageuse d\u00e9cision de Bamako"},{"@type":"BreadcrumbList","@id":"https:\/\/www.africa-press.net\/mali\/politique\/afriactu-la-courageuse-decision-de-bamako#breadcrumb","itemListElement":[{"@type":"ListItem","position":1,"name":"Home","item":"https:\/\/www.africa-press.net\/mali\/"},{"@type":"ListItem","position":2,"name":"Afri\u2019actu : La courageuse d\u00e9cision de Bamako"}]},{"@type":"WebSite","@id":"https:\/\/www.africa-press.net\/mali\/#website","url":"https:\/\/www.africa-press.net\/mali\/","name":"Mali","description":"Just another Africa News Agency Sites site","potentialAction":[{"@type":"SearchAction","target":{"@type":"EntryPoint","urlTemplate":"https:\/\/www.africa-press.net\/mali\/?s={search_term_string}"},"query-input":{"@type":"PropertyValueSpecification","valueRequired":true,"valueName":"search_term_string"}}],"inLanguage":"fr-FR"},{"@type":"Person","@id":"https:\/\/www.africa-press.net\/mali\/#\/schema\/person\/2b1cf3cd81a31e3cd26889ca66d677f1","name":"cfeditorfr"}]}},"_links":{"self":[{"href":"https:\/\/www.africa-press.net\/mali\/wp-json\/wp\/v2\/posts\/31634","targetHints":{"allow":["GET"]}}],"collection":[{"href":"https:\/\/www.africa-press.net\/mali\/wp-json\/wp\/v2\/posts"}],"about":[{"href":"https:\/\/www.africa-press.net\/mali\/wp-json\/wp\/v2\/types\/post"}],"author":[{"embeddable":true,"href":"https:\/\/www.africa-press.net\/mali\/wp-json\/wp\/v2\/users\/82"}],"replies":[{"embeddable":true,"href":"https:\/\/www.africa-press.net\/mali\/wp-json\/wp\/v2\/comments?post=31634"}],"version-history":[{"count":0,"href":"https:\/\/www.africa-press.net\/mali\/wp-json\/wp\/v2\/posts\/31634\/revisions"}],"wp:featuredmedia":[{"embeddable":true,"href":"https:\/\/www.africa-press.net\/mali\/wp-json\/wp\/v2\/media\/31632"}],"wp:attachment":[{"href":"https:\/\/www.africa-press.net\/mali\/wp-json\/wp\/v2\/media?parent=31634"}],"wp:term":[{"taxonomy":"category","embeddable":true,"href":"https:\/\/www.africa-press.net\/mali\/wp-json\/wp\/v2\/categories?post=31634"},{"taxonomy":"post_tag","embeddable":true,"href":"https:\/\/www.africa-press.net\/mali\/wp-json\/wp\/v2\/tags?post=31634"}],"curies":[{"name":"wp","href":"https:\/\/api.w.org\/{rel}","templated":true}]}}