{"id":31637,"date":"2023-03-07T19:46:47","date_gmt":"2023-03-07T19:46:47","guid":{"rendered":"https:\/\/www.africa-press.net\/mali\/politique\/aboubacar-sidiki-fomba-president-de-ladepm-macron-sest-adresse-aux-hommes-politiques-qui-sont-esclaves-de-la-france"},"modified":"2023-03-07T20:22:18","modified_gmt":"2023-03-07T20:22:18","slug":"aboubacar-sidiki-fomba-president-de-ladepm-macron-sest-adresse-aux-hommes-politiques-qui-sont-esclaves-de-la-france","status":"publish","type":"post","link":"https:\/\/www.africa-press.net\/mali\/politique\/aboubacar-sidiki-fomba-president-de-ladepm-macron-sest-adresse-aux-hommes-politiques-qui-sont-esclaves-de-la-france","title":{"rendered":"Aboubacar Sidiki Fomba, Pr\u00e9sident de l\u2019ADEPM : \u00abMacron s\u2019est adress\u00e9 aux hommes politiques qui sont esclaves de la France \u00bb"},"content":{"rendered":"<p><span style=\"color: #ff6600\"><strong>Africa-Press &#8211; Mali. <\/strong><\/span>Je ne cautionne pas, et je n\u2019ai jamais cautionne\u0301 la politique de la France au Mali. Donc ses propos ne me concernent pas. Il s\u2019est adresse\u0301 pluto\u0302t aux hommes politiques qui sont esclaves de la France, et qui sont aux ordres de la France.<\/p>\n<p>Ces politiciens qui se mettent a\u0300 la ta\u0302che de la France et se mettent a\u0300 ses services, ils doivent maintenant consommer la honte et comprendre que les dirigeants franc\u0327ais eux-me\u0302mes ne les respectent pas, et ne leur font me\u0302me pas confiance.<\/p>\n<p>Ces politiciens doivent comprendre une chose pour que les occidentaux te respectent et accordent du cre\u0301dit a\u0300 toi-me\u0302me et a\u0300 ton pays, il faut qu\u2019ils soient convaincus que toi-me\u0302me tu respectes et aimes ton pays, qu\u2019ils voient que tu es un patriote.<\/p>\n<p>Mais si tu leur montres que tu es apatride, que tu es pre\u0302t a\u0300 trahir ton pays pour l\u2019inte\u0301re\u0302t de la France, ils ne vont jamais te respecter. Il faut que les politiciens se respectent. Voila\u0300 maintenant qu\u2019ils se mettent au service de la France, et les voila\u0300 humilie\u0301s par le pre\u0301sident franc\u0327ais ! \u00bb.<\/p>\n<p><strong>Pour plus d&rsquo;informations et d&rsquo;analyses sur la <a href=\"https:\/\/www.africa-press.net\/mali\">Mali<\/a>, suivez <a href=\"https:\/\/www.africa-press.net\/\">Africa-Press<\/a><\/strong><\/p>\n","protected":false},"excerpt":{"rendered":"<p>Africa-Press &#8211; Mali. Je ne cautionne pas, et je n\u2019ai jamais cautionne\u0301 la politique de la France au Mali. Donc ses propos ne me concernent pas. Il s\u2019est adresse\u0301 pluto\u0302t aux hommes politiques qui sont esclaves de la France, et qui sont aux ordres de la France. Ces politiciens qui se mettent a\u0300 la ta\u0302che [&hellip;]<\/p>\n","protected":false},"author":82,"featured_media":31635,"comment_status":"open","ping_status":"closed","sticky":false,"template":"","format":"standard","meta":{"footnotes":""},"categories":[7,17],"tags":[76,86,19],"class_list":["post-31637","post","type-post","status-publish","format-standard","has-post-thumbnail","hentry","category-politique","category-toutes-les-actualites","tag-africa-press","tag-africa-press-mali","tag-mali"],"yoast_head":"<!-- This site is optimized with the Yoast SEO Premium plugin v26.1 (Yoast SEO v27.0) - https:\/\/yoast.com\/product\/yoast-seo-premium-wordpress\/ -->\n<title>Aboubacar Sidiki Fomba, Pr\u00e9sident de l\u2019ADEPM : \u00abMacron s\u2019est adress\u00e9 aux hommes politiques qui sont esclaves de la France \u00bb - Mali<\/title>\n<meta name=\"description\" content=\"Je ne cautionne pas, et je n\u2019ai jamais cautionne\u0301 la politique de la France au Mali. Donc ses propos ne me concernent pa ...\" \/>\n<meta name=\"robots\" content=\"index, follow, max-snippet:-1, max-image-preview:large, max-video-preview:-1\" \/>\n<link rel=\"canonical\" href=\"https:\/\/www.africa-press.net\/mali\/politique\/aboubacar-sidiki-fomba-president-de-ladepm-macron-sest-adresse-aux-hommes-politiques-qui-sont-esclaves-de-la-france\" \/>\n<meta property=\"og:locale\" content=\"fr_FR\" \/>\n<meta property=\"og:type\" content=\"article\" \/>\n<meta property=\"og:title\" content=\"Aboubacar Sidiki Fomba, Pr\u00e9sident de l\u2019ADEPM : \u00abMacron s\u2019est adress\u00e9 aux hommes politiques qui sont esclaves de la France \u00bb\" \/>\n<meta property=\"og:description\" content=\"Je ne cautionne pas, et je n\u2019ai jamais cautionne\u0301 la politique de la France au Mali. Donc ses propos ne me concernent pa ...\" \/>\n<meta property=\"og:url\" content=\"https:\/\/www.africa-press.net\/mali\/politique\/aboubacar-sidiki-fomba-president-de-ladepm-macron-sest-adresse-aux-hommes-politiques-qui-sont-esclaves-de-la-france\" \/>\n<meta property=\"og:site_name\" content=\"Mali\" \/>\n<meta property=\"article:publisher\" content=\"https:\/\/www.facebook.com\/AfricaPressTunisiaa\" \/>\n<meta property=\"article:published_time\" content=\"2023-03-07T19:46:47+00:00\" \/>\n<meta property=\"article:modified_time\" content=\"2023-03-07T20:22:18+00:00\" \/>\n<meta property=\"og:image\" content=\"https:\/\/static.africa-press.net\/mali\/sites\/21\/2023\/03\/postQueueImg_1678205827.32.jpg\" \/>\n\t<meta property=\"og:image:width\" content=\"1280\" \/>\n\t<meta property=\"og:image:height\" content=\"720\" \/>\n\t<meta property=\"og:image:type\" content=\"image\/jpeg\" \/>\n<meta name=\"author\" content=\"cfeditorfr\" \/>\n<meta name=\"twitter:card\" content=\"summary_large_image\" \/>\n<meta name=\"twitter:label1\" content=\"\u00c9crit par\" \/>\n\t<meta name=\"twitter:data1\" content=\"cfeditorfr\" \/>\n\t<meta name=\"twitter:label2\" content=\"Dur\u00e9e de lecture estim\u00e9e\" \/>\n\t<meta name=\"twitter:data2\" content=\"1 minute\" \/>\n<script type=\"application\/ld+json\" class=\"yoast-schema-graph\">{\"@context\":\"https:\/\/schema.org\",\"@graph\":[{\"@type\":\"Article\",\"@id\":\"https:\/\/www.africa-press.net\/mali\/politique\/aboubacar-sidiki-fomba-president-de-ladepm-macron-sest-adresse-aux-hommes-politiques-qui-sont-esclaves-de-la-france#article\",\"isPartOf\":{\"@id\":\"https:\/\/www.africa-press.net\/mali\/politique\/aboubacar-sidiki-fomba-president-de-ladepm-macron-sest-adresse-aux-hommes-politiques-qui-sont-esclaves-de-la-france\"},\"author\":{\"name\":\"cfeditorfr\",\"@id\":\"https:\/\/www.africa-press.net\/mali\/#\/schema\/person\/2b1cf3cd81a31e3cd26889ca66d677f1\"},\"headline\":\"Aboubacar Sidiki Fomba, Pr\u00e9sident de l\u2019ADEPM : \u00abMacron s\u2019est adress\u00e9 aux hommes politiques qui sont esclaves de la France \u00bb\",\"datePublished\":\"2023-03-07T19:46:47+00:00\",\"dateModified\":\"2023-03-07T20:22:18+00:00\",\"mainEntityOfPage\":{\"@id\":\"https:\/\/www.africa-press.net\/mali\/politique\/aboubacar-sidiki-fomba-president-de-ladepm-macron-sest-adresse-aux-hommes-politiques-qui-sont-esclaves-de-la-france\"},\"wordCount\":236,\"commentCount\":0,\"image\":{\"@id\":\"https:\/\/www.africa-press.net\/mali\/politique\/aboubacar-sidiki-fomba-president-de-ladepm-macron-sest-adresse-aux-hommes-politiques-qui-sont-esclaves-de-la-france#primaryimage\"},\"thumbnailUrl\":\"https:\/\/static.africa-press.net\/mali\/sites\/21\/2023\/03\/postQueueImg_1678205827.32.jpg\",\"keywords\":[\"Africa Press\",\"Africa Press-Mali\",\"mali\"],\"articleSection\":[\"Politique\",\"Toutes les actualit\u00e9s\"],\"inLanguage\":\"fr-FR\",\"potentialAction\":[{\"@type\":\"CommentAction\",\"name\":\"Comment\",\"target\":[\"https:\/\/www.africa-press.net\/mali\/politique\/aboubacar-sidiki-fomba-president-de-ladepm-macron-sest-adresse-aux-hommes-politiques-qui-sont-esclaves-de-la-france#respond\"]}]},{\"@type\":\"WebPage\",\"@id\":\"https:\/\/www.africa-press.net\/mali\/politique\/aboubacar-sidiki-fomba-president-de-ladepm-macron-sest-adresse-aux-hommes-politiques-qui-sont-esclaves-de-la-france\",\"url\":\"https:\/\/www.africa-press.net\/mali\/politique\/aboubacar-sidiki-fomba-president-de-ladepm-macron-sest-adresse-aux-hommes-politiques-qui-sont-esclaves-de-la-france\",\"name\":\"Aboubacar Sidiki Fomba, Pr\u00e9sident de l\u2019ADEPM : \u00abMacron s\u2019est adress\u00e9 aux hommes politiques qui sont esclaves de la France \u00bb - Mali\",\"isPartOf\":{\"@id\":\"https:\/\/www.africa-press.net\/mali\/#website\"},\"primaryImageOfPage\":{\"@id\":\"https:\/\/www.africa-press.net\/mali\/politique\/aboubacar-sidiki-fomba-president-de-ladepm-macron-sest-adresse-aux-hommes-politiques-qui-sont-esclaves-de-la-france#primaryimage\"},\"image\":{\"@id\":\"https:\/\/www.africa-press.net\/mali\/politique\/aboubacar-sidiki-fomba-president-de-ladepm-macron-sest-adresse-aux-hommes-politiques-qui-sont-esclaves-de-la-france#primaryimage\"},\"thumbnailUrl\":\"https:\/\/static.africa-press.net\/mali\/sites\/21\/2023\/03\/postQueueImg_1678205827.32.jpg\",\"datePublished\":\"2023-03-07T19:46:47+00:00\",\"dateModified\":\"2023-03-07T20:22:18+00:00\",\"author\":{\"@id\":\"https:\/\/www.africa-press.net\/mali\/#\/schema\/person\/2b1cf3cd81a31e3cd26889ca66d677f1\"},\"description\":\"Je ne cautionne pas, et je n\u2019ai jamais cautionne\u0301 la politique de la France au Mali. Donc ses propos ne me concernent pa ...\",\"breadcrumb\":{\"@id\":\"https:\/\/www.africa-press.net\/mali\/politique\/aboubacar-sidiki-fomba-president-de-ladepm-macron-sest-adresse-aux-hommes-politiques-qui-sont-esclaves-de-la-france#breadcrumb\"},\"inLanguage\":\"fr-FR\",\"potentialAction\":[{\"@type\":\"ReadAction\",\"target\":[\"https:\/\/www.africa-press.net\/mali\/politique\/aboubacar-sidiki-fomba-president-de-ladepm-macron-sest-adresse-aux-hommes-politiques-qui-sont-esclaves-de-la-france\"]}]},{\"@type\":\"ImageObject\",\"inLanguage\":\"fr-FR\",\"@id\":\"https:\/\/www.africa-press.net\/mali\/politique\/aboubacar-sidiki-fomba-president-de-ladepm-macron-sest-adresse-aux-hommes-politiques-qui-sont-esclaves-de-la-france#primaryimage\",\"url\":\"https:\/\/static.africa-press.net\/mali\/sites\/21\/2023\/03\/postQueueImg_1678205827.32.jpg\",\"contentUrl\":\"https:\/\/static.africa-press.net\/mali\/sites\/21\/2023\/03\/postQueueImg_1678205827.32.jpg\",\"width\":1280,\"height\":720,\"caption\":\"Aboubacar Sidiki Fomba, Pr\u00e9sident de l\u2019ADEPM : \u00abMacron s\u2019est adress\u00e9 aux hommes politiques qui sont esclaves de la France \u00bb\"},{\"@type\":\"BreadcrumbList\",\"@id\":\"https:\/\/www.africa-press.net\/mali\/politique\/aboubacar-sidiki-fomba-president-de-ladepm-macron-sest-adresse-aux-hommes-politiques-qui-sont-esclaves-de-la-france#breadcrumb\",\"itemListElement\":[{\"@type\":\"ListItem\",\"position\":1,\"name\":\"Home\",\"item\":\"https:\/\/www.africa-press.net\/mali\/\"},{\"@type\":\"ListItem\",\"position\":2,\"name\":\"Aboubacar Sidiki Fomba, Pr\u00e9sident de l\u2019ADEPM : \u00abMacron s\u2019est adress\u00e9 aux hommes politiques qui sont esclaves de la France \u00bb\"}]},{\"@type\":\"WebSite\",\"@id\":\"https:\/\/www.africa-press.net\/mali\/#website\",\"url\":\"https:\/\/www.africa-press.net\/mali\/\",\"name\":\"Mali\",\"description\":\"Just another Africa News Agency Sites site\",\"potentialAction\":[{\"@type\":\"SearchAction\",\"target\":{\"@type\":\"EntryPoint\",\"urlTemplate\":\"https:\/\/www.africa-press.net\/mali\/?s={search_term_string}\"},\"query-input\":{\"@type\":\"PropertyValueSpecification\",\"valueRequired\":true,\"valueName\":\"search_term_string\"}}],\"inLanguage\":\"fr-FR\"},{\"@type\":\"Person\",\"@id\":\"https:\/\/www.africa-press.net\/mali\/#\/schema\/person\/2b1cf3cd81a31e3cd26889ca66d677f1\",\"name\":\"cfeditorfr\"}]}<\/script>\n<!-- \/ Yoast SEO Premium plugin. -->","yoast_head_json":{"title":"Aboubacar Sidiki Fomba, Pr\u00e9sident de l\u2019ADEPM : \u00abMacron s\u2019est adress\u00e9 aux hommes politiques qui sont esclaves de la France \u00bb - Mali","description":"Je ne cautionne pas, et je n\u2019ai jamais cautionne\u0301 la politique de la France au Mali. Donc ses propos ne me concernent pa ...","robots":{"index":"index","follow":"follow","max-snippet":"max-snippet:-1","max-image-preview":"max-image-preview:large","max-video-preview":"max-video-preview:-1"},"canonical":"https:\/\/www.africa-press.net\/mali\/politique\/aboubacar-sidiki-fomba-president-de-ladepm-macron-sest-adresse-aux-hommes-politiques-qui-sont-esclaves-de-la-france","og_locale":"fr_FR","og_type":"article","og_title":"Aboubacar Sidiki Fomba, Pr\u00e9sident de l\u2019ADEPM : \u00abMacron s\u2019est adress\u00e9 aux hommes politiques qui sont esclaves de la France \u00bb","og_description":"Je ne cautionne pas, et je n\u2019ai jamais cautionne\u0301 la politique de la France au Mali. Donc ses propos ne me concernent pa ...","og_url":"https:\/\/www.africa-press.net\/mali\/politique\/aboubacar-sidiki-fomba-president-de-ladepm-macron-sest-adresse-aux-hommes-politiques-qui-sont-esclaves-de-la-france","og_site_name":"Mali","article_publisher":"https:\/\/www.facebook.com\/AfricaPressTunisiaa","article_published_time":"2023-03-07T19:46:47+00:00","article_modified_time":"2023-03-07T20:22:18+00:00","og_image":[{"width":1280,"height":720,"url":"https:\/\/static.africa-press.net\/mali\/sites\/21\/2023\/03\/postQueueImg_1678205827.32.jpg","type":"image\/jpeg"}],"author":"cfeditorfr","twitter_card":"summary_large_image","twitter_misc":{"\u00c9crit par":"cfeditorfr","Dur\u00e9e de lecture estim\u00e9e":"1 minute"},"schema":{"@context":"https:\/\/schema.org","@graph":[{"@type":"Article","@id":"https:\/\/www.africa-press.net\/mali\/politique\/aboubacar-sidiki-fomba-president-de-ladepm-macron-sest-adresse-aux-hommes-politiques-qui-sont-esclaves-de-la-france#article","isPartOf":{"@id":"https:\/\/www.africa-press.net\/mali\/politique\/aboubacar-sidiki-fomba-president-de-ladepm-macron-sest-adresse-aux-hommes-politiques-qui-sont-esclaves-de-la-france"},"author":{"name":"cfeditorfr","@id":"https:\/\/www.africa-press.net\/mali\/#\/schema\/person\/2b1cf3cd81a31e3cd26889ca66d677f1"},"headline":"Aboubacar Sidiki Fomba, Pr\u00e9sident de l\u2019ADEPM : \u00abMacron s\u2019est adress\u00e9 aux hommes politiques qui sont esclaves de la France \u00bb","datePublished":"2023-03-07T19:46:47+00:00","dateModified":"2023-03-07T20:22:18+00:00","mainEntityOfPage":{"@id":"https:\/\/www.africa-press.net\/mali\/politique\/aboubacar-sidiki-fomba-president-de-ladepm-macron-sest-adresse-aux-hommes-politiques-qui-sont-esclaves-de-la-france"},"wordCount":236,"commentCount":0,"image":{"@id":"https:\/\/www.africa-press.net\/mali\/politique\/aboubacar-sidiki-fomba-president-de-ladepm-macron-sest-adresse-aux-hommes-politiques-qui-sont-esclaves-de-la-france#primaryimage"},"thumbnailUrl":"https:\/\/static.africa-press.net\/mali\/sites\/21\/2023\/03\/postQueueImg_1678205827.32.jpg","keywords":["Africa Press","Africa Press-Mali","mali"],"articleSection":["Politique","Toutes les actualit\u00e9s"],"inLanguage":"fr-FR","potentialAction":[{"@type":"CommentAction","name":"Comment","target":["https:\/\/www.africa-press.net\/mali\/politique\/aboubacar-sidiki-fomba-president-de-ladepm-macron-sest-adresse-aux-hommes-politiques-qui-sont-esclaves-de-la-france#respond"]}]},{"@type":"WebPage","@id":"https:\/\/www.africa-press.net\/mali\/politique\/aboubacar-sidiki-fomba-president-de-ladepm-macron-sest-adresse-aux-hommes-politiques-qui-sont-esclaves-de-la-france","url":"https:\/\/www.africa-press.net\/mali\/politique\/aboubacar-sidiki-fomba-president-de-ladepm-macron-sest-adresse-aux-hommes-politiques-qui-sont-esclaves-de-la-france","name":"Aboubacar Sidiki Fomba, Pr\u00e9sident de l\u2019ADEPM : \u00abMacron s\u2019est adress\u00e9 aux hommes politiques qui sont esclaves de la France \u00bb - Mali","isPartOf":{"@id":"https:\/\/www.africa-press.net\/mali\/#website"},"primaryImageOfPage":{"@id":"https:\/\/www.africa-press.net\/mali\/politique\/aboubacar-sidiki-fomba-president-de-ladepm-macron-sest-adresse-aux-hommes-politiques-qui-sont-esclaves-de-la-france#primaryimage"},"image":{"@id":"https:\/\/www.africa-press.net\/mali\/politique\/aboubacar-sidiki-fomba-president-de-ladepm-macron-sest-adresse-aux-hommes-politiques-qui-sont-esclaves-de-la-france#primaryimage"},"thumbnailUrl":"https:\/\/static.africa-press.net\/mali\/sites\/21\/2023\/03\/postQueueImg_1678205827.32.jpg","datePublished":"2023-03-07T19:46:47+00:00","dateModified":"2023-03-07T20:22:18+00:00","author":{"@id":"https:\/\/www.africa-press.net\/mali\/#\/schema\/person\/2b1cf3cd81a31e3cd26889ca66d677f1"},"description":"Je ne cautionne pas, et je n\u2019ai jamais cautionne\u0301 la politique de la France au Mali. Donc ses propos ne me concernent pa ...","breadcrumb":{"@id":"https:\/\/www.africa-press.net\/mali\/politique\/aboubacar-sidiki-fomba-president-de-ladepm-macron-sest-adresse-aux-hommes-politiques-qui-sont-esclaves-de-la-france#breadcrumb"},"inLanguage":"fr-FR","potentialAction":[{"@type":"ReadAction","target":["https:\/\/www.africa-press.net\/mali\/politique\/aboubacar-sidiki-fomba-president-de-ladepm-macron-sest-adresse-aux-hommes-politiques-qui-sont-esclaves-de-la-france"]}]},{"@type":"ImageObject","inLanguage":"fr-FR","@id":"https:\/\/www.africa-press.net\/mali\/politique\/aboubacar-sidiki-fomba-president-de-ladepm-macron-sest-adresse-aux-hommes-politiques-qui-sont-esclaves-de-la-france#primaryimage","url":"https:\/\/static.africa-press.net\/mali\/sites\/21\/2023\/03\/postQueueImg_1678205827.32.jpg","contentUrl":"https:\/\/static.africa-press.net\/mali\/sites\/21\/2023\/03\/postQueueImg_1678205827.32.jpg","width":1280,"height":720,"caption":"Aboubacar Sidiki Fomba, Pr\u00e9sident de l\u2019ADEPM : \u00abMacron s\u2019est adress\u00e9 aux hommes politiques qui sont esclaves de la France \u00bb"},{"@type":"BreadcrumbList","@id":"https:\/\/www.africa-press.net\/mali\/politique\/aboubacar-sidiki-fomba-president-de-ladepm-macron-sest-adresse-aux-hommes-politiques-qui-sont-esclaves-de-la-france#breadcrumb","itemListElement":[{"@type":"ListItem","position":1,"name":"Home","item":"https:\/\/www.africa-press.net\/mali\/"},{"@type":"ListItem","position":2,"name":"Aboubacar Sidiki Fomba, Pr\u00e9sident de l\u2019ADEPM : \u00abMacron s\u2019est adress\u00e9 aux hommes politiques qui sont esclaves de la France \u00bb"}]},{"@type":"WebSite","@id":"https:\/\/www.africa-press.net\/mali\/#website","url":"https:\/\/www.africa-press.net\/mali\/","name":"Mali","description":"Just another Africa News Agency Sites site","potentialAction":[{"@type":"SearchAction","target":{"@type":"EntryPoint","urlTemplate":"https:\/\/www.africa-press.net\/mali\/?s={search_term_string}"},"query-input":{"@type":"PropertyValueSpecification","valueRequired":true,"valueName":"search_term_string"}}],"inLanguage":"fr-FR"},{"@type":"Person","@id":"https:\/\/www.africa-press.net\/mali\/#\/schema\/person\/2b1cf3cd81a31e3cd26889ca66d677f1","name":"cfeditorfr"}]}},"_links":{"self":[{"href":"https:\/\/www.africa-press.net\/mali\/wp-json\/wp\/v2\/posts\/31637","targetHints":{"allow":["GET"]}}],"collection":[{"href":"https:\/\/www.africa-press.net\/mali\/wp-json\/wp\/v2\/posts"}],"about":[{"href":"https:\/\/www.africa-press.net\/mali\/wp-json\/wp\/v2\/types\/post"}],"author":[{"embeddable":true,"href":"https:\/\/www.africa-press.net\/mali\/wp-json\/wp\/v2\/users\/82"}],"replies":[{"embeddable":true,"href":"https:\/\/www.africa-press.net\/mali\/wp-json\/wp\/v2\/comments?post=31637"}],"version-history":[{"count":0,"href":"https:\/\/www.africa-press.net\/mali\/wp-json\/wp\/v2\/posts\/31637\/revisions"}],"wp:featuredmedia":[{"embeddable":true,"href":"https:\/\/www.africa-press.net\/mali\/wp-json\/wp\/v2\/media\/31635"}],"wp:attachment":[{"href":"https:\/\/www.africa-press.net\/mali\/wp-json\/wp\/v2\/media?parent=31637"}],"wp:term":[{"taxonomy":"category","embeddable":true,"href":"https:\/\/www.africa-press.net\/mali\/wp-json\/wp\/v2\/categories?post=31637"},{"taxonomy":"post_tag","embeddable":true,"href":"https:\/\/www.africa-press.net\/mali\/wp-json\/wp\/v2\/tags?post=31637"}],"curies":[{"name":"wp","href":"https:\/\/api.w.org\/{rel}","templated":true}]}}