{"id":31640,"date":"2023-03-07T19:48:29","date_gmt":"2023-03-07T19:48:29","guid":{"rendered":"https:\/\/www.africa-press.net\/mali\/politique\/mali-accord-de-paix-les-groupes-armes-demandent-laccompagnement-de-lalgerie"},"modified":"2023-03-07T20:22:52","modified_gmt":"2023-03-07T20:22:52","slug":"mali-accord-de-paix-les-groupes-armes-demandent-laccompagnement-de-lalgerie","status":"publish","type":"post","link":"https:\/\/www.africa-press.net\/mali\/top-nouvelles\/mali-accord-de-paix-les-groupes-armes-demandent-laccompagnement-de-lalgerie","title":{"rendered":"Mali \/ Accord de paix : les groupes arm\u00e9s demandent l&rsquo;accompagnement de l&rsquo;Alg\u00e9rie"},"content":{"rendered":"<p><span style=\"color: #ff6600\"><strong>Africa-Press &#8211; Mali. <\/strong><\/span>Le Cadre strate\u0301gique pour la paix, la se\u0301curite\u0301 et le de\u0301veloppement (CSP-PSD) compose\u0301 de la Coordination des Mouvements de l&rsquo;Azawad (CMA) et de la Plateforme du 14 juin 2014 d&rsquo;Alger a demande\u0301 a\u0300 l&rsquo;Alge\u0301rie de consentir ses efforts pour la mobilisation et l&rsquo;accompagnement de la communaute\u0301 internationale afin de transcender les difficulte\u0301s lie\u0301es a\u0300 la mise en \u0153uvre, au Mali, de l&rsquo;accord pour la paix issu du processus d&rsquo;Alger.<\/p>\n<p>Cette demande a e\u0301te\u0301 formellement exprime\u0301e a\u0300 l&rsquo;occasion d&rsquo;un de\u0301placement a\u0300 Alger d&rsquo;une de\u0301le\u0301gation des Mouvements signataires de l&rsquo;accord pour la paix (CMA-Plateforme) regroupe\u0301s au sein du CSP-PSD, conduite par son Pre\u0301sident Algabass Ag Intalla du 20 fe\u0301vrier au 3 mars 2023.<\/p>\n<p>Dans une de\u0301claration accorde\u0301e, lundi, a\u0300 Anadolu, Mohamed El Maouloud Ramadan porte-parole dudit Cadre a indique\u0301 : \u00ab Nous avons discute\u0301 a\u0300 ba\u0302tons rompus sur le processus de paix, sur la gravite\u0301 de la situation actuelle, comment sortir de cette impasse ? Tous les sujets ont e\u0301te\u0301 aborde\u0301s sans tabou. C&rsquo;est suite a\u0300 cela que les mouvements ont remis a\u0300 la Me\u0301diation certains points qui peuvent e\u0302tre une proposition de sortie de crise \u00bb.<\/p>\n<p>La de\u0301le\u0301gation a e\u0301te\u0301 rec\u0327ue en audience par Abdelmadjid Tebboune, pre\u0301sident de la Re\u0301publique alge\u0301rienne.<\/p>\n<p>\u00ab A l&rsquo;issue de cette audience, la de\u0301le\u0301gation du CSP-PSD) a obtenu de la part de son excellence monsieur le pre\u0301sident, l&rsquo;assurance d&rsquo;e\u0302tre entendue et comprise, il a e\u0301galement re\u0301ite\u0301re\u0301 l&rsquo;attachement de l&rsquo;Alge\u0301rie a\u0300 la mise en \u0153uvre de l&rsquo;Accord pour la Paix et la Re\u0301conciliation au Mali issu du Processus d&rsquo;Alger, gage d&rsquo;une paix durable \u00bb, a explique\u0301 la de\u0301le\u0301gation, lundi dans un communique\u0301, consulte\u0301 par Anadolu.<\/p>\n<p>Mohamed El Maouloud Ramadan, s&rsquo;est abstenu de donner plus de de\u0301tails sur les points discute\u0301s avec le pre\u0301sident alge\u0301rien.<\/p>\n<p>Il a, en revanche, rappele\u0301 que \u00ab les mouvements signataires de l&rsquo;accord regroupe\u0301s au sein du CSP-PSD avaient suspendu leur participation au me\u0301canisme de mise en \u0153uvre de l&rsquo;accord depuis 2 ou 3 mois pour demander une audience avec la me\u0301diation internationale pour parler de certains points qu&rsquo;ils estiment importants\u00bb.<\/p>\n<p>C&rsquo;est suite a\u0300 ce blocage que l&rsquo;Alge\u0301rie a pris l&rsquo;initiative d&rsquo;inviter les responsables des mouvements signataires du 20 fe\u0301vrier au 03 mars a\u0300 Alger.<\/p>\n<p>Il a souligne\u0301 que \u00ab le premier point de blocage est la volonte\u0301 politique pour la mise en \u0153uvre de l&rsquo;accord qui a e\u0301te\u0301 signe\u0301 depuis 2015. Lorsque les autorite\u0301s de transition sont arrive\u0301es au pouvoir, dans leur premier communique\u0301, ils ont re\u0301ite\u0301re\u0301 leur engagement a\u0300 la mise en \u0153uvre de l&rsquo;accord. Mais malheureusement apre\u0300s deux ans nous n&rsquo;avons constate\u0301 aucun re\u0301sultat significatif dans la mise en \u0153uvre de l&rsquo;accord. Nous avons interpelle\u0301 le gouvernement plusieurs fois par rapport a\u0300 la lenteur, la ne\u0301gligence, sinon l&rsquo;oubli de la mise en \u0153uvre de l&rsquo;accord \u00bb, a-t-il fait savoir.<\/p>\n<p>Pour sa part, le gouvernement du Mali a adresse\u0301 la semaine dernie\u0300re une correspondance de mise en garde aux groupes arme\u0301s et a\u0300 la Me\u0301diation internationale.<\/p>\n<p>La correspondance adresse\u0301e a\u0300 Ramtane Lamamra, Chef de file de la me\u0301diation alge\u0301rienne, de\u0301plore plusieurs cas de violation de l\u2019accord pour la paix par les mouvements signataires dont la Coordination de Mouvements de l&rsquo;Azawad (CMA).<\/p>\n<p>Parmi ces violations, le document note \u00ab l&rsquo;installation d\u2019e\u0301tats-majors par certains mouvements dans le Gourma en 2020-2021, la re\u0301ouverture des postes de se\u0301curite\u0301 dans les zones de Kidal, Gao, Me\u0301naka et Tombouctou, la de\u0301livrance ille\u0301gale d&rsquo;autorisation de de\u0301placement sur les sites d&rsquo;orpaillage, le refus de recevoir les me\u0301decins en charge de lutte contre la Covid-19, les actions entravant le fonctionnement optimal des bataillons des forces arme\u0301es reconstitue\u0301es, l&rsquo;occupation d&rsquo;Annefis ou encore l&rsquo;ope\u0301rationnalisation d&rsquo;un tribunal islamique a\u0300 Kidal.<\/p>\n<p>Le Gouvernement a e\u0301galement pointe\u0301 une collusion, de plus en plus manifeste, des mouvements arme\u0301s signataires de l\u2019accord pour la paix avec les groupes terroristes.<\/p>\n<p>De son co\u0302te\u0301 Mohamed El Maouloud Ramadan a affirme\u0301 que \u00ab par respect a\u0300 la de\u0301marche que l&rsquo;Alge\u0301rie est en train d&rsquo;amener pour le moment, nous avons de\u0301cide\u0301 de ne pas re\u0301agir a\u0300 cette correspondance me\u0302me si nous rejetons cate\u0301goriquement le contenu \u00bb.<\/p>\n<p>Dans cette lettre, le gouvernement souligne que \u00ab la me\u0301diation internationale n&rsquo;a pas du tout condamne\u0301 ces violations, et leurs auteurs n&rsquo;ont jamais e\u0301te\u0301 rappele\u0301s a\u0300 l&rsquo;ordre. Le gouvernement indique qu&rsquo;en plus, les structures charge\u0301es d&rsquo;accompagner la mise en \u0153uvre de l&rsquo;accord n&rsquo;ont jamais comble\u0301 les attentes \u00bb.<\/p>\n<p><strong>Pour plus d&rsquo;informations et d&rsquo;analyses sur la <a href=\"https:\/\/www.africa-press.net\/mali\">Mali<\/a>, suivez <a href=\"https:\/\/www.africa-press.net\/\">Africa-Press<\/a><\/strong><\/p>\n","protected":false},"excerpt":{"rendered":"<p>Africa-Press &#8211; Mali. Le Cadre strate\u0301gique pour la paix, la se\u0301curite\u0301 et le de\u0301veloppement (CSP-PSD) compose\u0301 de la Coordination des Mouvements de l&rsquo;Azawad (CMA) et de la Plateforme du 14 juin 2014 d&rsquo;Alger a demande\u0301 a\u0300 l&rsquo;Alge\u0301rie de consentir ses efforts pour la mobilisation et l&rsquo;accompagnement de la communaute\u0301 internationale afin de transcender les difficulte\u0301s [&hellip;]<\/p>\n","protected":false},"author":82,"featured_media":31638,"comment_status":"open","ping_status":"closed","sticky":false,"template":"","format":"standard","meta":{"footnotes":""},"categories":[7,88,5,17],"tags":[76,86,19],"class_list":["post-31640","post","type-post","status-publish","format-standard","has-post-thumbnail","hentry","category-politique","category-to-homepage","category-top-nouvelles","category-toutes-les-actualites","tag-africa-press","tag-africa-press-mali","tag-mali"],"yoast_head":"<!-- This site is optimized with the Yoast SEO Premium plugin v26.1 (Yoast SEO v27.0) - https:\/\/yoast.com\/product\/yoast-seo-premium-wordpress\/ -->\n<title>Mali \/ Accord de paix : les groupes arm\u00e9s demandent l&#039;accompagnement de l&#039;Alg\u00e9rie - Mali<\/title>\n<meta name=\"description\" content=\"Le Cadre strate\u0301gique pour la paix, la se\u0301curite\u0301 et le de\u0301veloppement (CSP-PSD) compose\u0301 de la Coordination des Mouveme ...\" \/>\n<meta name=\"robots\" content=\"index, follow, max-snippet:-1, max-image-preview:large, max-video-preview:-1\" \/>\n<link rel=\"canonical\" href=\"https:\/\/www.africa-press.net\/mali\/top-nouvelles\/mali-accord-de-paix-les-groupes-armes-demandent-laccompagnement-de-lalgerie\" \/>\n<meta property=\"og:locale\" content=\"fr_FR\" \/>\n<meta property=\"og:type\" content=\"article\" \/>\n<meta property=\"og:title\" content=\"Mali \/ Accord de paix : les groupes arm\u00e9s demandent l&#039;accompagnement de l&#039;Alg\u00e9rie\" \/>\n<meta property=\"og:description\" content=\"Le Cadre strate\u0301gique pour la paix, la se\u0301curite\u0301 et le de\u0301veloppement (CSP-PSD) compose\u0301 de la Coordination des Mouveme ...\" \/>\n<meta property=\"og:url\" content=\"https:\/\/www.africa-press.net\/mali\/top-nouvelles\/mali-accord-de-paix-les-groupes-armes-demandent-laccompagnement-de-lalgerie\" \/>\n<meta property=\"og:site_name\" content=\"Mali\" \/>\n<meta property=\"article:publisher\" content=\"https:\/\/www.facebook.com\/AfricaPressTunisiaa\" \/>\n<meta property=\"article:published_time\" content=\"2023-03-07T19:48:29+00:00\" \/>\n<meta property=\"article:modified_time\" content=\"2023-03-07T20:22:52+00:00\" \/>\n<meta property=\"og:image\" content=\"https:\/\/static.africa-press.net\/mali\/sites\/21\/2023\/03\/postQueueImg_1678206562.30.jpg\" \/>\n\t<meta property=\"og:image:width\" content=\"980\" \/>\n\t<meta property=\"og:image:height\" content=\"551\" \/>\n\t<meta property=\"og:image:type\" content=\"image\/jpeg\" \/>\n<meta name=\"author\" content=\"cfeditorfr\" \/>\n<meta name=\"twitter:card\" content=\"summary_large_image\" \/>\n<meta name=\"twitter:label1\" content=\"\u00c9crit par\" \/>\n\t<meta name=\"twitter:data1\" content=\"cfeditorfr\" \/>\n\t<meta name=\"twitter:label2\" content=\"Dur\u00e9e de lecture estim\u00e9e\" \/>\n\t<meta name=\"twitter:data2\" content=\"4 minutes\" \/>\n<script type=\"application\/ld+json\" class=\"yoast-schema-graph\">{\"@context\":\"https:\/\/schema.org\",\"@graph\":[{\"@type\":\"Article\",\"@id\":\"https:\/\/www.africa-press.net\/mali\/top-nouvelles\/mali-accord-de-paix-les-groupes-armes-demandent-laccompagnement-de-lalgerie#article\",\"isPartOf\":{\"@id\":\"https:\/\/www.africa-press.net\/mali\/top-nouvelles\/mali-accord-de-paix-les-groupes-armes-demandent-laccompagnement-de-lalgerie\"},\"author\":{\"name\":\"cfeditorfr\",\"@id\":\"https:\/\/www.africa-press.net\/mali\/#\/schema\/person\/2b1cf3cd81a31e3cd26889ca66d677f1\"},\"headline\":\"Mali \/ Accord de paix : les groupes arm\u00e9s demandent l&rsquo;accompagnement de l&rsquo;Alg\u00e9rie\",\"datePublished\":\"2023-03-07T19:48:29+00:00\",\"dateModified\":\"2023-03-07T20:22:52+00:00\",\"mainEntityOfPage\":{\"@id\":\"https:\/\/www.africa-press.net\/mali\/top-nouvelles\/mali-accord-de-paix-les-groupes-armes-demandent-laccompagnement-de-lalgerie\"},\"wordCount\":858,\"commentCount\":0,\"image\":{\"@id\":\"https:\/\/www.africa-press.net\/mali\/top-nouvelles\/mali-accord-de-paix-les-groupes-armes-demandent-laccompagnement-de-lalgerie#primaryimage\"},\"thumbnailUrl\":\"https:\/\/static.africa-press.net\/mali\/sites\/21\/2023\/03\/postQueueImg_1678206562.30.jpg\",\"keywords\":[\"Africa Press\",\"Africa Press-Mali\",\"mali\"],\"articleSection\":[\"Politique\",\"to-homepage\",\"Top Nouvelles\",\"Toutes les actualit\u00e9s\"],\"inLanguage\":\"fr-FR\",\"potentialAction\":[{\"@type\":\"CommentAction\",\"name\":\"Comment\",\"target\":[\"https:\/\/www.africa-press.net\/mali\/top-nouvelles\/mali-accord-de-paix-les-groupes-armes-demandent-laccompagnement-de-lalgerie#respond\"]}]},{\"@type\":\"WebPage\",\"@id\":\"https:\/\/www.africa-press.net\/mali\/top-nouvelles\/mali-accord-de-paix-les-groupes-armes-demandent-laccompagnement-de-lalgerie\",\"url\":\"https:\/\/www.africa-press.net\/mali\/top-nouvelles\/mali-accord-de-paix-les-groupes-armes-demandent-laccompagnement-de-lalgerie\",\"name\":\"Mali \/ Accord de paix : les groupes arm\u00e9s demandent l'accompagnement de l'Alg\u00e9rie - Mali\",\"isPartOf\":{\"@id\":\"https:\/\/www.africa-press.net\/mali\/#website\"},\"primaryImageOfPage\":{\"@id\":\"https:\/\/www.africa-press.net\/mali\/top-nouvelles\/mali-accord-de-paix-les-groupes-armes-demandent-laccompagnement-de-lalgerie#primaryimage\"},\"image\":{\"@id\":\"https:\/\/www.africa-press.net\/mali\/top-nouvelles\/mali-accord-de-paix-les-groupes-armes-demandent-laccompagnement-de-lalgerie#primaryimage\"},\"thumbnailUrl\":\"https:\/\/static.africa-press.net\/mali\/sites\/21\/2023\/03\/postQueueImg_1678206562.30.jpg\",\"datePublished\":\"2023-03-07T19:48:29+00:00\",\"dateModified\":\"2023-03-07T20:22:52+00:00\",\"author\":{\"@id\":\"https:\/\/www.africa-press.net\/mali\/#\/schema\/person\/2b1cf3cd81a31e3cd26889ca66d677f1\"},\"description\":\"Le Cadre strate\u0301gique pour la paix, la se\u0301curite\u0301 et le de\u0301veloppement (CSP-PSD) compose\u0301 de la Coordination des Mouveme ...\",\"breadcrumb\":{\"@id\":\"https:\/\/www.africa-press.net\/mali\/top-nouvelles\/mali-accord-de-paix-les-groupes-armes-demandent-laccompagnement-de-lalgerie#breadcrumb\"},\"inLanguage\":\"fr-FR\",\"potentialAction\":[{\"@type\":\"ReadAction\",\"target\":[\"https:\/\/www.africa-press.net\/mali\/top-nouvelles\/mali-accord-de-paix-les-groupes-armes-demandent-laccompagnement-de-lalgerie\"]}]},{\"@type\":\"ImageObject\",\"inLanguage\":\"fr-FR\",\"@id\":\"https:\/\/www.africa-press.net\/mali\/top-nouvelles\/mali-accord-de-paix-les-groupes-armes-demandent-laccompagnement-de-lalgerie#primaryimage\",\"url\":\"https:\/\/static.africa-press.net\/mali\/sites\/21\/2023\/03\/postQueueImg_1678206562.30.jpg\",\"contentUrl\":\"https:\/\/static.africa-press.net\/mali\/sites\/21\/2023\/03\/postQueueImg_1678206562.30.jpg\",\"width\":980,\"height\":551,\"caption\":\"Mali \/ Accord de paix : les groupes arm\u00e9s demandent l'accompagnement de l'Alg\u00e9rie\"},{\"@type\":\"BreadcrumbList\",\"@id\":\"https:\/\/www.africa-press.net\/mali\/top-nouvelles\/mali-accord-de-paix-les-groupes-armes-demandent-laccompagnement-de-lalgerie#breadcrumb\",\"itemListElement\":[{\"@type\":\"ListItem\",\"position\":1,\"name\":\"Home\",\"item\":\"https:\/\/www.africa-press.net\/mali\/\"},{\"@type\":\"ListItem\",\"position\":2,\"name\":\"Mali \/ Accord de paix : les groupes arm\u00e9s demandent l&rsquo;accompagnement de l&rsquo;Alg\u00e9rie\"}]},{\"@type\":\"WebSite\",\"@id\":\"https:\/\/www.africa-press.net\/mali\/#website\",\"url\":\"https:\/\/www.africa-press.net\/mali\/\",\"name\":\"Mali\",\"description\":\"Just another Africa News Agency Sites site\",\"potentialAction\":[{\"@type\":\"SearchAction\",\"target\":{\"@type\":\"EntryPoint\",\"urlTemplate\":\"https:\/\/www.africa-press.net\/mali\/?s={search_term_string}\"},\"query-input\":{\"@type\":\"PropertyValueSpecification\",\"valueRequired\":true,\"valueName\":\"search_term_string\"}}],\"inLanguage\":\"fr-FR\"},{\"@type\":\"Person\",\"@id\":\"https:\/\/www.africa-press.net\/mali\/#\/schema\/person\/2b1cf3cd81a31e3cd26889ca66d677f1\",\"name\":\"cfeditorfr\"}]}<\/script>\n<!-- \/ Yoast SEO Premium plugin. -->","yoast_head_json":{"title":"Mali \/ Accord de paix : les groupes arm\u00e9s demandent l'accompagnement de l'Alg\u00e9rie - Mali","description":"Le Cadre strate\u0301gique pour la paix, la se\u0301curite\u0301 et le de\u0301veloppement (CSP-PSD) compose\u0301 de la Coordination des Mouveme ...","robots":{"index":"index","follow":"follow","max-snippet":"max-snippet:-1","max-image-preview":"max-image-preview:large","max-video-preview":"max-video-preview:-1"},"canonical":"https:\/\/www.africa-press.net\/mali\/top-nouvelles\/mali-accord-de-paix-les-groupes-armes-demandent-laccompagnement-de-lalgerie","og_locale":"fr_FR","og_type":"article","og_title":"Mali \/ Accord de paix : les groupes arm\u00e9s demandent l'accompagnement de l'Alg\u00e9rie","og_description":"Le Cadre strate\u0301gique pour la paix, la se\u0301curite\u0301 et le de\u0301veloppement (CSP-PSD) compose\u0301 de la Coordination des Mouveme ...","og_url":"https:\/\/www.africa-press.net\/mali\/top-nouvelles\/mali-accord-de-paix-les-groupes-armes-demandent-laccompagnement-de-lalgerie","og_site_name":"Mali","article_publisher":"https:\/\/www.facebook.com\/AfricaPressTunisiaa","article_published_time":"2023-03-07T19:48:29+00:00","article_modified_time":"2023-03-07T20:22:52+00:00","og_image":[{"width":980,"height":551,"url":"https:\/\/static.africa-press.net\/mali\/sites\/21\/2023\/03\/postQueueImg_1678206562.30.jpg","type":"image\/jpeg"}],"author":"cfeditorfr","twitter_card":"summary_large_image","twitter_misc":{"\u00c9crit par":"cfeditorfr","Dur\u00e9e de lecture estim\u00e9e":"4 minutes"},"schema":{"@context":"https:\/\/schema.org","@graph":[{"@type":"Article","@id":"https:\/\/www.africa-press.net\/mali\/top-nouvelles\/mali-accord-de-paix-les-groupes-armes-demandent-laccompagnement-de-lalgerie#article","isPartOf":{"@id":"https:\/\/www.africa-press.net\/mali\/top-nouvelles\/mali-accord-de-paix-les-groupes-armes-demandent-laccompagnement-de-lalgerie"},"author":{"name":"cfeditorfr","@id":"https:\/\/www.africa-press.net\/mali\/#\/schema\/person\/2b1cf3cd81a31e3cd26889ca66d677f1"},"headline":"Mali \/ Accord de paix : les groupes arm\u00e9s demandent l&rsquo;accompagnement de l&rsquo;Alg\u00e9rie","datePublished":"2023-03-07T19:48:29+00:00","dateModified":"2023-03-07T20:22:52+00:00","mainEntityOfPage":{"@id":"https:\/\/www.africa-press.net\/mali\/top-nouvelles\/mali-accord-de-paix-les-groupes-armes-demandent-laccompagnement-de-lalgerie"},"wordCount":858,"commentCount":0,"image":{"@id":"https:\/\/www.africa-press.net\/mali\/top-nouvelles\/mali-accord-de-paix-les-groupes-armes-demandent-laccompagnement-de-lalgerie#primaryimage"},"thumbnailUrl":"https:\/\/static.africa-press.net\/mali\/sites\/21\/2023\/03\/postQueueImg_1678206562.30.jpg","keywords":["Africa Press","Africa Press-Mali","mali"],"articleSection":["Politique","to-homepage","Top Nouvelles","Toutes les actualit\u00e9s"],"inLanguage":"fr-FR","potentialAction":[{"@type":"CommentAction","name":"Comment","target":["https:\/\/www.africa-press.net\/mali\/top-nouvelles\/mali-accord-de-paix-les-groupes-armes-demandent-laccompagnement-de-lalgerie#respond"]}]},{"@type":"WebPage","@id":"https:\/\/www.africa-press.net\/mali\/top-nouvelles\/mali-accord-de-paix-les-groupes-armes-demandent-laccompagnement-de-lalgerie","url":"https:\/\/www.africa-press.net\/mali\/top-nouvelles\/mali-accord-de-paix-les-groupes-armes-demandent-laccompagnement-de-lalgerie","name":"Mali \/ Accord de paix : les groupes arm\u00e9s demandent l'accompagnement de l'Alg\u00e9rie - Mali","isPartOf":{"@id":"https:\/\/www.africa-press.net\/mali\/#website"},"primaryImageOfPage":{"@id":"https:\/\/www.africa-press.net\/mali\/top-nouvelles\/mali-accord-de-paix-les-groupes-armes-demandent-laccompagnement-de-lalgerie#primaryimage"},"image":{"@id":"https:\/\/www.africa-press.net\/mali\/top-nouvelles\/mali-accord-de-paix-les-groupes-armes-demandent-laccompagnement-de-lalgerie#primaryimage"},"thumbnailUrl":"https:\/\/static.africa-press.net\/mali\/sites\/21\/2023\/03\/postQueueImg_1678206562.30.jpg","datePublished":"2023-03-07T19:48:29+00:00","dateModified":"2023-03-07T20:22:52+00:00","author":{"@id":"https:\/\/www.africa-press.net\/mali\/#\/schema\/person\/2b1cf3cd81a31e3cd26889ca66d677f1"},"description":"Le Cadre strate\u0301gique pour la paix, la se\u0301curite\u0301 et le de\u0301veloppement (CSP-PSD) compose\u0301 de la Coordination des Mouveme ...","breadcrumb":{"@id":"https:\/\/www.africa-press.net\/mali\/top-nouvelles\/mali-accord-de-paix-les-groupes-armes-demandent-laccompagnement-de-lalgerie#breadcrumb"},"inLanguage":"fr-FR","potentialAction":[{"@type":"ReadAction","target":["https:\/\/www.africa-press.net\/mali\/top-nouvelles\/mali-accord-de-paix-les-groupes-armes-demandent-laccompagnement-de-lalgerie"]}]},{"@type":"ImageObject","inLanguage":"fr-FR","@id":"https:\/\/www.africa-press.net\/mali\/top-nouvelles\/mali-accord-de-paix-les-groupes-armes-demandent-laccompagnement-de-lalgerie#primaryimage","url":"https:\/\/static.africa-press.net\/mali\/sites\/21\/2023\/03\/postQueueImg_1678206562.30.jpg","contentUrl":"https:\/\/static.africa-press.net\/mali\/sites\/21\/2023\/03\/postQueueImg_1678206562.30.jpg","width":980,"height":551,"caption":"Mali \/ Accord de paix : les groupes arm\u00e9s demandent l'accompagnement de l'Alg\u00e9rie"},{"@type":"BreadcrumbList","@id":"https:\/\/www.africa-press.net\/mali\/top-nouvelles\/mali-accord-de-paix-les-groupes-armes-demandent-laccompagnement-de-lalgerie#breadcrumb","itemListElement":[{"@type":"ListItem","position":1,"name":"Home","item":"https:\/\/www.africa-press.net\/mali\/"},{"@type":"ListItem","position":2,"name":"Mali \/ Accord de paix : les groupes arm\u00e9s demandent l&rsquo;accompagnement de l&rsquo;Alg\u00e9rie"}]},{"@type":"WebSite","@id":"https:\/\/www.africa-press.net\/mali\/#website","url":"https:\/\/www.africa-press.net\/mali\/","name":"Mali","description":"Just another Africa News Agency Sites site","potentialAction":[{"@type":"SearchAction","target":{"@type":"EntryPoint","urlTemplate":"https:\/\/www.africa-press.net\/mali\/?s={search_term_string}"},"query-input":{"@type":"PropertyValueSpecification","valueRequired":true,"valueName":"search_term_string"}}],"inLanguage":"fr-FR"},{"@type":"Person","@id":"https:\/\/www.africa-press.net\/mali\/#\/schema\/person\/2b1cf3cd81a31e3cd26889ca66d677f1","name":"cfeditorfr"}]}},"_links":{"self":[{"href":"https:\/\/www.africa-press.net\/mali\/wp-json\/wp\/v2\/posts\/31640","targetHints":{"allow":["GET"]}}],"collection":[{"href":"https:\/\/www.africa-press.net\/mali\/wp-json\/wp\/v2\/posts"}],"about":[{"href":"https:\/\/www.africa-press.net\/mali\/wp-json\/wp\/v2\/types\/post"}],"author":[{"embeddable":true,"href":"https:\/\/www.africa-press.net\/mali\/wp-json\/wp\/v2\/users\/82"}],"replies":[{"embeddable":true,"href":"https:\/\/www.africa-press.net\/mali\/wp-json\/wp\/v2\/comments?post=31640"}],"version-history":[{"count":0,"href":"https:\/\/www.africa-press.net\/mali\/wp-json\/wp\/v2\/posts\/31640\/revisions"}],"wp:featuredmedia":[{"embeddable":true,"href":"https:\/\/www.africa-press.net\/mali\/wp-json\/wp\/v2\/media\/31638"}],"wp:attachment":[{"href":"https:\/\/www.africa-press.net\/mali\/wp-json\/wp\/v2\/media?parent=31640"}],"wp:term":[{"taxonomy":"category","embeddable":true,"href":"https:\/\/www.africa-press.net\/mali\/wp-json\/wp\/v2\/categories?post=31640"},{"taxonomy":"post_tag","embeddable":true,"href":"https:\/\/www.africa-press.net\/mali\/wp-json\/wp\/v2\/tags?post=31640"}],"curies":[{"name":"wp","href":"https:\/\/api.w.org\/{rel}","templated":true}]}}