{"id":31650,"date":"2023-03-08T12:45:10","date_gmt":"2023-03-08T12:45:10","guid":{"rendered":"https:\/\/www.africa-press.net\/mali\/politique\/mali-projet-de-constitution-les-imams-sopposent-a-la-laicite-et-appellent-a-voter-contre"},"modified":"2023-03-08T14:08:24","modified_gmt":"2023-03-08T14:08:24","slug":"mali-projet-de-constitution-les-imams-sopposent-a-la-laicite-et-appellent-a-voter-contre","status":"publish","type":"post","link":"https:\/\/www.africa-press.net\/mali\/top-nouvelles\/mali-projet-de-constitution-les-imams-sopposent-a-la-laicite-et-appellent-a-voter-contre","title":{"rendered":"Mali \/ Projet de constitution : les imams s&rsquo;opposent \u00e0 la la\u00efcit\u00e9 et appellent \u00e0 voter contre"},"content":{"rendered":"<p><span style=\"color: #ff6600\"><strong>Africa-Press &#8211; Mali. <\/strong><\/span>La Ligue Malienne des Imams et E\u0301rudits pour la Solidarite\u0301 islamique au Mali (Limama) a appele\u0301, mardi, tous les musulmans patriotes a\u0300 voter contre le projet de la nouvelle constitution dans sa forme actuelle.<\/p>\n<p>Cette demande a e\u0301te\u0301 formellement exprime\u0301e lors d&rsquo;un point de presse a\u0300 Bamako exigeant, en outre, le retrait pur et simple de la lai\u0308cite\u0301 dans le projet de la nouvelle Constitution du Mali.<\/p>\n<p>Le secre\u0301taire ge\u0301ne\u0301ral de Limama, Gaoussou Sidiki Mainta, appelle les autorite\u0301s a\u0300 remplacer la lai\u0308cite\u0301 par un E\u0301tat multiconfessionnel.<\/p>\n<p>Selon lui, \u00ab la lai\u0308cite\u0301 est une astuce que les gouvernants utilisent a\u0300 leur guise pour cadenasser la ou les religions \u00bb, soulignant que \u00ab cette pratique a e\u0301te\u0301 usite\u0301e tant par le pouvoir colonial que par tous les re\u0301gimes de l&rsquo;e\u0300re d&rsquo;inde\u0301pendance qui ont gouverne\u0301 notre pays \u00bb.<\/p>\n<p>Baila Amadou Bah, secre\u0301taire administratif de la Ligue malienne des Imams et E\u0301rudits pour la Solidarite\u0301 islamique au Mali a indique\u0301 :\u00ab Il faut que ce mot lai\u0308cite\u0301 sous toutes ses formes soit nettoye\u0301 du texte fondamental et remplace\u0301 par l&rsquo;Etat multiconfessionnel. Nous faisons confiance aux autorite\u0301s de la transition, nous faisons confiance a\u0300 leur esprit patriotique, a\u0300 leur intelligence, pour percevoir le v\u0153u de 95% des Maliens en acceptant la demande que nous avons formule\u0301e \u00bb.<\/p>\n<p>Mohamed Kimbiri, 1er secre\u0301taire a\u0300 l&rsquo;organisation du haut conseil Islamique et pre\u0301sident du collectif des associations musulmanes du Mali a de son co\u0302te\u0301 indique\u0301 que \u00ab la lai\u0308cite\u0301 selon la mentalite\u0301 franc\u0327aise n&rsquo;est rien d&rsquo;autres que le rejet de la religion. La re\u0301alite\u0301 franc\u0327aise et la re\u0301alite\u0301 malienne ne sont pas pareilles, donc, comment c\u0327a fait-il que nous allons faire de notre Constitution, une copie conforme certifie\u0301e du mode\u0300le franc\u0327ais. C&rsquo;est c\u0327a qui nous a beaucoup choque\u0301 \u00bb.<\/p>\n<p>En revanche, le Syndicat Libre de la Magistrature (Lylima) rappelle que \u00ab le projet de Constitution marque un grave recul de l&rsquo;inde\u0301pendance du Pouvoir judiciaire tant par rapport a\u0300 l&rsquo;actuelle constitution qu&rsquo;au regard des engagements internationaux souscrits par notre pays \u00bb.<\/p>\n<p>Hady Macky Sall, pre\u0301sident du Syndicat Libre de la Magistrature a re\u0301ite\u0301re\u0301 \u00ab son souhait de voir extirper du projet de Constitution les questions relatives, entre autres, a\u0300 la saisine (article 136) et a\u0300 la composition (article 137) du Conseil Supe\u0301rieur de la Magistrature, la re\u0301daction des de\u0301cisions de justice (Aline\u0301a 3 de l\u2019article 131) \u00bb.<\/p>\n<p>Selon lui \u00ab une Constitution n\u2019a pas vocation a\u0300 re\u0301gler les moindres de\u0301tails en lieu et place de la loi \u00bb, avant de demander la re\u0301e\u0301criture de l\u2019article 132 pour e\u0301tendre l\u2019inde\u0301pendance a\u0300 l\u2019ensemble des magistrats pluto\u0302t qu\u2019aux seuls juges, les magistrats du parquet ne pouvant recevoir d\u2019instruction de tous.<\/p>\n<p>Le projet de Constitution a e\u0301te\u0301 remis au Pre\u0301sident de la transition le 27 fe\u0301vrier dernier, il comporte de\u0301sormais 191 articles contre 195 dans l&rsquo;avant-projet de Constitution d&rsquo;octobre 2022.<\/p>\n<p>Le Colonel Assimi Goi\u0308ta avait de\u0301clare\u0301 que \u00able document final, que je viens de recevoir ce 27 fe\u0301vrier 2023, cristallisera, a\u0300 n\u2019en pas douter, l\u2019espoir de la nation tout entie\u0300re quant a\u0300 l\u2019instauration d\u2019une ve\u0301ritable de\u0301mocratie\u00bb.<\/p>\n<p>Ce projet de Constitution selon le projet de calendrier e\u0301lectoral e\u0301labore\u0301 par le gouvernement en juin 2022, sera soumis a\u0300 un re\u0301fe\u0301rendum le 19 mars 2023.<\/p>\n<p><strong>Pour plus d&rsquo;informations et d&rsquo;analyses sur la <a href=\"https:\/\/www.africa-press.net\/mali\">Mali<\/a>, suivez <a href=\"https:\/\/www.africa-press.net\/\">Africa-Press<\/a><\/strong><\/p>\n","protected":false},"excerpt":{"rendered":"<p>Africa-Press &#8211; Mali. La Ligue Malienne des Imams et E\u0301rudits pour la Solidarite\u0301 islamique au Mali (Limama) a appele\u0301, mardi, tous les musulmans patriotes a\u0300 voter contre le projet de la nouvelle constitution dans sa forme actuelle. Cette demande a e\u0301te\u0301 formellement exprime\u0301e lors d&rsquo;un point de presse a\u0300 Bamako exigeant, en outre, le retrait [&hellip;]<\/p>\n","protected":false},"author":82,"featured_media":31649,"comment_status":"open","ping_status":"closed","sticky":false,"template":"","format":"standard","meta":{"footnotes":""},"categories":[7,5,17],"tags":[76,86,19],"class_list":["post-31650","post","type-post","status-publish","format-standard","has-post-thumbnail","hentry","category-politique","category-top-nouvelles","category-toutes-les-actualites","tag-africa-press","tag-africa-press-mali","tag-mali"],"yoast_head":"<!-- This site is optimized with the Yoast SEO Premium plugin v26.1 (Yoast SEO v27.0) - https:\/\/yoast.com\/product\/yoast-seo-premium-wordpress\/ -->\n<title>Mali \/ Projet de constitution : les imams s&#039;opposent \u00e0 la la\u00efcit\u00e9 et appellent \u00e0 voter contre - Mali<\/title>\n<meta name=\"description\" content=\"La Ligue Malienne des Imams et E\u0301rudits pour la Solidarite\u0301 islamique au Mali (Limama) a appele\u0301, mardi, tous les musulm ...\" \/>\n<meta name=\"robots\" content=\"index, follow, max-snippet:-1, max-image-preview:large, max-video-preview:-1\" \/>\n<link rel=\"canonical\" href=\"https:\/\/www.africa-press.net\/mali\/top-nouvelles\/mali-projet-de-constitution-les-imams-sopposent-a-la-laicite-et-appellent-a-voter-contre\" \/>\n<meta property=\"og:locale\" content=\"fr_FR\" \/>\n<meta property=\"og:type\" content=\"article\" \/>\n<meta property=\"og:title\" content=\"Mali \/ Projet de constitution : les imams s&#039;opposent \u00e0 la la\u00efcit\u00e9 et appellent \u00e0 voter contre\" \/>\n<meta property=\"og:description\" content=\"La Ligue Malienne des Imams et E\u0301rudits pour la Solidarite\u0301 islamique au Mali (Limama) a appele\u0301, mardi, tous les musulm ...\" \/>\n<meta property=\"og:url\" content=\"https:\/\/www.africa-press.net\/mali\/top-nouvelles\/mali-projet-de-constitution-les-imams-sopposent-a-la-laicite-et-appellent-a-voter-contre\" \/>\n<meta property=\"og:site_name\" content=\"Mali\" \/>\n<meta property=\"article:publisher\" content=\"https:\/\/www.facebook.com\/AfricaPressTunisiaa\" \/>\n<meta property=\"article:published_time\" content=\"2023-03-08T12:45:10+00:00\" \/>\n<meta property=\"article:modified_time\" content=\"2023-03-08T14:08:24+00:00\" \/>\n<meta property=\"og:image\" content=\"https:\/\/static.africa-press.net\/mali\/sites\/21\/2023\/03\/postQueueImg_1678269410.37.jpg\" \/>\n\t<meta property=\"og:image:width\" content=\"1280\" \/>\n\t<meta property=\"og:image:height\" content=\"720\" \/>\n\t<meta property=\"og:image:type\" content=\"image\/jpeg\" \/>\n<meta name=\"author\" content=\"cfeditorfr\" \/>\n<meta name=\"twitter:card\" content=\"summary_large_image\" \/>\n<meta name=\"twitter:label1\" content=\"\u00c9crit par\" \/>\n\t<meta name=\"twitter:data1\" content=\"cfeditorfr\" \/>\n\t<meta name=\"twitter:label2\" content=\"Dur\u00e9e de lecture estim\u00e9e\" \/>\n\t<meta name=\"twitter:data2\" content=\"3 minutes\" \/>\n<script type=\"application\/ld+json\" class=\"yoast-schema-graph\">{\"@context\":\"https:\/\/schema.org\",\"@graph\":[{\"@type\":\"Article\",\"@id\":\"https:\/\/www.africa-press.net\/mali\/top-nouvelles\/mali-projet-de-constitution-les-imams-sopposent-a-la-laicite-et-appellent-a-voter-contre#article\",\"isPartOf\":{\"@id\":\"https:\/\/www.africa-press.net\/mali\/top-nouvelles\/mali-projet-de-constitution-les-imams-sopposent-a-la-laicite-et-appellent-a-voter-contre\"},\"author\":{\"name\":\"cfeditorfr\",\"@id\":\"https:\/\/www.africa-press.net\/mali\/#\/schema\/person\/2b1cf3cd81a31e3cd26889ca66d677f1\"},\"headline\":\"Mali \/ Projet de constitution : les imams s&rsquo;opposent \u00e0 la la\u00efcit\u00e9 et appellent \u00e0 voter contre\",\"datePublished\":\"2023-03-08T12:45:10+00:00\",\"dateModified\":\"2023-03-08T14:08:24+00:00\",\"mainEntityOfPage\":{\"@id\":\"https:\/\/www.africa-press.net\/mali\/top-nouvelles\/mali-projet-de-constitution-les-imams-sopposent-a-la-laicite-et-appellent-a-voter-contre\"},\"wordCount\":617,\"commentCount\":0,\"image\":{\"@id\":\"https:\/\/www.africa-press.net\/mali\/top-nouvelles\/mali-projet-de-constitution-les-imams-sopposent-a-la-laicite-et-appellent-a-voter-contre#primaryimage\"},\"thumbnailUrl\":\"https:\/\/static.africa-press.net\/mali\/sites\/21\/2023\/03\/postQueueImg_1678269410.37.jpg\",\"keywords\":[\"Africa Press\",\"Africa Press-Mali\",\"mali\"],\"articleSection\":[\"Politique\",\"Top Nouvelles\",\"Toutes les actualit\u00e9s\"],\"inLanguage\":\"fr-FR\",\"potentialAction\":[{\"@type\":\"CommentAction\",\"name\":\"Comment\",\"target\":[\"https:\/\/www.africa-press.net\/mali\/top-nouvelles\/mali-projet-de-constitution-les-imams-sopposent-a-la-laicite-et-appellent-a-voter-contre#respond\"]}]},{\"@type\":\"WebPage\",\"@id\":\"https:\/\/www.africa-press.net\/mali\/top-nouvelles\/mali-projet-de-constitution-les-imams-sopposent-a-la-laicite-et-appellent-a-voter-contre\",\"url\":\"https:\/\/www.africa-press.net\/mali\/top-nouvelles\/mali-projet-de-constitution-les-imams-sopposent-a-la-laicite-et-appellent-a-voter-contre\",\"name\":\"Mali \/ Projet de constitution : les imams s'opposent \u00e0 la la\u00efcit\u00e9 et appellent \u00e0 voter contre - Mali\",\"isPartOf\":{\"@id\":\"https:\/\/www.africa-press.net\/mali\/#website\"},\"primaryImageOfPage\":{\"@id\":\"https:\/\/www.africa-press.net\/mali\/top-nouvelles\/mali-projet-de-constitution-les-imams-sopposent-a-la-laicite-et-appellent-a-voter-contre#primaryimage\"},\"image\":{\"@id\":\"https:\/\/www.africa-press.net\/mali\/top-nouvelles\/mali-projet-de-constitution-les-imams-sopposent-a-la-laicite-et-appellent-a-voter-contre#primaryimage\"},\"thumbnailUrl\":\"https:\/\/static.africa-press.net\/mali\/sites\/21\/2023\/03\/postQueueImg_1678269410.37.jpg\",\"datePublished\":\"2023-03-08T12:45:10+00:00\",\"dateModified\":\"2023-03-08T14:08:24+00:00\",\"author\":{\"@id\":\"https:\/\/www.africa-press.net\/mali\/#\/schema\/person\/2b1cf3cd81a31e3cd26889ca66d677f1\"},\"description\":\"La Ligue Malienne des Imams et E\u0301rudits pour la Solidarite\u0301 islamique au Mali (Limama) a appele\u0301, mardi, tous les musulm ...\",\"breadcrumb\":{\"@id\":\"https:\/\/www.africa-press.net\/mali\/top-nouvelles\/mali-projet-de-constitution-les-imams-sopposent-a-la-laicite-et-appellent-a-voter-contre#breadcrumb\"},\"inLanguage\":\"fr-FR\",\"potentialAction\":[{\"@type\":\"ReadAction\",\"target\":[\"https:\/\/www.africa-press.net\/mali\/top-nouvelles\/mali-projet-de-constitution-les-imams-sopposent-a-la-laicite-et-appellent-a-voter-contre\"]}]},{\"@type\":\"ImageObject\",\"inLanguage\":\"fr-FR\",\"@id\":\"https:\/\/www.africa-press.net\/mali\/top-nouvelles\/mali-projet-de-constitution-les-imams-sopposent-a-la-laicite-et-appellent-a-voter-contre#primaryimage\",\"url\":\"https:\/\/static.africa-press.net\/mali\/sites\/21\/2023\/03\/postQueueImg_1678269410.37.jpg\",\"contentUrl\":\"https:\/\/static.africa-press.net\/mali\/sites\/21\/2023\/03\/postQueueImg_1678269410.37.jpg\",\"width\":1280,\"height\":720,\"caption\":\"Mali \/ Projet de constitution : les imams s'opposent \u00e0 la la\u00efcit\u00e9 et appellent \u00e0 voter contre\"},{\"@type\":\"BreadcrumbList\",\"@id\":\"https:\/\/www.africa-press.net\/mali\/top-nouvelles\/mali-projet-de-constitution-les-imams-sopposent-a-la-laicite-et-appellent-a-voter-contre#breadcrumb\",\"itemListElement\":[{\"@type\":\"ListItem\",\"position\":1,\"name\":\"Home\",\"item\":\"https:\/\/www.africa-press.net\/mali\/\"},{\"@type\":\"ListItem\",\"position\":2,\"name\":\"Mali \/ Projet de constitution : les imams s&rsquo;opposent \u00e0 la la\u00efcit\u00e9 et appellent \u00e0 voter contre\"}]},{\"@type\":\"WebSite\",\"@id\":\"https:\/\/www.africa-press.net\/mali\/#website\",\"url\":\"https:\/\/www.africa-press.net\/mali\/\",\"name\":\"Mali\",\"description\":\"Just another Africa News Agency Sites site\",\"potentialAction\":[{\"@type\":\"SearchAction\",\"target\":{\"@type\":\"EntryPoint\",\"urlTemplate\":\"https:\/\/www.africa-press.net\/mali\/?s={search_term_string}\"},\"query-input\":{\"@type\":\"PropertyValueSpecification\",\"valueRequired\":true,\"valueName\":\"search_term_string\"}}],\"inLanguage\":\"fr-FR\"},{\"@type\":\"Person\",\"@id\":\"https:\/\/www.africa-press.net\/mali\/#\/schema\/person\/2b1cf3cd81a31e3cd26889ca66d677f1\",\"name\":\"cfeditorfr\"}]}<\/script>\n<!-- \/ Yoast SEO Premium plugin. -->","yoast_head_json":{"title":"Mali \/ Projet de constitution : les imams s'opposent \u00e0 la la\u00efcit\u00e9 et appellent \u00e0 voter contre - Mali","description":"La Ligue Malienne des Imams et E\u0301rudits pour la Solidarite\u0301 islamique au Mali (Limama) a appele\u0301, mardi, tous les musulm ...","robots":{"index":"index","follow":"follow","max-snippet":"max-snippet:-1","max-image-preview":"max-image-preview:large","max-video-preview":"max-video-preview:-1"},"canonical":"https:\/\/www.africa-press.net\/mali\/top-nouvelles\/mali-projet-de-constitution-les-imams-sopposent-a-la-laicite-et-appellent-a-voter-contre","og_locale":"fr_FR","og_type":"article","og_title":"Mali \/ Projet de constitution : les imams s'opposent \u00e0 la la\u00efcit\u00e9 et appellent \u00e0 voter contre","og_description":"La Ligue Malienne des Imams et E\u0301rudits pour la Solidarite\u0301 islamique au Mali (Limama) a appele\u0301, mardi, tous les musulm ...","og_url":"https:\/\/www.africa-press.net\/mali\/top-nouvelles\/mali-projet-de-constitution-les-imams-sopposent-a-la-laicite-et-appellent-a-voter-contre","og_site_name":"Mali","article_publisher":"https:\/\/www.facebook.com\/AfricaPressTunisiaa","article_published_time":"2023-03-08T12:45:10+00:00","article_modified_time":"2023-03-08T14:08:24+00:00","og_image":[{"width":1280,"height":720,"url":"https:\/\/static.africa-press.net\/mali\/sites\/21\/2023\/03\/postQueueImg_1678269410.37.jpg","type":"image\/jpeg"}],"author":"cfeditorfr","twitter_card":"summary_large_image","twitter_misc":{"\u00c9crit par":"cfeditorfr","Dur\u00e9e de lecture estim\u00e9e":"3 minutes"},"schema":{"@context":"https:\/\/schema.org","@graph":[{"@type":"Article","@id":"https:\/\/www.africa-press.net\/mali\/top-nouvelles\/mali-projet-de-constitution-les-imams-sopposent-a-la-laicite-et-appellent-a-voter-contre#article","isPartOf":{"@id":"https:\/\/www.africa-press.net\/mali\/top-nouvelles\/mali-projet-de-constitution-les-imams-sopposent-a-la-laicite-et-appellent-a-voter-contre"},"author":{"name":"cfeditorfr","@id":"https:\/\/www.africa-press.net\/mali\/#\/schema\/person\/2b1cf3cd81a31e3cd26889ca66d677f1"},"headline":"Mali \/ Projet de constitution : les imams s&rsquo;opposent \u00e0 la la\u00efcit\u00e9 et appellent \u00e0 voter contre","datePublished":"2023-03-08T12:45:10+00:00","dateModified":"2023-03-08T14:08:24+00:00","mainEntityOfPage":{"@id":"https:\/\/www.africa-press.net\/mali\/top-nouvelles\/mali-projet-de-constitution-les-imams-sopposent-a-la-laicite-et-appellent-a-voter-contre"},"wordCount":617,"commentCount":0,"image":{"@id":"https:\/\/www.africa-press.net\/mali\/top-nouvelles\/mali-projet-de-constitution-les-imams-sopposent-a-la-laicite-et-appellent-a-voter-contre#primaryimage"},"thumbnailUrl":"https:\/\/static.africa-press.net\/mali\/sites\/21\/2023\/03\/postQueueImg_1678269410.37.jpg","keywords":["Africa Press","Africa Press-Mali","mali"],"articleSection":["Politique","Top Nouvelles","Toutes les actualit\u00e9s"],"inLanguage":"fr-FR","potentialAction":[{"@type":"CommentAction","name":"Comment","target":["https:\/\/www.africa-press.net\/mali\/top-nouvelles\/mali-projet-de-constitution-les-imams-sopposent-a-la-laicite-et-appellent-a-voter-contre#respond"]}]},{"@type":"WebPage","@id":"https:\/\/www.africa-press.net\/mali\/top-nouvelles\/mali-projet-de-constitution-les-imams-sopposent-a-la-laicite-et-appellent-a-voter-contre","url":"https:\/\/www.africa-press.net\/mali\/top-nouvelles\/mali-projet-de-constitution-les-imams-sopposent-a-la-laicite-et-appellent-a-voter-contre","name":"Mali \/ Projet de constitution : les imams s'opposent \u00e0 la la\u00efcit\u00e9 et appellent \u00e0 voter contre - Mali","isPartOf":{"@id":"https:\/\/www.africa-press.net\/mali\/#website"},"primaryImageOfPage":{"@id":"https:\/\/www.africa-press.net\/mali\/top-nouvelles\/mali-projet-de-constitution-les-imams-sopposent-a-la-laicite-et-appellent-a-voter-contre#primaryimage"},"image":{"@id":"https:\/\/www.africa-press.net\/mali\/top-nouvelles\/mali-projet-de-constitution-les-imams-sopposent-a-la-laicite-et-appellent-a-voter-contre#primaryimage"},"thumbnailUrl":"https:\/\/static.africa-press.net\/mali\/sites\/21\/2023\/03\/postQueueImg_1678269410.37.jpg","datePublished":"2023-03-08T12:45:10+00:00","dateModified":"2023-03-08T14:08:24+00:00","author":{"@id":"https:\/\/www.africa-press.net\/mali\/#\/schema\/person\/2b1cf3cd81a31e3cd26889ca66d677f1"},"description":"La Ligue Malienne des Imams et E\u0301rudits pour la Solidarite\u0301 islamique au Mali (Limama) a appele\u0301, mardi, tous les musulm ...","breadcrumb":{"@id":"https:\/\/www.africa-press.net\/mali\/top-nouvelles\/mali-projet-de-constitution-les-imams-sopposent-a-la-laicite-et-appellent-a-voter-contre#breadcrumb"},"inLanguage":"fr-FR","potentialAction":[{"@type":"ReadAction","target":["https:\/\/www.africa-press.net\/mali\/top-nouvelles\/mali-projet-de-constitution-les-imams-sopposent-a-la-laicite-et-appellent-a-voter-contre"]}]},{"@type":"ImageObject","inLanguage":"fr-FR","@id":"https:\/\/www.africa-press.net\/mali\/top-nouvelles\/mali-projet-de-constitution-les-imams-sopposent-a-la-laicite-et-appellent-a-voter-contre#primaryimage","url":"https:\/\/static.africa-press.net\/mali\/sites\/21\/2023\/03\/postQueueImg_1678269410.37.jpg","contentUrl":"https:\/\/static.africa-press.net\/mali\/sites\/21\/2023\/03\/postQueueImg_1678269410.37.jpg","width":1280,"height":720,"caption":"Mali \/ Projet de constitution : les imams s'opposent \u00e0 la la\u00efcit\u00e9 et appellent \u00e0 voter contre"},{"@type":"BreadcrumbList","@id":"https:\/\/www.africa-press.net\/mali\/top-nouvelles\/mali-projet-de-constitution-les-imams-sopposent-a-la-laicite-et-appellent-a-voter-contre#breadcrumb","itemListElement":[{"@type":"ListItem","position":1,"name":"Home","item":"https:\/\/www.africa-press.net\/mali\/"},{"@type":"ListItem","position":2,"name":"Mali \/ Projet de constitution : les imams s&rsquo;opposent \u00e0 la la\u00efcit\u00e9 et appellent \u00e0 voter contre"}]},{"@type":"WebSite","@id":"https:\/\/www.africa-press.net\/mali\/#website","url":"https:\/\/www.africa-press.net\/mali\/","name":"Mali","description":"Just another Africa News Agency Sites site","potentialAction":[{"@type":"SearchAction","target":{"@type":"EntryPoint","urlTemplate":"https:\/\/www.africa-press.net\/mali\/?s={search_term_string}"},"query-input":{"@type":"PropertyValueSpecification","valueRequired":true,"valueName":"search_term_string"}}],"inLanguage":"fr-FR"},{"@type":"Person","@id":"https:\/\/www.africa-press.net\/mali\/#\/schema\/person\/2b1cf3cd81a31e3cd26889ca66d677f1","name":"cfeditorfr"}]}},"_links":{"self":[{"href":"https:\/\/www.africa-press.net\/mali\/wp-json\/wp\/v2\/posts\/31650","targetHints":{"allow":["GET"]}}],"collection":[{"href":"https:\/\/www.africa-press.net\/mali\/wp-json\/wp\/v2\/posts"}],"about":[{"href":"https:\/\/www.africa-press.net\/mali\/wp-json\/wp\/v2\/types\/post"}],"author":[{"embeddable":true,"href":"https:\/\/www.africa-press.net\/mali\/wp-json\/wp\/v2\/users\/82"}],"replies":[{"embeddable":true,"href":"https:\/\/www.africa-press.net\/mali\/wp-json\/wp\/v2\/comments?post=31650"}],"version-history":[{"count":0,"href":"https:\/\/www.africa-press.net\/mali\/wp-json\/wp\/v2\/posts\/31650\/revisions"}],"wp:featuredmedia":[{"embeddable":true,"href":"https:\/\/www.africa-press.net\/mali\/wp-json\/wp\/v2\/media\/31649"}],"wp:attachment":[{"href":"https:\/\/www.africa-press.net\/mali\/wp-json\/wp\/v2\/media?parent=31650"}],"wp:term":[{"taxonomy":"category","embeddable":true,"href":"https:\/\/www.africa-press.net\/mali\/wp-json\/wp\/v2\/categories?post=31650"},{"taxonomy":"post_tag","embeddable":true,"href":"https:\/\/www.africa-press.net\/mali\/wp-json\/wp\/v2\/tags?post=31650"}],"curies":[{"name":"wp","href":"https:\/\/api.w.org\/{rel}","templated":true}]}}