{"id":31661,"date":"2023-03-08T13:53:39","date_gmt":"2023-03-08T13:53:39","guid":{"rendered":"https:\/\/www.africa-press.net\/mali\/politique\/issa-kaou-djim-sur-la-transition-cette-transition-nous-a-habitues-a-dire-ce-quelle-ne-fait-pas-et-a-faire-ce-quelle-ne-dit-pas"},"modified":"2023-03-08T14:14:43","modified_gmt":"2023-03-08T14:14:43","slug":"issa-kaou-djim-sur-la-transition-cette-transition-nous-a-habitues-a-dire-ce-quelle-ne-fait-pas-et-a-faire-ce-quelle-ne-dit-pas","status":"publish","type":"post","link":"https:\/\/www.africa-press.net\/mali\/parties\/issa-kaou-djim-sur-la-transition-cette-transition-nous-a-habitues-a-dire-ce-quelle-ne-fait-pas-et-a-faire-ce-quelle-ne-dit-pas","title":{"rendered":"Issa Kaou Djim sur la transition : \u00ab Cette transition nous a habitu\u00e9s \u00e0 dire ce qu\u2019elle ne fait pas et \u00e0 faire ce qu\u2019elle ne dit pas \u00bb"},"content":{"rendered":"<p><span style=\"color: #ff6600\"><strong>Africa-Press &#8211; Mali. <\/strong><\/span>Le pre\u0301sident du parti ACRT, Issa Kaou Djim dit reconnaitre avoir e\u0301te\u0301 longtemps roule\u0301 dans la farine par la Transition, il demande pardon a\u0300 cet effet au peuple malien. Toutefois, aujourd\u2019hui, le fervent de\u0301fenseur s\u2019est transforme\u0301 en opposant farouche de la Transition. Il estime qu\u2019il est temps de prendre le wagon de la ve\u0301rite\u0301, c\u2019est-a\u0300-dire le retour a\u0300 l\u2019ordre constitutionnel par la voie des e\u0301lections transparentes et de\u0301mocratiques.<\/p>\n<p>Invite\u0301 dans une e\u0301mission de Web TV, Issa Kaou Djim, a re\u0301ve\u0301le\u0301 que c\u2019est de bonne foi qu\u2019il s\u2019est trompe\u0301 en soutenant la transition et demande pardon au peuple malien. A l\u2019entendre, cette Transition nous a habitue\u0301s a\u0300 dire ce qu\u2019elle ne fait pas et a\u0300 faire ce qu\u2019elle ne dit pas.<\/p>\n<p>Toutefois, il se fe\u0301licite qu\u2019aujourd\u2019hui le temps lui a donne\u0301 raison, au regard des difficulte\u0301s que la Transition traverse en ce moment a\u0300 savoir : les sanctions internationales, la cherte\u0301 de la vie, la non tenue des e\u0301lections, entre autres. Pour lui, nous devons \u0153uvrer pour le retour a\u0300 l\u2019ordre constitutionnel. \u201cAujourd\u2019hui, il est de mon devoir en tant que chef d\u2019un parti politique de m\u2019assumer en de\u0301fendant le retour a\u0300 l\u2019ordre constitutionnel et le respect des paroles donne\u0301es\u201d, explique-t-il.<\/p>\n<p>Selon lui, demander pardon, c\u2019est de faire preuve d\u2019humilite\u0301 et de re\u0301alisme. Cependant, Issa Kaou Djim reste convaincu que la Transition n\u2019a pas de bilan, et qu\u2019il faut les aider a\u0300 tenir les e\u0301lections.<\/p>\n<p><strong>Pour plus d&rsquo;informations et d&rsquo;analyses sur la <a href=\"https:\/\/www.africa-press.net\/mali\">Mali<\/a>, suivez <a href=\"https:\/\/www.africa-press.net\/\">Africa-Press<\/a><\/strong><\/p>\n","protected":false},"excerpt":{"rendered":"<p>Africa-Press &#8211; Mali. Le pre\u0301sident du parti ACRT, Issa Kaou Djim dit reconnaitre avoir e\u0301te\u0301 longtemps roule\u0301 dans la farine par la Transition, il demande pardon a\u0300 cet effet au peuple malien. Toutefois, aujourd\u2019hui, le fervent de\u0301fenseur s\u2019est transforme\u0301 en opposant farouche de la Transition. Il estime qu\u2019il est temps de prendre le wagon de [&hellip;]<\/p>\n","protected":false},"author":82,"featured_media":31660,"comment_status":"open","ping_status":"closed","sticky":false,"template":"","format":"standard","meta":{"footnotes":""},"categories":[10,17],"tags":[76,86,19],"class_list":["post-31661","post","type-post","status-publish","format-standard","has-post-thumbnail","hentry","category-parties","category-toutes-les-actualites","tag-africa-press","tag-africa-press-mali","tag-mali"],"yoast_head":"<!-- This site is optimized with the Yoast SEO Premium plugin v26.1 (Yoast SEO v27.0) - https:\/\/yoast.com\/product\/yoast-seo-premium-wordpress\/ -->\n<title>Issa Kaou Djim sur la transition : \u00ab Cette transition nous a habitu\u00e9s \u00e0 dire ce qu\u2019elle ne fait pas et \u00e0 faire ce qu\u2019elle ne dit pas \u00bb - Mali<\/title>\n<meta name=\"description\" content=\"Le pre\u0301sident du parti ACRT, Issa Kaou Djim dit reconnaitre avoir e\u0301te\u0301 longtemps roule\u0301 dans la farine par la Transitio ...\" \/>\n<meta name=\"robots\" content=\"index, follow, max-snippet:-1, max-image-preview:large, max-video-preview:-1\" \/>\n<link rel=\"canonical\" href=\"https:\/\/www.africa-press.net\/mali\/parties\/issa-kaou-djim-sur-la-transition-cette-transition-nous-a-habitues-a-dire-ce-quelle-ne-fait-pas-et-a-faire-ce-quelle-ne-dit-pas\" \/>\n<meta property=\"og:locale\" content=\"fr_FR\" \/>\n<meta property=\"og:type\" content=\"article\" \/>\n<meta property=\"og:title\" content=\"Issa Kaou Djim sur la transition : \u00ab Cette transition nous a habitu\u00e9s \u00e0 dire ce qu\u2019elle ne fait pas et \u00e0 faire ce qu\u2019elle ne dit pas \u00bb\" \/>\n<meta property=\"og:description\" content=\"Le pre\u0301sident du parti ACRT, Issa Kaou Djim dit reconnaitre avoir e\u0301te\u0301 longtemps roule\u0301 dans la farine par la Transitio ...\" \/>\n<meta property=\"og:url\" content=\"https:\/\/www.africa-press.net\/mali\/parties\/issa-kaou-djim-sur-la-transition-cette-transition-nous-a-habitues-a-dire-ce-quelle-ne-fait-pas-et-a-faire-ce-quelle-ne-dit-pas\" \/>\n<meta property=\"og:site_name\" content=\"Mali\" \/>\n<meta property=\"article:publisher\" content=\"https:\/\/www.facebook.com\/AfricaPressTunisiaa\" \/>\n<meta property=\"article:published_time\" content=\"2023-03-08T13:53:39+00:00\" \/>\n<meta property=\"article:modified_time\" content=\"2023-03-08T14:14:43+00:00\" \/>\n<meta property=\"og:image\" content=\"https:\/\/static.africa-press.net\/mali\/sites\/21\/2023\/03\/postQueueImg_1678271030.21.jpg\" \/>\n\t<meta property=\"og:image:width\" content=\"1757\" \/>\n\t<meta property=\"og:image:height\" content=\"980\" \/>\n\t<meta property=\"og:image:type\" content=\"image\/jpeg\" \/>\n<meta name=\"author\" content=\"cfeditorfr\" \/>\n<meta name=\"twitter:card\" content=\"summary_large_image\" \/>\n<meta name=\"twitter:label1\" content=\"\u00c9crit par\" \/>\n\t<meta name=\"twitter:data1\" content=\"cfeditorfr\" \/>\n\t<meta name=\"twitter:label2\" content=\"Dur\u00e9e de lecture estim\u00e9e\" \/>\n\t<meta name=\"twitter:data2\" content=\"1 minute\" \/>\n<script type=\"application\/ld+json\" class=\"yoast-schema-graph\">{\"@context\":\"https:\/\/schema.org\",\"@graph\":[{\"@type\":\"Article\",\"@id\":\"https:\/\/www.africa-press.net\/mali\/parties\/issa-kaou-djim-sur-la-transition-cette-transition-nous-a-habitues-a-dire-ce-quelle-ne-fait-pas-et-a-faire-ce-quelle-ne-dit-pas#article\",\"isPartOf\":{\"@id\":\"https:\/\/www.africa-press.net\/mali\/parties\/issa-kaou-djim-sur-la-transition-cette-transition-nous-a-habitues-a-dire-ce-quelle-ne-fait-pas-et-a-faire-ce-quelle-ne-dit-pas\"},\"author\":{\"name\":\"cfeditorfr\",\"@id\":\"https:\/\/www.africa-press.net\/mali\/#\/schema\/person\/2b1cf3cd81a31e3cd26889ca66d677f1\"},\"headline\":\"Issa Kaou Djim sur la transition : \u00ab Cette transition nous a habitu\u00e9s \u00e0 dire ce qu\u2019elle ne fait pas et \u00e0 faire ce qu\u2019elle ne dit pas \u00bb\",\"datePublished\":\"2023-03-08T13:53:39+00:00\",\"dateModified\":\"2023-03-08T14:14:43+00:00\",\"mainEntityOfPage\":{\"@id\":\"https:\/\/www.africa-press.net\/mali\/parties\/issa-kaou-djim-sur-la-transition-cette-transition-nous-a-habitues-a-dire-ce-quelle-ne-fait-pas-et-a-faire-ce-quelle-ne-dit-pas\"},\"wordCount\":315,\"commentCount\":0,\"image\":{\"@id\":\"https:\/\/www.africa-press.net\/mali\/parties\/issa-kaou-djim-sur-la-transition-cette-transition-nous-a-habitues-a-dire-ce-quelle-ne-fait-pas-et-a-faire-ce-quelle-ne-dit-pas#primaryimage\"},\"thumbnailUrl\":\"https:\/\/static.africa-press.net\/mali\/sites\/21\/2023\/03\/postQueueImg_1678271030.21.jpg\",\"keywords\":[\"Africa Press\",\"Africa Press-Mali\",\"mali\"],\"articleSection\":[\"Parties\",\"Toutes les actualit\u00e9s\"],\"inLanguage\":\"fr-FR\",\"potentialAction\":[{\"@type\":\"CommentAction\",\"name\":\"Comment\",\"target\":[\"https:\/\/www.africa-press.net\/mali\/parties\/issa-kaou-djim-sur-la-transition-cette-transition-nous-a-habitues-a-dire-ce-quelle-ne-fait-pas-et-a-faire-ce-quelle-ne-dit-pas#respond\"]}]},{\"@type\":\"WebPage\",\"@id\":\"https:\/\/www.africa-press.net\/mali\/parties\/issa-kaou-djim-sur-la-transition-cette-transition-nous-a-habitues-a-dire-ce-quelle-ne-fait-pas-et-a-faire-ce-quelle-ne-dit-pas\",\"url\":\"https:\/\/www.africa-press.net\/mali\/parties\/issa-kaou-djim-sur-la-transition-cette-transition-nous-a-habitues-a-dire-ce-quelle-ne-fait-pas-et-a-faire-ce-quelle-ne-dit-pas\",\"name\":\"Issa Kaou Djim sur la transition : \u00ab Cette transition nous a habitu\u00e9s \u00e0 dire ce qu\u2019elle ne fait pas et \u00e0 faire ce qu\u2019elle ne dit pas \u00bb - Mali\",\"isPartOf\":{\"@id\":\"https:\/\/www.africa-press.net\/mali\/#website\"},\"primaryImageOfPage\":{\"@id\":\"https:\/\/www.africa-press.net\/mali\/parties\/issa-kaou-djim-sur-la-transition-cette-transition-nous-a-habitues-a-dire-ce-quelle-ne-fait-pas-et-a-faire-ce-quelle-ne-dit-pas#primaryimage\"},\"image\":{\"@id\":\"https:\/\/www.africa-press.net\/mali\/parties\/issa-kaou-djim-sur-la-transition-cette-transition-nous-a-habitues-a-dire-ce-quelle-ne-fait-pas-et-a-faire-ce-quelle-ne-dit-pas#primaryimage\"},\"thumbnailUrl\":\"https:\/\/static.africa-press.net\/mali\/sites\/21\/2023\/03\/postQueueImg_1678271030.21.jpg\",\"datePublished\":\"2023-03-08T13:53:39+00:00\",\"dateModified\":\"2023-03-08T14:14:43+00:00\",\"author\":{\"@id\":\"https:\/\/www.africa-press.net\/mali\/#\/schema\/person\/2b1cf3cd81a31e3cd26889ca66d677f1\"},\"description\":\"Le pre\u0301sident du parti ACRT, Issa Kaou Djim dit reconnaitre avoir e\u0301te\u0301 longtemps roule\u0301 dans la farine par la Transitio ...\",\"breadcrumb\":{\"@id\":\"https:\/\/www.africa-press.net\/mali\/parties\/issa-kaou-djim-sur-la-transition-cette-transition-nous-a-habitues-a-dire-ce-quelle-ne-fait-pas-et-a-faire-ce-quelle-ne-dit-pas#breadcrumb\"},\"inLanguage\":\"fr-FR\",\"potentialAction\":[{\"@type\":\"ReadAction\",\"target\":[\"https:\/\/www.africa-press.net\/mali\/parties\/issa-kaou-djim-sur-la-transition-cette-transition-nous-a-habitues-a-dire-ce-quelle-ne-fait-pas-et-a-faire-ce-quelle-ne-dit-pas\"]}]},{\"@type\":\"ImageObject\",\"inLanguage\":\"fr-FR\",\"@id\":\"https:\/\/www.africa-press.net\/mali\/parties\/issa-kaou-djim-sur-la-transition-cette-transition-nous-a-habitues-a-dire-ce-quelle-ne-fait-pas-et-a-faire-ce-quelle-ne-dit-pas#primaryimage\",\"url\":\"https:\/\/static.africa-press.net\/mali\/sites\/21\/2023\/03\/postQueueImg_1678271030.21.jpg\",\"contentUrl\":\"https:\/\/static.africa-press.net\/mali\/sites\/21\/2023\/03\/postQueueImg_1678271030.21.jpg\",\"width\":1757,\"height\":980,\"caption\":\"Issa Kaou Djim sur la transition : \u00ab Cette transition nous a habitu\u00e9s \u00e0 dire ce qu\u2019elle ne fait pas et \u00e0 faire ce qu\u2019elle ne dit pas \u00bb\"},{\"@type\":\"BreadcrumbList\",\"@id\":\"https:\/\/www.africa-press.net\/mali\/parties\/issa-kaou-djim-sur-la-transition-cette-transition-nous-a-habitues-a-dire-ce-quelle-ne-fait-pas-et-a-faire-ce-quelle-ne-dit-pas#breadcrumb\",\"itemListElement\":[{\"@type\":\"ListItem\",\"position\":1,\"name\":\"Home\",\"item\":\"https:\/\/www.africa-press.net\/mali\/\"},{\"@type\":\"ListItem\",\"position\":2,\"name\":\"Issa Kaou Djim sur la transition : \u00ab Cette transition nous a habitu\u00e9s \u00e0 dire ce qu\u2019elle ne fait pas et \u00e0 faire ce qu\u2019elle ne dit pas \u00bb\"}]},{\"@type\":\"WebSite\",\"@id\":\"https:\/\/www.africa-press.net\/mali\/#website\",\"url\":\"https:\/\/www.africa-press.net\/mali\/\",\"name\":\"Mali\",\"description\":\"Just another Africa News Agency Sites site\",\"potentialAction\":[{\"@type\":\"SearchAction\",\"target\":{\"@type\":\"EntryPoint\",\"urlTemplate\":\"https:\/\/www.africa-press.net\/mali\/?s={search_term_string}\"},\"query-input\":{\"@type\":\"PropertyValueSpecification\",\"valueRequired\":true,\"valueName\":\"search_term_string\"}}],\"inLanguage\":\"fr-FR\"},{\"@type\":\"Person\",\"@id\":\"https:\/\/www.africa-press.net\/mali\/#\/schema\/person\/2b1cf3cd81a31e3cd26889ca66d677f1\",\"name\":\"cfeditorfr\"}]}<\/script>\n<!-- \/ Yoast SEO Premium plugin. -->","yoast_head_json":{"title":"Issa Kaou Djim sur la transition : \u00ab Cette transition nous a habitu\u00e9s \u00e0 dire ce qu\u2019elle ne fait pas et \u00e0 faire ce qu\u2019elle ne dit pas \u00bb - Mali","description":"Le pre\u0301sident du parti ACRT, Issa Kaou Djim dit reconnaitre avoir e\u0301te\u0301 longtemps roule\u0301 dans la farine par la Transitio ...","robots":{"index":"index","follow":"follow","max-snippet":"max-snippet:-1","max-image-preview":"max-image-preview:large","max-video-preview":"max-video-preview:-1"},"canonical":"https:\/\/www.africa-press.net\/mali\/parties\/issa-kaou-djim-sur-la-transition-cette-transition-nous-a-habitues-a-dire-ce-quelle-ne-fait-pas-et-a-faire-ce-quelle-ne-dit-pas","og_locale":"fr_FR","og_type":"article","og_title":"Issa Kaou Djim sur la transition : \u00ab Cette transition nous a habitu\u00e9s \u00e0 dire ce qu\u2019elle ne fait pas et \u00e0 faire ce qu\u2019elle ne dit pas \u00bb","og_description":"Le pre\u0301sident du parti ACRT, Issa Kaou Djim dit reconnaitre avoir e\u0301te\u0301 longtemps roule\u0301 dans la farine par la Transitio ...","og_url":"https:\/\/www.africa-press.net\/mali\/parties\/issa-kaou-djim-sur-la-transition-cette-transition-nous-a-habitues-a-dire-ce-quelle-ne-fait-pas-et-a-faire-ce-quelle-ne-dit-pas","og_site_name":"Mali","article_publisher":"https:\/\/www.facebook.com\/AfricaPressTunisiaa","article_published_time":"2023-03-08T13:53:39+00:00","article_modified_time":"2023-03-08T14:14:43+00:00","og_image":[{"width":1757,"height":980,"url":"https:\/\/static.africa-press.net\/mali\/sites\/21\/2023\/03\/postQueueImg_1678271030.21.jpg","type":"image\/jpeg"}],"author":"cfeditorfr","twitter_card":"summary_large_image","twitter_misc":{"\u00c9crit par":"cfeditorfr","Dur\u00e9e de lecture estim\u00e9e":"1 minute"},"schema":{"@context":"https:\/\/schema.org","@graph":[{"@type":"Article","@id":"https:\/\/www.africa-press.net\/mali\/parties\/issa-kaou-djim-sur-la-transition-cette-transition-nous-a-habitues-a-dire-ce-quelle-ne-fait-pas-et-a-faire-ce-quelle-ne-dit-pas#article","isPartOf":{"@id":"https:\/\/www.africa-press.net\/mali\/parties\/issa-kaou-djim-sur-la-transition-cette-transition-nous-a-habitues-a-dire-ce-quelle-ne-fait-pas-et-a-faire-ce-quelle-ne-dit-pas"},"author":{"name":"cfeditorfr","@id":"https:\/\/www.africa-press.net\/mali\/#\/schema\/person\/2b1cf3cd81a31e3cd26889ca66d677f1"},"headline":"Issa Kaou Djim sur la transition : \u00ab Cette transition nous a habitu\u00e9s \u00e0 dire ce qu\u2019elle ne fait pas et \u00e0 faire ce qu\u2019elle ne dit pas \u00bb","datePublished":"2023-03-08T13:53:39+00:00","dateModified":"2023-03-08T14:14:43+00:00","mainEntityOfPage":{"@id":"https:\/\/www.africa-press.net\/mali\/parties\/issa-kaou-djim-sur-la-transition-cette-transition-nous-a-habitues-a-dire-ce-quelle-ne-fait-pas-et-a-faire-ce-quelle-ne-dit-pas"},"wordCount":315,"commentCount":0,"image":{"@id":"https:\/\/www.africa-press.net\/mali\/parties\/issa-kaou-djim-sur-la-transition-cette-transition-nous-a-habitues-a-dire-ce-quelle-ne-fait-pas-et-a-faire-ce-quelle-ne-dit-pas#primaryimage"},"thumbnailUrl":"https:\/\/static.africa-press.net\/mali\/sites\/21\/2023\/03\/postQueueImg_1678271030.21.jpg","keywords":["Africa Press","Africa Press-Mali","mali"],"articleSection":["Parties","Toutes les actualit\u00e9s"],"inLanguage":"fr-FR","potentialAction":[{"@type":"CommentAction","name":"Comment","target":["https:\/\/www.africa-press.net\/mali\/parties\/issa-kaou-djim-sur-la-transition-cette-transition-nous-a-habitues-a-dire-ce-quelle-ne-fait-pas-et-a-faire-ce-quelle-ne-dit-pas#respond"]}]},{"@type":"WebPage","@id":"https:\/\/www.africa-press.net\/mali\/parties\/issa-kaou-djim-sur-la-transition-cette-transition-nous-a-habitues-a-dire-ce-quelle-ne-fait-pas-et-a-faire-ce-quelle-ne-dit-pas","url":"https:\/\/www.africa-press.net\/mali\/parties\/issa-kaou-djim-sur-la-transition-cette-transition-nous-a-habitues-a-dire-ce-quelle-ne-fait-pas-et-a-faire-ce-quelle-ne-dit-pas","name":"Issa Kaou Djim sur la transition : \u00ab Cette transition nous a habitu\u00e9s \u00e0 dire ce qu\u2019elle ne fait pas et \u00e0 faire ce qu\u2019elle ne dit pas \u00bb - Mali","isPartOf":{"@id":"https:\/\/www.africa-press.net\/mali\/#website"},"primaryImageOfPage":{"@id":"https:\/\/www.africa-press.net\/mali\/parties\/issa-kaou-djim-sur-la-transition-cette-transition-nous-a-habitues-a-dire-ce-quelle-ne-fait-pas-et-a-faire-ce-quelle-ne-dit-pas#primaryimage"},"image":{"@id":"https:\/\/www.africa-press.net\/mali\/parties\/issa-kaou-djim-sur-la-transition-cette-transition-nous-a-habitues-a-dire-ce-quelle-ne-fait-pas-et-a-faire-ce-quelle-ne-dit-pas#primaryimage"},"thumbnailUrl":"https:\/\/static.africa-press.net\/mali\/sites\/21\/2023\/03\/postQueueImg_1678271030.21.jpg","datePublished":"2023-03-08T13:53:39+00:00","dateModified":"2023-03-08T14:14:43+00:00","author":{"@id":"https:\/\/www.africa-press.net\/mali\/#\/schema\/person\/2b1cf3cd81a31e3cd26889ca66d677f1"},"description":"Le pre\u0301sident du parti ACRT, Issa Kaou Djim dit reconnaitre avoir e\u0301te\u0301 longtemps roule\u0301 dans la farine par la Transitio ...","breadcrumb":{"@id":"https:\/\/www.africa-press.net\/mali\/parties\/issa-kaou-djim-sur-la-transition-cette-transition-nous-a-habitues-a-dire-ce-quelle-ne-fait-pas-et-a-faire-ce-quelle-ne-dit-pas#breadcrumb"},"inLanguage":"fr-FR","potentialAction":[{"@type":"ReadAction","target":["https:\/\/www.africa-press.net\/mali\/parties\/issa-kaou-djim-sur-la-transition-cette-transition-nous-a-habitues-a-dire-ce-quelle-ne-fait-pas-et-a-faire-ce-quelle-ne-dit-pas"]}]},{"@type":"ImageObject","inLanguage":"fr-FR","@id":"https:\/\/www.africa-press.net\/mali\/parties\/issa-kaou-djim-sur-la-transition-cette-transition-nous-a-habitues-a-dire-ce-quelle-ne-fait-pas-et-a-faire-ce-quelle-ne-dit-pas#primaryimage","url":"https:\/\/static.africa-press.net\/mali\/sites\/21\/2023\/03\/postQueueImg_1678271030.21.jpg","contentUrl":"https:\/\/static.africa-press.net\/mali\/sites\/21\/2023\/03\/postQueueImg_1678271030.21.jpg","width":1757,"height":980,"caption":"Issa Kaou Djim sur la transition : \u00ab Cette transition nous a habitu\u00e9s \u00e0 dire ce qu\u2019elle ne fait pas et \u00e0 faire ce qu\u2019elle ne dit pas \u00bb"},{"@type":"BreadcrumbList","@id":"https:\/\/www.africa-press.net\/mali\/parties\/issa-kaou-djim-sur-la-transition-cette-transition-nous-a-habitues-a-dire-ce-quelle-ne-fait-pas-et-a-faire-ce-quelle-ne-dit-pas#breadcrumb","itemListElement":[{"@type":"ListItem","position":1,"name":"Home","item":"https:\/\/www.africa-press.net\/mali\/"},{"@type":"ListItem","position":2,"name":"Issa Kaou Djim sur la transition : \u00ab Cette transition nous a habitu\u00e9s \u00e0 dire ce qu\u2019elle ne fait pas et \u00e0 faire ce qu\u2019elle ne dit pas \u00bb"}]},{"@type":"WebSite","@id":"https:\/\/www.africa-press.net\/mali\/#website","url":"https:\/\/www.africa-press.net\/mali\/","name":"Mali","description":"Just another Africa News Agency Sites site","potentialAction":[{"@type":"SearchAction","target":{"@type":"EntryPoint","urlTemplate":"https:\/\/www.africa-press.net\/mali\/?s={search_term_string}"},"query-input":{"@type":"PropertyValueSpecification","valueRequired":true,"valueName":"search_term_string"}}],"inLanguage":"fr-FR"},{"@type":"Person","@id":"https:\/\/www.africa-press.net\/mali\/#\/schema\/person\/2b1cf3cd81a31e3cd26889ca66d677f1","name":"cfeditorfr"}]}},"_links":{"self":[{"href":"https:\/\/www.africa-press.net\/mali\/wp-json\/wp\/v2\/posts\/31661","targetHints":{"allow":["GET"]}}],"collection":[{"href":"https:\/\/www.africa-press.net\/mali\/wp-json\/wp\/v2\/posts"}],"about":[{"href":"https:\/\/www.africa-press.net\/mali\/wp-json\/wp\/v2\/types\/post"}],"author":[{"embeddable":true,"href":"https:\/\/www.africa-press.net\/mali\/wp-json\/wp\/v2\/users\/82"}],"replies":[{"embeddable":true,"href":"https:\/\/www.africa-press.net\/mali\/wp-json\/wp\/v2\/comments?post=31661"}],"version-history":[{"count":0,"href":"https:\/\/www.africa-press.net\/mali\/wp-json\/wp\/v2\/posts\/31661\/revisions"}],"wp:featuredmedia":[{"embeddable":true,"href":"https:\/\/www.africa-press.net\/mali\/wp-json\/wp\/v2\/media\/31660"}],"wp:attachment":[{"href":"https:\/\/www.africa-press.net\/mali\/wp-json\/wp\/v2\/media?parent=31661"}],"wp:term":[{"taxonomy":"category","embeddable":true,"href":"https:\/\/www.africa-press.net\/mali\/wp-json\/wp\/v2\/categories?post=31661"},{"taxonomy":"post_tag","embeddable":true,"href":"https:\/\/www.africa-press.net\/mali\/wp-json\/wp\/v2\/tags?post=31661"}],"curies":[{"name":"wp","href":"https:\/\/api.w.org\/{rel}","templated":true}]}}