{"id":32121,"date":"2023-03-20T19:51:02","date_gmt":"2023-03-20T19:51:02","guid":{"rendered":"https:\/\/www.africa-press.net\/mali\/politique\/eliminatoires-can-2023-seniors-et-u-23-pour-le-mali-une-armada-dexpatries-convoques"},"modified":"2023-03-20T20:44:07","modified_gmt":"2023-03-20T20:44:07","slug":"eliminatoires-can-2023-seniors-et-u-23-pour-le-mali-une-armada-dexpatries-convoques","status":"publish","type":"post","link":"https:\/\/www.africa-press.net\/mali\/sports\/eliminatoires-can-2023-seniors-et-u-23-pour-le-mali-une-armada-dexpatries-convoques","title":{"rendered":"Eliminatoires Can 2023 seniors et U 23 pour le Mali : Une armada d\u2019expatri\u00e9s convoqu\u00e9s !"},"content":{"rendered":"<p><span style=\"color: #ff6600\"><strong>Africa-Press &#8211; Mali. <\/strong><\/span>Dans le cadre des Eliminatoires de la CAN 2023 et de la CAN U 23, les coachs des Aigles A et U23, respectivement Eric Se\u0301kou Chelle et Badra Aliou Diallo dit \u00ab Conty \u00bb ont anime\u0301 le vendredi 17 mars 2023, une confe\u0301rence de presse organise\u0301e dans la salle de confe\u0301rence de la FEMAFOOT dans l\u2019ACI 2000. L\u2019ordre du jour portait sur la publication de la liste des joueurs convoque\u0301s par les deux se\u0301lectionneurs pour prendre part a\u0300 ces matchs de\u0301cisifs des e\u0301liminatoires.<\/p>\n<p>En effet, les Aigles A doivent au compte des 3e\u0300me et 4e\u0300me journe\u0301es des Eliminatoires de la CAN Co\u0302te d\u2019Ivoire 2023, mener une double confrontation contre la Gambie les 24 et 28 mars 2023. Et a\u0300 cet effet, le Coach Eric Se\u0301kou Chelle a convoque\u0301 26 Aigles pour affronter la Gambie dont certains feront leur premie\u0300re avec l\u2019Equipe nationale du Mali comme Fousseni Diabate\u0301 et Issiar Drame\u0301. Aussi certains cadors de la se\u0301lection ne prendront pas part a\u0300 ces rencontres comme Ives Bissouma, El Bilal Toure\u0301 et Ibrahim Kone\u0301. Et pour le Coach, la convocation des joueurs est faite sur la base de trois aspects. Qui sont : leur temps de temps, leurs performances et la strate\u0301gie de l\u2019entraineur. Et d\u2019ajouter que tout de\u0301pend de la strate\u0301gie a\u0300 envisager avec tel ou tel joueur pour atteindre l\u2019objectif vise\u0301.<\/p>\n<p>Sans autre forme de pression sur soi, il a affirme\u0301 qu\u2019ils disputeront ces matchs avec le me\u0302me e\u0301tat d\u2019esprit comme les premie\u0300res journe\u0301es, c\u2019est a\u0300 dire re\u0301ussir a\u0300 battre, a\u0300 dominer chez nous, ainsi que chez eux. Avant d\u2019appeler l\u2019ensemble des Maliens a\u0300 venir soutenir les Aigles A a\u0300 Yirimadio ce 24 mars au Stade 26 mars dans la soire\u0301e.<\/p>\n<p>Liste des joueurs de l\u2019Equipe Nationale A du Mali : Gardiens : Ismae\u0308l Diarra Diawara( Malmo\u0308) ,Djigui Diarra(Young Africa), Aboubacar Diarra(AFE) ; De\u0301fenseurs : Hamari Traore\u0301, Massadio Haidara, Issiar Drame\u0301, Mamadou Fofana, Amadou Dante\u0301, Boubacar Kiki Kouyate\u0301, Falaye Sacko, Moussa Diarra ; Milieux : Diadie\u0301 Samassekou, Mohamed Camara, Lassana Coulibaly, Aliou Dieng, Kamory Doumbia, Ismael Coulibaly, Amadou Haidara, Cheick Oumar Doucoure\u0301 ; Attaquants : Moussa Djenepo, Adama Traore\u0301, Moussa Doumbia, Fousseni Diabate\u0301, Se\u0301kou Koita, Ne\u0301ne\u0301 Dorgele\u0300s, Boubacar Traore\u0301.<\/p>\n<p>Quant au Se\u0301lectionneur des Aigles U 23, Badra Aliou Diallo dit \u2018\u2019Conty\u2019\u2019, il a jete\u0301 son de\u0301volu sur 23 joueurs maliens moins de 23 ans dont cinq joueurs locaux pour affronter le Se\u0301ne\u0301gal en deux journe\u0301es pour le compte des Eliminatoires de la CAN U23 de cette anne\u0301e au Maroc. A l\u2019en croire, cela n\u2019a pas e\u0301te\u0301 facile d\u2019e\u0301laborer cette liste puisque beaucoup d\u2019entre eux e\u0301voluent a\u0300 l\u2019e\u0301tranger et leurs clubs souvent refusent de les libe\u0301rer. De ce fait, il a fallu qu\u2019il communique tre\u0300s souvent avec les clubs concerne\u0301s pour qu\u2019ils puissent rela\u0302cher les joueurs. Aussi, il a fait savoir que l\u2019e\u0301quipe n\u2019aura pas le temps de se pre\u0301parer mais il a rassure\u0301 qu\u2019avec la volonte\u0301 et l\u2019engagement des joueurs se\u0301lectionne\u0301s, il espe\u0300re sortir victorieux de ces matchs de qualification.<\/p>\n<p>Liste des joueurs de l\u2019Equipe nationale U23 : Gardiens : Lassine Diarra( Chateuroux), Alkalifa Coulibaly( 11 Createurs), Oumar Coulibaly( COB) ; De\u0301fenseurs : Lassine Soumaoro(Troyes), Ibrahima Cisse(Schalke 04), Hamidou Diallo( FC Farence) Ismael Sidibe\u0301(F91 Dudelange), Fode Doucoure(Red Stars) ; Ahmed Diomande(AFE) ; Milieux : Nonkoma Keita( Djoliba AC) ; Mamady Diambou( FC Luzern), Brahima Diarra( Huddersfield) ; Mamadou Sangare\u0301(TSV Hartberg) ;Siaka Sidibe\u0301( Al Wals), Boubacar B Konte\u0301(Sarpsborg), Abdoulaye Coulibaly( US Bougouni), Attaquants : Mamadou H Camara( FC Milsami Orhei), Issoufi Maiga( Desportivo), Abdoulaye Gory( Reims) ; Thiemoko Diarra( Reims), Boubou Diallo( Standard de Lie\u0300ge), Nouhou Cisse\u0301( Black Stars).<\/p>\n<p><strong>Pour plus d&rsquo;informations et d&rsquo;analyses sur la <a href=\"https:\/\/www.africa-press.net\/mali\">Mali<\/a>, suivez <a href=\"https:\/\/www.africa-press.net\/\">Africa-Press<\/a><\/strong><\/p>\n","protected":false},"excerpt":{"rendered":"<p>Africa-Press &#8211; Mali. Dans le cadre des Eliminatoires de la CAN 2023 et de la CAN U 23, les coachs des Aigles A et U23, respectivement Eric Se\u0301kou Chelle et Badra Aliou Diallo dit \u00ab Conty \u00bb ont anime\u0301 le vendredi 17 mars 2023, une confe\u0301rence de presse organise\u0301e dans la salle de confe\u0301rence de [&hellip;]<\/p>\n","protected":false},"author":82,"featured_media":32119,"comment_status":"open","ping_status":"closed","sticky":false,"template":"","format":"standard","meta":{"footnotes":""},"categories":[6,17],"tags":[76,86,19],"class_list":["post-32121","post","type-post","status-publish","format-standard","has-post-thumbnail","hentry","category-sports","category-toutes-les-actualites","tag-africa-press","tag-africa-press-mali","tag-mali"],"yoast_head":"<!-- This site is optimized with the Yoast SEO Premium plugin v26.1 (Yoast SEO v27.0) - https:\/\/yoast.com\/product\/yoast-seo-premium-wordpress\/ -->\n<title>Eliminatoires Can 2023 seniors et U 23 pour le Mali : Une armada d\u2019expatri\u00e9s convoqu\u00e9s ! - Mali<\/title>\n<meta name=\"description\" content=\"Dans le cadre des Eliminatoires de la CAN 2023 et de la CAN U 23, les coachs des Aigles A et U23, respectivement Eric Se ...\" \/>\n<meta name=\"robots\" content=\"index, follow, max-snippet:-1, max-image-preview:large, max-video-preview:-1\" \/>\n<link rel=\"canonical\" href=\"https:\/\/www.africa-press.net\/mali\/sports\/eliminatoires-can-2023-seniors-et-u-23-pour-le-mali-une-armada-dexpatries-convoques\" \/>\n<meta property=\"og:locale\" content=\"fr_FR\" \/>\n<meta property=\"og:type\" content=\"article\" \/>\n<meta property=\"og:title\" content=\"Eliminatoires Can 2023 seniors et U 23 pour le Mali : Une armada d\u2019expatri\u00e9s convoqu\u00e9s !\" \/>\n<meta property=\"og:description\" content=\"Dans le cadre des Eliminatoires de la CAN 2023 et de la CAN U 23, les coachs des Aigles A et U23, respectivement Eric Se ...\" \/>\n<meta property=\"og:url\" content=\"https:\/\/www.africa-press.net\/mali\/sports\/eliminatoires-can-2023-seniors-et-u-23-pour-le-mali-une-armada-dexpatries-convoques\" \/>\n<meta property=\"og:site_name\" content=\"Mali\" \/>\n<meta property=\"article:publisher\" content=\"https:\/\/www.facebook.com\/AfricaPressTunisiaa\" \/>\n<meta property=\"article:published_time\" content=\"2023-03-20T19:51:02+00:00\" \/>\n<meta property=\"article:modified_time\" content=\"2023-03-20T20:44:07+00:00\" \/>\n<meta property=\"og:image\" content=\"https:\/\/static.africa-press.net\/mali\/sites\/21\/2023\/03\/postQueueImg_1679329272.09.jpg\" \/>\n\t<meta property=\"og:image:width\" content=\"720\" \/>\n\t<meta property=\"og:image:height\" content=\"490\" \/>\n\t<meta property=\"og:image:type\" content=\"image\/jpeg\" \/>\n<meta name=\"author\" content=\"cfeditorfr\" \/>\n<meta name=\"twitter:card\" content=\"summary_large_image\" \/>\n<meta name=\"twitter:label1\" content=\"\u00c9crit par\" \/>\n\t<meta name=\"twitter:data1\" content=\"cfeditorfr\" \/>\n\t<meta name=\"twitter:label2\" content=\"Dur\u00e9e de lecture estim\u00e9e\" \/>\n\t<meta name=\"twitter:data2\" content=\"3 minutes\" \/>\n<script type=\"application\/ld+json\" class=\"yoast-schema-graph\">{\"@context\":\"https:\/\/schema.org\",\"@graph\":[{\"@type\":\"Article\",\"@id\":\"https:\/\/www.africa-press.net\/mali\/sports\/eliminatoires-can-2023-seniors-et-u-23-pour-le-mali-une-armada-dexpatries-convoques#article\",\"isPartOf\":{\"@id\":\"https:\/\/www.africa-press.net\/mali\/sports\/eliminatoires-can-2023-seniors-et-u-23-pour-le-mali-une-armada-dexpatries-convoques\"},\"author\":{\"name\":\"cfeditorfr\",\"@id\":\"https:\/\/www.africa-press.net\/mali\/#\/schema\/person\/2b1cf3cd81a31e3cd26889ca66d677f1\"},\"headline\":\"Eliminatoires Can 2023 seniors et U 23 pour le Mali : Une armada d\u2019expatri\u00e9s convoqu\u00e9s !\",\"datePublished\":\"2023-03-20T19:51:02+00:00\",\"dateModified\":\"2023-03-20T20:44:07+00:00\",\"mainEntityOfPage\":{\"@id\":\"https:\/\/www.africa-press.net\/mali\/sports\/eliminatoires-can-2023-seniors-et-u-23-pour-le-mali-une-armada-dexpatries-convoques\"},\"wordCount\":663,\"commentCount\":0,\"image\":{\"@id\":\"https:\/\/www.africa-press.net\/mali\/sports\/eliminatoires-can-2023-seniors-et-u-23-pour-le-mali-une-armada-dexpatries-convoques#primaryimage\"},\"thumbnailUrl\":\"https:\/\/static.africa-press.net\/mali\/sites\/21\/2023\/03\/postQueueImg_1679329272.09.jpg\",\"keywords\":[\"Africa Press\",\"Africa Press-Mali\",\"mali\"],\"articleSection\":[\"Sports\",\"Toutes les actualit\u00e9s\"],\"inLanguage\":\"fr-FR\",\"potentialAction\":[{\"@type\":\"CommentAction\",\"name\":\"Comment\",\"target\":[\"https:\/\/www.africa-press.net\/mali\/sports\/eliminatoires-can-2023-seniors-et-u-23-pour-le-mali-une-armada-dexpatries-convoques#respond\"]}]},{\"@type\":\"WebPage\",\"@id\":\"https:\/\/www.africa-press.net\/mali\/sports\/eliminatoires-can-2023-seniors-et-u-23-pour-le-mali-une-armada-dexpatries-convoques\",\"url\":\"https:\/\/www.africa-press.net\/mali\/sports\/eliminatoires-can-2023-seniors-et-u-23-pour-le-mali-une-armada-dexpatries-convoques\",\"name\":\"Eliminatoires Can 2023 seniors et U 23 pour le Mali : Une armada d\u2019expatri\u00e9s convoqu\u00e9s ! - Mali\",\"isPartOf\":{\"@id\":\"https:\/\/www.africa-press.net\/mali\/#website\"},\"primaryImageOfPage\":{\"@id\":\"https:\/\/www.africa-press.net\/mali\/sports\/eliminatoires-can-2023-seniors-et-u-23-pour-le-mali-une-armada-dexpatries-convoques#primaryimage\"},\"image\":{\"@id\":\"https:\/\/www.africa-press.net\/mali\/sports\/eliminatoires-can-2023-seniors-et-u-23-pour-le-mali-une-armada-dexpatries-convoques#primaryimage\"},\"thumbnailUrl\":\"https:\/\/static.africa-press.net\/mali\/sites\/21\/2023\/03\/postQueueImg_1679329272.09.jpg\",\"datePublished\":\"2023-03-20T19:51:02+00:00\",\"dateModified\":\"2023-03-20T20:44:07+00:00\",\"author\":{\"@id\":\"https:\/\/www.africa-press.net\/mali\/#\/schema\/person\/2b1cf3cd81a31e3cd26889ca66d677f1\"},\"description\":\"Dans le cadre des Eliminatoires de la CAN 2023 et de la CAN U 23, les coachs des Aigles A et U23, respectivement Eric Se ...\",\"breadcrumb\":{\"@id\":\"https:\/\/www.africa-press.net\/mali\/sports\/eliminatoires-can-2023-seniors-et-u-23-pour-le-mali-une-armada-dexpatries-convoques#breadcrumb\"},\"inLanguage\":\"fr-FR\",\"potentialAction\":[{\"@type\":\"ReadAction\",\"target\":[\"https:\/\/www.africa-press.net\/mali\/sports\/eliminatoires-can-2023-seniors-et-u-23-pour-le-mali-une-armada-dexpatries-convoques\"]}]},{\"@type\":\"ImageObject\",\"inLanguage\":\"fr-FR\",\"@id\":\"https:\/\/www.africa-press.net\/mali\/sports\/eliminatoires-can-2023-seniors-et-u-23-pour-le-mali-une-armada-dexpatries-convoques#primaryimage\",\"url\":\"https:\/\/static.africa-press.net\/mali\/sites\/21\/2023\/03\/postQueueImg_1679329272.09.jpg\",\"contentUrl\":\"https:\/\/static.africa-press.net\/mali\/sites\/21\/2023\/03\/postQueueImg_1679329272.09.jpg\",\"width\":720,\"height\":490,\"caption\":\"Eliminatoires Can 2023 seniors et U 23 pour le Mali : Une armada d\u2019expatri\u00e9s convoqu\u00e9s !\"},{\"@type\":\"BreadcrumbList\",\"@id\":\"https:\/\/www.africa-press.net\/mali\/sports\/eliminatoires-can-2023-seniors-et-u-23-pour-le-mali-une-armada-dexpatries-convoques#breadcrumb\",\"itemListElement\":[{\"@type\":\"ListItem\",\"position\":1,\"name\":\"Home\",\"item\":\"https:\/\/www.africa-press.net\/mali\/\"},{\"@type\":\"ListItem\",\"position\":2,\"name\":\"Eliminatoires Can 2023 seniors et U 23 pour le Mali : Une armada d\u2019expatri\u00e9s convoqu\u00e9s !\"}]},{\"@type\":\"WebSite\",\"@id\":\"https:\/\/www.africa-press.net\/mali\/#website\",\"url\":\"https:\/\/www.africa-press.net\/mali\/\",\"name\":\"Mali\",\"description\":\"Just another Africa News Agency Sites site\",\"potentialAction\":[{\"@type\":\"SearchAction\",\"target\":{\"@type\":\"EntryPoint\",\"urlTemplate\":\"https:\/\/www.africa-press.net\/mali\/?s={search_term_string}\"},\"query-input\":{\"@type\":\"PropertyValueSpecification\",\"valueRequired\":true,\"valueName\":\"search_term_string\"}}],\"inLanguage\":\"fr-FR\"},{\"@type\":\"Person\",\"@id\":\"https:\/\/www.africa-press.net\/mali\/#\/schema\/person\/2b1cf3cd81a31e3cd26889ca66d677f1\",\"name\":\"cfeditorfr\"}]}<\/script>\n<!-- \/ Yoast SEO Premium plugin. -->","yoast_head_json":{"title":"Eliminatoires Can 2023 seniors et U 23 pour le Mali : Une armada d\u2019expatri\u00e9s convoqu\u00e9s ! - Mali","description":"Dans le cadre des Eliminatoires de la CAN 2023 et de la CAN U 23, les coachs des Aigles A et U23, respectivement Eric Se ...","robots":{"index":"index","follow":"follow","max-snippet":"max-snippet:-1","max-image-preview":"max-image-preview:large","max-video-preview":"max-video-preview:-1"},"canonical":"https:\/\/www.africa-press.net\/mali\/sports\/eliminatoires-can-2023-seniors-et-u-23-pour-le-mali-une-armada-dexpatries-convoques","og_locale":"fr_FR","og_type":"article","og_title":"Eliminatoires Can 2023 seniors et U 23 pour le Mali : Une armada d\u2019expatri\u00e9s convoqu\u00e9s !","og_description":"Dans le cadre des Eliminatoires de la CAN 2023 et de la CAN U 23, les coachs des Aigles A et U23, respectivement Eric Se ...","og_url":"https:\/\/www.africa-press.net\/mali\/sports\/eliminatoires-can-2023-seniors-et-u-23-pour-le-mali-une-armada-dexpatries-convoques","og_site_name":"Mali","article_publisher":"https:\/\/www.facebook.com\/AfricaPressTunisiaa","article_published_time":"2023-03-20T19:51:02+00:00","article_modified_time":"2023-03-20T20:44:07+00:00","og_image":[{"width":720,"height":490,"url":"https:\/\/static.africa-press.net\/mali\/sites\/21\/2023\/03\/postQueueImg_1679329272.09.jpg","type":"image\/jpeg"}],"author":"cfeditorfr","twitter_card":"summary_large_image","twitter_misc":{"\u00c9crit par":"cfeditorfr","Dur\u00e9e de lecture estim\u00e9e":"3 minutes"},"schema":{"@context":"https:\/\/schema.org","@graph":[{"@type":"Article","@id":"https:\/\/www.africa-press.net\/mali\/sports\/eliminatoires-can-2023-seniors-et-u-23-pour-le-mali-une-armada-dexpatries-convoques#article","isPartOf":{"@id":"https:\/\/www.africa-press.net\/mali\/sports\/eliminatoires-can-2023-seniors-et-u-23-pour-le-mali-une-armada-dexpatries-convoques"},"author":{"name":"cfeditorfr","@id":"https:\/\/www.africa-press.net\/mali\/#\/schema\/person\/2b1cf3cd81a31e3cd26889ca66d677f1"},"headline":"Eliminatoires Can 2023 seniors et U 23 pour le Mali : Une armada d\u2019expatri\u00e9s convoqu\u00e9s !","datePublished":"2023-03-20T19:51:02+00:00","dateModified":"2023-03-20T20:44:07+00:00","mainEntityOfPage":{"@id":"https:\/\/www.africa-press.net\/mali\/sports\/eliminatoires-can-2023-seniors-et-u-23-pour-le-mali-une-armada-dexpatries-convoques"},"wordCount":663,"commentCount":0,"image":{"@id":"https:\/\/www.africa-press.net\/mali\/sports\/eliminatoires-can-2023-seniors-et-u-23-pour-le-mali-une-armada-dexpatries-convoques#primaryimage"},"thumbnailUrl":"https:\/\/static.africa-press.net\/mali\/sites\/21\/2023\/03\/postQueueImg_1679329272.09.jpg","keywords":["Africa Press","Africa Press-Mali","mali"],"articleSection":["Sports","Toutes les actualit\u00e9s"],"inLanguage":"fr-FR","potentialAction":[{"@type":"CommentAction","name":"Comment","target":["https:\/\/www.africa-press.net\/mali\/sports\/eliminatoires-can-2023-seniors-et-u-23-pour-le-mali-une-armada-dexpatries-convoques#respond"]}]},{"@type":"WebPage","@id":"https:\/\/www.africa-press.net\/mali\/sports\/eliminatoires-can-2023-seniors-et-u-23-pour-le-mali-une-armada-dexpatries-convoques","url":"https:\/\/www.africa-press.net\/mali\/sports\/eliminatoires-can-2023-seniors-et-u-23-pour-le-mali-une-armada-dexpatries-convoques","name":"Eliminatoires Can 2023 seniors et U 23 pour le Mali : Une armada d\u2019expatri\u00e9s convoqu\u00e9s ! - Mali","isPartOf":{"@id":"https:\/\/www.africa-press.net\/mali\/#website"},"primaryImageOfPage":{"@id":"https:\/\/www.africa-press.net\/mali\/sports\/eliminatoires-can-2023-seniors-et-u-23-pour-le-mali-une-armada-dexpatries-convoques#primaryimage"},"image":{"@id":"https:\/\/www.africa-press.net\/mali\/sports\/eliminatoires-can-2023-seniors-et-u-23-pour-le-mali-une-armada-dexpatries-convoques#primaryimage"},"thumbnailUrl":"https:\/\/static.africa-press.net\/mali\/sites\/21\/2023\/03\/postQueueImg_1679329272.09.jpg","datePublished":"2023-03-20T19:51:02+00:00","dateModified":"2023-03-20T20:44:07+00:00","author":{"@id":"https:\/\/www.africa-press.net\/mali\/#\/schema\/person\/2b1cf3cd81a31e3cd26889ca66d677f1"},"description":"Dans le cadre des Eliminatoires de la CAN 2023 et de la CAN U 23, les coachs des Aigles A et U23, respectivement Eric Se ...","breadcrumb":{"@id":"https:\/\/www.africa-press.net\/mali\/sports\/eliminatoires-can-2023-seniors-et-u-23-pour-le-mali-une-armada-dexpatries-convoques#breadcrumb"},"inLanguage":"fr-FR","potentialAction":[{"@type":"ReadAction","target":["https:\/\/www.africa-press.net\/mali\/sports\/eliminatoires-can-2023-seniors-et-u-23-pour-le-mali-une-armada-dexpatries-convoques"]}]},{"@type":"ImageObject","inLanguage":"fr-FR","@id":"https:\/\/www.africa-press.net\/mali\/sports\/eliminatoires-can-2023-seniors-et-u-23-pour-le-mali-une-armada-dexpatries-convoques#primaryimage","url":"https:\/\/static.africa-press.net\/mali\/sites\/21\/2023\/03\/postQueueImg_1679329272.09.jpg","contentUrl":"https:\/\/static.africa-press.net\/mali\/sites\/21\/2023\/03\/postQueueImg_1679329272.09.jpg","width":720,"height":490,"caption":"Eliminatoires Can 2023 seniors et U 23 pour le Mali : Une armada d\u2019expatri\u00e9s convoqu\u00e9s !"},{"@type":"BreadcrumbList","@id":"https:\/\/www.africa-press.net\/mali\/sports\/eliminatoires-can-2023-seniors-et-u-23-pour-le-mali-une-armada-dexpatries-convoques#breadcrumb","itemListElement":[{"@type":"ListItem","position":1,"name":"Home","item":"https:\/\/www.africa-press.net\/mali\/"},{"@type":"ListItem","position":2,"name":"Eliminatoires Can 2023 seniors et U 23 pour le Mali : Une armada d\u2019expatri\u00e9s convoqu\u00e9s !"}]},{"@type":"WebSite","@id":"https:\/\/www.africa-press.net\/mali\/#website","url":"https:\/\/www.africa-press.net\/mali\/","name":"Mali","description":"Just another Africa News Agency Sites site","potentialAction":[{"@type":"SearchAction","target":{"@type":"EntryPoint","urlTemplate":"https:\/\/www.africa-press.net\/mali\/?s={search_term_string}"},"query-input":{"@type":"PropertyValueSpecification","valueRequired":true,"valueName":"search_term_string"}}],"inLanguage":"fr-FR"},{"@type":"Person","@id":"https:\/\/www.africa-press.net\/mali\/#\/schema\/person\/2b1cf3cd81a31e3cd26889ca66d677f1","name":"cfeditorfr"}]}},"_links":{"self":[{"href":"https:\/\/www.africa-press.net\/mali\/wp-json\/wp\/v2\/posts\/32121","targetHints":{"allow":["GET"]}}],"collection":[{"href":"https:\/\/www.africa-press.net\/mali\/wp-json\/wp\/v2\/posts"}],"about":[{"href":"https:\/\/www.africa-press.net\/mali\/wp-json\/wp\/v2\/types\/post"}],"author":[{"embeddable":true,"href":"https:\/\/www.africa-press.net\/mali\/wp-json\/wp\/v2\/users\/82"}],"replies":[{"embeddable":true,"href":"https:\/\/www.africa-press.net\/mali\/wp-json\/wp\/v2\/comments?post=32121"}],"version-history":[{"count":0,"href":"https:\/\/www.africa-press.net\/mali\/wp-json\/wp\/v2\/posts\/32121\/revisions"}],"wp:featuredmedia":[{"embeddable":true,"href":"https:\/\/www.africa-press.net\/mali\/wp-json\/wp\/v2\/media\/32119"}],"wp:attachment":[{"href":"https:\/\/www.africa-press.net\/mali\/wp-json\/wp\/v2\/media?parent=32121"}],"wp:term":[{"taxonomy":"category","embeddable":true,"href":"https:\/\/www.africa-press.net\/mali\/wp-json\/wp\/v2\/categories?post=32121"},{"taxonomy":"post_tag","embeddable":true,"href":"https:\/\/www.africa-press.net\/mali\/wp-json\/wp\/v2\/tags?post=32121"}],"curies":[{"name":"wp","href":"https:\/\/api.w.org\/{rel}","templated":true}]}}