{"id":32142,"date":"2023-03-20T19:34:02","date_gmt":"2023-03-20T19:34:02","guid":{"rendered":"https:\/\/www.africa-press.net\/mali\/politique\/49e-session-du-conseil-des-ministres-des-affaires-etrangeres-de-loci-abdoulaye-diop-denonce-les-manoeuvres-visant-la-destabilisation-du-mali"},"modified":"2023-03-20T20:53:02","modified_gmt":"2023-03-20T20:53:02","slug":"49e-session-du-conseil-des-ministres-des-affaires-etrangeres-de-loci-abdoulaye-diop-denonce-les-manoeuvres-visant-la-destabilisation-du-mali","status":"publish","type":"post","link":"https:\/\/www.africa-press.net\/mali\/politique\/49e-session-du-conseil-des-ministres-des-affaires-etrangeres-de-loci-abdoulaye-diop-denonce-les-manoeuvres-visant-la-destabilisation-du-mali","title":{"rendered":"49\u00e8 session du conseil des ministres des Affaires \u00e9trang\u00e8res de l\u2019OCI : Abdoulaye Diop d\u00e9nonce les man\u0153uvres visant la d\u00e9stabilisation du Mali"},"content":{"rendered":"<p><span style=\"color: #ff6600\"><strong>Africa-Press &#8211; Mali. <\/strong><\/span>Dans son discours prononce\u0301 le vendredi le 17 mars, le ministre Diop a indique\u0301 que le Mali se reconnait entie\u0300rement dans le the\u0300me retenu pour cette session a\u0300 savoir \u00ab Le juste-milieu et la mode\u0301ration, clefs mai\u0302tresses de la se\u0301curite\u0301 et de la stabilite\u0301 \u00bb, qui rappelle les valeurs de ponde\u0301ration et d\u2019e\u0301quilibre que l\u2019OCI observe face aux de\u0301fis nombreux, auxquels les e\u0301tats membres font face, notamment l\u2019islamophobie, le terrorisme et l\u2019extre\u0301misme violent.<\/p>\n<p>Il a rappele\u0301 que notre pays est confronte\u0301, depuis l\u2019intervention militaire en Libye, au terrorisme et a\u0300 l\u2019extre\u0301misme violent qui ont de\u0301stabilise\u0301 toute la re\u0301gion du Sahel. Face a\u0300 ce de\u0301fi, dira-t-il, le gouvernement de\u0301ploie des efforts importants pour lutter contre les groupes terroristes, afin de prote\u0301ger les populations civiles et leur offrir un cadre d\u2019e\u0301panouissement approprie\u0301.<\/p>\n<p>Dans cette ta\u0302che de longue haleine, a-t-il de\u0301plore\u0301, les mesures prises par le Mali sont entrave\u0301es par des complicite\u0301s que les groupes arme\u0301s terroristes entretiennent avec d\u2019autres entite\u0301s, y compris des e\u0301tats qui n\u2019he\u0301sitent pas a\u0300 mettre leurs me\u0301dias publics a\u0300 leur disposition en leur accordant des interviews leur permettant de ve\u0301hiculer leurs messages de haine, de diffuser leur ide\u0301ologie de violence et de faire l\u2019apologie du terrorisme.<\/p>\n<p>\u00ab Nous lanc\u0327ons un vibrant appel pour que notre Organisation condamne e\u0301nergiquement ce type de man\u0153uvres qui visent la de\u0301stabilisation de nos e\u0301tats \u00bb, a de\u0301clare\u0301 Abdoulaye Diop. Dans le domaine se\u0301curitaire, il a pre\u0301cise\u0301 que les succe\u0300s re\u0301alise\u0301s depuis de\u0301cembre 2021 par les Forces arme\u0301es maliennes sur le terrain contre les groupes terroristes ne font pas oublier au gouvernement que la seule re\u0301ponse militaire ne suffira pas a\u0300 venir a\u0300 bout de la crise multiforme au Mali.<\/p>\n<p>A\u0300 cet e\u0301gard, il a fait savoir que les autorite\u0301s maliennes mettent en \u0153uvre une approche holistique, qui inclut une forte dimension sociale, fonde\u0301e sur la sensibilisation, la justice et la re\u0301conciliation, y compris dans le cadre de la mise en \u0153uvre de l\u2019Accord pour la paix et la re\u0301conciliation. Selon le ministre Diop, notre dispositif le\u0301gislatif et re\u0300glementaire s\u2019est enrichi de mesures pragmatiques visant, entre autres, la re\u0301paration des pre\u0301judices cause\u0301s par les crises successives au Mali. Il soutiendra que la dynamique en cours comprend aussi une dimension e\u0301conomique et de de\u0301veloppement afin de prendre en charge les causes profondes de certaines frustrations et e\u0301viter la re\u0301pe\u0301tition des cycles de crise.<\/p>\n<p>AVANCE\u0301ES NOTABLES- Abdoulaye Diop a indique\u0301 que le gouvernement, dans sa volonte\u0301 de refonder l\u2019e\u0301tat malien, poursuit la mise en \u0153uvre des re\u0301formes politiques et institutionnelles dans le cadre d\u2019un processus transparent et inclusif. Il a cite\u0301 a\u0300 cet effet, la re\u0301vision de la loi e\u0301lectorale, la cre\u0301ation et l\u2019installation de l\u2019Autorite\u0301 inde\u0301pendante de gestion des e\u0301lections (Aige), le processus en cours pour l\u2019adoption d\u2019une nouvelle Constitution. Il dira que les avance\u0301es notables re\u0301alise\u0301es concernent e\u0301galement l\u2019adoption re\u0301cente et la mise en \u0153uvre des lois sur la re\u0301organisation territoriale.<\/p>\n<p>Le ministre Diop a joute\u0301 qu\u2019apre\u0300s une e\u0301valuation objective de la situation, le gouvernement a de\u0301cide\u0301 de repousser le\u0301ge\u0300rement la date initialement pre\u0301vue pour le re\u0301fe\u0301rendum constitutionnel, afin de re\u0301aliser les pre\u0301alables techniques et logistiques ne\u0301cessaires, notamment la mise en place des de\u0301membrements de l\u2019Aige et la bonne distribution des cartes d\u2019identite\u0301 biome\u0301triques devant servir de carte d\u2019e\u0301lecteur. Toutefois, il pre\u0301cisera que \u00ab cet ajustement dans notre chronogramme n\u2019entame en rien l\u2019engagement du gouvernement pour un retour a\u0300 l\u2019ordre constitutionnel se\u0301curise\u0301 et apaise\u0301 \u00bb.<\/p>\n<p>Pour le chef de diplomatie malienne, dans son combat le\u0301gitime contre les forces obscurantistes, le Mali est malheureusement, confronte\u0301 a\u0300 une campagne hostile de de\u0301sinformation de la part de certains partenaires. Une campagne qui vise a\u0300 ternir l\u2019image des autorite\u0301s, a\u0300 monter les communaute\u0301s les unes contre les autres, a\u0300 saper le moral des troupes engage\u0301es sur le front et a\u0300 nuire aux relations entre le Mali et ses voisins et partenaires.<\/p>\n<p>\u00ab Cette campagne hostile passe en outre par l\u2019instrumentalisation et la politisation des droits de l\u2019Homme a\u0300 des fins de de\u0301stabilisation en vue d\u2019obtenir un changement de re\u0301gime pour des inte\u0301re\u0302ts ge\u0301ostrate\u0301giques qui incluent des velle\u0301ite\u0301s de partition du Mali \u00bb, a insiste\u0301 le ministre Diop, qui notera que notre pays sait pouvoir compter sur la lecture lucide et objective de ses amis et allie\u0301s, au premier rang desquels, les e\u0301tats fre\u0300res de l\u2019OCI.<\/p>\n<p>\u00abLe projet de re\u0301solution sur la situation au Mali et dans la re\u0301gion du Sahel soumis a\u0300 l\u2019approbation du conseil avec des amendements techniques valide\u0301s par nos hauts fonctionnaires est une manifestation, parmi de nombreuses, de la solidarite\u0301 agissante de l\u2019OCI \u00bb, a indique\u0301 le chef de la diplomatie malienne.<\/p>\n<p>Le ministre Diop a enfin re\u0301ite\u0301re\u0301 la disponibilite\u0301 de notre pays a\u0300 collaborer avec tout e\u0301tat ou organisation dans le strict respect des principes qui guident de\u0301sormais notre action exte\u0301rieure a\u0300 savoir le respect de la souverainete\u0301 du Mali, le respect de ses choix strate\u0301giques et de partenaires et la prise en compte des inte\u0301re\u0302ts vitaux du peuple malien dans les de\u0301cisions prises.<\/p>\n<p><strong>Pour plus d&rsquo;informations et d&rsquo;analyses sur la <a href=\"https:\/\/www.africa-press.net\/mali\">Mali<\/a>, suivez <a href=\"https:\/\/www.africa-press.net\/\">Africa-Press<\/a><\/strong><\/p>\n","protected":false},"excerpt":{"rendered":"<p>Africa-Press &#8211; Mali. Dans son discours prononce\u0301 le vendredi le 17 mars, le ministre Diop a indique\u0301 que le Mali se reconnait entie\u0300rement dans le the\u0300me retenu pour cette session a\u0300 savoir \u00ab Le juste-milieu et la mode\u0301ration, clefs mai\u0302tresses de la se\u0301curite\u0301 et de la stabilite\u0301 \u00bb, qui rappelle les valeurs de ponde\u0301ration et [&hellip;]<\/p>\n","protected":false},"author":82,"featured_media":32140,"comment_status":"open","ping_status":"closed","sticky":false,"template":"","format":"standard","meta":{"footnotes":""},"categories":[7,17],"tags":[76,86,19],"class_list":["post-32142","post","type-post","status-publish","format-standard","has-post-thumbnail","hentry","category-politique","category-toutes-les-actualites","tag-africa-press","tag-africa-press-mali","tag-mali"],"yoast_head":"<!-- This site is optimized with the Yoast SEO Premium plugin v26.1 (Yoast SEO v27.0) - https:\/\/yoast.com\/product\/yoast-seo-premium-wordpress\/ -->\n<title>49\u00e8 session du conseil des ministres des Affaires \u00e9trang\u00e8res de l\u2019OCI : Abdoulaye Diop d\u00e9nonce les man\u0153uvres visant la d\u00e9stabilisation du Mali - Mali<\/title>\n<meta name=\"description\" content=\"Dans son discours prononce\u0301 le vendredi le 17 mars, le ministre Diop a indique\u0301 que le Mali se reconnait entie\u0300rement da ...\" \/>\n<meta name=\"robots\" content=\"index, follow, max-snippet:-1, max-image-preview:large, max-video-preview:-1\" \/>\n<link rel=\"canonical\" href=\"https:\/\/www.africa-press.net\/mali\/politique\/49e-session-du-conseil-des-ministres-des-affaires-etrangeres-de-loci-abdoulaye-diop-denonce-les-manoeuvres-visant-la-destabilisation-du-mali\" \/>\n<meta property=\"og:locale\" content=\"fr_FR\" \/>\n<meta property=\"og:type\" content=\"article\" \/>\n<meta property=\"og:title\" content=\"49\u00e8 session du conseil des ministres des Affaires \u00e9trang\u00e8res de l\u2019OCI : Abdoulaye Diop d\u00e9nonce les man\u0153uvres visant la d\u00e9stabilisation du Mali\" \/>\n<meta property=\"og:description\" content=\"Dans son discours prononce\u0301 le vendredi le 17 mars, le ministre Diop a indique\u0301 que le Mali se reconnait entie\u0300rement da ...\" \/>\n<meta property=\"og:url\" content=\"https:\/\/www.africa-press.net\/mali\/politique\/49e-session-du-conseil-des-ministres-des-affaires-etrangeres-de-loci-abdoulaye-diop-denonce-les-manoeuvres-visant-la-destabilisation-du-mali\" \/>\n<meta property=\"og:site_name\" content=\"Mali\" \/>\n<meta property=\"article:publisher\" content=\"https:\/\/www.facebook.com\/AfricaPressTunisiaa\" \/>\n<meta property=\"article:published_time\" content=\"2023-03-20T19:34:02+00:00\" \/>\n<meta property=\"article:modified_time\" content=\"2023-03-20T20:53:02+00:00\" \/>\n<meta property=\"og:image\" content=\"https:\/\/static.africa-press.net\/mali\/sites\/21\/2023\/03\/postQueueImg_1679328253.38.jpg\" \/>\n\t<meta property=\"og:image:width\" content=\"1440\" \/>\n\t<meta property=\"og:image:height\" content=\"960\" \/>\n\t<meta property=\"og:image:type\" content=\"image\/jpeg\" \/>\n<meta name=\"author\" content=\"cfeditorfr\" \/>\n<meta name=\"twitter:card\" content=\"summary_large_image\" \/>\n<meta name=\"twitter:label1\" content=\"\u00c9crit par\" \/>\n\t<meta name=\"twitter:data1\" content=\"cfeditorfr\" \/>\n\t<meta name=\"twitter:label2\" content=\"Dur\u00e9e de lecture estim\u00e9e\" \/>\n\t<meta name=\"twitter:data2\" content=\"5 minutes\" \/>\n<script type=\"application\/ld+json\" class=\"yoast-schema-graph\">{\"@context\":\"https:\/\/schema.org\",\"@graph\":[{\"@type\":\"Article\",\"@id\":\"https:\/\/www.africa-press.net\/mali\/politique\/49e-session-du-conseil-des-ministres-des-affaires-etrangeres-de-loci-abdoulaye-diop-denonce-les-manoeuvres-visant-la-destabilisation-du-mali#article\",\"isPartOf\":{\"@id\":\"https:\/\/www.africa-press.net\/mali\/politique\/49e-session-du-conseil-des-ministres-des-affaires-etrangeres-de-loci-abdoulaye-diop-denonce-les-manoeuvres-visant-la-destabilisation-du-mali\"},\"author\":{\"name\":\"cfeditorfr\",\"@id\":\"https:\/\/www.africa-press.net\/mali\/#\/schema\/person\/2b1cf3cd81a31e3cd26889ca66d677f1\"},\"headline\":\"49\u00e8 session du conseil des ministres des Affaires \u00e9trang\u00e8res de l\u2019OCI : Abdoulaye Diop d\u00e9nonce les man\u0153uvres visant la d\u00e9stabilisation du Mali\",\"datePublished\":\"2023-03-20T19:34:02+00:00\",\"dateModified\":\"2023-03-20T20:53:02+00:00\",\"mainEntityOfPage\":{\"@id\":\"https:\/\/www.africa-press.net\/mali\/politique\/49e-session-du-conseil-des-ministres-des-affaires-etrangeres-de-loci-abdoulaye-diop-denonce-les-manoeuvres-visant-la-destabilisation-du-mali\"},\"wordCount\":997,\"commentCount\":0,\"image\":{\"@id\":\"https:\/\/www.africa-press.net\/mali\/politique\/49e-session-du-conseil-des-ministres-des-affaires-etrangeres-de-loci-abdoulaye-diop-denonce-les-manoeuvres-visant-la-destabilisation-du-mali#primaryimage\"},\"thumbnailUrl\":\"https:\/\/static.africa-press.net\/mali\/sites\/21\/2023\/03\/postQueueImg_1679328253.38.jpg\",\"keywords\":[\"Africa Press\",\"Africa Press-Mali\",\"mali\"],\"articleSection\":[\"Politique\",\"Toutes les actualit\u00e9s\"],\"inLanguage\":\"fr-FR\",\"potentialAction\":[{\"@type\":\"CommentAction\",\"name\":\"Comment\",\"target\":[\"https:\/\/www.africa-press.net\/mali\/politique\/49e-session-du-conseil-des-ministres-des-affaires-etrangeres-de-loci-abdoulaye-diop-denonce-les-manoeuvres-visant-la-destabilisation-du-mali#respond\"]}]},{\"@type\":\"WebPage\",\"@id\":\"https:\/\/www.africa-press.net\/mali\/politique\/49e-session-du-conseil-des-ministres-des-affaires-etrangeres-de-loci-abdoulaye-diop-denonce-les-manoeuvres-visant-la-destabilisation-du-mali\",\"url\":\"https:\/\/www.africa-press.net\/mali\/politique\/49e-session-du-conseil-des-ministres-des-affaires-etrangeres-de-loci-abdoulaye-diop-denonce-les-manoeuvres-visant-la-destabilisation-du-mali\",\"name\":\"49\u00e8 session du conseil des ministres des Affaires \u00e9trang\u00e8res de l\u2019OCI : Abdoulaye Diop d\u00e9nonce les man\u0153uvres visant la d\u00e9stabilisation du Mali - Mali\",\"isPartOf\":{\"@id\":\"https:\/\/www.africa-press.net\/mali\/#website\"},\"primaryImageOfPage\":{\"@id\":\"https:\/\/www.africa-press.net\/mali\/politique\/49e-session-du-conseil-des-ministres-des-affaires-etrangeres-de-loci-abdoulaye-diop-denonce-les-manoeuvres-visant-la-destabilisation-du-mali#primaryimage\"},\"image\":{\"@id\":\"https:\/\/www.africa-press.net\/mali\/politique\/49e-session-du-conseil-des-ministres-des-affaires-etrangeres-de-loci-abdoulaye-diop-denonce-les-manoeuvres-visant-la-destabilisation-du-mali#primaryimage\"},\"thumbnailUrl\":\"https:\/\/static.africa-press.net\/mali\/sites\/21\/2023\/03\/postQueueImg_1679328253.38.jpg\",\"datePublished\":\"2023-03-20T19:34:02+00:00\",\"dateModified\":\"2023-03-20T20:53:02+00:00\",\"author\":{\"@id\":\"https:\/\/www.africa-press.net\/mali\/#\/schema\/person\/2b1cf3cd81a31e3cd26889ca66d677f1\"},\"description\":\"Dans son discours prononce\u0301 le vendredi le 17 mars, le ministre Diop a indique\u0301 que le Mali se reconnait entie\u0300rement da ...\",\"breadcrumb\":{\"@id\":\"https:\/\/www.africa-press.net\/mali\/politique\/49e-session-du-conseil-des-ministres-des-affaires-etrangeres-de-loci-abdoulaye-diop-denonce-les-manoeuvres-visant-la-destabilisation-du-mali#breadcrumb\"},\"inLanguage\":\"fr-FR\",\"potentialAction\":[{\"@type\":\"ReadAction\",\"target\":[\"https:\/\/www.africa-press.net\/mali\/politique\/49e-session-du-conseil-des-ministres-des-affaires-etrangeres-de-loci-abdoulaye-diop-denonce-les-manoeuvres-visant-la-destabilisation-du-mali\"]}]},{\"@type\":\"ImageObject\",\"inLanguage\":\"fr-FR\",\"@id\":\"https:\/\/www.africa-press.net\/mali\/politique\/49e-session-du-conseil-des-ministres-des-affaires-etrangeres-de-loci-abdoulaye-diop-denonce-les-manoeuvres-visant-la-destabilisation-du-mali#primaryimage\",\"url\":\"https:\/\/static.africa-press.net\/mali\/sites\/21\/2023\/03\/postQueueImg_1679328253.38.jpg\",\"contentUrl\":\"https:\/\/static.africa-press.net\/mali\/sites\/21\/2023\/03\/postQueueImg_1679328253.38.jpg\",\"width\":1440,\"height\":960,\"caption\":\"49\u00e8 session du conseil des ministres des Affaires \u00e9trang\u00e8res de l\u2019OCI : Abdoulaye Diop d\u00e9nonce les man\u0153uvres visant la d\u00e9stabilisation du Mali\"},{\"@type\":\"BreadcrumbList\",\"@id\":\"https:\/\/www.africa-press.net\/mali\/politique\/49e-session-du-conseil-des-ministres-des-affaires-etrangeres-de-loci-abdoulaye-diop-denonce-les-manoeuvres-visant-la-destabilisation-du-mali#breadcrumb\",\"itemListElement\":[{\"@type\":\"ListItem\",\"position\":1,\"name\":\"Home\",\"item\":\"https:\/\/www.africa-press.net\/mali\/\"},{\"@type\":\"ListItem\",\"position\":2,\"name\":\"49\u00e8 session du conseil des ministres des Affaires \u00e9trang\u00e8res de l\u2019OCI : Abdoulaye Diop d\u00e9nonce les man\u0153uvres visant la d\u00e9stabilisation du Mali\"}]},{\"@type\":\"WebSite\",\"@id\":\"https:\/\/www.africa-press.net\/mali\/#website\",\"url\":\"https:\/\/www.africa-press.net\/mali\/\",\"name\":\"Mali\",\"description\":\"Just another Africa News Agency Sites site\",\"potentialAction\":[{\"@type\":\"SearchAction\",\"target\":{\"@type\":\"EntryPoint\",\"urlTemplate\":\"https:\/\/www.africa-press.net\/mali\/?s={search_term_string}\"},\"query-input\":{\"@type\":\"PropertyValueSpecification\",\"valueRequired\":true,\"valueName\":\"search_term_string\"}}],\"inLanguage\":\"fr-FR\"},{\"@type\":\"Person\",\"@id\":\"https:\/\/www.africa-press.net\/mali\/#\/schema\/person\/2b1cf3cd81a31e3cd26889ca66d677f1\",\"name\":\"cfeditorfr\"}]}<\/script>\n<!-- \/ Yoast SEO Premium plugin. -->","yoast_head_json":{"title":"49\u00e8 session du conseil des ministres des Affaires \u00e9trang\u00e8res de l\u2019OCI : Abdoulaye Diop d\u00e9nonce les man\u0153uvres visant la d\u00e9stabilisation du Mali - Mali","description":"Dans son discours prononce\u0301 le vendredi le 17 mars, le ministre Diop a indique\u0301 que le Mali se reconnait entie\u0300rement da ...","robots":{"index":"index","follow":"follow","max-snippet":"max-snippet:-1","max-image-preview":"max-image-preview:large","max-video-preview":"max-video-preview:-1"},"canonical":"https:\/\/www.africa-press.net\/mali\/politique\/49e-session-du-conseil-des-ministres-des-affaires-etrangeres-de-loci-abdoulaye-diop-denonce-les-manoeuvres-visant-la-destabilisation-du-mali","og_locale":"fr_FR","og_type":"article","og_title":"49\u00e8 session du conseil des ministres des Affaires \u00e9trang\u00e8res de l\u2019OCI : Abdoulaye Diop d\u00e9nonce les man\u0153uvres visant la d\u00e9stabilisation du Mali","og_description":"Dans son discours prononce\u0301 le vendredi le 17 mars, le ministre Diop a indique\u0301 que le Mali se reconnait entie\u0300rement da ...","og_url":"https:\/\/www.africa-press.net\/mali\/politique\/49e-session-du-conseil-des-ministres-des-affaires-etrangeres-de-loci-abdoulaye-diop-denonce-les-manoeuvres-visant-la-destabilisation-du-mali","og_site_name":"Mali","article_publisher":"https:\/\/www.facebook.com\/AfricaPressTunisiaa","article_published_time":"2023-03-20T19:34:02+00:00","article_modified_time":"2023-03-20T20:53:02+00:00","og_image":[{"width":1440,"height":960,"url":"https:\/\/static.africa-press.net\/mali\/sites\/21\/2023\/03\/postQueueImg_1679328253.38.jpg","type":"image\/jpeg"}],"author":"cfeditorfr","twitter_card":"summary_large_image","twitter_misc":{"\u00c9crit par":"cfeditorfr","Dur\u00e9e de lecture estim\u00e9e":"5 minutes"},"schema":{"@context":"https:\/\/schema.org","@graph":[{"@type":"Article","@id":"https:\/\/www.africa-press.net\/mali\/politique\/49e-session-du-conseil-des-ministres-des-affaires-etrangeres-de-loci-abdoulaye-diop-denonce-les-manoeuvres-visant-la-destabilisation-du-mali#article","isPartOf":{"@id":"https:\/\/www.africa-press.net\/mali\/politique\/49e-session-du-conseil-des-ministres-des-affaires-etrangeres-de-loci-abdoulaye-diop-denonce-les-manoeuvres-visant-la-destabilisation-du-mali"},"author":{"name":"cfeditorfr","@id":"https:\/\/www.africa-press.net\/mali\/#\/schema\/person\/2b1cf3cd81a31e3cd26889ca66d677f1"},"headline":"49\u00e8 session du conseil des ministres des Affaires \u00e9trang\u00e8res de l\u2019OCI : Abdoulaye Diop d\u00e9nonce les man\u0153uvres visant la d\u00e9stabilisation du Mali","datePublished":"2023-03-20T19:34:02+00:00","dateModified":"2023-03-20T20:53:02+00:00","mainEntityOfPage":{"@id":"https:\/\/www.africa-press.net\/mali\/politique\/49e-session-du-conseil-des-ministres-des-affaires-etrangeres-de-loci-abdoulaye-diop-denonce-les-manoeuvres-visant-la-destabilisation-du-mali"},"wordCount":997,"commentCount":0,"image":{"@id":"https:\/\/www.africa-press.net\/mali\/politique\/49e-session-du-conseil-des-ministres-des-affaires-etrangeres-de-loci-abdoulaye-diop-denonce-les-manoeuvres-visant-la-destabilisation-du-mali#primaryimage"},"thumbnailUrl":"https:\/\/static.africa-press.net\/mali\/sites\/21\/2023\/03\/postQueueImg_1679328253.38.jpg","keywords":["Africa Press","Africa Press-Mali","mali"],"articleSection":["Politique","Toutes les actualit\u00e9s"],"inLanguage":"fr-FR","potentialAction":[{"@type":"CommentAction","name":"Comment","target":["https:\/\/www.africa-press.net\/mali\/politique\/49e-session-du-conseil-des-ministres-des-affaires-etrangeres-de-loci-abdoulaye-diop-denonce-les-manoeuvres-visant-la-destabilisation-du-mali#respond"]}]},{"@type":"WebPage","@id":"https:\/\/www.africa-press.net\/mali\/politique\/49e-session-du-conseil-des-ministres-des-affaires-etrangeres-de-loci-abdoulaye-diop-denonce-les-manoeuvres-visant-la-destabilisation-du-mali","url":"https:\/\/www.africa-press.net\/mali\/politique\/49e-session-du-conseil-des-ministres-des-affaires-etrangeres-de-loci-abdoulaye-diop-denonce-les-manoeuvres-visant-la-destabilisation-du-mali","name":"49\u00e8 session du conseil des ministres des Affaires \u00e9trang\u00e8res de l\u2019OCI : Abdoulaye Diop d\u00e9nonce les man\u0153uvres visant la d\u00e9stabilisation du Mali - Mali","isPartOf":{"@id":"https:\/\/www.africa-press.net\/mali\/#website"},"primaryImageOfPage":{"@id":"https:\/\/www.africa-press.net\/mali\/politique\/49e-session-du-conseil-des-ministres-des-affaires-etrangeres-de-loci-abdoulaye-diop-denonce-les-manoeuvres-visant-la-destabilisation-du-mali#primaryimage"},"image":{"@id":"https:\/\/www.africa-press.net\/mali\/politique\/49e-session-du-conseil-des-ministres-des-affaires-etrangeres-de-loci-abdoulaye-diop-denonce-les-manoeuvres-visant-la-destabilisation-du-mali#primaryimage"},"thumbnailUrl":"https:\/\/static.africa-press.net\/mali\/sites\/21\/2023\/03\/postQueueImg_1679328253.38.jpg","datePublished":"2023-03-20T19:34:02+00:00","dateModified":"2023-03-20T20:53:02+00:00","author":{"@id":"https:\/\/www.africa-press.net\/mali\/#\/schema\/person\/2b1cf3cd81a31e3cd26889ca66d677f1"},"description":"Dans son discours prononce\u0301 le vendredi le 17 mars, le ministre Diop a indique\u0301 que le Mali se reconnait entie\u0300rement da ...","breadcrumb":{"@id":"https:\/\/www.africa-press.net\/mali\/politique\/49e-session-du-conseil-des-ministres-des-affaires-etrangeres-de-loci-abdoulaye-diop-denonce-les-manoeuvres-visant-la-destabilisation-du-mali#breadcrumb"},"inLanguage":"fr-FR","potentialAction":[{"@type":"ReadAction","target":["https:\/\/www.africa-press.net\/mali\/politique\/49e-session-du-conseil-des-ministres-des-affaires-etrangeres-de-loci-abdoulaye-diop-denonce-les-manoeuvres-visant-la-destabilisation-du-mali"]}]},{"@type":"ImageObject","inLanguage":"fr-FR","@id":"https:\/\/www.africa-press.net\/mali\/politique\/49e-session-du-conseil-des-ministres-des-affaires-etrangeres-de-loci-abdoulaye-diop-denonce-les-manoeuvres-visant-la-destabilisation-du-mali#primaryimage","url":"https:\/\/static.africa-press.net\/mali\/sites\/21\/2023\/03\/postQueueImg_1679328253.38.jpg","contentUrl":"https:\/\/static.africa-press.net\/mali\/sites\/21\/2023\/03\/postQueueImg_1679328253.38.jpg","width":1440,"height":960,"caption":"49\u00e8 session du conseil des ministres des Affaires \u00e9trang\u00e8res de l\u2019OCI : Abdoulaye Diop d\u00e9nonce les man\u0153uvres visant la d\u00e9stabilisation du Mali"},{"@type":"BreadcrumbList","@id":"https:\/\/www.africa-press.net\/mali\/politique\/49e-session-du-conseil-des-ministres-des-affaires-etrangeres-de-loci-abdoulaye-diop-denonce-les-manoeuvres-visant-la-destabilisation-du-mali#breadcrumb","itemListElement":[{"@type":"ListItem","position":1,"name":"Home","item":"https:\/\/www.africa-press.net\/mali\/"},{"@type":"ListItem","position":2,"name":"49\u00e8 session du conseil des ministres des Affaires \u00e9trang\u00e8res de l\u2019OCI : Abdoulaye Diop d\u00e9nonce les man\u0153uvres visant la d\u00e9stabilisation du Mali"}]},{"@type":"WebSite","@id":"https:\/\/www.africa-press.net\/mali\/#website","url":"https:\/\/www.africa-press.net\/mali\/","name":"Mali","description":"Just another Africa News Agency Sites site","potentialAction":[{"@type":"SearchAction","target":{"@type":"EntryPoint","urlTemplate":"https:\/\/www.africa-press.net\/mali\/?s={search_term_string}"},"query-input":{"@type":"PropertyValueSpecification","valueRequired":true,"valueName":"search_term_string"}}],"inLanguage":"fr-FR"},{"@type":"Person","@id":"https:\/\/www.africa-press.net\/mali\/#\/schema\/person\/2b1cf3cd81a31e3cd26889ca66d677f1","name":"cfeditorfr"}]}},"_links":{"self":[{"href":"https:\/\/www.africa-press.net\/mali\/wp-json\/wp\/v2\/posts\/32142","targetHints":{"allow":["GET"]}}],"collection":[{"href":"https:\/\/www.africa-press.net\/mali\/wp-json\/wp\/v2\/posts"}],"about":[{"href":"https:\/\/www.africa-press.net\/mali\/wp-json\/wp\/v2\/types\/post"}],"author":[{"embeddable":true,"href":"https:\/\/www.africa-press.net\/mali\/wp-json\/wp\/v2\/users\/82"}],"replies":[{"embeddable":true,"href":"https:\/\/www.africa-press.net\/mali\/wp-json\/wp\/v2\/comments?post=32142"}],"version-history":[{"count":0,"href":"https:\/\/www.africa-press.net\/mali\/wp-json\/wp\/v2\/posts\/32142\/revisions"}],"wp:featuredmedia":[{"embeddable":true,"href":"https:\/\/www.africa-press.net\/mali\/wp-json\/wp\/v2\/media\/32140"}],"wp:attachment":[{"href":"https:\/\/www.africa-press.net\/mali\/wp-json\/wp\/v2\/media?parent=32142"}],"wp:term":[{"taxonomy":"category","embeddable":true,"href":"https:\/\/www.africa-press.net\/mali\/wp-json\/wp\/v2\/categories?post=32142"},{"taxonomy":"post_tag","embeddable":true,"href":"https:\/\/www.africa-press.net\/mali\/wp-json\/wp\/v2\/tags?post=32142"}],"curies":[{"name":"wp","href":"https:\/\/api.w.org\/{rel}","templated":true}]}}