{"id":32148,"date":"2023-03-21T20:39:17","date_gmt":"2023-03-21T20:39:17","guid":{"rendered":"https:\/\/www.africa-press.net\/mali\/politique\/projet-de-constitution-demarrage-de-la-phase-de-vulgarisation"},"modified":"2023-03-21T20:54:41","modified_gmt":"2023-03-21T20:54:41","slug":"projet-de-constitution-demarrage-de-la-phase-de-vulgarisation","status":"publish","type":"post","link":"https:\/\/www.africa-press.net\/mali\/politique\/projet-de-constitution-demarrage-de-la-phase-de-vulgarisation","title":{"rendered":"Projet de Constitution : D\u00e9marrage de la phase de vulgarisation"},"content":{"rendered":"<p><span style=\"color: #ff6600\"><strong>Africa-Press &#8211; Mali. <\/strong><\/span>Le ton a e\u0301te\u0301 donne\u0301 hier par le chef de l\u2019E\u0301tat qui a rencontre\u0301, dans un premier temps, les autorite\u0301s et le\u0301gitimite\u0301s traditionnelles pour leur pre\u0301senter le texte<\/p>\n<p>Le pre\u0301sident de la Transition, le colonel Assimi Goi\u0308ta a pre\u0301side\u0301 hier dans la salle des banquets du palais de Koulouba, la ce\u0301re\u0301monie de pre\u0301sentation du projet de Constitution aux autorite\u0301s et le\u0301gitimite\u0301s traditionnelles venues des diffe\u0301rentes localite\u0301s du pays. C\u2019e\u0301tait en pre\u0301sence du Premier ministre Choguel Kokalla Mai\u0308ga, des membres du gouvernement et des gouverneurs des re\u0301gions.<\/p>\n<p>Dans sa pre\u0301sentation en langue bambara, le rapporteur de la commission de finalisation du projet de Constitution a rappele\u0301 que le texte en vigueur dans notre pays date du 25 fe\u0301vrier 1992. Au fil du temps, la pratique a re\u0301ve\u0301le\u0301 qu\u2019il y a des choses qu\u2019il faut revoir et d\u2019autres a\u0300 ajouter. Pour Boubacar Sow, a\u0300 quatre reprises, les chefs d\u2019E\u0301tat qui se sont succe\u0301de\u0301 a\u0300 la te\u0302te du Mali ont tente\u0301 d\u2019apporter des changements dans cette Constitution mais cela n\u2019a pu se faire. Selon lui, ce texte apporte plusieurs innovations majeures notamment la possibilite\u0301 de destitution du pre\u0301sident de la Re\u0301publique.<\/p>\n<p>Aussi, les de\u0301pute\u0301s et les se\u0301nateurs ne be\u0301ne\u0301ficient de l\u2019immunite\u0301 parlementaire que dans le cadre de l\u2019exercice de leurs fonctions. Le rapporteur a indique\u0301 que le texte prend en compte les autorite\u0301s et le\u0301gitimite\u0301s traditionnelles. Aussi, tous les citoyens a\u0302ge\u0301s de 18 ans au moins peuvent e\u0302tre mobilise\u0301s aux co\u0302te\u0301s des Forces arme\u0301es et de se\u0301curite\u0301 pour la de\u0301fense de la patrie. Les langues parle\u0301es dans notre pays deviennent les langues officielles et le franc\u0327ais, la langue de travail.<\/p>\n<p>Sur la question de la lai\u0308cite\u0301, Boubacar Sow dira qu\u2019elle ne s\u2019oppose pas a\u0300 la religion et aux croyances mais a pour objectif de promouvoir et conforter le vivre-ensemble fonde\u0301 sur la tole\u0301rance, le dialogue et la compre\u0301hension mutuelle. En vertu de ce texte, le pre\u0301sident de la Re\u0301publique est e\u0301lu pour un mandat de 5 ans. Et il n\u2019est re\u0301e\u0301ligible qu\u2019une seule fois car en aucun cas, nul ne peut exercer plus de deux mandats.<\/p>\n<p>Par ailleurs, le rapporteur dira que tout candidat aux fonctions de pre\u0301sident de la Re\u0301publique doit e\u0302tre de nationalite\u0301 malienne d\u2019origine et ne posse\u0301der aucune autre nationalite\u0301. Sur ce point, Boubacar Sow a indique\u0301 qu\u2019il y a une diffe\u0301rence entre un Malien d\u2019origine et un Malien d\u2019adoption. Il pre\u0301cisera ensuite que tous ceux qui sont ne\u0301s a\u0300 l\u2019exte\u0301rieur de parents maliens sont des Maliens d\u2019origine.<\/p>\n<p>Aussi, tout candidat a\u0300 l\u2019e\u0301lection pre\u0301sidentielle doit e\u0302tre a\u0302ge\u0301 de 35 ans au moins et de 75 ans au plus. Et le pre\u0301sident de la Re\u0301publique de\u0301termine la politique de la Nation. Il nomme le Premier ministre et met fin a\u0300 ses fonctions. Avec ce texte, le pre\u0301sident de la Re\u0301publique prononce devant le Parlement re\u0301uni en congre\u0300s, un discours sur l\u2019e\u0301tat de la Nation pour faire le point des actions re\u0301alise\u0301es et celles projete\u0301es. Et le gouvernement de\u0301termine son plan d\u2019actions a\u0300 partir de ce discours.<\/p>\n<p>DEUX CHAMBRES- Par ailleurs, le rapporteur a fait savoir que le Parlement sera compose\u0301 de deux chambres : l\u2019Assemble\u0301e nationale et le Se\u0301nat. Et le Congre\u0300s est la re\u0301union des deux chambres. Les Maliens e\u0301tablis a\u0300 l\u2019exte\u0301rieur seront repre\u0301sente\u0301s au sein de ces deux chambres. Au niveau du pouvoir judiciaire, la Haute cour de justice est supprime\u0301e. Le Conseil supe\u0301rieur de la magistrature, pre\u0301side\u0301 par le chef de l\u2019E\u0301tat, sera constitue\u0301 pour moitie\u0301 de personnalite\u0301s choisies en dehors du corps des magistrats. Et ce Conseil peut e\u0302tre saisi par un justiciable. Il y a eu e\u0301galement du changement dans le choix des 9 membres de la Cour constitutionnelle et la cre\u0301ation de la Cour des comptes, etc.<\/p>\n<p>Pour sa part, le pre\u0301sident de la Transition a indique\u0301 avoir valide\u0301 le projet de Constitution. Selon le colonel Assimi Goi\u0308ta, depuis que le Mali a opte\u0301 pour la de\u0301mocratie, seuls trois pre\u0301sidents ont e\u0301te\u0301 e\u0301lus (Alpha Oumar Konare\u0301, feu Amadou Toumani Toure\u0301 et feu Ibrahim Boubacar Kei\u0308ta). Parmi ceux-ci, un seul a pu terminer ses mandats. Ce qui fera dire au colonel Goi\u0308ta que le Mali a connu trois chefs d\u2019E\u0301tat e\u0301lus et trois pre\u0301sidents qui ont assure\u0301 des pe\u0301riodes de Transition. Il assure que cela prouve qu\u2019il y a des proble\u0300mes. C\u2019est pourquoi, il a juge\u0301 ne\u0301cessaire de donner la parole aux Maliens afin qu\u2019ils expriment leurs aspirations pour la gestion du pays.<\/p>\n<p>Le pre\u0301sident Goi\u0308ta a rappele\u0301 que 517 recommandations ont e\u0301te\u0301 faites lors des Assises nationales de la refondation. Parmi celles-ci 55 peuvent e\u0302tre mises en \u0153uvre pendant la Transition et 153 commencent sous cette pe\u0301riode et vont se poursuivre apre\u0300s. Pour lui, les 309 recommandations restantes seront re\u0301serve\u0301es au nouveau pre\u0301sident de la Re\u0301publique. Parmi les 55 recommandations qui concernent la Transition figure la re\u0301daction d\u2019une nouvelle Constitution. Le chef de l\u2019E\u0301tat a indique\u0301 que ce travail a e\u0301te\u0301 fait par une commission de re\u0301daction. Apre\u0300s leur travail, une autre commission a e\u0301te\u0301 mise en place pour la finalisation.<\/p>\n<p>En outre, le pre\u0301sident de la Transition a pre\u0301cise\u0301 avoir valide\u0301 le projet de Constitution remis par cette commission. Et le document a de\u0301ja\u0300 e\u0301te\u0301 traduit dans les langues nationales. Il a invite\u0301 les le\u0301gitimite\u0301s traditionnelles, les chefs de fraction, les leaders religieux a\u0300 rendre compte aux populations afin qu\u2019elles comprennent le contenu de ce texte. Pour lui, si ce texte est adopte\u0301, les dirigeants ne pourront plus faire ce qu\u2019ils veulent dans le pays. Aussi, le Mali ne sera plus une route de traverse\u0301e pour \u00ables che\u0300vres\u00bb. Et personne ne pourra rentrer et faire ce qu\u2019il veut dans notre pays.<\/p>\n<p>Le pre\u0301sident Goi\u0308ta a promis e\u0301galement que le Mali ne sera plus comme de la \u00abviande d\u2019e\u0301le\u0301phant\u00bb pour que chacun vienne couper le morceau qu\u2019il veut. D\u2019apre\u0300s lui, nos ressources minie\u0300res notamment l\u2019or, le diamant, le lithium seront ge\u0301re\u0301es comme le veulent les populations. Il a soutenu que le ro\u0302le des autorite\u0301s et le\u0301gitimite\u0301s traditionnelles dans la paix, la stabilite\u0301 et le de\u0301veloppement ne peut pas e\u0302tre mis de co\u0302te\u0301. C\u2019est pourquoi, elles sont prises en compte dans le projet de Constitution.<\/p>\n<p>Apre\u0300s cette pre\u0301sentation, le chef de l\u2019E\u0301tat a de\u0301clare\u0301 qu\u2019il revient maintenant aux le\u0301gitimite\u0301s traditionnelles de vulgariser ce texte et d\u2019informer les populations. Le pre\u0301sident Goi\u0308ta a rappele\u0301 que tout le monde parle de Mali Kura. Et que c\u2019est ce texte qui en est le premier pilier pour que notre pays retrouve sa souverainete\u0301.<\/p>\n<p><strong>Pour plus d&rsquo;informations et d&rsquo;analyses sur la <a href=\"https:\/\/www.africa-press.net\/mali\">Mali<\/a>, suivez <a href=\"https:\/\/www.africa-press.net\/\">Africa-Press<\/a><\/strong><\/p>\n","protected":false},"excerpt":{"rendered":"<p>Africa-Press &#8211; Mali. Le ton a e\u0301te\u0301 donne\u0301 hier par le chef de l\u2019E\u0301tat qui a rencontre\u0301, dans un premier temps, les autorite\u0301s et le\u0301gitimite\u0301s traditionnelles pour leur pre\u0301senter le texte Le pre\u0301sident de la Transition, le colonel Assimi Goi\u0308ta a pre\u0301side\u0301 hier dans la salle des banquets du palais de Koulouba, la ce\u0301re\u0301monie de [&hellip;]<\/p>\n","protected":false},"author":82,"featured_media":32147,"comment_status":"open","ping_status":"closed","sticky":false,"template":"","format":"standard","meta":{"footnotes":""},"categories":[7,17],"tags":[76,86,19],"class_list":["post-32148","post","type-post","status-publish","format-standard","has-post-thumbnail","hentry","category-politique","category-toutes-les-actualites","tag-africa-press","tag-africa-press-mali","tag-mali"],"yoast_head":"<!-- This site is optimized with the Yoast SEO Premium plugin v26.1 (Yoast SEO v27.0) - https:\/\/yoast.com\/product\/yoast-seo-premium-wordpress\/ -->\n<title>Projet de Constitution : D\u00e9marrage de la phase de vulgarisation - Mali<\/title>\n<meta name=\"description\" content=\"Le ton a e\u0301te\u0301 donne\u0301 hier par le chef de l\u2019E\u0301tat qui a rencontre\u0301, dans un premier temps, les autorite\u0301s et le\u0301gitimite ...\" \/>\n<meta name=\"robots\" content=\"index, follow, max-snippet:-1, max-image-preview:large, max-video-preview:-1\" \/>\n<link rel=\"canonical\" href=\"https:\/\/www.africa-press.net\/mali\/politique\/projet-de-constitution-demarrage-de-la-phase-de-vulgarisation\" \/>\n<meta property=\"og:locale\" content=\"fr_FR\" \/>\n<meta property=\"og:type\" content=\"article\" \/>\n<meta property=\"og:title\" content=\"Projet de Constitution : D\u00e9marrage de la phase de vulgarisation\" \/>\n<meta property=\"og:description\" content=\"Le ton a e\u0301te\u0301 donne\u0301 hier par le chef de l\u2019E\u0301tat qui a rencontre\u0301, dans un premier temps, les autorite\u0301s et le\u0301gitimite ...\" \/>\n<meta property=\"og:url\" content=\"https:\/\/www.africa-press.net\/mali\/politique\/projet-de-constitution-demarrage-de-la-phase-de-vulgarisation\" \/>\n<meta property=\"og:site_name\" content=\"Mali\" \/>\n<meta property=\"article:publisher\" content=\"https:\/\/www.facebook.com\/AfricaPressTunisiaa\" \/>\n<meta property=\"article:published_time\" content=\"2023-03-21T20:39:17+00:00\" \/>\n<meta property=\"article:modified_time\" content=\"2023-03-21T20:54:41+00:00\" \/>\n<meta property=\"og:image\" content=\"https:\/\/static.africa-press.net\/mali\/sites\/21\/2023\/03\/postQueueImg_1679418574.44.jpg\" \/>\n\t<meta property=\"og:image:width\" content=\"1024\" \/>\n\t<meta property=\"og:image:height\" content=\"683\" \/>\n\t<meta property=\"og:image:type\" content=\"image\/jpeg\" \/>\n<meta name=\"author\" content=\"cfeditorfr\" \/>\n<meta name=\"twitter:card\" content=\"summary_large_image\" \/>\n<meta name=\"twitter:label1\" content=\"\u00c9crit par\" \/>\n\t<meta name=\"twitter:data1\" content=\"cfeditorfr\" \/>\n\t<meta name=\"twitter:label2\" content=\"Dur\u00e9e de lecture estim\u00e9e\" \/>\n\t<meta name=\"twitter:data2\" content=\"6 minutes\" \/>\n<script type=\"application\/ld+json\" class=\"yoast-schema-graph\">{\"@context\":\"https:\/\/schema.org\",\"@graph\":[{\"@type\":\"Article\",\"@id\":\"https:\/\/www.africa-press.net\/mali\/politique\/projet-de-constitution-demarrage-de-la-phase-de-vulgarisation#article\",\"isPartOf\":{\"@id\":\"https:\/\/www.africa-press.net\/mali\/politique\/projet-de-constitution-demarrage-de-la-phase-de-vulgarisation\"},\"author\":{\"name\":\"cfeditorfr\",\"@id\":\"https:\/\/www.africa-press.net\/mali\/#\/schema\/person\/2b1cf3cd81a31e3cd26889ca66d677f1\"},\"headline\":\"Projet de Constitution : D\u00e9marrage de la phase de vulgarisation\",\"datePublished\":\"2023-03-21T20:39:17+00:00\",\"dateModified\":\"2023-03-21T20:54:41+00:00\",\"mainEntityOfPage\":{\"@id\":\"https:\/\/www.africa-press.net\/mali\/politique\/projet-de-constitution-demarrage-de-la-phase-de-vulgarisation\"},\"wordCount\":1278,\"commentCount\":0,\"image\":{\"@id\":\"https:\/\/www.africa-press.net\/mali\/politique\/projet-de-constitution-demarrage-de-la-phase-de-vulgarisation#primaryimage\"},\"thumbnailUrl\":\"https:\/\/static.africa-press.net\/mali\/sites\/21\/2023\/03\/postQueueImg_1679418574.44.jpg\",\"keywords\":[\"Africa Press\",\"Africa Press-Mali\",\"mali\"],\"articleSection\":[\"Politique\",\"Toutes les actualit\u00e9s\"],\"inLanguage\":\"fr-FR\",\"potentialAction\":[{\"@type\":\"CommentAction\",\"name\":\"Comment\",\"target\":[\"https:\/\/www.africa-press.net\/mali\/politique\/projet-de-constitution-demarrage-de-la-phase-de-vulgarisation#respond\"]}]},{\"@type\":\"WebPage\",\"@id\":\"https:\/\/www.africa-press.net\/mali\/politique\/projet-de-constitution-demarrage-de-la-phase-de-vulgarisation\",\"url\":\"https:\/\/www.africa-press.net\/mali\/politique\/projet-de-constitution-demarrage-de-la-phase-de-vulgarisation\",\"name\":\"Projet de Constitution : D\u00e9marrage de la phase de vulgarisation - Mali\",\"isPartOf\":{\"@id\":\"https:\/\/www.africa-press.net\/mali\/#website\"},\"primaryImageOfPage\":{\"@id\":\"https:\/\/www.africa-press.net\/mali\/politique\/projet-de-constitution-demarrage-de-la-phase-de-vulgarisation#primaryimage\"},\"image\":{\"@id\":\"https:\/\/www.africa-press.net\/mali\/politique\/projet-de-constitution-demarrage-de-la-phase-de-vulgarisation#primaryimage\"},\"thumbnailUrl\":\"https:\/\/static.africa-press.net\/mali\/sites\/21\/2023\/03\/postQueueImg_1679418574.44.jpg\",\"datePublished\":\"2023-03-21T20:39:17+00:00\",\"dateModified\":\"2023-03-21T20:54:41+00:00\",\"author\":{\"@id\":\"https:\/\/www.africa-press.net\/mali\/#\/schema\/person\/2b1cf3cd81a31e3cd26889ca66d677f1\"},\"description\":\"Le ton a e\u0301te\u0301 donne\u0301 hier par le chef de l\u2019E\u0301tat qui a rencontre\u0301, dans un premier temps, les autorite\u0301s et le\u0301gitimite ...\",\"breadcrumb\":{\"@id\":\"https:\/\/www.africa-press.net\/mali\/politique\/projet-de-constitution-demarrage-de-la-phase-de-vulgarisation#breadcrumb\"},\"inLanguage\":\"fr-FR\",\"potentialAction\":[{\"@type\":\"ReadAction\",\"target\":[\"https:\/\/www.africa-press.net\/mali\/politique\/projet-de-constitution-demarrage-de-la-phase-de-vulgarisation\"]}]},{\"@type\":\"ImageObject\",\"inLanguage\":\"fr-FR\",\"@id\":\"https:\/\/www.africa-press.net\/mali\/politique\/projet-de-constitution-demarrage-de-la-phase-de-vulgarisation#primaryimage\",\"url\":\"https:\/\/static.africa-press.net\/mali\/sites\/21\/2023\/03\/postQueueImg_1679418574.44.jpg\",\"contentUrl\":\"https:\/\/static.africa-press.net\/mali\/sites\/21\/2023\/03\/postQueueImg_1679418574.44.jpg\",\"width\":1024,\"height\":683,\"caption\":\"Projet de Constitution : D\u00e9marrage de la phase de vulgarisation\"},{\"@type\":\"BreadcrumbList\",\"@id\":\"https:\/\/www.africa-press.net\/mali\/politique\/projet-de-constitution-demarrage-de-la-phase-de-vulgarisation#breadcrumb\",\"itemListElement\":[{\"@type\":\"ListItem\",\"position\":1,\"name\":\"Home\",\"item\":\"https:\/\/www.africa-press.net\/mali\/\"},{\"@type\":\"ListItem\",\"position\":2,\"name\":\"Projet de Constitution : D\u00e9marrage de la phase de vulgarisation\"}]},{\"@type\":\"WebSite\",\"@id\":\"https:\/\/www.africa-press.net\/mali\/#website\",\"url\":\"https:\/\/www.africa-press.net\/mali\/\",\"name\":\"Mali\",\"description\":\"Just another Africa News Agency Sites site\",\"potentialAction\":[{\"@type\":\"SearchAction\",\"target\":{\"@type\":\"EntryPoint\",\"urlTemplate\":\"https:\/\/www.africa-press.net\/mali\/?s={search_term_string}\"},\"query-input\":{\"@type\":\"PropertyValueSpecification\",\"valueRequired\":true,\"valueName\":\"search_term_string\"}}],\"inLanguage\":\"fr-FR\"},{\"@type\":\"Person\",\"@id\":\"https:\/\/www.africa-press.net\/mali\/#\/schema\/person\/2b1cf3cd81a31e3cd26889ca66d677f1\",\"name\":\"cfeditorfr\"}]}<\/script>\n<!-- \/ Yoast SEO Premium plugin. -->","yoast_head_json":{"title":"Projet de Constitution : D\u00e9marrage de la phase de vulgarisation - Mali","description":"Le ton a e\u0301te\u0301 donne\u0301 hier par le chef de l\u2019E\u0301tat qui a rencontre\u0301, dans un premier temps, les autorite\u0301s et le\u0301gitimite ...","robots":{"index":"index","follow":"follow","max-snippet":"max-snippet:-1","max-image-preview":"max-image-preview:large","max-video-preview":"max-video-preview:-1"},"canonical":"https:\/\/www.africa-press.net\/mali\/politique\/projet-de-constitution-demarrage-de-la-phase-de-vulgarisation","og_locale":"fr_FR","og_type":"article","og_title":"Projet de Constitution : D\u00e9marrage de la phase de vulgarisation","og_description":"Le ton a e\u0301te\u0301 donne\u0301 hier par le chef de l\u2019E\u0301tat qui a rencontre\u0301, dans un premier temps, les autorite\u0301s et le\u0301gitimite ...","og_url":"https:\/\/www.africa-press.net\/mali\/politique\/projet-de-constitution-demarrage-de-la-phase-de-vulgarisation","og_site_name":"Mali","article_publisher":"https:\/\/www.facebook.com\/AfricaPressTunisiaa","article_published_time":"2023-03-21T20:39:17+00:00","article_modified_time":"2023-03-21T20:54:41+00:00","og_image":[{"width":1024,"height":683,"url":"https:\/\/static.africa-press.net\/mali\/sites\/21\/2023\/03\/postQueueImg_1679418574.44.jpg","type":"image\/jpeg"}],"author":"cfeditorfr","twitter_card":"summary_large_image","twitter_misc":{"\u00c9crit par":"cfeditorfr","Dur\u00e9e de lecture estim\u00e9e":"6 minutes"},"schema":{"@context":"https:\/\/schema.org","@graph":[{"@type":"Article","@id":"https:\/\/www.africa-press.net\/mali\/politique\/projet-de-constitution-demarrage-de-la-phase-de-vulgarisation#article","isPartOf":{"@id":"https:\/\/www.africa-press.net\/mali\/politique\/projet-de-constitution-demarrage-de-la-phase-de-vulgarisation"},"author":{"name":"cfeditorfr","@id":"https:\/\/www.africa-press.net\/mali\/#\/schema\/person\/2b1cf3cd81a31e3cd26889ca66d677f1"},"headline":"Projet de Constitution : D\u00e9marrage de la phase de vulgarisation","datePublished":"2023-03-21T20:39:17+00:00","dateModified":"2023-03-21T20:54:41+00:00","mainEntityOfPage":{"@id":"https:\/\/www.africa-press.net\/mali\/politique\/projet-de-constitution-demarrage-de-la-phase-de-vulgarisation"},"wordCount":1278,"commentCount":0,"image":{"@id":"https:\/\/www.africa-press.net\/mali\/politique\/projet-de-constitution-demarrage-de-la-phase-de-vulgarisation#primaryimage"},"thumbnailUrl":"https:\/\/static.africa-press.net\/mali\/sites\/21\/2023\/03\/postQueueImg_1679418574.44.jpg","keywords":["Africa Press","Africa Press-Mali","mali"],"articleSection":["Politique","Toutes les actualit\u00e9s"],"inLanguage":"fr-FR","potentialAction":[{"@type":"CommentAction","name":"Comment","target":["https:\/\/www.africa-press.net\/mali\/politique\/projet-de-constitution-demarrage-de-la-phase-de-vulgarisation#respond"]}]},{"@type":"WebPage","@id":"https:\/\/www.africa-press.net\/mali\/politique\/projet-de-constitution-demarrage-de-la-phase-de-vulgarisation","url":"https:\/\/www.africa-press.net\/mali\/politique\/projet-de-constitution-demarrage-de-la-phase-de-vulgarisation","name":"Projet de Constitution : D\u00e9marrage de la phase de vulgarisation - Mali","isPartOf":{"@id":"https:\/\/www.africa-press.net\/mali\/#website"},"primaryImageOfPage":{"@id":"https:\/\/www.africa-press.net\/mali\/politique\/projet-de-constitution-demarrage-de-la-phase-de-vulgarisation#primaryimage"},"image":{"@id":"https:\/\/www.africa-press.net\/mali\/politique\/projet-de-constitution-demarrage-de-la-phase-de-vulgarisation#primaryimage"},"thumbnailUrl":"https:\/\/static.africa-press.net\/mali\/sites\/21\/2023\/03\/postQueueImg_1679418574.44.jpg","datePublished":"2023-03-21T20:39:17+00:00","dateModified":"2023-03-21T20:54:41+00:00","author":{"@id":"https:\/\/www.africa-press.net\/mali\/#\/schema\/person\/2b1cf3cd81a31e3cd26889ca66d677f1"},"description":"Le ton a e\u0301te\u0301 donne\u0301 hier par le chef de l\u2019E\u0301tat qui a rencontre\u0301, dans un premier temps, les autorite\u0301s et le\u0301gitimite ...","breadcrumb":{"@id":"https:\/\/www.africa-press.net\/mali\/politique\/projet-de-constitution-demarrage-de-la-phase-de-vulgarisation#breadcrumb"},"inLanguage":"fr-FR","potentialAction":[{"@type":"ReadAction","target":["https:\/\/www.africa-press.net\/mali\/politique\/projet-de-constitution-demarrage-de-la-phase-de-vulgarisation"]}]},{"@type":"ImageObject","inLanguage":"fr-FR","@id":"https:\/\/www.africa-press.net\/mali\/politique\/projet-de-constitution-demarrage-de-la-phase-de-vulgarisation#primaryimage","url":"https:\/\/static.africa-press.net\/mali\/sites\/21\/2023\/03\/postQueueImg_1679418574.44.jpg","contentUrl":"https:\/\/static.africa-press.net\/mali\/sites\/21\/2023\/03\/postQueueImg_1679418574.44.jpg","width":1024,"height":683,"caption":"Projet de Constitution : D\u00e9marrage de la phase de vulgarisation"},{"@type":"BreadcrumbList","@id":"https:\/\/www.africa-press.net\/mali\/politique\/projet-de-constitution-demarrage-de-la-phase-de-vulgarisation#breadcrumb","itemListElement":[{"@type":"ListItem","position":1,"name":"Home","item":"https:\/\/www.africa-press.net\/mali\/"},{"@type":"ListItem","position":2,"name":"Projet de Constitution : D\u00e9marrage de la phase de vulgarisation"}]},{"@type":"WebSite","@id":"https:\/\/www.africa-press.net\/mali\/#website","url":"https:\/\/www.africa-press.net\/mali\/","name":"Mali","description":"Just another Africa News Agency Sites site","potentialAction":[{"@type":"SearchAction","target":{"@type":"EntryPoint","urlTemplate":"https:\/\/www.africa-press.net\/mali\/?s={search_term_string}"},"query-input":{"@type":"PropertyValueSpecification","valueRequired":true,"valueName":"search_term_string"}}],"inLanguage":"fr-FR"},{"@type":"Person","@id":"https:\/\/www.africa-press.net\/mali\/#\/schema\/person\/2b1cf3cd81a31e3cd26889ca66d677f1","name":"cfeditorfr"}]}},"_links":{"self":[{"href":"https:\/\/www.africa-press.net\/mali\/wp-json\/wp\/v2\/posts\/32148","targetHints":{"allow":["GET"]}}],"collection":[{"href":"https:\/\/www.africa-press.net\/mali\/wp-json\/wp\/v2\/posts"}],"about":[{"href":"https:\/\/www.africa-press.net\/mali\/wp-json\/wp\/v2\/types\/post"}],"author":[{"embeddable":true,"href":"https:\/\/www.africa-press.net\/mali\/wp-json\/wp\/v2\/users\/82"}],"replies":[{"embeddable":true,"href":"https:\/\/www.africa-press.net\/mali\/wp-json\/wp\/v2\/comments?post=32148"}],"version-history":[{"count":0,"href":"https:\/\/www.africa-press.net\/mali\/wp-json\/wp\/v2\/posts\/32148\/revisions"}],"wp:featuredmedia":[{"embeddable":true,"href":"https:\/\/www.africa-press.net\/mali\/wp-json\/wp\/v2\/media\/32147"}],"wp:attachment":[{"href":"https:\/\/www.africa-press.net\/mali\/wp-json\/wp\/v2\/media?parent=32148"}],"wp:term":[{"taxonomy":"category","embeddable":true,"href":"https:\/\/www.africa-press.net\/mali\/wp-json\/wp\/v2\/categories?post=32148"},{"taxonomy":"post_tag","embeddable":true,"href":"https:\/\/www.africa-press.net\/mali\/wp-json\/wp\/v2\/tags?post=32148"}],"curies":[{"name":"wp","href":"https:\/\/api.w.org\/{rel}","templated":true}]}}