{"id":32151,"date":"2023-03-21T20:41:08","date_gmt":"2023-03-21T20:41:08","guid":{"rendered":"https:\/\/www.africa-press.net\/mali\/politique\/retour-daliou-boubacar-diallo-au-bercail-grandes-retrouvailles-a-nioro-et-hommage-aux-femmes"},"modified":"2023-03-21T20:55:20","modified_gmt":"2023-03-21T20:55:20","slug":"retour-daliou-boubacar-diallo-au-bercail-grandes-retrouvailles-a-nioro-et-hommage-aux-femmes","status":"publish","type":"post","link":"https:\/\/www.africa-press.net\/mali\/communaute\/retour-daliou-boubacar-diallo-au-bercail-grandes-retrouvailles-a-nioro-et-hommage-aux-femmes","title":{"rendered":"Retour d\u2019Aliou Boubacar Diallo au bercail : Grandes retrouvailles \u00e0 Nioro et hommage aux femmes"},"content":{"rendered":"<p><span style=\"color: #ff6600\"><strong>Africa-Press &#8211; Mali. <\/strong><\/span>Absent du pays pour cause de tourne\u0301e continentale, le porte e\u0301tendard de l\u2019ADP Maliba a finalement regagne\u0301 le bercail et s\u2019est aussito\u0302t acquitte\u0301 d\u2019un passage symbolique chez le Cherif de Nioro, qui incarne a\u0300 ses yeux plus qu\u2019une figure paternelle.<\/p>\n<p>La troisie\u0300me force politique de la dernie\u0300re pre\u0301sidentielle effectue un come-back et non des moindres, pour qui connait l\u2019impact de ses activite\u0301s ainsi que son apport a\u0300 l\u2019e\u0301conomie nationale a\u0300 travers des re\u0301seaux internationaux qui lui auront permis de man\u0153uvrer au profit du Mali lors des sanctions re\u0301gionales et continentales.<\/p>\n<p>Arrive\u0301 a\u0300 Bamako le mardi 14 mars 2023, le ce\u0301le\u0300bre homme d\u2019affaires est accueilli en fanfare par sa famille politique et ses collaborateurs directs mais ne se\u0301journe que moins de 48h dans la capitale.<\/p>\n<p>Jeudi matin tre\u0300s to\u0302t, il se rend dans la ville lumie\u0300re de Nioro du sahel ou\u0300 il tenu a\u0300 revoir son pe\u0300re spirituel, a\u0300 savoir le Cherif Bouille\u0301 Haidara.<\/p>\n<p>Une destination ou\u0300 c\u0327a se bouscule ces derniers temps pour se\u0301duire le mai\u0302tre des lieux afin qu\u2019il accorde sa caution au projet de constitution a\u0300 soumettre a\u0300 l\u2019appre\u0301ciation du peuple.<\/p>\n<p>L\u2019ex de\u0301pute\u0301 de Kayes s\u2019y est rendu en compagnie de certains membres du Comite\u0301 Exe\u0301cutif du Parti de la Balance et s\u2019est fait accueillir a\u0300 sa descente d\u2019avion par la famille che\u0301rifienne et nombre d\u2019autres sympathisants.<\/p>\n<p>Il aura ensuite son instant de communion avec le patriarche religieux dont les images seront d\u2019ailleurs ventile\u0301es en boucle sur les re\u0301seaux sociaux.<\/p>\n<p>Une pluie de be\u0301ne\u0301dictions du pe\u0300re au fils sera faite a\u0300 celui qui s\u2019exprimait le mois dernier sur les ondes de la te\u0301le\u0301vision Ivoirienne au sujet de la reprise des coope\u0301rations entre Abidjan et Bamako, attestant du lien fraternel entre ces deux pays dans le feu de leurs brouilles.<\/p>\n<p>Enfin, le fondateur du groupe Hydroma et figure historique de la mine Wassoul\u2019Or a pris conseils aupre\u0300s du Che\u0301rif Bouille\u0301 Haidara avant de regagner Bamako ou\u0300 les re\u0301unions qu\u2019il aura avec son staff professionnel, politique et ses proches ces jours ci, situera sur sa posture dans un Mali ou\u0300 les divergences sont de plus en plus affiche\u0301es.<\/p>\n<p>Si on lui pre\u0302te des ambitions pre\u0301sidentielles, reste que le pre\u0301sident d\u2019honneur de la fondation Maliba multiplie les sorties a\u0300 chaque page de l\u2019histoire du pays: le nouvel an, la fe\u0302te de l\u2019arme\u0301e et la journe\u0301e du 8 Mars ou\u0300 il a fait le bilan de son soutien aux femmes qui date de plus de 20 ans.<\/p>\n<p>Les femmes exhorte\u0301es a\u0300 pro\u0302ner le pacte de stabilite\u0301 Apre\u0300s sa sortie de\u0301die\u0301e a\u0300 l\u2019arme\u0301e nationale, l\u2019ancien mythique patron de Wassoul\u2019Or a pense\u0301 a\u0300 la Malienne.<\/p>\n<p>Dans le message livre\u0301 dans ce sens avant qu\u2019il ne foule la terre de la me\u0300re-patrie, Aliou Boubacar Diallo a invite\u0301 les Dames a\u0300 la mobilisation en rappelant qu\u2019elles demeurent les premie\u0300res victimes du conflit que vit le Mali.<\/p>\n<p>Il n\u2019a pas manque\u0301 de rappeler que \u201d cette journe\u0301e de\u0301die\u0301e a\u0300 nos me\u0300res, e\u0301pouses, s\u0153urs et filles, nous rappelle le ro\u0302le des femmes dans la lutte que me\u0300ne le Mali contre le terrorisme depuis plus de 10 ans \u00bb et dont les femmes \u00absont les premie\u0300res victimes\u201d.<\/p>\n<p>Le Kayesien le plus en vue en a profite\u0301, au demeurant, pour pre\u0301senter ses condole\u0301ances aux familles de toutes les victimes civiles et militaires de cette douloureuse crise se\u0301curitaire.<\/p>\n<p>L\u2019ancien postulant au fauteuil pre\u0301sidentiel n\u2019a pas omis d\u2019y associer les veuves, orphelins, ainsi que les nombreux de\u0301place\u0301s et re\u0301fugie\u0301s au nombre desquels figure une grande majorite\u0301 de femmes et d\u2019enfants.<\/p>\n<p>Allusion faite a\u0300 adresse de nouvel an, l\u2019honorable Aliou B. Diallo a re\u0301ite\u0301re\u0301 son appel aux Femmes du Mali, ainsi qu\u2019aux autres couches de socie\u0301te\u0301 malienne pour sceller un Pacte de stabilite\u0301 avec les l\u2019objectif ci-apre\u0300s :<\/p>\n<p>\u2013 retrouver la paix et la stabilite\u0301 indispensables pour que le Mali connaisse l\u2019essor e\u0301conomique qu\u2019il me\u0301rite ;<\/p>\n<p>\u2013 mettre en valeur les pre\u0301cieuses richesses et les e\u0301normes potentialite\u0301s dont regorgent toutes les re\u0301gions du Mali au profit de tous ses enfants ;<\/p>\n<p>\u2013 permettre a\u0300 notre pays de retrouver sa place dans le concert des nations.<\/p>\n<p>Le de\u0301pute\u0301 sortant du Khasso n\u2019a pas manque\u0301 de situer les actions pose\u0301es par la Fondation MALIBA qu\u2019il pilote, en rappelant au passage que son e\u0301quipe \u0153uvre inlassablement depuis plus de 30 ans a\u0300 soustraire les femmes de la pre\u0301carite\u0301.<\/p>\n<p>A\u0300 travers notamment des actions concre\u0300tes comme l\u2019octroi de bourses d\u2019e\u0301tudes au Mali et a\u0300 l\u2019e\u0301tranger a\u0300 des filles et garc\u0327ons; la construction, l\u2019e\u0301quipement de maternite\u0301s et de salle de soins pour une meilleure prise en charge de la me\u0300re et de l\u2019enfant, la fourniture de moulins aux femmes rurales pour les aider dans leurs multiples ta\u0302ches, l\u2019installation de forages pour soustraire nos s\u0153urs de la corve\u0301e d\u2019eau et aussi leur permettre de pratiquer le marai\u0302chage, la formation en technique de fabrication du savon moderne, de l\u2019eau de javel et du de\u0301tergent au be\u0301ne\u0301fice de plus d\u2019un millier de femmes qui ont toutes e\u0301te\u0301 e\u0301galement outille\u0301es en kits pour leur permettre d\u2019acque\u0301rir une inde\u0301pendance financie\u0300re.<\/p>\n<p>S\u2019y ajoute le symbolique apport qui fut le soutien financier et en vivres aux familles des soldats tombe\u0301s sur le champ de l\u2019honneur et cela depuis la tuerie d\u2019Agel Hoc en 2012 avec la remise d\u2019une somme de 50 millions CFA aux veuves et orphelins victimes de cette barbarie. La dynamique sera poursuivie sans rela\u0302che a promis celui qui, depuis deux ans, fait des e\u0301mules en matie\u0300re d\u2019hydroge\u0300ne.<\/p>\n<p>Au demeurant, \u00abla de\u0301esse du 8 mars\u00bb a concre\u0301tise\u0301 ses intentions a\u0300 l\u2019endroit des femmes : la nuit du vendredi 10 mars, Mme Diallo Mariama Camara fut nomme\u0301e lors de la ce\u0301re\u0301monie Prix Lobbo Traore\u0301, meilleure Femme Malienne dans la Cate\u0301gorie Femme humanitaire et Meilleure Femme Malienne dans la cate\u0301gorie Femme Politique.<\/p>\n<p>Un double\u0301 de la pre\u0301sidente des femmes de l\u2019ADP Maliba qui en dit long ! A\u0300 fond dans l\u2019are\u0300ne e\u0301conomique, beaucoup d\u2019observateurs s\u2019attendant a\u0300 une descente fulgurante et irre\u0301sistible de la figure de proue de la sce\u0300ne politique malienne \u2013 dont cote n\u2019a de cesse de grimper a\u0300 travers le continent a\u0300 travers divers forums d\u2019affaires sur l\u2019hydroge\u0300ne.<\/p>\n<p><strong>Pour plus d&rsquo;informations et d&rsquo;analyses sur la <a href=\"https:\/\/www.africa-press.net\/mali\">Mali<\/a>, suivez <a href=\"https:\/\/www.africa-press.net\/\">Africa-Press<\/a><\/strong><\/p>\n","protected":false},"excerpt":{"rendered":"<p>Africa-Press &#8211; Mali. Absent du pays pour cause de tourne\u0301e continentale, le porte e\u0301tendard de l\u2019ADP Maliba a finalement regagne\u0301 le bercail et s\u2019est aussito\u0302t acquitte\u0301 d\u2019un passage symbolique chez le Cherif de Nioro, qui incarne a\u0300 ses yeux plus qu\u2019une figure paternelle. La troisie\u0300me force politique de la dernie\u0300re pre\u0301sidentielle effectue un come-back et [&hellip;]<\/p>\n","protected":false},"author":82,"featured_media":32149,"comment_status":"open","ping_status":"closed","sticky":false,"template":"","format":"standard","meta":{"footnotes":""},"categories":[4,17],"tags":[76,86,19],"class_list":["post-32151","post","type-post","status-publish","format-standard","has-post-thumbnail","hentry","category-communaute","category-toutes-les-actualites","tag-africa-press","tag-africa-press-mali","tag-mali"],"yoast_head":"<!-- This site is optimized with the Yoast SEO Premium plugin v26.1 (Yoast SEO v27.0) - https:\/\/yoast.com\/product\/yoast-seo-premium-wordpress\/ -->\n<title>Retour d\u2019Aliou Boubacar Diallo au bercail : Grandes retrouvailles \u00e0 Nioro et hommage aux femmes - Mali<\/title>\n<meta name=\"description\" content=\"Absent du pays pour cause de tourne\u0301e continentale, le porte e\u0301tendard de l\u2019ADP Maliba a finalement regagne\u0301 le bercail ...\" \/>\n<meta name=\"robots\" content=\"index, follow, max-snippet:-1, max-image-preview:large, max-video-preview:-1\" \/>\n<link rel=\"canonical\" href=\"https:\/\/www.africa-press.net\/mali\/communaute\/retour-daliou-boubacar-diallo-au-bercail-grandes-retrouvailles-a-nioro-et-hommage-aux-femmes\" \/>\n<meta property=\"og:locale\" content=\"fr_FR\" \/>\n<meta property=\"og:type\" content=\"article\" \/>\n<meta property=\"og:title\" content=\"Retour d\u2019Aliou Boubacar Diallo au bercail : Grandes retrouvailles \u00e0 Nioro et hommage aux femmes\" \/>\n<meta property=\"og:description\" content=\"Absent du pays pour cause de tourne\u0301e continentale, le porte e\u0301tendard de l\u2019ADP Maliba a finalement regagne\u0301 le bercail ...\" \/>\n<meta property=\"og:url\" content=\"https:\/\/www.africa-press.net\/mali\/communaute\/retour-daliou-boubacar-diallo-au-bercail-grandes-retrouvailles-a-nioro-et-hommage-aux-femmes\" \/>\n<meta property=\"og:site_name\" content=\"Mali\" \/>\n<meta property=\"article:publisher\" content=\"https:\/\/www.facebook.com\/AfricaPressTunisiaa\" \/>\n<meta property=\"article:published_time\" content=\"2023-03-21T20:41:08+00:00\" \/>\n<meta property=\"article:modified_time\" content=\"2023-03-21T20:55:20+00:00\" \/>\n<meta property=\"og:image\" content=\"https:\/\/static.africa-press.net\/mali\/sites\/21\/2023\/03\/postQueueImg_1679418689.23.jpg\" \/>\n\t<meta property=\"og:image:width\" content=\"1365\" \/>\n\t<meta property=\"og:image:height\" content=\"1365\" \/>\n\t<meta property=\"og:image:type\" content=\"image\/jpeg\" \/>\n<meta name=\"author\" content=\"cfeditorfr\" \/>\n<meta name=\"twitter:card\" content=\"summary_large_image\" \/>\n<meta name=\"twitter:label1\" content=\"\u00c9crit par\" \/>\n\t<meta name=\"twitter:data1\" content=\"cfeditorfr\" \/>\n\t<meta name=\"twitter:label2\" content=\"Dur\u00e9e de lecture estim\u00e9e\" \/>\n\t<meta name=\"twitter:data2\" content=\"6 minutes\" \/>\n<script type=\"application\/ld+json\" class=\"yoast-schema-graph\">{\"@context\":\"https:\/\/schema.org\",\"@graph\":[{\"@type\":\"Article\",\"@id\":\"https:\/\/www.africa-press.net\/mali\/communaute\/retour-daliou-boubacar-diallo-au-bercail-grandes-retrouvailles-a-nioro-et-hommage-aux-femmes#article\",\"isPartOf\":{\"@id\":\"https:\/\/www.africa-press.net\/mali\/communaute\/retour-daliou-boubacar-diallo-au-bercail-grandes-retrouvailles-a-nioro-et-hommage-aux-femmes\"},\"author\":{\"name\":\"cfeditorfr\",\"@id\":\"https:\/\/www.africa-press.net\/mali\/#\/schema\/person\/2b1cf3cd81a31e3cd26889ca66d677f1\"},\"headline\":\"Retour d\u2019Aliou Boubacar Diallo au bercail : Grandes retrouvailles \u00e0 Nioro et hommage aux femmes\",\"datePublished\":\"2023-03-21T20:41:08+00:00\",\"dateModified\":\"2023-03-21T20:55:20+00:00\",\"mainEntityOfPage\":{\"@id\":\"https:\/\/www.africa-press.net\/mali\/communaute\/retour-daliou-boubacar-diallo-au-bercail-grandes-retrouvailles-a-nioro-et-hommage-aux-femmes\"},\"wordCount\":1194,\"commentCount\":0,\"image\":{\"@id\":\"https:\/\/www.africa-press.net\/mali\/communaute\/retour-daliou-boubacar-diallo-au-bercail-grandes-retrouvailles-a-nioro-et-hommage-aux-femmes#primaryimage\"},\"thumbnailUrl\":\"https:\/\/static.africa-press.net\/mali\/sites\/21\/2023\/03\/postQueueImg_1679418689.23.jpg\",\"keywords\":[\"Africa Press\",\"Africa Press-Mali\",\"mali\"],\"articleSection\":[\"Communaut\u00e9\",\"Toutes les actualit\u00e9s\"],\"inLanguage\":\"fr-FR\",\"potentialAction\":[{\"@type\":\"CommentAction\",\"name\":\"Comment\",\"target\":[\"https:\/\/www.africa-press.net\/mali\/communaute\/retour-daliou-boubacar-diallo-au-bercail-grandes-retrouvailles-a-nioro-et-hommage-aux-femmes#respond\"]}]},{\"@type\":\"WebPage\",\"@id\":\"https:\/\/www.africa-press.net\/mali\/communaute\/retour-daliou-boubacar-diallo-au-bercail-grandes-retrouvailles-a-nioro-et-hommage-aux-femmes\",\"url\":\"https:\/\/www.africa-press.net\/mali\/communaute\/retour-daliou-boubacar-diallo-au-bercail-grandes-retrouvailles-a-nioro-et-hommage-aux-femmes\",\"name\":\"Retour d\u2019Aliou Boubacar Diallo au bercail : Grandes retrouvailles \u00e0 Nioro et hommage aux femmes - Mali\",\"isPartOf\":{\"@id\":\"https:\/\/www.africa-press.net\/mali\/#website\"},\"primaryImageOfPage\":{\"@id\":\"https:\/\/www.africa-press.net\/mali\/communaute\/retour-daliou-boubacar-diallo-au-bercail-grandes-retrouvailles-a-nioro-et-hommage-aux-femmes#primaryimage\"},\"image\":{\"@id\":\"https:\/\/www.africa-press.net\/mali\/communaute\/retour-daliou-boubacar-diallo-au-bercail-grandes-retrouvailles-a-nioro-et-hommage-aux-femmes#primaryimage\"},\"thumbnailUrl\":\"https:\/\/static.africa-press.net\/mali\/sites\/21\/2023\/03\/postQueueImg_1679418689.23.jpg\",\"datePublished\":\"2023-03-21T20:41:08+00:00\",\"dateModified\":\"2023-03-21T20:55:20+00:00\",\"author\":{\"@id\":\"https:\/\/www.africa-press.net\/mali\/#\/schema\/person\/2b1cf3cd81a31e3cd26889ca66d677f1\"},\"description\":\"Absent du pays pour cause de tourne\u0301e continentale, le porte e\u0301tendard de l\u2019ADP Maliba a finalement regagne\u0301 le bercail ...\",\"breadcrumb\":{\"@id\":\"https:\/\/www.africa-press.net\/mali\/communaute\/retour-daliou-boubacar-diallo-au-bercail-grandes-retrouvailles-a-nioro-et-hommage-aux-femmes#breadcrumb\"},\"inLanguage\":\"fr-FR\",\"potentialAction\":[{\"@type\":\"ReadAction\",\"target\":[\"https:\/\/www.africa-press.net\/mali\/communaute\/retour-daliou-boubacar-diallo-au-bercail-grandes-retrouvailles-a-nioro-et-hommage-aux-femmes\"]}]},{\"@type\":\"ImageObject\",\"inLanguage\":\"fr-FR\",\"@id\":\"https:\/\/www.africa-press.net\/mali\/communaute\/retour-daliou-boubacar-diallo-au-bercail-grandes-retrouvailles-a-nioro-et-hommage-aux-femmes#primaryimage\",\"url\":\"https:\/\/static.africa-press.net\/mali\/sites\/21\/2023\/03\/postQueueImg_1679418689.23.jpg\",\"contentUrl\":\"https:\/\/static.africa-press.net\/mali\/sites\/21\/2023\/03\/postQueueImg_1679418689.23.jpg\",\"width\":1365,\"height\":1365,\"caption\":\"Retour d\u2019Aliou Boubacar Diallo au bercail : Grandes retrouvailles \u00e0 Nioro et hommage aux femmes\"},{\"@type\":\"BreadcrumbList\",\"@id\":\"https:\/\/www.africa-press.net\/mali\/communaute\/retour-daliou-boubacar-diallo-au-bercail-grandes-retrouvailles-a-nioro-et-hommage-aux-femmes#breadcrumb\",\"itemListElement\":[{\"@type\":\"ListItem\",\"position\":1,\"name\":\"Home\",\"item\":\"https:\/\/www.africa-press.net\/mali\/\"},{\"@type\":\"ListItem\",\"position\":2,\"name\":\"Retour d\u2019Aliou Boubacar Diallo au bercail : Grandes retrouvailles \u00e0 Nioro et hommage aux femmes\"}]},{\"@type\":\"WebSite\",\"@id\":\"https:\/\/www.africa-press.net\/mali\/#website\",\"url\":\"https:\/\/www.africa-press.net\/mali\/\",\"name\":\"Mali\",\"description\":\"Just another Africa News Agency Sites site\",\"potentialAction\":[{\"@type\":\"SearchAction\",\"target\":{\"@type\":\"EntryPoint\",\"urlTemplate\":\"https:\/\/www.africa-press.net\/mali\/?s={search_term_string}\"},\"query-input\":{\"@type\":\"PropertyValueSpecification\",\"valueRequired\":true,\"valueName\":\"search_term_string\"}}],\"inLanguage\":\"fr-FR\"},{\"@type\":\"Person\",\"@id\":\"https:\/\/www.africa-press.net\/mali\/#\/schema\/person\/2b1cf3cd81a31e3cd26889ca66d677f1\",\"name\":\"cfeditorfr\"}]}<\/script>\n<!-- \/ Yoast SEO Premium plugin. -->","yoast_head_json":{"title":"Retour d\u2019Aliou Boubacar Diallo au bercail : Grandes retrouvailles \u00e0 Nioro et hommage aux femmes - Mali","description":"Absent du pays pour cause de tourne\u0301e continentale, le porte e\u0301tendard de l\u2019ADP Maliba a finalement regagne\u0301 le bercail ...","robots":{"index":"index","follow":"follow","max-snippet":"max-snippet:-1","max-image-preview":"max-image-preview:large","max-video-preview":"max-video-preview:-1"},"canonical":"https:\/\/www.africa-press.net\/mali\/communaute\/retour-daliou-boubacar-diallo-au-bercail-grandes-retrouvailles-a-nioro-et-hommage-aux-femmes","og_locale":"fr_FR","og_type":"article","og_title":"Retour d\u2019Aliou Boubacar Diallo au bercail : Grandes retrouvailles \u00e0 Nioro et hommage aux femmes","og_description":"Absent du pays pour cause de tourne\u0301e continentale, le porte e\u0301tendard de l\u2019ADP Maliba a finalement regagne\u0301 le bercail ...","og_url":"https:\/\/www.africa-press.net\/mali\/communaute\/retour-daliou-boubacar-diallo-au-bercail-grandes-retrouvailles-a-nioro-et-hommage-aux-femmes","og_site_name":"Mali","article_publisher":"https:\/\/www.facebook.com\/AfricaPressTunisiaa","article_published_time":"2023-03-21T20:41:08+00:00","article_modified_time":"2023-03-21T20:55:20+00:00","og_image":[{"width":1365,"height":1365,"url":"https:\/\/static.africa-press.net\/mali\/sites\/21\/2023\/03\/postQueueImg_1679418689.23.jpg","type":"image\/jpeg"}],"author":"cfeditorfr","twitter_card":"summary_large_image","twitter_misc":{"\u00c9crit par":"cfeditorfr","Dur\u00e9e de lecture estim\u00e9e":"6 minutes"},"schema":{"@context":"https:\/\/schema.org","@graph":[{"@type":"Article","@id":"https:\/\/www.africa-press.net\/mali\/communaute\/retour-daliou-boubacar-diallo-au-bercail-grandes-retrouvailles-a-nioro-et-hommage-aux-femmes#article","isPartOf":{"@id":"https:\/\/www.africa-press.net\/mali\/communaute\/retour-daliou-boubacar-diallo-au-bercail-grandes-retrouvailles-a-nioro-et-hommage-aux-femmes"},"author":{"name":"cfeditorfr","@id":"https:\/\/www.africa-press.net\/mali\/#\/schema\/person\/2b1cf3cd81a31e3cd26889ca66d677f1"},"headline":"Retour d\u2019Aliou Boubacar Diallo au bercail : Grandes retrouvailles \u00e0 Nioro et hommage aux femmes","datePublished":"2023-03-21T20:41:08+00:00","dateModified":"2023-03-21T20:55:20+00:00","mainEntityOfPage":{"@id":"https:\/\/www.africa-press.net\/mali\/communaute\/retour-daliou-boubacar-diallo-au-bercail-grandes-retrouvailles-a-nioro-et-hommage-aux-femmes"},"wordCount":1194,"commentCount":0,"image":{"@id":"https:\/\/www.africa-press.net\/mali\/communaute\/retour-daliou-boubacar-diallo-au-bercail-grandes-retrouvailles-a-nioro-et-hommage-aux-femmes#primaryimage"},"thumbnailUrl":"https:\/\/static.africa-press.net\/mali\/sites\/21\/2023\/03\/postQueueImg_1679418689.23.jpg","keywords":["Africa Press","Africa Press-Mali","mali"],"articleSection":["Communaut\u00e9","Toutes les actualit\u00e9s"],"inLanguage":"fr-FR","potentialAction":[{"@type":"CommentAction","name":"Comment","target":["https:\/\/www.africa-press.net\/mali\/communaute\/retour-daliou-boubacar-diallo-au-bercail-grandes-retrouvailles-a-nioro-et-hommage-aux-femmes#respond"]}]},{"@type":"WebPage","@id":"https:\/\/www.africa-press.net\/mali\/communaute\/retour-daliou-boubacar-diallo-au-bercail-grandes-retrouvailles-a-nioro-et-hommage-aux-femmes","url":"https:\/\/www.africa-press.net\/mali\/communaute\/retour-daliou-boubacar-diallo-au-bercail-grandes-retrouvailles-a-nioro-et-hommage-aux-femmes","name":"Retour d\u2019Aliou Boubacar Diallo au bercail : Grandes retrouvailles \u00e0 Nioro et hommage aux femmes - Mali","isPartOf":{"@id":"https:\/\/www.africa-press.net\/mali\/#website"},"primaryImageOfPage":{"@id":"https:\/\/www.africa-press.net\/mali\/communaute\/retour-daliou-boubacar-diallo-au-bercail-grandes-retrouvailles-a-nioro-et-hommage-aux-femmes#primaryimage"},"image":{"@id":"https:\/\/www.africa-press.net\/mali\/communaute\/retour-daliou-boubacar-diallo-au-bercail-grandes-retrouvailles-a-nioro-et-hommage-aux-femmes#primaryimage"},"thumbnailUrl":"https:\/\/static.africa-press.net\/mali\/sites\/21\/2023\/03\/postQueueImg_1679418689.23.jpg","datePublished":"2023-03-21T20:41:08+00:00","dateModified":"2023-03-21T20:55:20+00:00","author":{"@id":"https:\/\/www.africa-press.net\/mali\/#\/schema\/person\/2b1cf3cd81a31e3cd26889ca66d677f1"},"description":"Absent du pays pour cause de tourne\u0301e continentale, le porte e\u0301tendard de l\u2019ADP Maliba a finalement regagne\u0301 le bercail ...","breadcrumb":{"@id":"https:\/\/www.africa-press.net\/mali\/communaute\/retour-daliou-boubacar-diallo-au-bercail-grandes-retrouvailles-a-nioro-et-hommage-aux-femmes#breadcrumb"},"inLanguage":"fr-FR","potentialAction":[{"@type":"ReadAction","target":["https:\/\/www.africa-press.net\/mali\/communaute\/retour-daliou-boubacar-diallo-au-bercail-grandes-retrouvailles-a-nioro-et-hommage-aux-femmes"]}]},{"@type":"ImageObject","inLanguage":"fr-FR","@id":"https:\/\/www.africa-press.net\/mali\/communaute\/retour-daliou-boubacar-diallo-au-bercail-grandes-retrouvailles-a-nioro-et-hommage-aux-femmes#primaryimage","url":"https:\/\/static.africa-press.net\/mali\/sites\/21\/2023\/03\/postQueueImg_1679418689.23.jpg","contentUrl":"https:\/\/static.africa-press.net\/mali\/sites\/21\/2023\/03\/postQueueImg_1679418689.23.jpg","width":1365,"height":1365,"caption":"Retour d\u2019Aliou Boubacar Diallo au bercail : Grandes retrouvailles \u00e0 Nioro et hommage aux femmes"},{"@type":"BreadcrumbList","@id":"https:\/\/www.africa-press.net\/mali\/communaute\/retour-daliou-boubacar-diallo-au-bercail-grandes-retrouvailles-a-nioro-et-hommage-aux-femmes#breadcrumb","itemListElement":[{"@type":"ListItem","position":1,"name":"Home","item":"https:\/\/www.africa-press.net\/mali\/"},{"@type":"ListItem","position":2,"name":"Retour d\u2019Aliou Boubacar Diallo au bercail : Grandes retrouvailles \u00e0 Nioro et hommage aux femmes"}]},{"@type":"WebSite","@id":"https:\/\/www.africa-press.net\/mali\/#website","url":"https:\/\/www.africa-press.net\/mali\/","name":"Mali","description":"Just another Africa News Agency Sites site","potentialAction":[{"@type":"SearchAction","target":{"@type":"EntryPoint","urlTemplate":"https:\/\/www.africa-press.net\/mali\/?s={search_term_string}"},"query-input":{"@type":"PropertyValueSpecification","valueRequired":true,"valueName":"search_term_string"}}],"inLanguage":"fr-FR"},{"@type":"Person","@id":"https:\/\/www.africa-press.net\/mali\/#\/schema\/person\/2b1cf3cd81a31e3cd26889ca66d677f1","name":"cfeditorfr"}]}},"_links":{"self":[{"href":"https:\/\/www.africa-press.net\/mali\/wp-json\/wp\/v2\/posts\/32151","targetHints":{"allow":["GET"]}}],"collection":[{"href":"https:\/\/www.africa-press.net\/mali\/wp-json\/wp\/v2\/posts"}],"about":[{"href":"https:\/\/www.africa-press.net\/mali\/wp-json\/wp\/v2\/types\/post"}],"author":[{"embeddable":true,"href":"https:\/\/www.africa-press.net\/mali\/wp-json\/wp\/v2\/users\/82"}],"replies":[{"embeddable":true,"href":"https:\/\/www.africa-press.net\/mali\/wp-json\/wp\/v2\/comments?post=32151"}],"version-history":[{"count":0,"href":"https:\/\/www.africa-press.net\/mali\/wp-json\/wp\/v2\/posts\/32151\/revisions"}],"wp:featuredmedia":[{"embeddable":true,"href":"https:\/\/www.africa-press.net\/mali\/wp-json\/wp\/v2\/media\/32149"}],"wp:attachment":[{"href":"https:\/\/www.africa-press.net\/mali\/wp-json\/wp\/v2\/media?parent=32151"}],"wp:term":[{"taxonomy":"category","embeddable":true,"href":"https:\/\/www.africa-press.net\/mali\/wp-json\/wp\/v2\/categories?post=32151"},{"taxonomy":"post_tag","embeddable":true,"href":"https:\/\/www.africa-press.net\/mali\/wp-json\/wp\/v2\/tags?post=32151"}],"curies":[{"name":"wp","href":"https:\/\/api.w.org\/{rel}","templated":true}]}}