{"id":32154,"date":"2023-03-21T20:42:06","date_gmt":"2023-03-21T20:42:06","guid":{"rendered":"https:\/\/www.africa-press.net\/mali\/politique\/afriactu-sonko-lhomme-a-abattre-a-tout-prix"},"modified":"2023-03-21T20:55:41","modified_gmt":"2023-03-21T20:55:41","slug":"afriactu-sonko-lhomme-a-abattre-a-tout-prix","status":"publish","type":"post","link":"https:\/\/www.africa-press.net\/mali\/politique\/afriactu-sonko-lhomme-a-abattre-a-tout-prix","title":{"rendered":"Afri\u2019actu : Sonko, l\u2019homme \u00e0 abattre \u00e0 tout prix ?"},"content":{"rendered":"<p><span style=\"color: #ff6600\"><strong>Africa-Press &#8211; Mali. <\/strong><\/span>Le leader de PASEF, Ousmane Sonko, se trouve depuis jeudi soir, hospitalise\u0301 a\u0300 la clinique. Son internement fait suite a\u0300 la journe\u0301e mouvemente\u0301e de sa comparution pour le proce\u0300s en diffamation contre le ministre du Tourisme. Les e\u0301le\u0301ments de la Bip qui ont voulu choisir un itine\u0301raire a\u0300 Ousmane Sonko, ont fini par le \u201cgazer\u201d. L\u2019opposant aurait ainsi inhale\u0301 a\u0300 plein nez du gaz lacrymoge\u0300ne contenant du cyanure.<\/p>\n<p>Pourquoi \u2013diantre !- les forces de se\u0301curite\u0301 se\u0301ne\u0301galaises ont-elles fait usage de ce produit sachant qu\u2019il peut conduire a\u0300 la mort ? Ousmane Sonko serait-il devenu si encombrant pour le pouvoir se\u0301ne\u0301galais ? Un homme a\u0300 abattre a\u0300 tout prix ?<\/p>\n<p>Face a\u0300 la difficile situation politique tendue que connai\u0302t son pays, Alioune Tine multiplie les appels a\u0300 la raison a\u0300 l\u2019endroit du pouvoir en place au Se\u0301ne\u0301gal. Pour cela, cette figure incontournable de la Socie\u0301te\u0301 civile se\u0301ne\u0301galaise et de la De\u0301fense des droits humains en Afrique, a demande\u0301, le samedi dernier, au Pre\u0301sident Macky Sall de permettre l\u2019e\u0301vacuation sanitaire de l\u2019opposant se\u0301ne\u0301galais Ousmane Sonko. \u00abExcellence M. le Pre\u0301sident Macky Sall, merci d\u2019user de votre autorite\u0301 pour permettre l\u2019e\u0301vacuation sanitaire du citoyen se\u0301ne\u0301galais Ousmane Sonko dont l\u2019e\u0301tat de sante\u0301 est pre\u0301occupant. Faites-le pour des raisons humanitaires pour rassurer tout le monde et apaiser aussi\u00bb, a-t-il e\u0301crit sur son compte Twitter. Macky va-t-il pre\u0302ter une oreille attentive aux appels de Tine ?<\/p>\n<p>Me Cle\u0301dor Cire\u0301 Ly, qui se trouvait en compagnie de son client au moment des faits, a e\u0301te\u0301 e\u0301vacue\u0301 d\u2019urgence en France pour une prise en charge sanitaire se\u0301rieuse. De la me\u0302me fac\u0327on, les proches de Sonko appellent l\u2019Etat du Se\u0301ne\u0301gal a\u0300 lui rendre son passeport afin qu\u2019il puisse, lui aussi, e\u0302tre e\u0301vacue\u0301 a\u0300 l\u2019e\u0301tranger pour se soigner.<\/p>\n<p>Mais le hic est que Ousmane Sonko est de\u0301ja\u0300 sous contro\u0302le judiciaire depuis le 8 mars 2022, apre\u0300s avoir e\u0301te\u0301 arre\u0302te\u0301 pour trouble a\u0300 l\u2019ordre public et garde\u0301 a\u0300 vue pendant plus de 48 heures a\u0300 la Section des recherches. Aura-t-il ne\u0301anmoins le droit de be\u0301ne\u0301ficier d\u2019une e\u0301vacuation sanitaire ? D\u2019apre\u0300s l\u2019avis d\u2019un spe\u0301cialiste se\u0301ne\u0301galais, en Droit international, \u00abDans les textes, il est de droit (de proce\u0301der a\u0300 son e\u0301vacuation sanitaire a\u0300 l\u2019e\u0301tranger), car le droit a\u0300 la vie est sacre\u0301.<\/p>\n<p>De toute fac\u0327on, l\u2019opposant se\u0301ne\u0301galais doit ne\u0301cessairement faire en urgence des pre\u0301le\u0300vements dans un laboratoire certifie\u0301 et inde\u0301pendant pour de\u0301terminer son e\u0301tat clinique. Il y va de la cre\u0301dibilite\u0301 de l\u2019exe\u0301cutif se\u0301ne\u0301galais.<\/p>\n<p><strong>Pour plus d&rsquo;informations et d&rsquo;analyses sur la <a href=\"https:\/\/www.africa-press.net\/mali\">Mali<\/a>, suivez <a href=\"https:\/\/www.africa-press.net\/\">Africa-Press<\/a><\/strong><\/p>\n","protected":false},"excerpt":{"rendered":"<p>Africa-Press &#8211; Mali. Le leader de PASEF, Ousmane Sonko, se trouve depuis jeudi soir, hospitalise\u0301 a\u0300 la clinique. Son internement fait suite a\u0300 la journe\u0301e mouvemente\u0301e de sa comparution pour le proce\u0300s en diffamation contre le ministre du Tourisme. Les e\u0301le\u0301ments de la Bip qui ont voulu choisir un itine\u0301raire a\u0300 Ousmane Sonko, ont fini [&hellip;]<\/p>\n","protected":false},"author":82,"featured_media":32152,"comment_status":"open","ping_status":"closed","sticky":false,"template":"","format":"standard","meta":{"footnotes":""},"categories":[7,17],"tags":[76,86,19],"class_list":["post-32154","post","type-post","status-publish","format-standard","has-post-thumbnail","hentry","category-politique","category-toutes-les-actualites","tag-africa-press","tag-africa-press-mali","tag-mali"],"yoast_head":"<!-- This site is optimized with the Yoast SEO Premium plugin v26.1 (Yoast SEO v27.0) - https:\/\/yoast.com\/product\/yoast-seo-premium-wordpress\/ -->\n<title>Afri\u2019actu : Sonko, l\u2019homme \u00e0 abattre \u00e0 tout prix ? - Mali<\/title>\n<meta name=\"description\" content=\"Le leader de PASEF, Ousmane Sonko, se trouve depuis jeudi soir, hospitalise\u0301 a\u0300 la clinique. Son internement fait suite ...\" \/>\n<meta name=\"robots\" content=\"index, follow, max-snippet:-1, max-image-preview:large, max-video-preview:-1\" \/>\n<link rel=\"canonical\" href=\"https:\/\/www.africa-press.net\/mali\/politique\/afriactu-sonko-lhomme-a-abattre-a-tout-prix\" \/>\n<meta property=\"og:locale\" content=\"fr_FR\" \/>\n<meta property=\"og:type\" content=\"article\" \/>\n<meta property=\"og:title\" content=\"Afri\u2019actu : Sonko, l\u2019homme \u00e0 abattre \u00e0 tout prix ?\" \/>\n<meta property=\"og:description\" content=\"Le leader de PASEF, Ousmane Sonko, se trouve depuis jeudi soir, hospitalise\u0301 a\u0300 la clinique. Son internement fait suite ...\" \/>\n<meta property=\"og:url\" content=\"https:\/\/www.africa-press.net\/mali\/politique\/afriactu-sonko-lhomme-a-abattre-a-tout-prix\" \/>\n<meta property=\"og:site_name\" content=\"Mali\" \/>\n<meta property=\"article:publisher\" content=\"https:\/\/www.facebook.com\/AfricaPressTunisiaa\" \/>\n<meta property=\"article:published_time\" content=\"2023-03-21T20:42:06+00:00\" \/>\n<meta property=\"article:modified_time\" content=\"2023-03-21T20:55:41+00:00\" \/>\n<meta property=\"og:image\" content=\"https:\/\/static.africa-press.net\/mali\/sites\/21\/2023\/03\/postQueueImg_1679418739.13.jpg\" \/>\n\t<meta property=\"og:image:width\" content=\"720\" \/>\n\t<meta property=\"og:image:height\" content=\"405\" \/>\n\t<meta property=\"og:image:type\" content=\"image\/jpeg\" \/>\n<meta name=\"author\" content=\"cfeditorfr\" \/>\n<meta name=\"twitter:card\" content=\"summary_large_image\" \/>\n<meta name=\"twitter:label1\" content=\"\u00c9crit par\" \/>\n\t<meta name=\"twitter:data1\" content=\"cfeditorfr\" \/>\n\t<meta name=\"twitter:label2\" content=\"Dur\u00e9e de lecture estim\u00e9e\" \/>\n\t<meta name=\"twitter:data2\" content=\"2 minutes\" \/>\n<script type=\"application\/ld+json\" class=\"yoast-schema-graph\">{\"@context\":\"https:\/\/schema.org\",\"@graph\":[{\"@type\":\"Article\",\"@id\":\"https:\/\/www.africa-press.net\/mali\/politique\/afriactu-sonko-lhomme-a-abattre-a-tout-prix#article\",\"isPartOf\":{\"@id\":\"https:\/\/www.africa-press.net\/mali\/politique\/afriactu-sonko-lhomme-a-abattre-a-tout-prix\"},\"author\":{\"name\":\"cfeditorfr\",\"@id\":\"https:\/\/www.africa-press.net\/mali\/#\/schema\/person\/2b1cf3cd81a31e3cd26889ca66d677f1\"},\"headline\":\"Afri\u2019actu : Sonko, l\u2019homme \u00e0 abattre \u00e0 tout prix ?\",\"datePublished\":\"2023-03-21T20:42:06+00:00\",\"dateModified\":\"2023-03-21T20:55:41+00:00\",\"mainEntityOfPage\":{\"@id\":\"https:\/\/www.africa-press.net\/mali\/politique\/afriactu-sonko-lhomme-a-abattre-a-tout-prix\"},\"wordCount\":506,\"commentCount\":0,\"image\":{\"@id\":\"https:\/\/www.africa-press.net\/mali\/politique\/afriactu-sonko-lhomme-a-abattre-a-tout-prix#primaryimage\"},\"thumbnailUrl\":\"https:\/\/static.africa-press.net\/mali\/sites\/21\/2023\/03\/postQueueImg_1679418739.13.jpg\",\"keywords\":[\"Africa Press\",\"Africa Press-Mali\",\"mali\"],\"articleSection\":[\"Politique\",\"Toutes les actualit\u00e9s\"],\"inLanguage\":\"fr-FR\",\"potentialAction\":[{\"@type\":\"CommentAction\",\"name\":\"Comment\",\"target\":[\"https:\/\/www.africa-press.net\/mali\/politique\/afriactu-sonko-lhomme-a-abattre-a-tout-prix#respond\"]}]},{\"@type\":\"WebPage\",\"@id\":\"https:\/\/www.africa-press.net\/mali\/politique\/afriactu-sonko-lhomme-a-abattre-a-tout-prix\",\"url\":\"https:\/\/www.africa-press.net\/mali\/politique\/afriactu-sonko-lhomme-a-abattre-a-tout-prix\",\"name\":\"Afri\u2019actu : Sonko, l\u2019homme \u00e0 abattre \u00e0 tout prix ? - Mali\",\"isPartOf\":{\"@id\":\"https:\/\/www.africa-press.net\/mali\/#website\"},\"primaryImageOfPage\":{\"@id\":\"https:\/\/www.africa-press.net\/mali\/politique\/afriactu-sonko-lhomme-a-abattre-a-tout-prix#primaryimage\"},\"image\":{\"@id\":\"https:\/\/www.africa-press.net\/mali\/politique\/afriactu-sonko-lhomme-a-abattre-a-tout-prix#primaryimage\"},\"thumbnailUrl\":\"https:\/\/static.africa-press.net\/mali\/sites\/21\/2023\/03\/postQueueImg_1679418739.13.jpg\",\"datePublished\":\"2023-03-21T20:42:06+00:00\",\"dateModified\":\"2023-03-21T20:55:41+00:00\",\"author\":{\"@id\":\"https:\/\/www.africa-press.net\/mali\/#\/schema\/person\/2b1cf3cd81a31e3cd26889ca66d677f1\"},\"description\":\"Le leader de PASEF, Ousmane Sonko, se trouve depuis jeudi soir, hospitalise\u0301 a\u0300 la clinique. Son internement fait suite ...\",\"breadcrumb\":{\"@id\":\"https:\/\/www.africa-press.net\/mali\/politique\/afriactu-sonko-lhomme-a-abattre-a-tout-prix#breadcrumb\"},\"inLanguage\":\"fr-FR\",\"potentialAction\":[{\"@type\":\"ReadAction\",\"target\":[\"https:\/\/www.africa-press.net\/mali\/politique\/afriactu-sonko-lhomme-a-abattre-a-tout-prix\"]}]},{\"@type\":\"ImageObject\",\"inLanguage\":\"fr-FR\",\"@id\":\"https:\/\/www.africa-press.net\/mali\/politique\/afriactu-sonko-lhomme-a-abattre-a-tout-prix#primaryimage\",\"url\":\"https:\/\/static.africa-press.net\/mali\/sites\/21\/2023\/03\/postQueueImg_1679418739.13.jpg\",\"contentUrl\":\"https:\/\/static.africa-press.net\/mali\/sites\/21\/2023\/03\/postQueueImg_1679418739.13.jpg\",\"width\":720,\"height\":405,\"caption\":\"Afri\u2019actu : Sonko, l\u2019homme \u00e0 abattre \u00e0 tout prix ?\"},{\"@type\":\"BreadcrumbList\",\"@id\":\"https:\/\/www.africa-press.net\/mali\/politique\/afriactu-sonko-lhomme-a-abattre-a-tout-prix#breadcrumb\",\"itemListElement\":[{\"@type\":\"ListItem\",\"position\":1,\"name\":\"Home\",\"item\":\"https:\/\/www.africa-press.net\/mali\/\"},{\"@type\":\"ListItem\",\"position\":2,\"name\":\"Afri\u2019actu : Sonko, l\u2019homme \u00e0 abattre \u00e0 tout prix ?\"}]},{\"@type\":\"WebSite\",\"@id\":\"https:\/\/www.africa-press.net\/mali\/#website\",\"url\":\"https:\/\/www.africa-press.net\/mali\/\",\"name\":\"Mali\",\"description\":\"Just another Africa News Agency Sites site\",\"potentialAction\":[{\"@type\":\"SearchAction\",\"target\":{\"@type\":\"EntryPoint\",\"urlTemplate\":\"https:\/\/www.africa-press.net\/mali\/?s={search_term_string}\"},\"query-input\":{\"@type\":\"PropertyValueSpecification\",\"valueRequired\":true,\"valueName\":\"search_term_string\"}}],\"inLanguage\":\"fr-FR\"},{\"@type\":\"Person\",\"@id\":\"https:\/\/www.africa-press.net\/mali\/#\/schema\/person\/2b1cf3cd81a31e3cd26889ca66d677f1\",\"name\":\"cfeditorfr\"}]}<\/script>\n<!-- \/ Yoast SEO Premium plugin. -->","yoast_head_json":{"title":"Afri\u2019actu : Sonko, l\u2019homme \u00e0 abattre \u00e0 tout prix ? - Mali","description":"Le leader de PASEF, Ousmane Sonko, se trouve depuis jeudi soir, hospitalise\u0301 a\u0300 la clinique. Son internement fait suite ...","robots":{"index":"index","follow":"follow","max-snippet":"max-snippet:-1","max-image-preview":"max-image-preview:large","max-video-preview":"max-video-preview:-1"},"canonical":"https:\/\/www.africa-press.net\/mali\/politique\/afriactu-sonko-lhomme-a-abattre-a-tout-prix","og_locale":"fr_FR","og_type":"article","og_title":"Afri\u2019actu : Sonko, l\u2019homme \u00e0 abattre \u00e0 tout prix ?","og_description":"Le leader de PASEF, Ousmane Sonko, se trouve depuis jeudi soir, hospitalise\u0301 a\u0300 la clinique. Son internement fait suite ...","og_url":"https:\/\/www.africa-press.net\/mali\/politique\/afriactu-sonko-lhomme-a-abattre-a-tout-prix","og_site_name":"Mali","article_publisher":"https:\/\/www.facebook.com\/AfricaPressTunisiaa","article_published_time":"2023-03-21T20:42:06+00:00","article_modified_time":"2023-03-21T20:55:41+00:00","og_image":[{"width":720,"height":405,"url":"https:\/\/static.africa-press.net\/mali\/sites\/21\/2023\/03\/postQueueImg_1679418739.13.jpg","type":"image\/jpeg"}],"author":"cfeditorfr","twitter_card":"summary_large_image","twitter_misc":{"\u00c9crit par":"cfeditorfr","Dur\u00e9e de lecture estim\u00e9e":"2 minutes"},"schema":{"@context":"https:\/\/schema.org","@graph":[{"@type":"Article","@id":"https:\/\/www.africa-press.net\/mali\/politique\/afriactu-sonko-lhomme-a-abattre-a-tout-prix#article","isPartOf":{"@id":"https:\/\/www.africa-press.net\/mali\/politique\/afriactu-sonko-lhomme-a-abattre-a-tout-prix"},"author":{"name":"cfeditorfr","@id":"https:\/\/www.africa-press.net\/mali\/#\/schema\/person\/2b1cf3cd81a31e3cd26889ca66d677f1"},"headline":"Afri\u2019actu : Sonko, l\u2019homme \u00e0 abattre \u00e0 tout prix ?","datePublished":"2023-03-21T20:42:06+00:00","dateModified":"2023-03-21T20:55:41+00:00","mainEntityOfPage":{"@id":"https:\/\/www.africa-press.net\/mali\/politique\/afriactu-sonko-lhomme-a-abattre-a-tout-prix"},"wordCount":506,"commentCount":0,"image":{"@id":"https:\/\/www.africa-press.net\/mali\/politique\/afriactu-sonko-lhomme-a-abattre-a-tout-prix#primaryimage"},"thumbnailUrl":"https:\/\/static.africa-press.net\/mali\/sites\/21\/2023\/03\/postQueueImg_1679418739.13.jpg","keywords":["Africa Press","Africa Press-Mali","mali"],"articleSection":["Politique","Toutes les actualit\u00e9s"],"inLanguage":"fr-FR","potentialAction":[{"@type":"CommentAction","name":"Comment","target":["https:\/\/www.africa-press.net\/mali\/politique\/afriactu-sonko-lhomme-a-abattre-a-tout-prix#respond"]}]},{"@type":"WebPage","@id":"https:\/\/www.africa-press.net\/mali\/politique\/afriactu-sonko-lhomme-a-abattre-a-tout-prix","url":"https:\/\/www.africa-press.net\/mali\/politique\/afriactu-sonko-lhomme-a-abattre-a-tout-prix","name":"Afri\u2019actu : Sonko, l\u2019homme \u00e0 abattre \u00e0 tout prix ? - Mali","isPartOf":{"@id":"https:\/\/www.africa-press.net\/mali\/#website"},"primaryImageOfPage":{"@id":"https:\/\/www.africa-press.net\/mali\/politique\/afriactu-sonko-lhomme-a-abattre-a-tout-prix#primaryimage"},"image":{"@id":"https:\/\/www.africa-press.net\/mali\/politique\/afriactu-sonko-lhomme-a-abattre-a-tout-prix#primaryimage"},"thumbnailUrl":"https:\/\/static.africa-press.net\/mali\/sites\/21\/2023\/03\/postQueueImg_1679418739.13.jpg","datePublished":"2023-03-21T20:42:06+00:00","dateModified":"2023-03-21T20:55:41+00:00","author":{"@id":"https:\/\/www.africa-press.net\/mali\/#\/schema\/person\/2b1cf3cd81a31e3cd26889ca66d677f1"},"description":"Le leader de PASEF, Ousmane Sonko, se trouve depuis jeudi soir, hospitalise\u0301 a\u0300 la clinique. Son internement fait suite ...","breadcrumb":{"@id":"https:\/\/www.africa-press.net\/mali\/politique\/afriactu-sonko-lhomme-a-abattre-a-tout-prix#breadcrumb"},"inLanguage":"fr-FR","potentialAction":[{"@type":"ReadAction","target":["https:\/\/www.africa-press.net\/mali\/politique\/afriactu-sonko-lhomme-a-abattre-a-tout-prix"]}]},{"@type":"ImageObject","inLanguage":"fr-FR","@id":"https:\/\/www.africa-press.net\/mali\/politique\/afriactu-sonko-lhomme-a-abattre-a-tout-prix#primaryimage","url":"https:\/\/static.africa-press.net\/mali\/sites\/21\/2023\/03\/postQueueImg_1679418739.13.jpg","contentUrl":"https:\/\/static.africa-press.net\/mali\/sites\/21\/2023\/03\/postQueueImg_1679418739.13.jpg","width":720,"height":405,"caption":"Afri\u2019actu : Sonko, l\u2019homme \u00e0 abattre \u00e0 tout prix ?"},{"@type":"BreadcrumbList","@id":"https:\/\/www.africa-press.net\/mali\/politique\/afriactu-sonko-lhomme-a-abattre-a-tout-prix#breadcrumb","itemListElement":[{"@type":"ListItem","position":1,"name":"Home","item":"https:\/\/www.africa-press.net\/mali\/"},{"@type":"ListItem","position":2,"name":"Afri\u2019actu : Sonko, l\u2019homme \u00e0 abattre \u00e0 tout prix ?"}]},{"@type":"WebSite","@id":"https:\/\/www.africa-press.net\/mali\/#website","url":"https:\/\/www.africa-press.net\/mali\/","name":"Mali","description":"Just another Africa News Agency Sites site","potentialAction":[{"@type":"SearchAction","target":{"@type":"EntryPoint","urlTemplate":"https:\/\/www.africa-press.net\/mali\/?s={search_term_string}"},"query-input":{"@type":"PropertyValueSpecification","valueRequired":true,"valueName":"search_term_string"}}],"inLanguage":"fr-FR"},{"@type":"Person","@id":"https:\/\/www.africa-press.net\/mali\/#\/schema\/person\/2b1cf3cd81a31e3cd26889ca66d677f1","name":"cfeditorfr"}]}},"_links":{"self":[{"href":"https:\/\/www.africa-press.net\/mali\/wp-json\/wp\/v2\/posts\/32154","targetHints":{"allow":["GET"]}}],"collection":[{"href":"https:\/\/www.africa-press.net\/mali\/wp-json\/wp\/v2\/posts"}],"about":[{"href":"https:\/\/www.africa-press.net\/mali\/wp-json\/wp\/v2\/types\/post"}],"author":[{"embeddable":true,"href":"https:\/\/www.africa-press.net\/mali\/wp-json\/wp\/v2\/users\/82"}],"replies":[{"embeddable":true,"href":"https:\/\/www.africa-press.net\/mali\/wp-json\/wp\/v2\/comments?post=32154"}],"version-history":[{"count":0,"href":"https:\/\/www.africa-press.net\/mali\/wp-json\/wp\/v2\/posts\/32154\/revisions"}],"wp:featuredmedia":[{"embeddable":true,"href":"https:\/\/www.africa-press.net\/mali\/wp-json\/wp\/v2\/media\/32152"}],"wp:attachment":[{"href":"https:\/\/www.africa-press.net\/mali\/wp-json\/wp\/v2\/media?parent=32154"}],"wp:term":[{"taxonomy":"category","embeddable":true,"href":"https:\/\/www.africa-press.net\/mali\/wp-json\/wp\/v2\/categories?post=32154"},{"taxonomy":"post_tag","embeddable":true,"href":"https:\/\/www.africa-press.net\/mali\/wp-json\/wp\/v2\/tags?post=32154"}],"curies":[{"name":"wp","href":"https:\/\/api.w.org\/{rel}","templated":true}]}}