{"id":32157,"date":"2023-03-21T20:44:04","date_gmt":"2023-03-21T20:44:04","guid":{"rendered":"https:\/\/www.africa-press.net\/mali\/politique\/grande-commission-mixte-de-cooperation-mali-cote-divoire-la-reunion-des-experts-debute-ce-mercredi"},"modified":"2023-03-21T20:56:10","modified_gmt":"2023-03-21T20:56:10","slug":"grande-commission-mixte-de-cooperation-mali-cote-divoire-la-reunion-des-experts-debute-ce-mercredi","status":"publish","type":"post","link":"https:\/\/www.africa-press.net\/mali\/top-nouvelles\/grande-commission-mixte-de-cooperation-mali-cote-divoire-la-reunion-des-experts-debute-ce-mercredi","title":{"rendered":"Grande commission mixte de coop\u00e9ration Mali-C\u00f4te d\u2019Ivoire : La r\u00e9union des experts d\u00e9bute ce mercredi"},"content":{"rendered":"<p><span style=\"color: #ff6600\"><strong>Africa-Press &#8211; Mali. <\/strong><\/span>Ces e\u0301changes entre techniciens maliens et ivoiriens seront mis a\u0300 profit pour faire le point de la coope\u0301ration bilate\u0301rale en vue de sa redynamisation. L\u2019objectif e\u0301tant de pre\u0301parer la re\u0301union ministe\u0301rielle dont la date sera fixe\u0301e de commun accord par les deux parties<\/p>\n<p>La re\u0301union des experts de la 4e\u0300 session de la Grande commission mixte de coope\u0301ration Mali-Co\u0302te d\u2019Ivoire se tiendra du 22 au 24 mars 2023, annonce l\u2019ambassade de Co\u0302te d\u2019Ivoire au Mali, dans une correspondance, en date du 16 mars dernier, adresse\u0301e au ministe\u0300re des Affaires e\u0301trange\u0300res et de la Coope\u0301ration internationale.<\/p>\n<p>Les domaines de coope\u0301ration prioritaires retenus pour la re\u0301union des experts sont : se\u0301curite\u0301 et de\u0301fense, mines et e\u0301nergie, commerce, transport, e\u0301quipements et entretien routier, justice, ressources animales et halieutiques, et sante\u0301. Quant a\u0300 la date de la re\u0301union ministe\u0301rielle, elle sera fixe\u0301e de commun accord par les deux parties.<\/p>\n<p>Notons que le Mali et la Co\u0302te d\u2019Ivoire entretiennent des relations multiformes car unis par l\u2019histoire et la ge\u0301ographie. Les deux pays appartiennent aux me\u0302mes ensembles sous-re\u0301gionaux et re\u0301gionaux tels que l\u2019Union e\u0301conomique et mone\u0301taire ouest-africaine (Uemoa), la Communaute\u0301 e\u0301conomique des E\u0301tats de l\u2019Afrique de l\u2019Ouest (Cedeao), l\u2019Union africaine, les Nations unies, etc. Ils ont signe\u0301, le 17 fe\u0301vrier 1977 a\u0300 Abidjan, un accord portant cre\u0301ation d\u2019une Grande commission mixte de coope\u0301ration, qui devrait se re\u0301unir tous les deux ans alternativement entre les deux pays. Ce, afin de faire le point de la coope\u0301ration bilate\u0301rale.<\/p>\n<p>Malheureusement, rele\u0300ve un document du ministe\u0300re des Affaires e\u0301trange\u0300res et de la Coope\u0301ration internationale, publie\u0301 le 16 mars courant, faisant le point de la coope\u0301ration Mali-Co\u0302te d\u2019Ivoire, ce cadre de concertation ne fonctionne pas a\u0300 souhait. Car, de 1978, date de la tenue de la premie\u0300re session a\u0300 nos jours, seules trois re\u0301unions de la Grande commission mixte de coope\u0301ration ont pu se tenir avec un e\u0301cart de plus de 20 ans entre la premie\u0300re et la deuxie\u0300me session (tenue en 1999). \u00abToutes les sessions ont e\u0301galement eu lieu a\u0300 Bamako\u00bb, pre\u0301cise la note du ministe\u0300re, soulignant que malgre\u0301 cet e\u0301tat de fait, les de\u0301partements techniques des deux pays ont poursuivi les concertations bilate\u0301rales et tenaient re\u0301gulie\u0300rement des re\u0301unions techniques et des visites de travail de part et d\u2019autre.<\/p>\n<p>Selon la me\u0302me source, plusieurs initiatives sont prises en vue de la redynamisation de la coope\u0301ration transfrontalie\u0300re dans le cadre de l\u2019initiative Sikasso-Korhogo-Bobo Dioulasso (SKBO). Il est aussi indique\u0301 que la ville de Sikasso avait abrite\u0301 les 15, 16 et 17 janvier 2012 une rencontre tripartite Mali-Burkina Faso-Co\u0302te d\u2019Ivoire, a\u0300 l\u2019issue de laquelle une feuille de route a e\u0301te\u0301 e\u0301labore\u0301e et un Protocole d\u2019accord conclu. Le de\u0301partement des Affaires e\u0301trange\u0300res souligne e\u0301galement que la troisie\u0300me session de la Grande commission mixte, tenue les 24 et 25 juillet 2004 a\u0300 Bamako, a permis aux deux parties d\u2019examiner les diffe\u0301rents points de coope\u0301ration et d\u2019envisager des perspectives.<\/p>\n<p>En somme, pour le ministe\u0300re charge\u0301 des Affaires e\u0301trange\u0300res, sur l\u2019exe\u0301cution des recommandations de la troisie\u0300me session de la Grande commission mixte de coope\u0301ration Mali-Co\u0302te d\u2019Ivoire, \u00able constat s\u2019impose qu\u2019il n\u2019y a pas eu d\u2019avance\u0301es significatives dans leur mise en \u0153uvre\u00bb. Le ministe\u0300re souligne que le temps relativement long entre la tenue des diffe\u0301rentes sessions explique en partie cette situation. Selon le de\u0301partement, il parai\u0302t judicieux de respecter la pe\u0301riodicite\u0301 des re\u0301unions de la Grande commission mixte de coope\u0301ration, ainsi que la rotation entre les pays.<\/p>\n<p>La coope\u0301ration entre le Mali et la Co\u0302te d\u2019Ivoire s\u2019articule autour de plusieurs domaines : administration territoriale, e\u0301quipements et transports, e\u0301nergie et eau, e\u0301conomie et finances, se\u0301curite\u0301 et de\u0301fense, postes et nouvelles technologies, inte\u0301gration africaine. S\u2019y ajoutent la sante\u0301, l\u2019e\u0301ducation, la se\u0301curite\u0301 sociale, la promotion de la jeunesse et du sport, l\u2019agriculture, l\u2019environnement, l\u2019artisanat et le tourisme, la culture, l\u2019e\u0301levage et la pe\u0302che. Sans oublier la promotion de la femme et de l\u2019enfant, le commerce et l\u2019industrie, la ge\u0301ologie et les mines ainsi que l\u2019urbanisme.<\/p>\n<p><strong>Pour plus d&rsquo;informations et d&rsquo;analyses sur la <a href=\"https:\/\/www.africa-press.net\/mali\">Mali<\/a>, suivez <a href=\"https:\/\/www.africa-press.net\/\">Africa-Press<\/a><\/strong><\/p>\n","protected":false},"excerpt":{"rendered":"<p>Africa-Press &#8211; Mali. Ces e\u0301changes entre techniciens maliens et ivoiriens seront mis a\u0300 profit pour faire le point de la coope\u0301ration bilate\u0301rale en vue de sa redynamisation. L\u2019objectif e\u0301tant de pre\u0301parer la re\u0301union ministe\u0301rielle dont la date sera fixe\u0301e de commun accord par les deux parties La re\u0301union des experts de la 4e\u0300 session de [&hellip;]<\/p>\n","protected":false},"author":82,"featured_media":32155,"comment_status":"open","ping_status":"closed","sticky":false,"template":"","format":"standard","meta":{"footnotes":""},"categories":[7,5,17],"tags":[76,86,19],"class_list":["post-32157","post","type-post","status-publish","format-standard","has-post-thumbnail","hentry","category-politique","category-top-nouvelles","category-toutes-les-actualites","tag-africa-press","tag-africa-press-mali","tag-mali"],"yoast_head":"<!-- This site is optimized with the Yoast SEO Premium plugin v26.1 (Yoast SEO v27.0) - https:\/\/yoast.com\/product\/yoast-seo-premium-wordpress\/ -->\n<title>Grande commission mixte de coop\u00e9ration Mali-C\u00f4te d\u2019Ivoire : La r\u00e9union des experts d\u00e9bute ce mercredi - Mali<\/title>\n<meta name=\"description\" content=\"Ces e\u0301changes entre techniciens maliens et ivoiriens seront mis a\u0300 profit pour faire le point de la coope\u0301ration bilate\u0301 ...\" \/>\n<meta name=\"robots\" content=\"index, follow, max-snippet:-1, max-image-preview:large, max-video-preview:-1\" \/>\n<link rel=\"canonical\" href=\"https:\/\/www.africa-press.net\/mali\/top-nouvelles\/grande-commission-mixte-de-cooperation-mali-cote-divoire-la-reunion-des-experts-debute-ce-mercredi\" \/>\n<meta property=\"og:locale\" content=\"fr_FR\" \/>\n<meta property=\"og:type\" content=\"article\" \/>\n<meta property=\"og:title\" content=\"Grande commission mixte de coop\u00e9ration Mali-C\u00f4te d\u2019Ivoire : La r\u00e9union des experts d\u00e9bute ce mercredi\" \/>\n<meta property=\"og:description\" content=\"Ces e\u0301changes entre techniciens maliens et ivoiriens seront mis a\u0300 profit pour faire le point de la coope\u0301ration bilate\u0301 ...\" \/>\n<meta property=\"og:url\" content=\"https:\/\/www.africa-press.net\/mali\/top-nouvelles\/grande-commission-mixte-de-cooperation-mali-cote-divoire-la-reunion-des-experts-debute-ce-mercredi\" \/>\n<meta property=\"og:site_name\" content=\"Mali\" \/>\n<meta property=\"article:publisher\" content=\"https:\/\/www.facebook.com\/AfricaPressTunisiaa\" \/>\n<meta property=\"article:published_time\" content=\"2023-03-21T20:44:04+00:00\" \/>\n<meta property=\"article:modified_time\" content=\"2023-03-21T20:56:10+00:00\" \/>\n<meta property=\"og:image\" content=\"https:\/\/static.africa-press.net\/mali\/sites\/21\/2023\/03\/postQueueImg_1679418856.70.jpg\" \/>\n\t<meta property=\"og:image:width\" content=\"720\" \/>\n\t<meta property=\"og:image:height\" content=\"480\" \/>\n\t<meta property=\"og:image:type\" content=\"image\/jpeg\" \/>\n<meta name=\"author\" content=\"cfeditorfr\" \/>\n<meta name=\"twitter:card\" content=\"summary_large_image\" \/>\n<meta name=\"twitter:label1\" content=\"\u00c9crit par\" \/>\n\t<meta name=\"twitter:data1\" content=\"cfeditorfr\" \/>\n\t<meta name=\"twitter:label2\" content=\"Dur\u00e9e de lecture estim\u00e9e\" \/>\n\t<meta name=\"twitter:data2\" content=\"4 minutes\" \/>\n<script type=\"application\/ld+json\" class=\"yoast-schema-graph\">{\"@context\":\"https:\/\/schema.org\",\"@graph\":[{\"@type\":\"Article\",\"@id\":\"https:\/\/www.africa-press.net\/mali\/top-nouvelles\/grande-commission-mixte-de-cooperation-mali-cote-divoire-la-reunion-des-experts-debute-ce-mercredi#article\",\"isPartOf\":{\"@id\":\"https:\/\/www.africa-press.net\/mali\/top-nouvelles\/grande-commission-mixte-de-cooperation-mali-cote-divoire-la-reunion-des-experts-debute-ce-mercredi\"},\"author\":{\"name\":\"cfeditorfr\",\"@id\":\"https:\/\/www.africa-press.net\/mali\/#\/schema\/person\/2b1cf3cd81a31e3cd26889ca66d677f1\"},\"headline\":\"Grande commission mixte de coop\u00e9ration Mali-C\u00f4te d\u2019Ivoire : La r\u00e9union des experts d\u00e9bute ce mercredi\",\"datePublished\":\"2023-03-21T20:44:04+00:00\",\"dateModified\":\"2023-03-21T20:56:10+00:00\",\"mainEntityOfPage\":{\"@id\":\"https:\/\/www.africa-press.net\/mali\/top-nouvelles\/grande-commission-mixte-de-cooperation-mali-cote-divoire-la-reunion-des-experts-debute-ce-mercredi\"},\"wordCount\":801,\"commentCount\":0,\"image\":{\"@id\":\"https:\/\/www.africa-press.net\/mali\/top-nouvelles\/grande-commission-mixte-de-cooperation-mali-cote-divoire-la-reunion-des-experts-debute-ce-mercredi#primaryimage\"},\"thumbnailUrl\":\"https:\/\/static.africa-press.net\/mali\/sites\/21\/2023\/03\/postQueueImg_1679418856.70.jpg\",\"keywords\":[\"Africa Press\",\"Africa Press-Mali\",\"mali\"],\"articleSection\":[\"Politique\",\"Top Nouvelles\",\"Toutes les actualit\u00e9s\"],\"inLanguage\":\"fr-FR\",\"potentialAction\":[{\"@type\":\"CommentAction\",\"name\":\"Comment\",\"target\":[\"https:\/\/www.africa-press.net\/mali\/top-nouvelles\/grande-commission-mixte-de-cooperation-mali-cote-divoire-la-reunion-des-experts-debute-ce-mercredi#respond\"]}]},{\"@type\":\"WebPage\",\"@id\":\"https:\/\/www.africa-press.net\/mali\/top-nouvelles\/grande-commission-mixte-de-cooperation-mali-cote-divoire-la-reunion-des-experts-debute-ce-mercredi\",\"url\":\"https:\/\/www.africa-press.net\/mali\/top-nouvelles\/grande-commission-mixte-de-cooperation-mali-cote-divoire-la-reunion-des-experts-debute-ce-mercredi\",\"name\":\"Grande commission mixte de coop\u00e9ration Mali-C\u00f4te d\u2019Ivoire : La r\u00e9union des experts d\u00e9bute ce mercredi - Mali\",\"isPartOf\":{\"@id\":\"https:\/\/www.africa-press.net\/mali\/#website\"},\"primaryImageOfPage\":{\"@id\":\"https:\/\/www.africa-press.net\/mali\/top-nouvelles\/grande-commission-mixte-de-cooperation-mali-cote-divoire-la-reunion-des-experts-debute-ce-mercredi#primaryimage\"},\"image\":{\"@id\":\"https:\/\/www.africa-press.net\/mali\/top-nouvelles\/grande-commission-mixte-de-cooperation-mali-cote-divoire-la-reunion-des-experts-debute-ce-mercredi#primaryimage\"},\"thumbnailUrl\":\"https:\/\/static.africa-press.net\/mali\/sites\/21\/2023\/03\/postQueueImg_1679418856.70.jpg\",\"datePublished\":\"2023-03-21T20:44:04+00:00\",\"dateModified\":\"2023-03-21T20:56:10+00:00\",\"author\":{\"@id\":\"https:\/\/www.africa-press.net\/mali\/#\/schema\/person\/2b1cf3cd81a31e3cd26889ca66d677f1\"},\"description\":\"Ces e\u0301changes entre techniciens maliens et ivoiriens seront mis a\u0300 profit pour faire le point de la coope\u0301ration bilate\u0301 ...\",\"breadcrumb\":{\"@id\":\"https:\/\/www.africa-press.net\/mali\/top-nouvelles\/grande-commission-mixte-de-cooperation-mali-cote-divoire-la-reunion-des-experts-debute-ce-mercredi#breadcrumb\"},\"inLanguage\":\"fr-FR\",\"potentialAction\":[{\"@type\":\"ReadAction\",\"target\":[\"https:\/\/www.africa-press.net\/mali\/top-nouvelles\/grande-commission-mixte-de-cooperation-mali-cote-divoire-la-reunion-des-experts-debute-ce-mercredi\"]}]},{\"@type\":\"ImageObject\",\"inLanguage\":\"fr-FR\",\"@id\":\"https:\/\/www.africa-press.net\/mali\/top-nouvelles\/grande-commission-mixte-de-cooperation-mali-cote-divoire-la-reunion-des-experts-debute-ce-mercredi#primaryimage\",\"url\":\"https:\/\/static.africa-press.net\/mali\/sites\/21\/2023\/03\/postQueueImg_1679418856.70.jpg\",\"contentUrl\":\"https:\/\/static.africa-press.net\/mali\/sites\/21\/2023\/03\/postQueueImg_1679418856.70.jpg\",\"width\":720,\"height\":480,\"caption\":\"Grande commission mixte de coop\u00e9ration Mali-C\u00f4te d\u2019Ivoire : La r\u00e9union des experts d\u00e9bute ce mercredi\"},{\"@type\":\"BreadcrumbList\",\"@id\":\"https:\/\/www.africa-press.net\/mali\/top-nouvelles\/grande-commission-mixte-de-cooperation-mali-cote-divoire-la-reunion-des-experts-debute-ce-mercredi#breadcrumb\",\"itemListElement\":[{\"@type\":\"ListItem\",\"position\":1,\"name\":\"Home\",\"item\":\"https:\/\/www.africa-press.net\/mali\/\"},{\"@type\":\"ListItem\",\"position\":2,\"name\":\"Grande commission mixte de coop\u00e9ration Mali-C\u00f4te d\u2019Ivoire : La r\u00e9union des experts d\u00e9bute ce mercredi\"}]},{\"@type\":\"WebSite\",\"@id\":\"https:\/\/www.africa-press.net\/mali\/#website\",\"url\":\"https:\/\/www.africa-press.net\/mali\/\",\"name\":\"Mali\",\"description\":\"Just another Africa News Agency Sites site\",\"potentialAction\":[{\"@type\":\"SearchAction\",\"target\":{\"@type\":\"EntryPoint\",\"urlTemplate\":\"https:\/\/www.africa-press.net\/mali\/?s={search_term_string}\"},\"query-input\":{\"@type\":\"PropertyValueSpecification\",\"valueRequired\":true,\"valueName\":\"search_term_string\"}}],\"inLanguage\":\"fr-FR\"},{\"@type\":\"Person\",\"@id\":\"https:\/\/www.africa-press.net\/mali\/#\/schema\/person\/2b1cf3cd81a31e3cd26889ca66d677f1\",\"name\":\"cfeditorfr\"}]}<\/script>\n<!-- \/ Yoast SEO Premium plugin. -->","yoast_head_json":{"title":"Grande commission mixte de coop\u00e9ration Mali-C\u00f4te d\u2019Ivoire : La r\u00e9union des experts d\u00e9bute ce mercredi - Mali","description":"Ces e\u0301changes entre techniciens maliens et ivoiriens seront mis a\u0300 profit pour faire le point de la coope\u0301ration bilate\u0301 ...","robots":{"index":"index","follow":"follow","max-snippet":"max-snippet:-1","max-image-preview":"max-image-preview:large","max-video-preview":"max-video-preview:-1"},"canonical":"https:\/\/www.africa-press.net\/mali\/top-nouvelles\/grande-commission-mixte-de-cooperation-mali-cote-divoire-la-reunion-des-experts-debute-ce-mercredi","og_locale":"fr_FR","og_type":"article","og_title":"Grande commission mixte de coop\u00e9ration Mali-C\u00f4te d\u2019Ivoire : La r\u00e9union des experts d\u00e9bute ce mercredi","og_description":"Ces e\u0301changes entre techniciens maliens et ivoiriens seront mis a\u0300 profit pour faire le point de la coope\u0301ration bilate\u0301 ...","og_url":"https:\/\/www.africa-press.net\/mali\/top-nouvelles\/grande-commission-mixte-de-cooperation-mali-cote-divoire-la-reunion-des-experts-debute-ce-mercredi","og_site_name":"Mali","article_publisher":"https:\/\/www.facebook.com\/AfricaPressTunisiaa","article_published_time":"2023-03-21T20:44:04+00:00","article_modified_time":"2023-03-21T20:56:10+00:00","og_image":[{"width":720,"height":480,"url":"https:\/\/static.africa-press.net\/mali\/sites\/21\/2023\/03\/postQueueImg_1679418856.70.jpg","type":"image\/jpeg"}],"author":"cfeditorfr","twitter_card":"summary_large_image","twitter_misc":{"\u00c9crit par":"cfeditorfr","Dur\u00e9e de lecture estim\u00e9e":"4 minutes"},"schema":{"@context":"https:\/\/schema.org","@graph":[{"@type":"Article","@id":"https:\/\/www.africa-press.net\/mali\/top-nouvelles\/grande-commission-mixte-de-cooperation-mali-cote-divoire-la-reunion-des-experts-debute-ce-mercredi#article","isPartOf":{"@id":"https:\/\/www.africa-press.net\/mali\/top-nouvelles\/grande-commission-mixte-de-cooperation-mali-cote-divoire-la-reunion-des-experts-debute-ce-mercredi"},"author":{"name":"cfeditorfr","@id":"https:\/\/www.africa-press.net\/mali\/#\/schema\/person\/2b1cf3cd81a31e3cd26889ca66d677f1"},"headline":"Grande commission mixte de coop\u00e9ration Mali-C\u00f4te d\u2019Ivoire : La r\u00e9union des experts d\u00e9bute ce mercredi","datePublished":"2023-03-21T20:44:04+00:00","dateModified":"2023-03-21T20:56:10+00:00","mainEntityOfPage":{"@id":"https:\/\/www.africa-press.net\/mali\/top-nouvelles\/grande-commission-mixte-de-cooperation-mali-cote-divoire-la-reunion-des-experts-debute-ce-mercredi"},"wordCount":801,"commentCount":0,"image":{"@id":"https:\/\/www.africa-press.net\/mali\/top-nouvelles\/grande-commission-mixte-de-cooperation-mali-cote-divoire-la-reunion-des-experts-debute-ce-mercredi#primaryimage"},"thumbnailUrl":"https:\/\/static.africa-press.net\/mali\/sites\/21\/2023\/03\/postQueueImg_1679418856.70.jpg","keywords":["Africa Press","Africa Press-Mali","mali"],"articleSection":["Politique","Top Nouvelles","Toutes les actualit\u00e9s"],"inLanguage":"fr-FR","potentialAction":[{"@type":"CommentAction","name":"Comment","target":["https:\/\/www.africa-press.net\/mali\/top-nouvelles\/grande-commission-mixte-de-cooperation-mali-cote-divoire-la-reunion-des-experts-debute-ce-mercredi#respond"]}]},{"@type":"WebPage","@id":"https:\/\/www.africa-press.net\/mali\/top-nouvelles\/grande-commission-mixte-de-cooperation-mali-cote-divoire-la-reunion-des-experts-debute-ce-mercredi","url":"https:\/\/www.africa-press.net\/mali\/top-nouvelles\/grande-commission-mixte-de-cooperation-mali-cote-divoire-la-reunion-des-experts-debute-ce-mercredi","name":"Grande commission mixte de coop\u00e9ration Mali-C\u00f4te d\u2019Ivoire : La r\u00e9union des experts d\u00e9bute ce mercredi - Mali","isPartOf":{"@id":"https:\/\/www.africa-press.net\/mali\/#website"},"primaryImageOfPage":{"@id":"https:\/\/www.africa-press.net\/mali\/top-nouvelles\/grande-commission-mixte-de-cooperation-mali-cote-divoire-la-reunion-des-experts-debute-ce-mercredi#primaryimage"},"image":{"@id":"https:\/\/www.africa-press.net\/mali\/top-nouvelles\/grande-commission-mixte-de-cooperation-mali-cote-divoire-la-reunion-des-experts-debute-ce-mercredi#primaryimage"},"thumbnailUrl":"https:\/\/static.africa-press.net\/mali\/sites\/21\/2023\/03\/postQueueImg_1679418856.70.jpg","datePublished":"2023-03-21T20:44:04+00:00","dateModified":"2023-03-21T20:56:10+00:00","author":{"@id":"https:\/\/www.africa-press.net\/mali\/#\/schema\/person\/2b1cf3cd81a31e3cd26889ca66d677f1"},"description":"Ces e\u0301changes entre techniciens maliens et ivoiriens seront mis a\u0300 profit pour faire le point de la coope\u0301ration bilate\u0301 ...","breadcrumb":{"@id":"https:\/\/www.africa-press.net\/mali\/top-nouvelles\/grande-commission-mixte-de-cooperation-mali-cote-divoire-la-reunion-des-experts-debute-ce-mercredi#breadcrumb"},"inLanguage":"fr-FR","potentialAction":[{"@type":"ReadAction","target":["https:\/\/www.africa-press.net\/mali\/top-nouvelles\/grande-commission-mixte-de-cooperation-mali-cote-divoire-la-reunion-des-experts-debute-ce-mercredi"]}]},{"@type":"ImageObject","inLanguage":"fr-FR","@id":"https:\/\/www.africa-press.net\/mali\/top-nouvelles\/grande-commission-mixte-de-cooperation-mali-cote-divoire-la-reunion-des-experts-debute-ce-mercredi#primaryimage","url":"https:\/\/static.africa-press.net\/mali\/sites\/21\/2023\/03\/postQueueImg_1679418856.70.jpg","contentUrl":"https:\/\/static.africa-press.net\/mali\/sites\/21\/2023\/03\/postQueueImg_1679418856.70.jpg","width":720,"height":480,"caption":"Grande commission mixte de coop\u00e9ration Mali-C\u00f4te d\u2019Ivoire : La r\u00e9union des experts d\u00e9bute ce mercredi"},{"@type":"BreadcrumbList","@id":"https:\/\/www.africa-press.net\/mali\/top-nouvelles\/grande-commission-mixte-de-cooperation-mali-cote-divoire-la-reunion-des-experts-debute-ce-mercredi#breadcrumb","itemListElement":[{"@type":"ListItem","position":1,"name":"Home","item":"https:\/\/www.africa-press.net\/mali\/"},{"@type":"ListItem","position":2,"name":"Grande commission mixte de coop\u00e9ration Mali-C\u00f4te d\u2019Ivoire : La r\u00e9union des experts d\u00e9bute ce mercredi"}]},{"@type":"WebSite","@id":"https:\/\/www.africa-press.net\/mali\/#website","url":"https:\/\/www.africa-press.net\/mali\/","name":"Mali","description":"Just another Africa News Agency Sites site","potentialAction":[{"@type":"SearchAction","target":{"@type":"EntryPoint","urlTemplate":"https:\/\/www.africa-press.net\/mali\/?s={search_term_string}"},"query-input":{"@type":"PropertyValueSpecification","valueRequired":true,"valueName":"search_term_string"}}],"inLanguage":"fr-FR"},{"@type":"Person","@id":"https:\/\/www.africa-press.net\/mali\/#\/schema\/person\/2b1cf3cd81a31e3cd26889ca66d677f1","name":"cfeditorfr"}]}},"_links":{"self":[{"href":"https:\/\/www.africa-press.net\/mali\/wp-json\/wp\/v2\/posts\/32157","targetHints":{"allow":["GET"]}}],"collection":[{"href":"https:\/\/www.africa-press.net\/mali\/wp-json\/wp\/v2\/posts"}],"about":[{"href":"https:\/\/www.africa-press.net\/mali\/wp-json\/wp\/v2\/types\/post"}],"author":[{"embeddable":true,"href":"https:\/\/www.africa-press.net\/mali\/wp-json\/wp\/v2\/users\/82"}],"replies":[{"embeddable":true,"href":"https:\/\/www.africa-press.net\/mali\/wp-json\/wp\/v2\/comments?post=32157"}],"version-history":[{"count":0,"href":"https:\/\/www.africa-press.net\/mali\/wp-json\/wp\/v2\/posts\/32157\/revisions"}],"wp:featuredmedia":[{"embeddable":true,"href":"https:\/\/www.africa-press.net\/mali\/wp-json\/wp\/v2\/media\/32155"}],"wp:attachment":[{"href":"https:\/\/www.africa-press.net\/mali\/wp-json\/wp\/v2\/media?parent=32157"}],"wp:term":[{"taxonomy":"category","embeddable":true,"href":"https:\/\/www.africa-press.net\/mali\/wp-json\/wp\/v2\/categories?post=32157"},{"taxonomy":"post_tag","embeddable":true,"href":"https:\/\/www.africa-press.net\/mali\/wp-json\/wp\/v2\/tags?post=32157"}],"curies":[{"name":"wp","href":"https:\/\/api.w.org\/{rel}","templated":true}]}}