{"id":32160,"date":"2023-03-21T20:44:45","date_gmt":"2023-03-21T20:44:45","guid":{"rendered":"https:\/\/www.africa-press.net\/mali\/politique\/douanes-mali-un-ordre-militaire-contre-la-chienlit-statutaire"},"modified":"2023-03-21T20:56:39","modified_gmt":"2023-03-21T20:56:39","slug":"douanes-mali-un-ordre-militaire-contre-la-chienlit-statutaire","status":"publish","type":"post","link":"https:\/\/www.africa-press.net\/mali\/top-nouvelles\/douanes-mali-un-ordre-militaire-contre-la-chienlit-statutaire","title":{"rendered":"Douanes-Mali : Un ordre militaire contre la chienlit statutaire"},"content":{"rendered":"<p><span style=\"color: #ff6600\"><strong>Africa-Press &#8211; Mali. <\/strong><\/span>Apre\u0300s plus d\u2019une de\u0301cennie d\u2019application mitige\u0301e et fortement de\u0301crie\u0301e, le statut particulier des cadres des douanes subit enfin les correctifs longtemps re\u0301clame\u0301s par les tenants de l\u2019ordre, de la hie\u0301rarchie et de l\u2019ade\u0301quation avec le caracte\u0300re paramilitaire de la fonction douanie\u0300re. En effet, le de\u0301cret nume\u0301ro 2023 \u2013 0163\/PT-RM modifie depuis le 16 Mars denier le de\u0301cret N\u00b02013-117\/P-RM du 31 janvier, en ce qui a trait a\u0300 la cate\u0301gorisation des douaniers en diffe\u0301rents rangs et ordres militaires. Plus de confusion par similitude et analogie entre diffe\u0301rents degre\u0301s d\u2019inspecteurs. Ceux de la classe exceptionnelle, qu\u2019ils soient de 1 e\u0300re, 2 eme ou 3 eme e\u0301chelon, se distingueront nettement des autres de\u0301sormais par l\u2019appellation correspondant au plus haut grade de douanier, le grade militaire de Colonel-major. Quant aux inspecteurs des douanes de 1 e\u0300re classe, indiffe\u0301remment de l\u2019e\u0301chelon, ils seront de\u0301sormais appele\u0301s par le grade infe\u0301rieur de \u00abcolonel\u00bb, tandis que les cate\u0301gories de la deuxie\u0300me classe, du 2 eme jusqu\u2019au 4 eme e\u0301chelon, rele\u0300ve du rang des Lieutenants \u2013 Colonel. L\u2019appellation de Commandant correspond par ailleurs a\u0300 la tranche d\u2019inspecteurs de 6 eme e\u0301chelon de la 3 eme classe jusqu\u2019au premier e\u0301chelon de la 2 eme classe. Sont e\u0301galement officiers avec le grade de capitaines tous les e\u0301chelons infe\u0301rieurs d\u2019inspecteurs. Viennent ensuite les sous-officiers de douanes, qui commencent dans la plus haute cate\u0301gorie de contro\u0302leurs. Ainsi, ceux de la classe exceptionnelle de B2 (des 1 e\u0300re jusqu\u2019a\u0300 la 3 eme classe) ainsi que des diffe\u0301rents e\u0301chelons de la classe exceptionnelle de B1 correspondent a\u0300 l\u2019appellation militaire de lieutenant, tandis que les contro\u0302leurs B1 de la 1 e\u0300re comme de la 2 eme classe appartiennent au rang de sous-lieutenant. Les 3 eme classe de contro\u0302leurs de la cate\u0301gorie B1 du 4 eme jusqu\u2019au sixie\u0300me e\u0301chelon seront de\u0301sormais appele\u0301s \u00abadjudant-chef Major\u00bb et sont au-dessus des adjudant-chefs correspondant a\u0300 tous les autres rangs infe\u0301rieurs de la me\u0302me cate\u0301gorie.<\/p>\n<p>La carrie\u0300re d\u2019adjudant commence quant a\u0300 elle avec les cate\u0301gories supe\u0301rieures d\u2019Agents de constatation, notamment ceux du 1 er au 3 eme e\u0301chelon de la premie\u0300re classe jusqu\u2019aux diffe\u0301rents e\u0301chelons d\u2019agents de classe exceptionnelle. Les sergent-chefs se comptent quant a\u0300 eux dans la cate\u0301gorie des Agents du 2 eme au 4 eme e\u0301chelon, tandis qu\u2019au bas de l\u2019e\u0301chelle se trouve le grade de sergent correspondant aux Agents de constatation du premier e\u0301chelon de la 2 eme classe ainsi que des six e\u0301chelons de la 1 e\u0300re classe.<\/p>\n<p>En plus d\u2019instiller une dose d\u2019e\u0301mulation dans la carrie\u0300re douanie\u0300re, cette re\u0301forme s\u2019inspire d\u2019un besoin re\u0301el et maintes fois exprime\u0301 d\u2019ordonner une fonction douanie\u0300re longtemps caracte\u0301rise\u0301e par une pe\u0301taudie\u0300re statutaire, que l\u2019ave\u0300nement du statut particulier en 2013 n\u2019a pas permis de circonscrire. Il est revenu donc au DG actuel d\u2019en faire une nouvelle corde a\u0300 son arc, a\u0300 la grande satisfaction des pionniers de la Douane qui n\u2019ont eu de cesse d\u2019en re\u0301clamer. Et pour cause, l\u2019initiative, qui s\u2019inscrit dans le droit fil des re\u0301formes promises par l\u2019inspecteur ge\u0301ne\u0301ral Amadou Konate\u0301, re\u0301sout de\u0301finitivement l\u2019e\u0301quation se\u0301culaire d\u2019une corporation ou\u0300 le port du galon n\u2019a jamais e\u0301te\u0301 ordonne\u0301 de manie\u0300re a\u0300 distinguer les cadres en fonction de leurs cate\u0301gories, rangs et me\u0301rites. Dans le me\u0302me sillage, elle permet e\u0301galement de distinguer et de valoriser les diffe\u0301rentes cate\u0301gories d\u2019agents et de cadres des douanes vis-a\u0300-vis des autres corps et porteurs d\u2019uniforme.<\/p>\n<p>Cette re\u0301forme statutaire s\u2019ajoute en de\u0301finitive aux nombreux exploits qui jalonnent la gestion de la Douane depuis deux anne\u0301es environ et l\u2019ave\u0300nement de l\u2019inspecteur ge\u0301ne\u0301ral Amadou Konate\u0301 a\u0300 sa te\u0302te. En plus d\u2019accumuler les records dans la mobilisation de recettes, elle se caracte\u0301rise e\u0301galement par des performances ine\u0301gale\u0301es sur le chantier de la lutte contre la fraude et la criminalite\u0301 transnationale, ainsi que dans les initiatives ine\u0301dites de modernisation du service. Toutes choses qui lui ont de\u0301ja\u0300 valu d\u2019e\u0302tre honore\u0301 par une dizaine d\u2019organisations de la socie\u0301te\u0301 civile a\u0300 travers trophe\u0301es et attestations, en plus de la reconnaissance de ses me\u0301rites par les plus hautes autorite\u0301s du pays avec a\u0300 la cle\u0301 deux de\u0301crets pre\u0301sidentiels lui de\u0301cernant respectivement la Me\u0301daille d\u2019honneur des Douanes et la distinction de Chevalier de l\u2019Ordre national du Mali.<\/p>\n<p>Dans la me\u0302me cadence, le clin d\u2019\u0153il du co\u0302te\u0301 de la tutelle s\u2019est manifeste\u0301 par une lettre de fe\u0301licitations au DG et a\u0300 son personnel pour l\u2019atteinte des objectifs ainsi que pour les re\u0301sultats exceptionnels dans le cadre de la mobilisation des recettes au titre de l\u2019exercice 2022. Et dire que les signaux en cours annoncent par ailleurs de nouvelles performances perceptibles a\u0300 la de\u0301termination de l\u2019encadrement douanier et des diffe\u0301rentes structures de la Douane a\u0300 e\u0301merveiller davantage le de\u0301partement de l\u2019Economie et des Finances par des apports plus conse\u0301quents au tre\u0301sor public.<\/p>\n<p><strong>Pour plus d&rsquo;informations et d&rsquo;analyses sur la <a href=\"https:\/\/www.africa-press.net\/mali\">Mali<\/a>, suivez <a href=\"https:\/\/www.africa-press.net\/\">Africa-Press<\/a><\/strong><\/p>\n","protected":false},"excerpt":{"rendered":"<p>Africa-Press &#8211; Mali. Apre\u0300s plus d\u2019une de\u0301cennie d\u2019application mitige\u0301e et fortement de\u0301crie\u0301e, le statut particulier des cadres des douanes subit enfin les correctifs longtemps re\u0301clame\u0301s par les tenants de l\u2019ordre, de la hie\u0301rarchie et de l\u2019ade\u0301quation avec le caracte\u0300re paramilitaire de la fonction douanie\u0300re. En effet, le de\u0301cret nume\u0301ro 2023 \u2013 0163\/PT-RM modifie depuis le [&hellip;]<\/p>\n","protected":false},"author":82,"featured_media":32158,"comment_status":"open","ping_status":"closed","sticky":false,"template":"","format":"standard","meta":{"footnotes":""},"categories":[12,5,17],"tags":[76,86,19],"class_list":["post-32160","post","type-post","status-publish","format-standard","has-post-thumbnail","hentry","category-economie","category-top-nouvelles","category-toutes-les-actualites","tag-africa-press","tag-africa-press-mali","tag-mali"],"yoast_head":"<!-- This site is optimized with the Yoast SEO Premium plugin v26.1 (Yoast SEO v27.0) - https:\/\/yoast.com\/product\/yoast-seo-premium-wordpress\/ -->\n<title>Douanes-Mali : Un ordre militaire contre la chienlit statutaire - Mali<\/title>\n<meta name=\"description\" content=\"Apre\u0300s plus d\u2019une de\u0301cennie d\u2019application mitige\u0301e et fortement de\u0301crie\u0301e, le statut particulier des cadres des douanes ...\" \/>\n<meta name=\"robots\" content=\"index, follow, max-snippet:-1, max-image-preview:large, max-video-preview:-1\" \/>\n<link rel=\"canonical\" href=\"https:\/\/www.africa-press.net\/mali\/top-nouvelles\/douanes-mali-un-ordre-militaire-contre-la-chienlit-statutaire\" \/>\n<meta property=\"og:locale\" content=\"fr_FR\" \/>\n<meta property=\"og:type\" content=\"article\" \/>\n<meta property=\"og:title\" content=\"Douanes-Mali : Un ordre militaire contre la chienlit statutaire\" \/>\n<meta property=\"og:description\" content=\"Apre\u0300s plus d\u2019une de\u0301cennie d\u2019application mitige\u0301e et fortement de\u0301crie\u0301e, le statut particulier des cadres des douanes ...\" \/>\n<meta property=\"og:url\" content=\"https:\/\/www.africa-press.net\/mali\/top-nouvelles\/douanes-mali-un-ordre-militaire-contre-la-chienlit-statutaire\" \/>\n<meta property=\"og:site_name\" content=\"Mali\" \/>\n<meta property=\"article:publisher\" content=\"https:\/\/www.facebook.com\/AfricaPressTunisiaa\" \/>\n<meta property=\"article:published_time\" content=\"2023-03-21T20:44:45+00:00\" \/>\n<meta property=\"article:modified_time\" content=\"2023-03-21T20:56:39+00:00\" \/>\n<meta property=\"og:image\" content=\"https:\/\/static.africa-press.net\/mali\/sites\/21\/2023\/03\/postQueueImg_1679418896.86.jpg\" \/>\n\t<meta property=\"og:image:width\" content=\"1024\" \/>\n\t<meta property=\"og:image:height\" content=\"683\" \/>\n\t<meta property=\"og:image:type\" content=\"image\/jpeg\" \/>\n<meta name=\"author\" content=\"cfeditorfr\" \/>\n<meta name=\"twitter:card\" content=\"summary_large_image\" \/>\n<meta name=\"twitter:label1\" content=\"\u00c9crit par\" \/>\n\t<meta name=\"twitter:data1\" content=\"cfeditorfr\" \/>\n\t<meta name=\"twitter:label2\" content=\"Dur\u00e9e de lecture estim\u00e9e\" \/>\n\t<meta name=\"twitter:data2\" content=\"5 minutes\" \/>\n<script type=\"application\/ld+json\" class=\"yoast-schema-graph\">{\"@context\":\"https:\/\/schema.org\",\"@graph\":[{\"@type\":\"Article\",\"@id\":\"https:\/\/www.africa-press.net\/mali\/top-nouvelles\/douanes-mali-un-ordre-militaire-contre-la-chienlit-statutaire#article\",\"isPartOf\":{\"@id\":\"https:\/\/www.africa-press.net\/mali\/top-nouvelles\/douanes-mali-un-ordre-militaire-contre-la-chienlit-statutaire\"},\"author\":{\"name\":\"cfeditorfr\",\"@id\":\"https:\/\/www.africa-press.net\/mali\/#\/schema\/person\/2b1cf3cd81a31e3cd26889ca66d677f1\"},\"headline\":\"Douanes-Mali : Un ordre militaire contre la chienlit statutaire\",\"datePublished\":\"2023-03-21T20:44:45+00:00\",\"dateModified\":\"2023-03-21T20:56:39+00:00\",\"mainEntityOfPage\":{\"@id\":\"https:\/\/www.africa-press.net\/mali\/top-nouvelles\/douanes-mali-un-ordre-militaire-contre-la-chienlit-statutaire\"},\"wordCount\":950,\"commentCount\":0,\"image\":{\"@id\":\"https:\/\/www.africa-press.net\/mali\/top-nouvelles\/douanes-mali-un-ordre-militaire-contre-la-chienlit-statutaire#primaryimage\"},\"thumbnailUrl\":\"https:\/\/static.africa-press.net\/mali\/sites\/21\/2023\/03\/postQueueImg_1679418896.86.jpg\",\"keywords\":[\"Africa Press\",\"Africa Press-Mali\",\"mali\"],\"articleSection\":[\"\u00c9conomie\",\"Top Nouvelles\",\"Toutes les actualit\u00e9s\"],\"inLanguage\":\"fr-FR\",\"potentialAction\":[{\"@type\":\"CommentAction\",\"name\":\"Comment\",\"target\":[\"https:\/\/www.africa-press.net\/mali\/top-nouvelles\/douanes-mali-un-ordre-militaire-contre-la-chienlit-statutaire#respond\"]}]},{\"@type\":\"WebPage\",\"@id\":\"https:\/\/www.africa-press.net\/mali\/top-nouvelles\/douanes-mali-un-ordre-militaire-contre-la-chienlit-statutaire\",\"url\":\"https:\/\/www.africa-press.net\/mali\/top-nouvelles\/douanes-mali-un-ordre-militaire-contre-la-chienlit-statutaire\",\"name\":\"Douanes-Mali : Un ordre militaire contre la chienlit statutaire - Mali\",\"isPartOf\":{\"@id\":\"https:\/\/www.africa-press.net\/mali\/#website\"},\"primaryImageOfPage\":{\"@id\":\"https:\/\/www.africa-press.net\/mali\/top-nouvelles\/douanes-mali-un-ordre-militaire-contre-la-chienlit-statutaire#primaryimage\"},\"image\":{\"@id\":\"https:\/\/www.africa-press.net\/mali\/top-nouvelles\/douanes-mali-un-ordre-militaire-contre-la-chienlit-statutaire#primaryimage\"},\"thumbnailUrl\":\"https:\/\/static.africa-press.net\/mali\/sites\/21\/2023\/03\/postQueueImg_1679418896.86.jpg\",\"datePublished\":\"2023-03-21T20:44:45+00:00\",\"dateModified\":\"2023-03-21T20:56:39+00:00\",\"author\":{\"@id\":\"https:\/\/www.africa-press.net\/mali\/#\/schema\/person\/2b1cf3cd81a31e3cd26889ca66d677f1\"},\"description\":\"Apre\u0300s plus d\u2019une de\u0301cennie d\u2019application mitige\u0301e et fortement de\u0301crie\u0301e, le statut particulier des cadres des douanes ...\",\"breadcrumb\":{\"@id\":\"https:\/\/www.africa-press.net\/mali\/top-nouvelles\/douanes-mali-un-ordre-militaire-contre-la-chienlit-statutaire#breadcrumb\"},\"inLanguage\":\"fr-FR\",\"potentialAction\":[{\"@type\":\"ReadAction\",\"target\":[\"https:\/\/www.africa-press.net\/mali\/top-nouvelles\/douanes-mali-un-ordre-militaire-contre-la-chienlit-statutaire\"]}]},{\"@type\":\"ImageObject\",\"inLanguage\":\"fr-FR\",\"@id\":\"https:\/\/www.africa-press.net\/mali\/top-nouvelles\/douanes-mali-un-ordre-militaire-contre-la-chienlit-statutaire#primaryimage\",\"url\":\"https:\/\/static.africa-press.net\/mali\/sites\/21\/2023\/03\/postQueueImg_1679418896.86.jpg\",\"contentUrl\":\"https:\/\/static.africa-press.net\/mali\/sites\/21\/2023\/03\/postQueueImg_1679418896.86.jpg\",\"width\":1024,\"height\":683,\"caption\":\"Douanes-Mali : Un ordre militaire contre la chienlit statutaire\"},{\"@type\":\"BreadcrumbList\",\"@id\":\"https:\/\/www.africa-press.net\/mali\/top-nouvelles\/douanes-mali-un-ordre-militaire-contre-la-chienlit-statutaire#breadcrumb\",\"itemListElement\":[{\"@type\":\"ListItem\",\"position\":1,\"name\":\"Home\",\"item\":\"https:\/\/www.africa-press.net\/mali\/\"},{\"@type\":\"ListItem\",\"position\":2,\"name\":\"Douanes-Mali : Un ordre militaire contre la chienlit statutaire\"}]},{\"@type\":\"WebSite\",\"@id\":\"https:\/\/www.africa-press.net\/mali\/#website\",\"url\":\"https:\/\/www.africa-press.net\/mali\/\",\"name\":\"Mali\",\"description\":\"Just another Africa News Agency Sites site\",\"potentialAction\":[{\"@type\":\"SearchAction\",\"target\":{\"@type\":\"EntryPoint\",\"urlTemplate\":\"https:\/\/www.africa-press.net\/mali\/?s={search_term_string}\"},\"query-input\":{\"@type\":\"PropertyValueSpecification\",\"valueRequired\":true,\"valueName\":\"search_term_string\"}}],\"inLanguage\":\"fr-FR\"},{\"@type\":\"Person\",\"@id\":\"https:\/\/www.africa-press.net\/mali\/#\/schema\/person\/2b1cf3cd81a31e3cd26889ca66d677f1\",\"name\":\"cfeditorfr\"}]}<\/script>\n<!-- \/ Yoast SEO Premium plugin. -->","yoast_head_json":{"title":"Douanes-Mali : Un ordre militaire contre la chienlit statutaire - Mali","description":"Apre\u0300s plus d\u2019une de\u0301cennie d\u2019application mitige\u0301e et fortement de\u0301crie\u0301e, le statut particulier des cadres des douanes ...","robots":{"index":"index","follow":"follow","max-snippet":"max-snippet:-1","max-image-preview":"max-image-preview:large","max-video-preview":"max-video-preview:-1"},"canonical":"https:\/\/www.africa-press.net\/mali\/top-nouvelles\/douanes-mali-un-ordre-militaire-contre-la-chienlit-statutaire","og_locale":"fr_FR","og_type":"article","og_title":"Douanes-Mali : Un ordre militaire contre la chienlit statutaire","og_description":"Apre\u0300s plus d\u2019une de\u0301cennie d\u2019application mitige\u0301e et fortement de\u0301crie\u0301e, le statut particulier des cadres des douanes ...","og_url":"https:\/\/www.africa-press.net\/mali\/top-nouvelles\/douanes-mali-un-ordre-militaire-contre-la-chienlit-statutaire","og_site_name":"Mali","article_publisher":"https:\/\/www.facebook.com\/AfricaPressTunisiaa","article_published_time":"2023-03-21T20:44:45+00:00","article_modified_time":"2023-03-21T20:56:39+00:00","og_image":[{"width":1024,"height":683,"url":"https:\/\/static.africa-press.net\/mali\/sites\/21\/2023\/03\/postQueueImg_1679418896.86.jpg","type":"image\/jpeg"}],"author":"cfeditorfr","twitter_card":"summary_large_image","twitter_misc":{"\u00c9crit par":"cfeditorfr","Dur\u00e9e de lecture estim\u00e9e":"5 minutes"},"schema":{"@context":"https:\/\/schema.org","@graph":[{"@type":"Article","@id":"https:\/\/www.africa-press.net\/mali\/top-nouvelles\/douanes-mali-un-ordre-militaire-contre-la-chienlit-statutaire#article","isPartOf":{"@id":"https:\/\/www.africa-press.net\/mali\/top-nouvelles\/douanes-mali-un-ordre-militaire-contre-la-chienlit-statutaire"},"author":{"name":"cfeditorfr","@id":"https:\/\/www.africa-press.net\/mali\/#\/schema\/person\/2b1cf3cd81a31e3cd26889ca66d677f1"},"headline":"Douanes-Mali : Un ordre militaire contre la chienlit statutaire","datePublished":"2023-03-21T20:44:45+00:00","dateModified":"2023-03-21T20:56:39+00:00","mainEntityOfPage":{"@id":"https:\/\/www.africa-press.net\/mali\/top-nouvelles\/douanes-mali-un-ordre-militaire-contre-la-chienlit-statutaire"},"wordCount":950,"commentCount":0,"image":{"@id":"https:\/\/www.africa-press.net\/mali\/top-nouvelles\/douanes-mali-un-ordre-militaire-contre-la-chienlit-statutaire#primaryimage"},"thumbnailUrl":"https:\/\/static.africa-press.net\/mali\/sites\/21\/2023\/03\/postQueueImg_1679418896.86.jpg","keywords":["Africa Press","Africa Press-Mali","mali"],"articleSection":["\u00c9conomie","Top Nouvelles","Toutes les actualit\u00e9s"],"inLanguage":"fr-FR","potentialAction":[{"@type":"CommentAction","name":"Comment","target":["https:\/\/www.africa-press.net\/mali\/top-nouvelles\/douanes-mali-un-ordre-militaire-contre-la-chienlit-statutaire#respond"]}]},{"@type":"WebPage","@id":"https:\/\/www.africa-press.net\/mali\/top-nouvelles\/douanes-mali-un-ordre-militaire-contre-la-chienlit-statutaire","url":"https:\/\/www.africa-press.net\/mali\/top-nouvelles\/douanes-mali-un-ordre-militaire-contre-la-chienlit-statutaire","name":"Douanes-Mali : Un ordre militaire contre la chienlit statutaire - Mali","isPartOf":{"@id":"https:\/\/www.africa-press.net\/mali\/#website"},"primaryImageOfPage":{"@id":"https:\/\/www.africa-press.net\/mali\/top-nouvelles\/douanes-mali-un-ordre-militaire-contre-la-chienlit-statutaire#primaryimage"},"image":{"@id":"https:\/\/www.africa-press.net\/mali\/top-nouvelles\/douanes-mali-un-ordre-militaire-contre-la-chienlit-statutaire#primaryimage"},"thumbnailUrl":"https:\/\/static.africa-press.net\/mali\/sites\/21\/2023\/03\/postQueueImg_1679418896.86.jpg","datePublished":"2023-03-21T20:44:45+00:00","dateModified":"2023-03-21T20:56:39+00:00","author":{"@id":"https:\/\/www.africa-press.net\/mali\/#\/schema\/person\/2b1cf3cd81a31e3cd26889ca66d677f1"},"description":"Apre\u0300s plus d\u2019une de\u0301cennie d\u2019application mitige\u0301e et fortement de\u0301crie\u0301e, le statut particulier des cadres des douanes ...","breadcrumb":{"@id":"https:\/\/www.africa-press.net\/mali\/top-nouvelles\/douanes-mali-un-ordre-militaire-contre-la-chienlit-statutaire#breadcrumb"},"inLanguage":"fr-FR","potentialAction":[{"@type":"ReadAction","target":["https:\/\/www.africa-press.net\/mali\/top-nouvelles\/douanes-mali-un-ordre-militaire-contre-la-chienlit-statutaire"]}]},{"@type":"ImageObject","inLanguage":"fr-FR","@id":"https:\/\/www.africa-press.net\/mali\/top-nouvelles\/douanes-mali-un-ordre-militaire-contre-la-chienlit-statutaire#primaryimage","url":"https:\/\/static.africa-press.net\/mali\/sites\/21\/2023\/03\/postQueueImg_1679418896.86.jpg","contentUrl":"https:\/\/static.africa-press.net\/mali\/sites\/21\/2023\/03\/postQueueImg_1679418896.86.jpg","width":1024,"height":683,"caption":"Douanes-Mali : Un ordre militaire contre la chienlit statutaire"},{"@type":"BreadcrumbList","@id":"https:\/\/www.africa-press.net\/mali\/top-nouvelles\/douanes-mali-un-ordre-militaire-contre-la-chienlit-statutaire#breadcrumb","itemListElement":[{"@type":"ListItem","position":1,"name":"Home","item":"https:\/\/www.africa-press.net\/mali\/"},{"@type":"ListItem","position":2,"name":"Douanes-Mali : Un ordre militaire contre la chienlit statutaire"}]},{"@type":"WebSite","@id":"https:\/\/www.africa-press.net\/mali\/#website","url":"https:\/\/www.africa-press.net\/mali\/","name":"Mali","description":"Just another Africa News Agency Sites site","potentialAction":[{"@type":"SearchAction","target":{"@type":"EntryPoint","urlTemplate":"https:\/\/www.africa-press.net\/mali\/?s={search_term_string}"},"query-input":{"@type":"PropertyValueSpecification","valueRequired":true,"valueName":"search_term_string"}}],"inLanguage":"fr-FR"},{"@type":"Person","@id":"https:\/\/www.africa-press.net\/mali\/#\/schema\/person\/2b1cf3cd81a31e3cd26889ca66d677f1","name":"cfeditorfr"}]}},"_links":{"self":[{"href":"https:\/\/www.africa-press.net\/mali\/wp-json\/wp\/v2\/posts\/32160","targetHints":{"allow":["GET"]}}],"collection":[{"href":"https:\/\/www.africa-press.net\/mali\/wp-json\/wp\/v2\/posts"}],"about":[{"href":"https:\/\/www.africa-press.net\/mali\/wp-json\/wp\/v2\/types\/post"}],"author":[{"embeddable":true,"href":"https:\/\/www.africa-press.net\/mali\/wp-json\/wp\/v2\/users\/82"}],"replies":[{"embeddable":true,"href":"https:\/\/www.africa-press.net\/mali\/wp-json\/wp\/v2\/comments?post=32160"}],"version-history":[{"count":0,"href":"https:\/\/www.africa-press.net\/mali\/wp-json\/wp\/v2\/posts\/32160\/revisions"}],"wp:featuredmedia":[{"embeddable":true,"href":"https:\/\/www.africa-press.net\/mali\/wp-json\/wp\/v2\/media\/32158"}],"wp:attachment":[{"href":"https:\/\/www.africa-press.net\/mali\/wp-json\/wp\/v2\/media?parent=32160"}],"wp:term":[{"taxonomy":"category","embeddable":true,"href":"https:\/\/www.africa-press.net\/mali\/wp-json\/wp\/v2\/categories?post=32160"},{"taxonomy":"post_tag","embeddable":true,"href":"https:\/\/www.africa-press.net\/mali\/wp-json\/wp\/v2\/tags?post=32160"}],"curies":[{"name":"wp","href":"https:\/\/api.w.org\/{rel}","templated":true}]}}