{"id":32169,"date":"2023-03-22T19:09:17","date_gmt":"2023-03-22T19:09:17","guid":{"rendered":"https:\/\/www.africa-press.net\/mali\/politique\/participation-des-femmes-a-la-vie-politique-les-femmes-du-pacp-engagent-le-debat-pour-baliser-les-enjeux-et-les-perspectives"},"modified":"2023-03-22T21:11:07","modified_gmt":"2023-03-22T21:11:07","slug":"participation-des-femmes-a-la-vie-politique-les-femmes-du-pacp-engagent-le-debat-pour-baliser-les-enjeux-et-les-perspectives","status":"publish","type":"post","link":"https:\/\/www.africa-press.net\/mali\/parties\/participation-des-femmes-a-la-vie-politique-les-femmes-du-pacp-engagent-le-debat-pour-baliser-les-enjeux-et-les-perspectives","title":{"rendered":"Participation des femmes \u00e0 la vie politique : Les femmes du PACP engagent le d\u00e9bat pour baliser les enjeux et les perspectives"},"content":{"rendered":"<p><span style=\"color: #ff6600\"><strong>Africa-Press &#8211; Mali. <\/strong><\/span>Dans le cadre de la ce\u0301le\u0301bration de la Journe\u0301e internationale des droits des femmes, le Bureau exe\u0301cutif national (BEN) des femmes du Parti pour l\u2019action civique et patriotique (PACP) a organise\u0301 une confe\u0301rence-de\u0301bat samedi dernier (18 mars au Me\u0301morial Modibo Ke\u0301ita). Au c\u0153ur des e\u0301changes, la Proble\u0301matique de l\u2019engament de la femme dans la vie politique au Mali. C\u2019e\u0301tait en pre\u0301sence Mme Sow N\u2019Deye Diop (conseille\u0300re technique au ministe\u0300re de la Promotion de la Femme, de l\u2019Enfant et de la Famille), Niankoro Yeah Samake\u0301 (pre\u0301sident d\u2019honneur du PACP) et de Cisse\u0301 Fatimata Kouyate\u0301, pre\u0301sidente d\u2019honneur des femmes et non moins marraine de la manifestation.<\/p>\n<p>\u00abProble\u0301matique de la vie politique de la femme au Mali : Enjeux et perspectives\u00bb et \u00abFemme politique au Mali : Quelle contribution a\u0300 la bonne marche du Mali Kura\u00bb ! Tels e\u0301taient les deux the\u0300mes de\u0301battus lors de la confe\u0301rence-de\u0301bat organise\u0301e samedi dernier (18 mars 2023) au Me\u0301morial Modibo Ke\u0301ita par le Bureau exe\u0301cutif national (BEN) des femmes du Parti pour l\u2019action civique et patriotique (PACP).<\/p>\n<p>Dans son discours, la pre\u0301sidente d\u2019honneur des femmes du PACP a rappele\u0301 que, dans la mouvance de la comme\u0301moration de la Journe\u0301e internationale des droits des femmes, les militantes du PACP se sont jointes au concert de la gente fe\u0301minine du monde entier afin de faire montre leur de\u0301termination a\u0300 relever le de\u0301fi de l\u2019importance du genre, de la ne\u0301cessite\u0301 de promouvoir leur autonomisation et de l\u2019offre du ro\u0302le important dans les sphe\u0300res socio- politico e\u0301conomiques.<\/p>\n<p>Pour Cisse\u0301 Fatoumata Kouyate\u0301, la comme\u0301moration du 8 Mars offre l\u2019opportunite\u0301 aux femmes de rappeler a\u0300 l\u2019humanite\u0301 que la raison premie\u0300re de leur lutte est la revendication de leurs droits. \u00abChe\u0300res s\u0153urs, sur le plan national ou\u0300 en e\u0302tes-vous dans la revendication de nos droits ? Ou\u0300 en sont les organisations fe\u0301minines de notre pays dans la lutte pour l\u2019obtention de leurs droits ?\u00bb, s\u2019est interroge\u0301e Cisse\u0301 Fatoumata Kouyate\u0301. Avant de souhaiter, \u00abfaisons de la comme\u0301moration du 8 Mars une tribune d\u2019e\u0301talage des e\u0301tats des lieux et des aspirations concre\u0300tes des femmes\u00bb !<\/p>\n<p>La pre\u0301sidente d\u2019honneur des femmes du PACP a indique\u0301 que les deux the\u0300mes que les militantes du parti ont de\u0301cide\u0301 de de\u0301battre de\u0301montre a\u0300 souhait leurs intentions de se mettre en phase avec les re\u0301alite\u0301s de leurs s\u0153urs, notamment les femmes politiques, afin d\u2019apporter leur pierre a\u0300 l\u2019e\u0301dification d\u2019une nation libre, prospe\u0300re, stable et se\u0301curise\u0301e. Elle n\u2019a pas manque\u0301 de remercier le pre\u0301sident d\u2019honneur du parti, Niankoro Yeah Samake\u0301, pour son accompagnement, son appui et sa sollicitude lors de toutes leurs initiatives.<\/p>\n<p>Celui-ci a rendu hommage a\u0300 toutes les femmes du Mali et du monde, particulie\u0300rement a\u0300 celles de son parti. Le leader politique a indique\u0301 que le 8 Mars est un jour indicatif pour le droit, l\u2019accession a\u0300 plus de liberte\u0301 pour la Femme. \u00abQu\u2019en est-il chez nous de la femme rurale ? A-t-elle acce\u0300s a\u0300 la sante\u0301, a\u0300 l\u2019e\u0301lectricite\u0301, a\u0300 l\u2019e\u0301ducation ?\u00bb, s\u2019est interroge\u0301 Yeah Samake\u0301. \u00abLe Mali compte sur les femmes du PACP parce que notre parti est reconnu comme pre\u0301curseur de l\u2019action concre\u0300te sur la sce\u0300ne politique nationale. Ces actions concre\u0300tes doivent e\u0302tre mene\u0301es par les femmes du PACP\u00bb, a de\u0301clare\u0301 le pre\u0301sident d\u2019honneur de la formation politique.<\/p>\n<p>Par ailleurs, Niankoro Yeah Samake\u0301 s\u2019est engage\u0301 a\u0300 soutenir les femmes de son parti dans ce combat pour apporter de l\u2019eau potable aux femmes ; faire de l\u2019e\u0301ducation une re\u0301alite\u0301 pour la petite fille dans les villes et dans les campagnes ; apporter des soins de sante\u0301 a\u0300 la Femme aussi loin qu\u2019elle se trouve sur le territoire du Mali. \u00abJe m\u2019engage a\u0300 vous soutenir pour respecter la loi 052 pour l\u2019e\u0301quite\u0301 de la femme pour que, au sein d\u2019abord de notre formation, chaque femme ait acce\u0300s au poste nominatif et e\u0301lectif ; que sur les listes que nous allons pre\u0301senter pendant les e\u0301lections a\u0300 venir, les femmes occupent le premier plan\u00bb, a de\u0301clare\u0301 M. Samake\u0301. \u00abJe suis heureux de ce\u0301le\u0301brer cette journe\u0301e avec vous\u00bb, a-t-il conclu.<\/p>\n<p>Quant a\u0300 la conseille\u0300re technique au ministe\u0300re de la Promotion de la Femme, de l\u2019Enfant et de la Famille, Sow N\u2019Deye Diop, elle s\u2019est re\u0301jouit de l\u2019organisation de cette confe\u0301rence-de\u0301bat et a mis l\u2019accent sur l\u2019importance des the\u0300mes choisis. Elle n\u2019a pas cache\u0301 sa conviction que les nombreuses femmes pre\u0301sentes dans la salle vont relever le de\u0301fi de l\u2019autonomisation de la Femme pour ame\u0301liorer les conditions des femmes, des militantes du PACP notamment. Pour conclure, Mme Sow N\u2019Deye Diop a assure\u0301 les femmes du PACP de l\u2019accompagnement de son de\u0301partement.<\/p>\n<p><strong>Pour plus d&rsquo;informations et d&rsquo;analyses sur la <a href=\"https:\/\/www.africa-press.net\/mali\">Mali<\/a>, suivez <a href=\"https:\/\/www.africa-press.net\/\">Africa-Press<\/a><\/strong><\/p>\n","protected":false},"excerpt":{"rendered":"<p>Africa-Press &#8211; Mali. Dans le cadre de la ce\u0301le\u0301bration de la Journe\u0301e internationale des droits des femmes, le Bureau exe\u0301cutif national (BEN) des femmes du Parti pour l\u2019action civique et patriotique (PACP) a organise\u0301 une confe\u0301rence-de\u0301bat samedi dernier (18 mars au Me\u0301morial Modibo Ke\u0301ita). Au c\u0153ur des e\u0301changes, la Proble\u0301matique de l\u2019engament de la femme [&hellip;]<\/p>\n","protected":false},"author":82,"featured_media":32168,"comment_status":"open","ping_status":"closed","sticky":false,"template":"","format":"standard","meta":{"footnotes":""},"categories":[10,17],"tags":[76,86,19],"class_list":["post-32169","post","type-post","status-publish","format-standard","has-post-thumbnail","hentry","category-parties","category-toutes-les-actualites","tag-africa-press","tag-africa-press-mali","tag-mali"],"yoast_head":"<!-- This site is optimized with the Yoast SEO Premium plugin v26.1 (Yoast SEO v27.0) - https:\/\/yoast.com\/product\/yoast-seo-premium-wordpress\/ -->\n<title>Participation des femmes \u00e0 la vie politique : Les femmes du PACP engagent le d\u00e9bat pour baliser les enjeux et les perspectives - Mali<\/title>\n<meta name=\"description\" content=\"Dans le cadre de la ce\u0301le\u0301bration de la Journe\u0301e internationale des droits des femmes, le Bureau exe\u0301cutif national (BEN ...\" \/>\n<meta name=\"robots\" content=\"index, follow, max-snippet:-1, max-image-preview:large, max-video-preview:-1\" \/>\n<link rel=\"canonical\" href=\"https:\/\/www.africa-press.net\/mali\/parties\/participation-des-femmes-a-la-vie-politique-les-femmes-du-pacp-engagent-le-debat-pour-baliser-les-enjeux-et-les-perspectives\" \/>\n<meta property=\"og:locale\" content=\"fr_FR\" \/>\n<meta property=\"og:type\" content=\"article\" \/>\n<meta property=\"og:title\" content=\"Participation des femmes \u00e0 la vie politique : Les femmes du PACP engagent le d\u00e9bat pour baliser les enjeux et les perspectives\" \/>\n<meta property=\"og:description\" content=\"Dans le cadre de la ce\u0301le\u0301bration de la Journe\u0301e internationale des droits des femmes, le Bureau exe\u0301cutif national (BEN ...\" \/>\n<meta property=\"og:url\" content=\"https:\/\/www.africa-press.net\/mali\/parties\/participation-des-femmes-a-la-vie-politique-les-femmes-du-pacp-engagent-le-debat-pour-baliser-les-enjeux-et-les-perspectives\" \/>\n<meta property=\"og:site_name\" content=\"Mali\" \/>\n<meta property=\"article:publisher\" content=\"https:\/\/www.facebook.com\/AfricaPressTunisiaa\" \/>\n<meta property=\"article:published_time\" content=\"2023-03-22T19:09:17+00:00\" \/>\n<meta property=\"article:modified_time\" content=\"2023-03-22T21:11:07+00:00\" \/>\n<meta property=\"og:image\" content=\"https:\/\/static.africa-press.net\/mali\/sites\/21\/2023\/03\/postQueueImg_1679495967.78.jpg\" \/>\n\t<meta property=\"og:image:width\" content=\"720\" \/>\n\t<meta property=\"og:image:height\" content=\"385\" \/>\n\t<meta property=\"og:image:type\" content=\"image\/jpeg\" \/>\n<meta name=\"author\" content=\"cfeditorfr\" \/>\n<meta name=\"twitter:card\" content=\"summary_large_image\" \/>\n<meta name=\"twitter:label1\" content=\"\u00c9crit par\" \/>\n\t<meta name=\"twitter:data1\" content=\"cfeditorfr\" \/>\n\t<meta name=\"twitter:label2\" content=\"Dur\u00e9e de lecture estim\u00e9e\" \/>\n\t<meta name=\"twitter:data2\" content=\"4 minutes\" \/>\n<script type=\"application\/ld+json\" class=\"yoast-schema-graph\">{\"@context\":\"https:\/\/schema.org\",\"@graph\":[{\"@type\":\"Article\",\"@id\":\"https:\/\/www.africa-press.net\/mali\/parties\/participation-des-femmes-a-la-vie-politique-les-femmes-du-pacp-engagent-le-debat-pour-baliser-les-enjeux-et-les-perspectives#article\",\"isPartOf\":{\"@id\":\"https:\/\/www.africa-press.net\/mali\/parties\/participation-des-femmes-a-la-vie-politique-les-femmes-du-pacp-engagent-le-debat-pour-baliser-les-enjeux-et-les-perspectives\"},\"author\":{\"name\":\"cfeditorfr\",\"@id\":\"https:\/\/www.africa-press.net\/mali\/#\/schema\/person\/2b1cf3cd81a31e3cd26889ca66d677f1\"},\"headline\":\"Participation des femmes \u00e0 la vie politique : Les femmes du PACP engagent le d\u00e9bat pour baliser les enjeux et les perspectives\",\"datePublished\":\"2023-03-22T19:09:17+00:00\",\"dateModified\":\"2023-03-22T21:11:07+00:00\",\"mainEntityOfPage\":{\"@id\":\"https:\/\/www.africa-press.net\/mali\/parties\/participation-des-femmes-a-la-vie-politique-les-femmes-du-pacp-engagent-le-debat-pour-baliser-les-enjeux-et-les-perspectives\"},\"wordCount\":906,\"commentCount\":0,\"image\":{\"@id\":\"https:\/\/www.africa-press.net\/mali\/parties\/participation-des-femmes-a-la-vie-politique-les-femmes-du-pacp-engagent-le-debat-pour-baliser-les-enjeux-et-les-perspectives#primaryimage\"},\"thumbnailUrl\":\"https:\/\/static.africa-press.net\/mali\/sites\/21\/2023\/03\/postQueueImg_1679495967.78.jpg\",\"keywords\":[\"Africa Press\",\"Africa Press-Mali\",\"mali\"],\"articleSection\":[\"Parties\",\"Toutes les actualit\u00e9s\"],\"inLanguage\":\"fr-FR\",\"potentialAction\":[{\"@type\":\"CommentAction\",\"name\":\"Comment\",\"target\":[\"https:\/\/www.africa-press.net\/mali\/parties\/participation-des-femmes-a-la-vie-politique-les-femmes-du-pacp-engagent-le-debat-pour-baliser-les-enjeux-et-les-perspectives#respond\"]}]},{\"@type\":\"WebPage\",\"@id\":\"https:\/\/www.africa-press.net\/mali\/parties\/participation-des-femmes-a-la-vie-politique-les-femmes-du-pacp-engagent-le-debat-pour-baliser-les-enjeux-et-les-perspectives\",\"url\":\"https:\/\/www.africa-press.net\/mali\/parties\/participation-des-femmes-a-la-vie-politique-les-femmes-du-pacp-engagent-le-debat-pour-baliser-les-enjeux-et-les-perspectives\",\"name\":\"Participation des femmes \u00e0 la vie politique : Les femmes du PACP engagent le d\u00e9bat pour baliser les enjeux et les perspectives - Mali\",\"isPartOf\":{\"@id\":\"https:\/\/www.africa-press.net\/mali\/#website\"},\"primaryImageOfPage\":{\"@id\":\"https:\/\/www.africa-press.net\/mali\/parties\/participation-des-femmes-a-la-vie-politique-les-femmes-du-pacp-engagent-le-debat-pour-baliser-les-enjeux-et-les-perspectives#primaryimage\"},\"image\":{\"@id\":\"https:\/\/www.africa-press.net\/mali\/parties\/participation-des-femmes-a-la-vie-politique-les-femmes-du-pacp-engagent-le-debat-pour-baliser-les-enjeux-et-les-perspectives#primaryimage\"},\"thumbnailUrl\":\"https:\/\/static.africa-press.net\/mali\/sites\/21\/2023\/03\/postQueueImg_1679495967.78.jpg\",\"datePublished\":\"2023-03-22T19:09:17+00:00\",\"dateModified\":\"2023-03-22T21:11:07+00:00\",\"author\":{\"@id\":\"https:\/\/www.africa-press.net\/mali\/#\/schema\/person\/2b1cf3cd81a31e3cd26889ca66d677f1\"},\"description\":\"Dans le cadre de la ce\u0301le\u0301bration de la Journe\u0301e internationale des droits des femmes, le Bureau exe\u0301cutif national (BEN ...\",\"breadcrumb\":{\"@id\":\"https:\/\/www.africa-press.net\/mali\/parties\/participation-des-femmes-a-la-vie-politique-les-femmes-du-pacp-engagent-le-debat-pour-baliser-les-enjeux-et-les-perspectives#breadcrumb\"},\"inLanguage\":\"fr-FR\",\"potentialAction\":[{\"@type\":\"ReadAction\",\"target\":[\"https:\/\/www.africa-press.net\/mali\/parties\/participation-des-femmes-a-la-vie-politique-les-femmes-du-pacp-engagent-le-debat-pour-baliser-les-enjeux-et-les-perspectives\"]}]},{\"@type\":\"ImageObject\",\"inLanguage\":\"fr-FR\",\"@id\":\"https:\/\/www.africa-press.net\/mali\/parties\/participation-des-femmes-a-la-vie-politique-les-femmes-du-pacp-engagent-le-debat-pour-baliser-les-enjeux-et-les-perspectives#primaryimage\",\"url\":\"https:\/\/static.africa-press.net\/mali\/sites\/21\/2023\/03\/postQueueImg_1679495967.78.jpg\",\"contentUrl\":\"https:\/\/static.africa-press.net\/mali\/sites\/21\/2023\/03\/postQueueImg_1679495967.78.jpg\",\"width\":720,\"height\":385,\"caption\":\"Participation des femmes \u00e0 la vie politique : Les femmes du PACP engagent le d\u00e9bat pour baliser les enjeux et les perspectives\"},{\"@type\":\"BreadcrumbList\",\"@id\":\"https:\/\/www.africa-press.net\/mali\/parties\/participation-des-femmes-a-la-vie-politique-les-femmes-du-pacp-engagent-le-debat-pour-baliser-les-enjeux-et-les-perspectives#breadcrumb\",\"itemListElement\":[{\"@type\":\"ListItem\",\"position\":1,\"name\":\"Home\",\"item\":\"https:\/\/www.africa-press.net\/mali\/\"},{\"@type\":\"ListItem\",\"position\":2,\"name\":\"Participation des femmes \u00e0 la vie politique : Les femmes du PACP engagent le d\u00e9bat pour baliser les enjeux et les perspectives\"}]},{\"@type\":\"WebSite\",\"@id\":\"https:\/\/www.africa-press.net\/mali\/#website\",\"url\":\"https:\/\/www.africa-press.net\/mali\/\",\"name\":\"Mali\",\"description\":\"Just another Africa News Agency Sites site\",\"potentialAction\":[{\"@type\":\"SearchAction\",\"target\":{\"@type\":\"EntryPoint\",\"urlTemplate\":\"https:\/\/www.africa-press.net\/mali\/?s={search_term_string}\"},\"query-input\":{\"@type\":\"PropertyValueSpecification\",\"valueRequired\":true,\"valueName\":\"search_term_string\"}}],\"inLanguage\":\"fr-FR\"},{\"@type\":\"Person\",\"@id\":\"https:\/\/www.africa-press.net\/mali\/#\/schema\/person\/2b1cf3cd81a31e3cd26889ca66d677f1\",\"name\":\"cfeditorfr\"}]}<\/script>\n<!-- \/ Yoast SEO Premium plugin. -->","yoast_head_json":{"title":"Participation des femmes \u00e0 la vie politique : Les femmes du PACP engagent le d\u00e9bat pour baliser les enjeux et les perspectives - Mali","description":"Dans le cadre de la ce\u0301le\u0301bration de la Journe\u0301e internationale des droits des femmes, le Bureau exe\u0301cutif national (BEN ...","robots":{"index":"index","follow":"follow","max-snippet":"max-snippet:-1","max-image-preview":"max-image-preview:large","max-video-preview":"max-video-preview:-1"},"canonical":"https:\/\/www.africa-press.net\/mali\/parties\/participation-des-femmes-a-la-vie-politique-les-femmes-du-pacp-engagent-le-debat-pour-baliser-les-enjeux-et-les-perspectives","og_locale":"fr_FR","og_type":"article","og_title":"Participation des femmes \u00e0 la vie politique : Les femmes du PACP engagent le d\u00e9bat pour baliser les enjeux et les perspectives","og_description":"Dans le cadre de la ce\u0301le\u0301bration de la Journe\u0301e internationale des droits des femmes, le Bureau exe\u0301cutif national (BEN ...","og_url":"https:\/\/www.africa-press.net\/mali\/parties\/participation-des-femmes-a-la-vie-politique-les-femmes-du-pacp-engagent-le-debat-pour-baliser-les-enjeux-et-les-perspectives","og_site_name":"Mali","article_publisher":"https:\/\/www.facebook.com\/AfricaPressTunisiaa","article_published_time":"2023-03-22T19:09:17+00:00","article_modified_time":"2023-03-22T21:11:07+00:00","og_image":[{"width":720,"height":385,"url":"https:\/\/static.africa-press.net\/mali\/sites\/21\/2023\/03\/postQueueImg_1679495967.78.jpg","type":"image\/jpeg"}],"author":"cfeditorfr","twitter_card":"summary_large_image","twitter_misc":{"\u00c9crit par":"cfeditorfr","Dur\u00e9e de lecture estim\u00e9e":"4 minutes"},"schema":{"@context":"https:\/\/schema.org","@graph":[{"@type":"Article","@id":"https:\/\/www.africa-press.net\/mali\/parties\/participation-des-femmes-a-la-vie-politique-les-femmes-du-pacp-engagent-le-debat-pour-baliser-les-enjeux-et-les-perspectives#article","isPartOf":{"@id":"https:\/\/www.africa-press.net\/mali\/parties\/participation-des-femmes-a-la-vie-politique-les-femmes-du-pacp-engagent-le-debat-pour-baliser-les-enjeux-et-les-perspectives"},"author":{"name":"cfeditorfr","@id":"https:\/\/www.africa-press.net\/mali\/#\/schema\/person\/2b1cf3cd81a31e3cd26889ca66d677f1"},"headline":"Participation des femmes \u00e0 la vie politique : Les femmes du PACP engagent le d\u00e9bat pour baliser les enjeux et les perspectives","datePublished":"2023-03-22T19:09:17+00:00","dateModified":"2023-03-22T21:11:07+00:00","mainEntityOfPage":{"@id":"https:\/\/www.africa-press.net\/mali\/parties\/participation-des-femmes-a-la-vie-politique-les-femmes-du-pacp-engagent-le-debat-pour-baliser-les-enjeux-et-les-perspectives"},"wordCount":906,"commentCount":0,"image":{"@id":"https:\/\/www.africa-press.net\/mali\/parties\/participation-des-femmes-a-la-vie-politique-les-femmes-du-pacp-engagent-le-debat-pour-baliser-les-enjeux-et-les-perspectives#primaryimage"},"thumbnailUrl":"https:\/\/static.africa-press.net\/mali\/sites\/21\/2023\/03\/postQueueImg_1679495967.78.jpg","keywords":["Africa Press","Africa Press-Mali","mali"],"articleSection":["Parties","Toutes les actualit\u00e9s"],"inLanguage":"fr-FR","potentialAction":[{"@type":"CommentAction","name":"Comment","target":["https:\/\/www.africa-press.net\/mali\/parties\/participation-des-femmes-a-la-vie-politique-les-femmes-du-pacp-engagent-le-debat-pour-baliser-les-enjeux-et-les-perspectives#respond"]}]},{"@type":"WebPage","@id":"https:\/\/www.africa-press.net\/mali\/parties\/participation-des-femmes-a-la-vie-politique-les-femmes-du-pacp-engagent-le-debat-pour-baliser-les-enjeux-et-les-perspectives","url":"https:\/\/www.africa-press.net\/mali\/parties\/participation-des-femmes-a-la-vie-politique-les-femmes-du-pacp-engagent-le-debat-pour-baliser-les-enjeux-et-les-perspectives","name":"Participation des femmes \u00e0 la vie politique : Les femmes du PACP engagent le d\u00e9bat pour baliser les enjeux et les perspectives - Mali","isPartOf":{"@id":"https:\/\/www.africa-press.net\/mali\/#website"},"primaryImageOfPage":{"@id":"https:\/\/www.africa-press.net\/mali\/parties\/participation-des-femmes-a-la-vie-politique-les-femmes-du-pacp-engagent-le-debat-pour-baliser-les-enjeux-et-les-perspectives#primaryimage"},"image":{"@id":"https:\/\/www.africa-press.net\/mali\/parties\/participation-des-femmes-a-la-vie-politique-les-femmes-du-pacp-engagent-le-debat-pour-baliser-les-enjeux-et-les-perspectives#primaryimage"},"thumbnailUrl":"https:\/\/static.africa-press.net\/mali\/sites\/21\/2023\/03\/postQueueImg_1679495967.78.jpg","datePublished":"2023-03-22T19:09:17+00:00","dateModified":"2023-03-22T21:11:07+00:00","author":{"@id":"https:\/\/www.africa-press.net\/mali\/#\/schema\/person\/2b1cf3cd81a31e3cd26889ca66d677f1"},"description":"Dans le cadre de la ce\u0301le\u0301bration de la Journe\u0301e internationale des droits des femmes, le Bureau exe\u0301cutif national (BEN ...","breadcrumb":{"@id":"https:\/\/www.africa-press.net\/mali\/parties\/participation-des-femmes-a-la-vie-politique-les-femmes-du-pacp-engagent-le-debat-pour-baliser-les-enjeux-et-les-perspectives#breadcrumb"},"inLanguage":"fr-FR","potentialAction":[{"@type":"ReadAction","target":["https:\/\/www.africa-press.net\/mali\/parties\/participation-des-femmes-a-la-vie-politique-les-femmes-du-pacp-engagent-le-debat-pour-baliser-les-enjeux-et-les-perspectives"]}]},{"@type":"ImageObject","inLanguage":"fr-FR","@id":"https:\/\/www.africa-press.net\/mali\/parties\/participation-des-femmes-a-la-vie-politique-les-femmes-du-pacp-engagent-le-debat-pour-baliser-les-enjeux-et-les-perspectives#primaryimage","url":"https:\/\/static.africa-press.net\/mali\/sites\/21\/2023\/03\/postQueueImg_1679495967.78.jpg","contentUrl":"https:\/\/static.africa-press.net\/mali\/sites\/21\/2023\/03\/postQueueImg_1679495967.78.jpg","width":720,"height":385,"caption":"Participation des femmes \u00e0 la vie politique : Les femmes du PACP engagent le d\u00e9bat pour baliser les enjeux et les perspectives"},{"@type":"BreadcrumbList","@id":"https:\/\/www.africa-press.net\/mali\/parties\/participation-des-femmes-a-la-vie-politique-les-femmes-du-pacp-engagent-le-debat-pour-baliser-les-enjeux-et-les-perspectives#breadcrumb","itemListElement":[{"@type":"ListItem","position":1,"name":"Home","item":"https:\/\/www.africa-press.net\/mali\/"},{"@type":"ListItem","position":2,"name":"Participation des femmes \u00e0 la vie politique : Les femmes du PACP engagent le d\u00e9bat pour baliser les enjeux et les perspectives"}]},{"@type":"WebSite","@id":"https:\/\/www.africa-press.net\/mali\/#website","url":"https:\/\/www.africa-press.net\/mali\/","name":"Mali","description":"Just another Africa News Agency Sites site","potentialAction":[{"@type":"SearchAction","target":{"@type":"EntryPoint","urlTemplate":"https:\/\/www.africa-press.net\/mali\/?s={search_term_string}"},"query-input":{"@type":"PropertyValueSpecification","valueRequired":true,"valueName":"search_term_string"}}],"inLanguage":"fr-FR"},{"@type":"Person","@id":"https:\/\/www.africa-press.net\/mali\/#\/schema\/person\/2b1cf3cd81a31e3cd26889ca66d677f1","name":"cfeditorfr"}]}},"_links":{"self":[{"href":"https:\/\/www.africa-press.net\/mali\/wp-json\/wp\/v2\/posts\/32169","targetHints":{"allow":["GET"]}}],"collection":[{"href":"https:\/\/www.africa-press.net\/mali\/wp-json\/wp\/v2\/posts"}],"about":[{"href":"https:\/\/www.africa-press.net\/mali\/wp-json\/wp\/v2\/types\/post"}],"author":[{"embeddable":true,"href":"https:\/\/www.africa-press.net\/mali\/wp-json\/wp\/v2\/users\/82"}],"replies":[{"embeddable":true,"href":"https:\/\/www.africa-press.net\/mali\/wp-json\/wp\/v2\/comments?post=32169"}],"version-history":[{"count":0,"href":"https:\/\/www.africa-press.net\/mali\/wp-json\/wp\/v2\/posts\/32169\/revisions"}],"wp:featuredmedia":[{"embeddable":true,"href":"https:\/\/www.africa-press.net\/mali\/wp-json\/wp\/v2\/media\/32168"}],"wp:attachment":[{"href":"https:\/\/www.africa-press.net\/mali\/wp-json\/wp\/v2\/media?parent=32169"}],"wp:term":[{"taxonomy":"category","embeddable":true,"href":"https:\/\/www.africa-press.net\/mali\/wp-json\/wp\/v2\/categories?post=32169"},{"taxonomy":"post_tag","embeddable":true,"href":"https:\/\/www.africa-press.net\/mali\/wp-json\/wp\/v2\/tags?post=32169"}],"curies":[{"name":"wp","href":"https:\/\/api.w.org\/{rel}","templated":true}]}}