{"id":32171,"date":"2023-03-22T19:09:57","date_gmt":"2023-03-22T19:09:57","guid":{"rendered":"https:\/\/www.africa-press.net\/mali\/politique\/arene-politique-la-convergence-de-moussa-timbine-veut-deja-marquer-son-territoire-pour-la-conquete-du-pouvoir"},"modified":"2023-03-22T21:11:35","modified_gmt":"2023-03-22T21:11:35","slug":"arene-politique-la-convergence-de-moussa-timbine-veut-deja-marquer-son-territoire-pour-la-conquete-du-pouvoir","status":"publish","type":"post","link":"https:\/\/www.africa-press.net\/mali\/politique\/arene-politique-la-convergence-de-moussa-timbine-veut-deja-marquer-son-territoire-pour-la-conquete-du-pouvoir","title":{"rendered":"Ar\u00e8ne politique : La Convergence de Moussa Timbin\u00e9 veut d\u00e9j\u00e0 marquer son territoire pour la conqu\u00eate du pouvoir"},"content":{"rendered":"<p><span style=\"color: #ff6600\"><strong>Africa-Press &#8211; Mali. <\/strong><\/span>Le parti \u00abla Convergence\u00bb de l\u2019ancien pre\u0301sident de l\u2019Assemble\u0301e Nationale et de\u0301pute\u0301 de la commune V de Bamako, Moussa Timbine\u0301, est de\u0301sormais dans l\u2019are\u0300ne politique pour la conque\u0302te du pouvoir. Elle a fait une entre\u0301e fracassante samedi dernier (18 mars 2023) a\u0300 travers un grand meeting anime\u0301 au CICB.<\/p>\n<p>Une semaine avant (11 mars 2023), le fondateur avait tenu un point de presse pour annoncer l\u2019obtention du re\u0301ce\u0301pisse\u0301 de son parti et l\u2019ouverture officielle de sa chapelle. \u00abLa Convergence, s\u2019engage re\u0301solument a\u0300 inscrire ses actions dans la relation directe avec nos concitoyens\u00bb, a promis Moussa Timbine\u0301. Et le jeune parti commence de\u0301ja\u0300 a\u0300 ratisser large afin de mieux se positionner sur l\u2019e\u0301chiquier politique comme une force montante avec qui il faut compter dans les mois a\u0300 venir.<\/p>\n<p>A noter que c\u2019est le 5 janvier dernier que Timbine\u0301 et d\u2019autres camarades ont de\u0301cide\u0301 de quitter le Rassemblement pour le Mali (RPM) afin de pouvoir proposer un nouveau contrat social aux Maliens. Un engagement qui, selon lui, exigeait d\u2019eux de prendre toutes leurs responsabilite\u0301s devant l\u2019histoire et le peuple malien. C\u2019est ainsi que la Convergence (LC) a e\u0301te\u0301 porte\u0301e sur les fonts baptismaux afin de fe\u0301de\u0301rer les Maliennes et les Maliens, sans distinction d\u2019a\u0302ge, de race, d\u2019ethnie, de sexe et de langue autour de la construction d\u2019un Mali prospe\u0300re, unifie\u0301 et se\u0301curise\u0301. Pour ce faire, le parti met un accent particulier sur \u00abla restauration de nos valeurs et l\u2019atteinte de la souverainete\u0301 alimentaire\u00bb.<\/p>\n<p>L\u2019emble\u0300me du parti est compose\u0301 d\u2019une colombe blanche, symbole de paix, tenant un panier d\u2019e\u0301pis de riz, de mil, de sorgho, et de mais, soutenu par deux mains, consacrant la force ouvrie\u0300re et la vitalite\u0301 du peuple malien. Cette image, selon Moussa Timbine\u0301, traduit la volonte\u0301 de son parti de promouvoir le de\u0301veloppement et l\u2019autosuffisance alimentaire dans notre pays dans un environnement de paix, de solidarite\u0301 et d\u2019entraide. \u00abMali, notre raison d\u2019e\u0302tre\u00bb est la devise du jeune parti ! Elle en dit long sur les ambitions re\u0301elles du fondateur et de ses camarades politiques !<\/p>\n<p><strong>Pour plus d&rsquo;informations et d&rsquo;analyses sur la <a href=\"https:\/\/www.africa-press.net\/mali\">Mali<\/a>, suivez <a href=\"https:\/\/www.africa-press.net\/\">Africa-Press<\/a><\/strong><\/p>\n","protected":false},"excerpt":{"rendered":"<p>Africa-Press &#8211; Mali. Le parti \u00abla Convergence\u00bb de l\u2019ancien pre\u0301sident de l\u2019Assemble\u0301e Nationale et de\u0301pute\u0301 de la commune V de Bamako, Moussa Timbine\u0301, est de\u0301sormais dans l\u2019are\u0300ne politique pour la conque\u0302te du pouvoir. Elle a fait une entre\u0301e fracassante samedi dernier (18 mars 2023) a\u0300 travers un grand meeting anime\u0301 au CICB. Une semaine avant [&hellip;]<\/p>\n","protected":false},"author":82,"featured_media":32170,"comment_status":"open","ping_status":"closed","sticky":false,"template":"","format":"standard","meta":{"footnotes":""},"categories":[7,17],"tags":[76,86,19],"class_list":["post-32171","post","type-post","status-publish","format-standard","has-post-thumbnail","hentry","category-politique","category-toutes-les-actualites","tag-africa-press","tag-africa-press-mali","tag-mali"],"yoast_head":"<!-- This site is optimized with the Yoast SEO Premium plugin v26.1 (Yoast SEO v27.0) - https:\/\/yoast.com\/product\/yoast-seo-premium-wordpress\/ -->\n<title>Ar\u00e8ne politique : La Convergence de Moussa Timbin\u00e9 veut d\u00e9j\u00e0 marquer son territoire pour la conqu\u00eate du pouvoir - Mali<\/title>\n<meta name=\"description\" content=\"Le parti \u00abla Convergence\u00bb de l\u2019ancien pre\u0301sident de l\u2019Assemble\u0301e Nationale et de\u0301pute\u0301 de la commune V de Bamako, Moussa ...\" \/>\n<meta name=\"robots\" content=\"index, follow, max-snippet:-1, max-image-preview:large, max-video-preview:-1\" \/>\n<link rel=\"canonical\" href=\"https:\/\/www.africa-press.net\/mali\/politique\/arene-politique-la-convergence-de-moussa-timbine-veut-deja-marquer-son-territoire-pour-la-conquete-du-pouvoir\" \/>\n<meta property=\"og:locale\" content=\"fr_FR\" \/>\n<meta property=\"og:type\" content=\"article\" \/>\n<meta property=\"og:title\" content=\"Ar\u00e8ne politique : La Convergence de Moussa Timbin\u00e9 veut d\u00e9j\u00e0 marquer son territoire pour la conqu\u00eate du pouvoir\" \/>\n<meta property=\"og:description\" content=\"Le parti \u00abla Convergence\u00bb de l\u2019ancien pre\u0301sident de l\u2019Assemble\u0301e Nationale et de\u0301pute\u0301 de la commune V de Bamako, Moussa ...\" \/>\n<meta property=\"og:url\" content=\"https:\/\/www.africa-press.net\/mali\/politique\/arene-politique-la-convergence-de-moussa-timbine-veut-deja-marquer-son-territoire-pour-la-conquete-du-pouvoir\" \/>\n<meta property=\"og:site_name\" content=\"Mali\" \/>\n<meta property=\"article:publisher\" content=\"https:\/\/www.facebook.com\/AfricaPressTunisiaa\" \/>\n<meta property=\"article:published_time\" content=\"2023-03-22T19:09:57+00:00\" \/>\n<meta property=\"article:modified_time\" content=\"2023-03-22T21:11:35+00:00\" \/>\n<meta property=\"og:image\" content=\"https:\/\/static.africa-press.net\/mali\/sites\/21\/2023\/03\/postQueueImg_1679496009.70.jpg\" \/>\n\t<meta property=\"og:image:width\" content=\"720\" \/>\n\t<meta property=\"og:image:height\" content=\"513\" \/>\n\t<meta property=\"og:image:type\" content=\"image\/jpeg\" \/>\n<meta name=\"author\" content=\"cfeditorfr\" \/>\n<meta name=\"twitter:card\" content=\"summary_large_image\" \/>\n<meta name=\"twitter:label1\" content=\"\u00c9crit par\" \/>\n\t<meta name=\"twitter:data1\" content=\"cfeditorfr\" \/>\n\t<meta name=\"twitter:label2\" content=\"Dur\u00e9e de lecture estim\u00e9e\" \/>\n\t<meta name=\"twitter:data2\" content=\"2 minutes\" \/>\n<script type=\"application\/ld+json\" class=\"yoast-schema-graph\">{\"@context\":\"https:\/\/schema.org\",\"@graph\":[{\"@type\":\"Article\",\"@id\":\"https:\/\/www.africa-press.net\/mali\/politique\/arene-politique-la-convergence-de-moussa-timbine-veut-deja-marquer-son-territoire-pour-la-conquete-du-pouvoir#article\",\"isPartOf\":{\"@id\":\"https:\/\/www.africa-press.net\/mali\/politique\/arene-politique-la-convergence-de-moussa-timbine-veut-deja-marquer-son-territoire-pour-la-conquete-du-pouvoir\"},\"author\":{\"name\":\"cfeditorfr\",\"@id\":\"https:\/\/www.africa-press.net\/mali\/#\/schema\/person\/2b1cf3cd81a31e3cd26889ca66d677f1\"},\"headline\":\"Ar\u00e8ne politique : La Convergence de Moussa Timbin\u00e9 veut d\u00e9j\u00e0 marquer son territoire pour la conqu\u00eate du pouvoir\",\"datePublished\":\"2023-03-22T19:09:57+00:00\",\"dateModified\":\"2023-03-22T21:11:35+00:00\",\"mainEntityOfPage\":{\"@id\":\"https:\/\/www.africa-press.net\/mali\/politique\/arene-politique-la-convergence-de-moussa-timbine-veut-deja-marquer-son-territoire-pour-la-conquete-du-pouvoir\"},\"wordCount\":413,\"commentCount\":0,\"image\":{\"@id\":\"https:\/\/www.africa-press.net\/mali\/politique\/arene-politique-la-convergence-de-moussa-timbine-veut-deja-marquer-son-territoire-pour-la-conquete-du-pouvoir#primaryimage\"},\"thumbnailUrl\":\"https:\/\/static.africa-press.net\/mali\/sites\/21\/2023\/03\/postQueueImg_1679496009.70.jpg\",\"keywords\":[\"Africa Press\",\"Africa Press-Mali\",\"mali\"],\"articleSection\":[\"Politique\",\"Toutes les actualit\u00e9s\"],\"inLanguage\":\"fr-FR\",\"potentialAction\":[{\"@type\":\"CommentAction\",\"name\":\"Comment\",\"target\":[\"https:\/\/www.africa-press.net\/mali\/politique\/arene-politique-la-convergence-de-moussa-timbine-veut-deja-marquer-son-territoire-pour-la-conquete-du-pouvoir#respond\"]}]},{\"@type\":\"WebPage\",\"@id\":\"https:\/\/www.africa-press.net\/mali\/politique\/arene-politique-la-convergence-de-moussa-timbine-veut-deja-marquer-son-territoire-pour-la-conquete-du-pouvoir\",\"url\":\"https:\/\/www.africa-press.net\/mali\/politique\/arene-politique-la-convergence-de-moussa-timbine-veut-deja-marquer-son-territoire-pour-la-conquete-du-pouvoir\",\"name\":\"Ar\u00e8ne politique : La Convergence de Moussa Timbin\u00e9 veut d\u00e9j\u00e0 marquer son territoire pour la conqu\u00eate du pouvoir - Mali\",\"isPartOf\":{\"@id\":\"https:\/\/www.africa-press.net\/mali\/#website\"},\"primaryImageOfPage\":{\"@id\":\"https:\/\/www.africa-press.net\/mali\/politique\/arene-politique-la-convergence-de-moussa-timbine-veut-deja-marquer-son-territoire-pour-la-conquete-du-pouvoir#primaryimage\"},\"image\":{\"@id\":\"https:\/\/www.africa-press.net\/mali\/politique\/arene-politique-la-convergence-de-moussa-timbine-veut-deja-marquer-son-territoire-pour-la-conquete-du-pouvoir#primaryimage\"},\"thumbnailUrl\":\"https:\/\/static.africa-press.net\/mali\/sites\/21\/2023\/03\/postQueueImg_1679496009.70.jpg\",\"datePublished\":\"2023-03-22T19:09:57+00:00\",\"dateModified\":\"2023-03-22T21:11:35+00:00\",\"author\":{\"@id\":\"https:\/\/www.africa-press.net\/mali\/#\/schema\/person\/2b1cf3cd81a31e3cd26889ca66d677f1\"},\"description\":\"Le parti \u00abla Convergence\u00bb de l\u2019ancien pre\u0301sident de l\u2019Assemble\u0301e Nationale et de\u0301pute\u0301 de la commune V de Bamako, Moussa ...\",\"breadcrumb\":{\"@id\":\"https:\/\/www.africa-press.net\/mali\/politique\/arene-politique-la-convergence-de-moussa-timbine-veut-deja-marquer-son-territoire-pour-la-conquete-du-pouvoir#breadcrumb\"},\"inLanguage\":\"fr-FR\",\"potentialAction\":[{\"@type\":\"ReadAction\",\"target\":[\"https:\/\/www.africa-press.net\/mali\/politique\/arene-politique-la-convergence-de-moussa-timbine-veut-deja-marquer-son-territoire-pour-la-conquete-du-pouvoir\"]}]},{\"@type\":\"ImageObject\",\"inLanguage\":\"fr-FR\",\"@id\":\"https:\/\/www.africa-press.net\/mali\/politique\/arene-politique-la-convergence-de-moussa-timbine-veut-deja-marquer-son-territoire-pour-la-conquete-du-pouvoir#primaryimage\",\"url\":\"https:\/\/static.africa-press.net\/mali\/sites\/21\/2023\/03\/postQueueImg_1679496009.70.jpg\",\"contentUrl\":\"https:\/\/static.africa-press.net\/mali\/sites\/21\/2023\/03\/postQueueImg_1679496009.70.jpg\",\"width\":720,\"height\":513,\"caption\":\"Ar\u00e8ne politique : La Convergence de Moussa Timbin\u00e9 veut d\u00e9j\u00e0 marquer son territoire pour la conqu\u00eate du pouvoir\"},{\"@type\":\"BreadcrumbList\",\"@id\":\"https:\/\/www.africa-press.net\/mali\/politique\/arene-politique-la-convergence-de-moussa-timbine-veut-deja-marquer-son-territoire-pour-la-conquete-du-pouvoir#breadcrumb\",\"itemListElement\":[{\"@type\":\"ListItem\",\"position\":1,\"name\":\"Home\",\"item\":\"https:\/\/www.africa-press.net\/mali\/\"},{\"@type\":\"ListItem\",\"position\":2,\"name\":\"Ar\u00e8ne politique : La Convergence de Moussa Timbin\u00e9 veut d\u00e9j\u00e0 marquer son territoire pour la conqu\u00eate du pouvoir\"}]},{\"@type\":\"WebSite\",\"@id\":\"https:\/\/www.africa-press.net\/mali\/#website\",\"url\":\"https:\/\/www.africa-press.net\/mali\/\",\"name\":\"Mali\",\"description\":\"Just another Africa News Agency Sites site\",\"potentialAction\":[{\"@type\":\"SearchAction\",\"target\":{\"@type\":\"EntryPoint\",\"urlTemplate\":\"https:\/\/www.africa-press.net\/mali\/?s={search_term_string}\"},\"query-input\":{\"@type\":\"PropertyValueSpecification\",\"valueRequired\":true,\"valueName\":\"search_term_string\"}}],\"inLanguage\":\"fr-FR\"},{\"@type\":\"Person\",\"@id\":\"https:\/\/www.africa-press.net\/mali\/#\/schema\/person\/2b1cf3cd81a31e3cd26889ca66d677f1\",\"name\":\"cfeditorfr\"}]}<\/script>\n<!-- \/ Yoast SEO Premium plugin. -->","yoast_head_json":{"title":"Ar\u00e8ne politique : La Convergence de Moussa Timbin\u00e9 veut d\u00e9j\u00e0 marquer son territoire pour la conqu\u00eate du pouvoir - Mali","description":"Le parti \u00abla Convergence\u00bb de l\u2019ancien pre\u0301sident de l\u2019Assemble\u0301e Nationale et de\u0301pute\u0301 de la commune V de Bamako, Moussa ...","robots":{"index":"index","follow":"follow","max-snippet":"max-snippet:-1","max-image-preview":"max-image-preview:large","max-video-preview":"max-video-preview:-1"},"canonical":"https:\/\/www.africa-press.net\/mali\/politique\/arene-politique-la-convergence-de-moussa-timbine-veut-deja-marquer-son-territoire-pour-la-conquete-du-pouvoir","og_locale":"fr_FR","og_type":"article","og_title":"Ar\u00e8ne politique : La Convergence de Moussa Timbin\u00e9 veut d\u00e9j\u00e0 marquer son territoire pour la conqu\u00eate du pouvoir","og_description":"Le parti \u00abla Convergence\u00bb de l\u2019ancien pre\u0301sident de l\u2019Assemble\u0301e Nationale et de\u0301pute\u0301 de la commune V de Bamako, Moussa ...","og_url":"https:\/\/www.africa-press.net\/mali\/politique\/arene-politique-la-convergence-de-moussa-timbine-veut-deja-marquer-son-territoire-pour-la-conquete-du-pouvoir","og_site_name":"Mali","article_publisher":"https:\/\/www.facebook.com\/AfricaPressTunisiaa","article_published_time":"2023-03-22T19:09:57+00:00","article_modified_time":"2023-03-22T21:11:35+00:00","og_image":[{"width":720,"height":513,"url":"https:\/\/static.africa-press.net\/mali\/sites\/21\/2023\/03\/postQueueImg_1679496009.70.jpg","type":"image\/jpeg"}],"author":"cfeditorfr","twitter_card":"summary_large_image","twitter_misc":{"\u00c9crit par":"cfeditorfr","Dur\u00e9e de lecture estim\u00e9e":"2 minutes"},"schema":{"@context":"https:\/\/schema.org","@graph":[{"@type":"Article","@id":"https:\/\/www.africa-press.net\/mali\/politique\/arene-politique-la-convergence-de-moussa-timbine-veut-deja-marquer-son-territoire-pour-la-conquete-du-pouvoir#article","isPartOf":{"@id":"https:\/\/www.africa-press.net\/mali\/politique\/arene-politique-la-convergence-de-moussa-timbine-veut-deja-marquer-son-territoire-pour-la-conquete-du-pouvoir"},"author":{"name":"cfeditorfr","@id":"https:\/\/www.africa-press.net\/mali\/#\/schema\/person\/2b1cf3cd81a31e3cd26889ca66d677f1"},"headline":"Ar\u00e8ne politique : La Convergence de Moussa Timbin\u00e9 veut d\u00e9j\u00e0 marquer son territoire pour la conqu\u00eate du pouvoir","datePublished":"2023-03-22T19:09:57+00:00","dateModified":"2023-03-22T21:11:35+00:00","mainEntityOfPage":{"@id":"https:\/\/www.africa-press.net\/mali\/politique\/arene-politique-la-convergence-de-moussa-timbine-veut-deja-marquer-son-territoire-pour-la-conquete-du-pouvoir"},"wordCount":413,"commentCount":0,"image":{"@id":"https:\/\/www.africa-press.net\/mali\/politique\/arene-politique-la-convergence-de-moussa-timbine-veut-deja-marquer-son-territoire-pour-la-conquete-du-pouvoir#primaryimage"},"thumbnailUrl":"https:\/\/static.africa-press.net\/mali\/sites\/21\/2023\/03\/postQueueImg_1679496009.70.jpg","keywords":["Africa Press","Africa Press-Mali","mali"],"articleSection":["Politique","Toutes les actualit\u00e9s"],"inLanguage":"fr-FR","potentialAction":[{"@type":"CommentAction","name":"Comment","target":["https:\/\/www.africa-press.net\/mali\/politique\/arene-politique-la-convergence-de-moussa-timbine-veut-deja-marquer-son-territoire-pour-la-conquete-du-pouvoir#respond"]}]},{"@type":"WebPage","@id":"https:\/\/www.africa-press.net\/mali\/politique\/arene-politique-la-convergence-de-moussa-timbine-veut-deja-marquer-son-territoire-pour-la-conquete-du-pouvoir","url":"https:\/\/www.africa-press.net\/mali\/politique\/arene-politique-la-convergence-de-moussa-timbine-veut-deja-marquer-son-territoire-pour-la-conquete-du-pouvoir","name":"Ar\u00e8ne politique : La Convergence de Moussa Timbin\u00e9 veut d\u00e9j\u00e0 marquer son territoire pour la conqu\u00eate du pouvoir - Mali","isPartOf":{"@id":"https:\/\/www.africa-press.net\/mali\/#website"},"primaryImageOfPage":{"@id":"https:\/\/www.africa-press.net\/mali\/politique\/arene-politique-la-convergence-de-moussa-timbine-veut-deja-marquer-son-territoire-pour-la-conquete-du-pouvoir#primaryimage"},"image":{"@id":"https:\/\/www.africa-press.net\/mali\/politique\/arene-politique-la-convergence-de-moussa-timbine-veut-deja-marquer-son-territoire-pour-la-conquete-du-pouvoir#primaryimage"},"thumbnailUrl":"https:\/\/static.africa-press.net\/mali\/sites\/21\/2023\/03\/postQueueImg_1679496009.70.jpg","datePublished":"2023-03-22T19:09:57+00:00","dateModified":"2023-03-22T21:11:35+00:00","author":{"@id":"https:\/\/www.africa-press.net\/mali\/#\/schema\/person\/2b1cf3cd81a31e3cd26889ca66d677f1"},"description":"Le parti \u00abla Convergence\u00bb de l\u2019ancien pre\u0301sident de l\u2019Assemble\u0301e Nationale et de\u0301pute\u0301 de la commune V de Bamako, Moussa ...","breadcrumb":{"@id":"https:\/\/www.africa-press.net\/mali\/politique\/arene-politique-la-convergence-de-moussa-timbine-veut-deja-marquer-son-territoire-pour-la-conquete-du-pouvoir#breadcrumb"},"inLanguage":"fr-FR","potentialAction":[{"@type":"ReadAction","target":["https:\/\/www.africa-press.net\/mali\/politique\/arene-politique-la-convergence-de-moussa-timbine-veut-deja-marquer-son-territoire-pour-la-conquete-du-pouvoir"]}]},{"@type":"ImageObject","inLanguage":"fr-FR","@id":"https:\/\/www.africa-press.net\/mali\/politique\/arene-politique-la-convergence-de-moussa-timbine-veut-deja-marquer-son-territoire-pour-la-conquete-du-pouvoir#primaryimage","url":"https:\/\/static.africa-press.net\/mali\/sites\/21\/2023\/03\/postQueueImg_1679496009.70.jpg","contentUrl":"https:\/\/static.africa-press.net\/mali\/sites\/21\/2023\/03\/postQueueImg_1679496009.70.jpg","width":720,"height":513,"caption":"Ar\u00e8ne politique : La Convergence de Moussa Timbin\u00e9 veut d\u00e9j\u00e0 marquer son territoire pour la conqu\u00eate du pouvoir"},{"@type":"BreadcrumbList","@id":"https:\/\/www.africa-press.net\/mali\/politique\/arene-politique-la-convergence-de-moussa-timbine-veut-deja-marquer-son-territoire-pour-la-conquete-du-pouvoir#breadcrumb","itemListElement":[{"@type":"ListItem","position":1,"name":"Home","item":"https:\/\/www.africa-press.net\/mali\/"},{"@type":"ListItem","position":2,"name":"Ar\u00e8ne politique : La Convergence de Moussa Timbin\u00e9 veut d\u00e9j\u00e0 marquer son territoire pour la conqu\u00eate du pouvoir"}]},{"@type":"WebSite","@id":"https:\/\/www.africa-press.net\/mali\/#website","url":"https:\/\/www.africa-press.net\/mali\/","name":"Mali","description":"Just another Africa News Agency Sites site","potentialAction":[{"@type":"SearchAction","target":{"@type":"EntryPoint","urlTemplate":"https:\/\/www.africa-press.net\/mali\/?s={search_term_string}"},"query-input":{"@type":"PropertyValueSpecification","valueRequired":true,"valueName":"search_term_string"}}],"inLanguage":"fr-FR"},{"@type":"Person","@id":"https:\/\/www.africa-press.net\/mali\/#\/schema\/person\/2b1cf3cd81a31e3cd26889ca66d677f1","name":"cfeditorfr"}]}},"_links":{"self":[{"href":"https:\/\/www.africa-press.net\/mali\/wp-json\/wp\/v2\/posts\/32171","targetHints":{"allow":["GET"]}}],"collection":[{"href":"https:\/\/www.africa-press.net\/mali\/wp-json\/wp\/v2\/posts"}],"about":[{"href":"https:\/\/www.africa-press.net\/mali\/wp-json\/wp\/v2\/types\/post"}],"author":[{"embeddable":true,"href":"https:\/\/www.africa-press.net\/mali\/wp-json\/wp\/v2\/users\/82"}],"replies":[{"embeddable":true,"href":"https:\/\/www.africa-press.net\/mali\/wp-json\/wp\/v2\/comments?post=32171"}],"version-history":[{"count":0,"href":"https:\/\/www.africa-press.net\/mali\/wp-json\/wp\/v2\/posts\/32171\/revisions"}],"wp:featuredmedia":[{"embeddable":true,"href":"https:\/\/www.africa-press.net\/mali\/wp-json\/wp\/v2\/media\/32170"}],"wp:attachment":[{"href":"https:\/\/www.africa-press.net\/mali\/wp-json\/wp\/v2\/media?parent=32171"}],"wp:term":[{"taxonomy":"category","embeddable":true,"href":"https:\/\/www.africa-press.net\/mali\/wp-json\/wp\/v2\/categories?post=32171"},{"taxonomy":"post_tag","embeddable":true,"href":"https:\/\/www.africa-press.net\/mali\/wp-json\/wp\/v2\/tags?post=32171"}],"curies":[{"name":"wp","href":"https:\/\/api.w.org\/{rel}","templated":true}]}}