{"id":32173,"date":"2023-03-22T19:12:31","date_gmt":"2023-03-22T19:12:31","guid":{"rendered":"https:\/\/www.africa-press.net\/mali\/politique\/le-president-assimi-a-presente-le-projet-de-constitution-aux-forces-vives-informez-les-populations-pour-que-le-referendum-soit-un-franc-succes"},"modified":"2023-03-22T21:12:39","modified_gmt":"2023-03-22T21:12:39","slug":"le-president-assimi-a-presente-le-projet-de-constitution-aux-forces-vives-informez-les-populations-pour-que-le-referendum-soit-un-franc-succes","status":"publish","type":"post","link":"https:\/\/www.africa-press.net\/mali\/politique\/le-president-assimi-a-presente-le-projet-de-constitution-aux-forces-vives-informez-les-populations-pour-que-le-referendum-soit-un-franc-succes","title":{"rendered":"Le Pr\u00e9sident Assimi a pr\u00e9sent\u00e9 le projet de constitution aux forces vives: \u00abInformez les populations pour que le r\u00e9f\u00e9rendum soit un franc succ\u00e8s \u00bb"},"content":{"rendered":"<p><span style=\"color: #ff6600\"><strong>Africa-Press &#8211; Mali. <\/strong><\/span>Le Pre\u0301sident de la Transition, le Colonel Assimi GOI\u0308TA, Chef de l\u2019E\u0301tat, a pre\u0301sente\u0301 hier, lundi 20 mars 2023 au Palais pre\u0301sidentiel de Koulouba, le Projet de Constitution de la Re\u0301publique du Mali aux forces vives de la nation malienne (Socie\u0301te\u0301 civile, Partis politiques, autorite\u0301s et le\u0301gitimite\u0301s traditionnelles, forces arme\u0301es et de se\u0301curite\u0301s, leaders religieux, gouverneurs&#8230;). Au cours de ces diffe\u0301rentes rencontres, le Pre\u0301sident GOI\u0308TA a explique\u0301 les innovations contenues dans le document qui permettront, selon lui, d\u2019assurer une bonne gouvernance au Mali. A cet effet, il a invite\u0301 les uns et les autres a\u0300 s\u2019approprier le projet de constitution et de le vulgariser. \u00abNous avons accompli notre devoir, le reste du travail vous revient. Informez les populations pour que le re\u0301fe\u0301rendum soit un franc succe\u0300s \u00bb, a exhorte\u0301 le Chef de l\u2019E\u0301tat.<\/p>\n<p>Selon la Pre\u0301sidence de la Re\u0301publique du Mali, la rencontre a enregistre\u0301 la pre\u0301sence du Premier ministre, Dr. Choguel Kokalla Mai\u0308ga, ainsi que des membres du Gouvernement. Boubacar SOW, membre de la Commission de finalisation du projet de Constitution, a souligne\u0301 la ne\u0301cessite\u0301 absolue pour le Mali d\u2019aller a\u0300 une nouvelle Constitution. Les innombrables tentatives de re\u0301vision en sont, selon lui, la preuve.<\/p>\n<p>Parcourant tout le contenu du projet de Constitution, Boubacar SOW a donne\u0301 des pre\u0301cisions sur les grandes innovations contenues dans ce document. Tous les points saillants du projet de Constitution ont e\u0301te\u0301 clairement explique\u0301s aux autorite\u0301s et le\u0301gitimite\u0301s traditionnelles qui seront les porte-paroles du Gouvernement aupre\u0300s de leurs populations respectives, conforme\u0301ment a\u0300 l\u2019appel que leur a lance\u0301 le Pre\u0301sident de la Transition au cours de cette ce\u0301re\u0301monie. Le Chef de l\u2019E\u0301tat a remercie\u0301 ces ho\u0302tes de marque, qui ne manquent jamais a\u0300 l\u2019appel de la Patrie.<\/p>\n<p>En outre, le Pre\u0301sident de la Transition, Colonel Assimi GOI\u0308TA dit avoir valide\u0301 le projet de Constitution qui lui a e\u0301te\u0301 solennellement remis par la Commission charge\u0301e de la finalisation, le 27 fe\u0301vrier 2023. Selon le Pre\u0301sident de la Transition, ce projet de Constitution est la concre\u0301tisation d\u2019une volonte\u0301 pressante du peuple malien, exprime\u0301e lors des Assises nationales de la refondation (ANR). Le Chef de l\u2019E\u0301tat a fait valoir le souci d\u2019inclusivite\u0301 qui a jalonne\u0301 tout le processus, comme en te\u0301moigne la mise en place de la Commission de finalisation, qui e\u0301tait compose\u0301e d\u2019une soixantaine de personnes venues de divers horizons du pays.<\/p>\n<p>Le Pre\u0301sident GOI\u0308TA compte donc de\u0301sormais sur les autorite\u0301s et le\u0301gitimite\u0301s traditionnelles pour mieux sensibiliser leurs populations respectives autour de ce projet, qui devra poser les jalons du Mali Kura. Il est convaincu qu\u2019une fois adopte\u0301, ce projet donnera au Mali toute sa souverainete\u0301. \u00ab Nous avons accompli notre devoir, le reste du travail vous revient. Informez les populations pour que le re\u0301fe\u0301rendum soit un franc succe\u0300s \u00bb, a exhorte\u0301 le Chef de l\u2019E\u0301tat, Assimi GOI\u0308TA.<\/p>\n<p><strong>Pour plus d&rsquo;informations et d&rsquo;analyses sur la <a href=\"https:\/\/www.africa-press.net\/mali\">Mali<\/a>, suivez <a href=\"https:\/\/www.africa-press.net\/\">Africa-Press<\/a><\/strong><\/p>\n","protected":false},"excerpt":{"rendered":"<p>Africa-Press &#8211; Mali. Le Pre\u0301sident de la Transition, le Colonel Assimi GOI\u0308TA, Chef de l\u2019E\u0301tat, a pre\u0301sente\u0301 hier, lundi 20 mars 2023 au Palais pre\u0301sidentiel de Koulouba, le Projet de Constitution de la Re\u0301publique du Mali aux forces vives de la nation malienne (Socie\u0301te\u0301 civile, Partis politiques, autorite\u0301s et le\u0301gitimite\u0301s traditionnelles, forces arme\u0301es et de [&hellip;]<\/p>\n","protected":false},"author":82,"featured_media":32172,"comment_status":"open","ping_status":"closed","sticky":false,"template":"","format":"standard","meta":{"footnotes":""},"categories":[7,17],"tags":[76,86,19],"class_list":["post-32173","post","type-post","status-publish","format-standard","has-post-thumbnail","hentry","category-politique","category-toutes-les-actualites","tag-africa-press","tag-africa-press-mali","tag-mali"],"yoast_head":"<!-- This site is optimized with the Yoast SEO Premium plugin v26.1 (Yoast SEO v27.0) - https:\/\/yoast.com\/product\/yoast-seo-premium-wordpress\/ -->\n<title>Le Pr\u00e9sident Assimi a pr\u00e9sent\u00e9 le projet de constitution aux forces vives: \u00abInformez les populations pour que le r\u00e9f\u00e9rendum soit un franc succ\u00e8s \u00bb - Mali<\/title>\n<meta name=\"description\" content=\"Le Pre\u0301sident de la Transition, le Colonel Assimi GOI\u0308TA, Chef de l\u2019E\u0301tat, a pre\u0301sente\u0301 hier, lundi 20 mars 2023 au Pala ...\" \/>\n<meta name=\"robots\" content=\"index, follow, max-snippet:-1, max-image-preview:large, max-video-preview:-1\" \/>\n<link rel=\"canonical\" href=\"https:\/\/www.africa-press.net\/mali\/politique\/le-president-assimi-a-presente-le-projet-de-constitution-aux-forces-vives-informez-les-populations-pour-que-le-referendum-soit-un-franc-succes\" \/>\n<meta property=\"og:locale\" content=\"fr_FR\" \/>\n<meta property=\"og:type\" content=\"article\" \/>\n<meta property=\"og:title\" content=\"Le Pr\u00e9sident Assimi a pr\u00e9sent\u00e9 le projet de constitution aux forces vives: \u00abInformez les populations pour que le r\u00e9f\u00e9rendum soit un franc succ\u00e8s \u00bb\" \/>\n<meta property=\"og:description\" content=\"Le Pre\u0301sident de la Transition, le Colonel Assimi GOI\u0308TA, Chef de l\u2019E\u0301tat, a pre\u0301sente\u0301 hier, lundi 20 mars 2023 au Pala ...\" \/>\n<meta property=\"og:url\" content=\"https:\/\/www.africa-press.net\/mali\/politique\/le-president-assimi-a-presente-le-projet-de-constitution-aux-forces-vives-informez-les-populations-pour-que-le-referendum-soit-un-franc-succes\" \/>\n<meta property=\"og:site_name\" content=\"Mali\" \/>\n<meta property=\"article:publisher\" content=\"https:\/\/www.facebook.com\/AfricaPressTunisiaa\" \/>\n<meta property=\"article:published_time\" content=\"2023-03-22T19:12:31+00:00\" \/>\n<meta property=\"article:modified_time\" content=\"2023-03-22T21:12:39+00:00\" \/>\n<meta property=\"og:image\" content=\"https:\/\/static.africa-press.net\/mali\/sites\/21\/2023\/03\/postQueueImg_1679496168.46.jpg\" \/>\n\t<meta property=\"og:image:width\" content=\"1024\" \/>\n\t<meta property=\"og:image:height\" content=\"683\" \/>\n\t<meta property=\"og:image:type\" content=\"image\/jpeg\" \/>\n<meta name=\"author\" content=\"cfeditorfr\" \/>\n<meta name=\"twitter:card\" content=\"summary_large_image\" \/>\n<meta name=\"twitter:label1\" content=\"\u00c9crit par\" \/>\n\t<meta name=\"twitter:data1\" content=\"cfeditorfr\" \/>\n\t<meta name=\"twitter:label2\" content=\"Dur\u00e9e de lecture estim\u00e9e\" \/>\n\t<meta name=\"twitter:data2\" content=\"3 minutes\" \/>\n<script type=\"application\/ld+json\" class=\"yoast-schema-graph\">{\"@context\":\"https:\/\/schema.org\",\"@graph\":[{\"@type\":\"Article\",\"@id\":\"https:\/\/www.africa-press.net\/mali\/politique\/le-president-assimi-a-presente-le-projet-de-constitution-aux-forces-vives-informez-les-populations-pour-que-le-referendum-soit-un-franc-succes#article\",\"isPartOf\":{\"@id\":\"https:\/\/www.africa-press.net\/mali\/politique\/le-president-assimi-a-presente-le-projet-de-constitution-aux-forces-vives-informez-les-populations-pour-que-le-referendum-soit-un-franc-succes\"},\"author\":{\"name\":\"cfeditorfr\",\"@id\":\"https:\/\/www.africa-press.net\/mali\/#\/schema\/person\/2b1cf3cd81a31e3cd26889ca66d677f1\"},\"headline\":\"Le Pr\u00e9sident Assimi a pr\u00e9sent\u00e9 le projet de constitution aux forces vives: \u00abInformez les populations pour que le r\u00e9f\u00e9rendum soit un franc succ\u00e8s \u00bb\",\"datePublished\":\"2023-03-22T19:12:31+00:00\",\"dateModified\":\"2023-03-22T21:12:39+00:00\",\"mainEntityOfPage\":{\"@id\":\"https:\/\/www.africa-press.net\/mali\/politique\/le-president-assimi-a-presente-le-projet-de-constitution-aux-forces-vives-informez-les-populations-pour-que-le-referendum-soit-un-franc-succes\"},\"wordCount\":573,\"commentCount\":0,\"image\":{\"@id\":\"https:\/\/www.africa-press.net\/mali\/politique\/le-president-assimi-a-presente-le-projet-de-constitution-aux-forces-vives-informez-les-populations-pour-que-le-referendum-soit-un-franc-succes#primaryimage\"},\"thumbnailUrl\":\"https:\/\/static.africa-press.net\/mali\/sites\/21\/2023\/03\/postQueueImg_1679496168.46.jpg\",\"keywords\":[\"Africa Press\",\"Africa Press-Mali\",\"mali\"],\"articleSection\":[\"Politique\",\"Toutes les actualit\u00e9s\"],\"inLanguage\":\"fr-FR\",\"potentialAction\":[{\"@type\":\"CommentAction\",\"name\":\"Comment\",\"target\":[\"https:\/\/www.africa-press.net\/mali\/politique\/le-president-assimi-a-presente-le-projet-de-constitution-aux-forces-vives-informez-les-populations-pour-que-le-referendum-soit-un-franc-succes#respond\"]}]},{\"@type\":\"WebPage\",\"@id\":\"https:\/\/www.africa-press.net\/mali\/politique\/le-president-assimi-a-presente-le-projet-de-constitution-aux-forces-vives-informez-les-populations-pour-que-le-referendum-soit-un-franc-succes\",\"url\":\"https:\/\/www.africa-press.net\/mali\/politique\/le-president-assimi-a-presente-le-projet-de-constitution-aux-forces-vives-informez-les-populations-pour-que-le-referendum-soit-un-franc-succes\",\"name\":\"Le Pr\u00e9sident Assimi a pr\u00e9sent\u00e9 le projet de constitution aux forces vives: \u00abInformez les populations pour que le r\u00e9f\u00e9rendum soit un franc succ\u00e8s \u00bb - Mali\",\"isPartOf\":{\"@id\":\"https:\/\/www.africa-press.net\/mali\/#website\"},\"primaryImageOfPage\":{\"@id\":\"https:\/\/www.africa-press.net\/mali\/politique\/le-president-assimi-a-presente-le-projet-de-constitution-aux-forces-vives-informez-les-populations-pour-que-le-referendum-soit-un-franc-succes#primaryimage\"},\"image\":{\"@id\":\"https:\/\/www.africa-press.net\/mali\/politique\/le-president-assimi-a-presente-le-projet-de-constitution-aux-forces-vives-informez-les-populations-pour-que-le-referendum-soit-un-franc-succes#primaryimage\"},\"thumbnailUrl\":\"https:\/\/static.africa-press.net\/mali\/sites\/21\/2023\/03\/postQueueImg_1679496168.46.jpg\",\"datePublished\":\"2023-03-22T19:12:31+00:00\",\"dateModified\":\"2023-03-22T21:12:39+00:00\",\"author\":{\"@id\":\"https:\/\/www.africa-press.net\/mali\/#\/schema\/person\/2b1cf3cd81a31e3cd26889ca66d677f1\"},\"description\":\"Le Pre\u0301sident de la Transition, le Colonel Assimi GOI\u0308TA, Chef de l\u2019E\u0301tat, a pre\u0301sente\u0301 hier, lundi 20 mars 2023 au Pala ...\",\"breadcrumb\":{\"@id\":\"https:\/\/www.africa-press.net\/mali\/politique\/le-president-assimi-a-presente-le-projet-de-constitution-aux-forces-vives-informez-les-populations-pour-que-le-referendum-soit-un-franc-succes#breadcrumb\"},\"inLanguage\":\"fr-FR\",\"potentialAction\":[{\"@type\":\"ReadAction\",\"target\":[\"https:\/\/www.africa-press.net\/mali\/politique\/le-president-assimi-a-presente-le-projet-de-constitution-aux-forces-vives-informez-les-populations-pour-que-le-referendum-soit-un-franc-succes\"]}]},{\"@type\":\"ImageObject\",\"inLanguage\":\"fr-FR\",\"@id\":\"https:\/\/www.africa-press.net\/mali\/politique\/le-president-assimi-a-presente-le-projet-de-constitution-aux-forces-vives-informez-les-populations-pour-que-le-referendum-soit-un-franc-succes#primaryimage\",\"url\":\"https:\/\/static.africa-press.net\/mali\/sites\/21\/2023\/03\/postQueueImg_1679496168.46.jpg\",\"contentUrl\":\"https:\/\/static.africa-press.net\/mali\/sites\/21\/2023\/03\/postQueueImg_1679496168.46.jpg\",\"width\":1024,\"height\":683,\"caption\":\"Le Pr\u00e9sident Assimi a pr\u00e9sent\u00e9 le projet de constitution aux forces vives: \u00abInformez les populations pour que le r\u00e9f\u00e9rendum soit un franc succ\u00e8s \u00bb\"},{\"@type\":\"BreadcrumbList\",\"@id\":\"https:\/\/www.africa-press.net\/mali\/politique\/le-president-assimi-a-presente-le-projet-de-constitution-aux-forces-vives-informez-les-populations-pour-que-le-referendum-soit-un-franc-succes#breadcrumb\",\"itemListElement\":[{\"@type\":\"ListItem\",\"position\":1,\"name\":\"Home\",\"item\":\"https:\/\/www.africa-press.net\/mali\/\"},{\"@type\":\"ListItem\",\"position\":2,\"name\":\"Le Pr\u00e9sident Assimi a pr\u00e9sent\u00e9 le projet de constitution aux forces vives: \u00abInformez les populations pour que le r\u00e9f\u00e9rendum soit un franc succ\u00e8s \u00bb\"}]},{\"@type\":\"WebSite\",\"@id\":\"https:\/\/www.africa-press.net\/mali\/#website\",\"url\":\"https:\/\/www.africa-press.net\/mali\/\",\"name\":\"Mali\",\"description\":\"Just another Africa News Agency Sites site\",\"potentialAction\":[{\"@type\":\"SearchAction\",\"target\":{\"@type\":\"EntryPoint\",\"urlTemplate\":\"https:\/\/www.africa-press.net\/mali\/?s={search_term_string}\"},\"query-input\":{\"@type\":\"PropertyValueSpecification\",\"valueRequired\":true,\"valueName\":\"search_term_string\"}}],\"inLanguage\":\"fr-FR\"},{\"@type\":\"Person\",\"@id\":\"https:\/\/www.africa-press.net\/mali\/#\/schema\/person\/2b1cf3cd81a31e3cd26889ca66d677f1\",\"name\":\"cfeditorfr\"}]}<\/script>\n<!-- \/ Yoast SEO Premium plugin. -->","yoast_head_json":{"title":"Le Pr\u00e9sident Assimi a pr\u00e9sent\u00e9 le projet de constitution aux forces vives: \u00abInformez les populations pour que le r\u00e9f\u00e9rendum soit un franc succ\u00e8s \u00bb - Mali","description":"Le Pre\u0301sident de la Transition, le Colonel Assimi GOI\u0308TA, Chef de l\u2019E\u0301tat, a pre\u0301sente\u0301 hier, lundi 20 mars 2023 au Pala ...","robots":{"index":"index","follow":"follow","max-snippet":"max-snippet:-1","max-image-preview":"max-image-preview:large","max-video-preview":"max-video-preview:-1"},"canonical":"https:\/\/www.africa-press.net\/mali\/politique\/le-president-assimi-a-presente-le-projet-de-constitution-aux-forces-vives-informez-les-populations-pour-que-le-referendum-soit-un-franc-succes","og_locale":"fr_FR","og_type":"article","og_title":"Le Pr\u00e9sident Assimi a pr\u00e9sent\u00e9 le projet de constitution aux forces vives: \u00abInformez les populations pour que le r\u00e9f\u00e9rendum soit un franc succ\u00e8s \u00bb","og_description":"Le Pre\u0301sident de la Transition, le Colonel Assimi GOI\u0308TA, Chef de l\u2019E\u0301tat, a pre\u0301sente\u0301 hier, lundi 20 mars 2023 au Pala ...","og_url":"https:\/\/www.africa-press.net\/mali\/politique\/le-president-assimi-a-presente-le-projet-de-constitution-aux-forces-vives-informez-les-populations-pour-que-le-referendum-soit-un-franc-succes","og_site_name":"Mali","article_publisher":"https:\/\/www.facebook.com\/AfricaPressTunisiaa","article_published_time":"2023-03-22T19:12:31+00:00","article_modified_time":"2023-03-22T21:12:39+00:00","og_image":[{"width":1024,"height":683,"url":"https:\/\/static.africa-press.net\/mali\/sites\/21\/2023\/03\/postQueueImg_1679496168.46.jpg","type":"image\/jpeg"}],"author":"cfeditorfr","twitter_card":"summary_large_image","twitter_misc":{"\u00c9crit par":"cfeditorfr","Dur\u00e9e de lecture estim\u00e9e":"3 minutes"},"schema":{"@context":"https:\/\/schema.org","@graph":[{"@type":"Article","@id":"https:\/\/www.africa-press.net\/mali\/politique\/le-president-assimi-a-presente-le-projet-de-constitution-aux-forces-vives-informez-les-populations-pour-que-le-referendum-soit-un-franc-succes#article","isPartOf":{"@id":"https:\/\/www.africa-press.net\/mali\/politique\/le-president-assimi-a-presente-le-projet-de-constitution-aux-forces-vives-informez-les-populations-pour-que-le-referendum-soit-un-franc-succes"},"author":{"name":"cfeditorfr","@id":"https:\/\/www.africa-press.net\/mali\/#\/schema\/person\/2b1cf3cd81a31e3cd26889ca66d677f1"},"headline":"Le Pr\u00e9sident Assimi a pr\u00e9sent\u00e9 le projet de constitution aux forces vives: \u00abInformez les populations pour que le r\u00e9f\u00e9rendum soit un franc succ\u00e8s \u00bb","datePublished":"2023-03-22T19:12:31+00:00","dateModified":"2023-03-22T21:12:39+00:00","mainEntityOfPage":{"@id":"https:\/\/www.africa-press.net\/mali\/politique\/le-president-assimi-a-presente-le-projet-de-constitution-aux-forces-vives-informez-les-populations-pour-que-le-referendum-soit-un-franc-succes"},"wordCount":573,"commentCount":0,"image":{"@id":"https:\/\/www.africa-press.net\/mali\/politique\/le-president-assimi-a-presente-le-projet-de-constitution-aux-forces-vives-informez-les-populations-pour-que-le-referendum-soit-un-franc-succes#primaryimage"},"thumbnailUrl":"https:\/\/static.africa-press.net\/mali\/sites\/21\/2023\/03\/postQueueImg_1679496168.46.jpg","keywords":["Africa Press","Africa Press-Mali","mali"],"articleSection":["Politique","Toutes les actualit\u00e9s"],"inLanguage":"fr-FR","potentialAction":[{"@type":"CommentAction","name":"Comment","target":["https:\/\/www.africa-press.net\/mali\/politique\/le-president-assimi-a-presente-le-projet-de-constitution-aux-forces-vives-informez-les-populations-pour-que-le-referendum-soit-un-franc-succes#respond"]}]},{"@type":"WebPage","@id":"https:\/\/www.africa-press.net\/mali\/politique\/le-president-assimi-a-presente-le-projet-de-constitution-aux-forces-vives-informez-les-populations-pour-que-le-referendum-soit-un-franc-succes","url":"https:\/\/www.africa-press.net\/mali\/politique\/le-president-assimi-a-presente-le-projet-de-constitution-aux-forces-vives-informez-les-populations-pour-que-le-referendum-soit-un-franc-succes","name":"Le Pr\u00e9sident Assimi a pr\u00e9sent\u00e9 le projet de constitution aux forces vives: \u00abInformez les populations pour que le r\u00e9f\u00e9rendum soit un franc succ\u00e8s \u00bb - Mali","isPartOf":{"@id":"https:\/\/www.africa-press.net\/mali\/#website"},"primaryImageOfPage":{"@id":"https:\/\/www.africa-press.net\/mali\/politique\/le-president-assimi-a-presente-le-projet-de-constitution-aux-forces-vives-informez-les-populations-pour-que-le-referendum-soit-un-franc-succes#primaryimage"},"image":{"@id":"https:\/\/www.africa-press.net\/mali\/politique\/le-president-assimi-a-presente-le-projet-de-constitution-aux-forces-vives-informez-les-populations-pour-que-le-referendum-soit-un-franc-succes#primaryimage"},"thumbnailUrl":"https:\/\/static.africa-press.net\/mali\/sites\/21\/2023\/03\/postQueueImg_1679496168.46.jpg","datePublished":"2023-03-22T19:12:31+00:00","dateModified":"2023-03-22T21:12:39+00:00","author":{"@id":"https:\/\/www.africa-press.net\/mali\/#\/schema\/person\/2b1cf3cd81a31e3cd26889ca66d677f1"},"description":"Le Pre\u0301sident de la Transition, le Colonel Assimi GOI\u0308TA, Chef de l\u2019E\u0301tat, a pre\u0301sente\u0301 hier, lundi 20 mars 2023 au Pala ...","breadcrumb":{"@id":"https:\/\/www.africa-press.net\/mali\/politique\/le-president-assimi-a-presente-le-projet-de-constitution-aux-forces-vives-informez-les-populations-pour-que-le-referendum-soit-un-franc-succes#breadcrumb"},"inLanguage":"fr-FR","potentialAction":[{"@type":"ReadAction","target":["https:\/\/www.africa-press.net\/mali\/politique\/le-president-assimi-a-presente-le-projet-de-constitution-aux-forces-vives-informez-les-populations-pour-que-le-referendum-soit-un-franc-succes"]}]},{"@type":"ImageObject","inLanguage":"fr-FR","@id":"https:\/\/www.africa-press.net\/mali\/politique\/le-president-assimi-a-presente-le-projet-de-constitution-aux-forces-vives-informez-les-populations-pour-que-le-referendum-soit-un-franc-succes#primaryimage","url":"https:\/\/static.africa-press.net\/mali\/sites\/21\/2023\/03\/postQueueImg_1679496168.46.jpg","contentUrl":"https:\/\/static.africa-press.net\/mali\/sites\/21\/2023\/03\/postQueueImg_1679496168.46.jpg","width":1024,"height":683,"caption":"Le Pr\u00e9sident Assimi a pr\u00e9sent\u00e9 le projet de constitution aux forces vives: \u00abInformez les populations pour que le r\u00e9f\u00e9rendum soit un franc succ\u00e8s \u00bb"},{"@type":"BreadcrumbList","@id":"https:\/\/www.africa-press.net\/mali\/politique\/le-president-assimi-a-presente-le-projet-de-constitution-aux-forces-vives-informez-les-populations-pour-que-le-referendum-soit-un-franc-succes#breadcrumb","itemListElement":[{"@type":"ListItem","position":1,"name":"Home","item":"https:\/\/www.africa-press.net\/mali\/"},{"@type":"ListItem","position":2,"name":"Le Pr\u00e9sident Assimi a pr\u00e9sent\u00e9 le projet de constitution aux forces vives: \u00abInformez les populations pour que le r\u00e9f\u00e9rendum soit un franc succ\u00e8s \u00bb"}]},{"@type":"WebSite","@id":"https:\/\/www.africa-press.net\/mali\/#website","url":"https:\/\/www.africa-press.net\/mali\/","name":"Mali","description":"Just another Africa News Agency Sites site","potentialAction":[{"@type":"SearchAction","target":{"@type":"EntryPoint","urlTemplate":"https:\/\/www.africa-press.net\/mali\/?s={search_term_string}"},"query-input":{"@type":"PropertyValueSpecification","valueRequired":true,"valueName":"search_term_string"}}],"inLanguage":"fr-FR"},{"@type":"Person","@id":"https:\/\/www.africa-press.net\/mali\/#\/schema\/person\/2b1cf3cd81a31e3cd26889ca66d677f1","name":"cfeditorfr"}]}},"_links":{"self":[{"href":"https:\/\/www.africa-press.net\/mali\/wp-json\/wp\/v2\/posts\/32173","targetHints":{"allow":["GET"]}}],"collection":[{"href":"https:\/\/www.africa-press.net\/mali\/wp-json\/wp\/v2\/posts"}],"about":[{"href":"https:\/\/www.africa-press.net\/mali\/wp-json\/wp\/v2\/types\/post"}],"author":[{"embeddable":true,"href":"https:\/\/www.africa-press.net\/mali\/wp-json\/wp\/v2\/users\/82"}],"replies":[{"embeddable":true,"href":"https:\/\/www.africa-press.net\/mali\/wp-json\/wp\/v2\/comments?post=32173"}],"version-history":[{"count":0,"href":"https:\/\/www.africa-press.net\/mali\/wp-json\/wp\/v2\/posts\/32173\/revisions"}],"wp:featuredmedia":[{"embeddable":true,"href":"https:\/\/www.africa-press.net\/mali\/wp-json\/wp\/v2\/media\/32172"}],"wp:attachment":[{"href":"https:\/\/www.africa-press.net\/mali\/wp-json\/wp\/v2\/media?parent=32173"}],"wp:term":[{"taxonomy":"category","embeddable":true,"href":"https:\/\/www.africa-press.net\/mali\/wp-json\/wp\/v2\/categories?post=32173"},{"taxonomy":"post_tag","embeddable":true,"href":"https:\/\/www.africa-press.net\/mali\/wp-json\/wp\/v2\/tags?post=32173"}],"curies":[{"name":"wp","href":"https:\/\/api.w.org\/{rel}","templated":true}]}}