{"id":32175,"date":"2023-03-22T19:13:42","date_gmt":"2023-03-22T19:13:42","guid":{"rendered":"https:\/\/www.africa-press.net\/mali\/politique\/retour-daliou-boubacar-diallo-au-pays-nioro-du-sahel-a-vibre-de-sa-presence"},"modified":"2023-03-22T21:13:10","modified_gmt":"2023-03-22T21:13:10","slug":"retour-daliou-boubacar-diallo-au-pays-nioro-du-sahel-a-vibre-de-sa-presence","status":"publish","type":"post","link":"https:\/\/www.africa-press.net\/mali\/politique\/retour-daliou-boubacar-diallo-au-pays-nioro-du-sahel-a-vibre-de-sa-presence","title":{"rendered":"Retour d\u2019Aliou Boubacar Diallo au pays : Nioro du Sahel a vibr\u00e9 de sa pr\u00e9sence !"},"content":{"rendered":"<p><span style=\"color: #ff6600\"><strong>Africa-Press &#8211; Mali. <\/strong><\/span>A peine arrive\u0301 au pays particulie\u0300rement dans la capitale malienne, le pre\u0301sident d\u2019honneur du parti Alliance De\u0301mocratique (ADP-Maliba), Aliou Boubacar Diallo s\u2019est vite de\u0301place\u0301 pour Nioro du Sahel en rencontrant le Che\u0301rif Bouye\u0301 Hai\u0308dara qui repre\u0301sente a\u0300 ses yeux plus qu\u2019une figure paternelle.<\/p>\n<p>Aliou Boubacar Diallo, 3e\u0300me lors de la dernie\u0300re pre\u0301sidentielle a rencontre\u0301 le che\u0301rif Bouye\u0301 Hai\u0308dara apre\u0300s sa longue dure\u0301e hors du pays. L\u2019impact de ses activite\u0301s ainsi que son apport a\u0300 l\u2019e\u0301conomie nationale a\u0300 travers des re\u0301seaux internationaux qui lui auront permis de man\u0153uvrer au profit du Mali lors des sanctions re\u0301gionales et continentales.<\/p>\n<p>Arrive\u0301 a\u0300 Bamako mardi 14 mars 2023, l\u2019international homme d\u2019affaires est accueilli en fanfare par sa famille politique et ses collaborateurs directs mais ne dure que 48h. Le jeudi matin tre\u0300s to\u0302t, il se rend dans la ville de Nioro du Sahel ou\u0300 il a tenu a\u0300 revoir son pe\u0300re spirituel. Nioro du Sahel est devenu une destination tre\u0300s fre\u0301quente\u0301e ces derniers temps pour se\u0301duire le mai\u0302tre des lieux afin qu\u2019il accorde sa caution au projet de constitution a\u0300 soumettre a\u0300 l\u2019appre\u0301ciation du peuple. De\u0300s son Arrive\u0301e a\u0300 Nioro du Sahel, l\u2019ancien de\u0301pute\u0301 de Kayes a e\u0301te\u0301 accueilli par la famille che\u0301rifienne et nombre d\u2019autres sympathisants. Les images de cette visite ont e\u0301te\u0301 largement surfe\u0301es sur les re\u0301seaux sociaux. Une cascade de be\u0301ne\u0301dictions du pe\u0300re au fils a e\u0301te\u0301 faite.<\/p>\n<p>Le fondateur du groupe Hydroma a pris conseil aupre\u0300s du che\u0301rif Bouye\u0301 HaI\u0308dara avant de regagner Bamako ou\u0300 les re\u0301unions qu\u2019il a avec son staff professionnel, politique et ses proches ces jours-ci, situe sur sa posture dans un Mali ou\u0300 les divergences sont de plus en plus affiche\u0301es.<\/p>\n<p>A chaque occasion, le pre\u0301sident de la fondation Maliba multiplie les sorties a\u0300 chaque page de l\u2019histoire du pays a\u0300 savoir : Le nouvel an, la fe\u0302te de l\u2019arme\u0301e et la journe\u0301e du 8mars ou\u0300 il a fait le bilan de son soutien aux femmes qui date de plus de 20 ans.<\/p>\n<p><b>8 mars 2023<\/b><\/p>\n<p>Aliou Boubacar Diallo exhortent les femmes a\u0300 pro\u0302ner le pacte de stabilite\u0301. Apre\u0300s sa sortie de\u0301die\u0301e a\u0300 l\u2019arme\u0301e nationale, l\u2019ex patron de Wassoul\u2019Or a pense\u0301 a\u0300 la femme malienne lors de la journe\u0301e internationale des droits de la femme. Dans son intervention avant qu\u2019il ne rentre au pays, Aliou Boubacar Diallo a invite\u0301 les dames a\u0300 la mobilisation en rappelant qu\u2019elles demeurent les premie\u0300res victimes du conflit que vit le Mali. Il a rappele\u0301 que cette journe\u0301e de\u0301die\u0301e aux me\u0300res, e\u0301pouses, s\u0153urs et filles nous rappelle le ro\u0302le des femmes dans la lutte que me\u0300ne le Mali contre le terrorisme depuis plus de 10 ans et dont les femmes sont les premie\u0300res victimes. Il a pre\u0301sente\u0301 ses condole\u0301ances aux familles de toutes les victimes civiles et militaires de cette douloureuse crise se\u0301curitaire.<\/p>\n<p>Aliou Boubacar Diallo a re\u0301ite\u0301re\u0301 son appel aux femmes du Mali, ainsi qu\u2019aux autres couches de socie\u0301te\u0301 malienne pour sceller un pacte de stabilite\u0301 avec les objectifs qui sont : Retrouver la paix et la stabilite\u0301 indispensable pour que le Mali connaisse l\u2019essor e\u0301conomique qu\u2019il me\u0301rite ; mettre en valeur les pre\u0301cieuses richesses et les e\u0301normes potentialite\u0301s dont regorgent toutes les re\u0301gions du Mali au profit de tous ses enfants et permettre a\u0300 notre pays de retrouver sa place dans le concert des Nations. En de\u0301finitive, Nioro du Sahel a vibre\u0301 de sa pre\u0301sence.<\/p>\n<p><strong>Pour plus d&rsquo;informations et d&rsquo;analyses sur la <a href=\"https:\/\/www.africa-press.net\/mali\">Mali<\/a>, suivez <a href=\"https:\/\/www.africa-press.net\/\">Africa-Press<\/a><\/strong><\/p>\n","protected":false},"excerpt":{"rendered":"<p>Africa-Press &#8211; Mali. A peine arrive\u0301 au pays particulie\u0300rement dans la capitale malienne, le pre\u0301sident d\u2019honneur du parti Alliance De\u0301mocratique (ADP-Maliba), Aliou Boubacar Diallo s\u2019est vite de\u0301place\u0301 pour Nioro du Sahel en rencontrant le Che\u0301rif Bouye\u0301 Hai\u0308dara qui repre\u0301sente a\u0300 ses yeux plus qu\u2019une figure paternelle. Aliou Boubacar Diallo, 3e\u0300me lors de la dernie\u0300re pre\u0301sidentielle [&hellip;]<\/p>\n","protected":false},"author":82,"featured_media":32174,"comment_status":"open","ping_status":"closed","sticky":false,"template":"","format":"standard","meta":{"footnotes":""},"categories":[7,17],"tags":[76,86,19],"class_list":["post-32175","post","type-post","status-publish","format-standard","has-post-thumbnail","hentry","category-politique","category-toutes-les-actualites","tag-africa-press","tag-africa-press-mali","tag-mali"],"yoast_head":"<!-- This site is optimized with the Yoast SEO Premium plugin v26.1 (Yoast SEO v27.0) - https:\/\/yoast.com\/product\/yoast-seo-premium-wordpress\/ -->\n<title>Retour d\u2019Aliou Boubacar Diallo au pays : Nioro du Sahel a vibr\u00e9 de sa pr\u00e9sence ! - Mali<\/title>\n<meta name=\"description\" content=\"A peine arrive\u0301 au pays particulie\u0300rement dans la capitale malienne, le pre\u0301sident d\u2019honneur du parti Alliance De\u0301mocrat ...\" \/>\n<meta name=\"robots\" content=\"index, follow, max-snippet:-1, max-image-preview:large, max-video-preview:-1\" \/>\n<link rel=\"canonical\" href=\"https:\/\/www.africa-press.net\/mali\/politique\/retour-daliou-boubacar-diallo-au-pays-nioro-du-sahel-a-vibre-de-sa-presence\" \/>\n<meta property=\"og:locale\" content=\"fr_FR\" \/>\n<meta property=\"og:type\" content=\"article\" \/>\n<meta property=\"og:title\" content=\"Retour d\u2019Aliou Boubacar Diallo au pays : Nioro du Sahel a vibr\u00e9 de sa pr\u00e9sence !\" \/>\n<meta property=\"og:description\" content=\"A peine arrive\u0301 au pays particulie\u0300rement dans la capitale malienne, le pre\u0301sident d\u2019honneur du parti Alliance De\u0301mocrat ...\" \/>\n<meta property=\"og:url\" content=\"https:\/\/www.africa-press.net\/mali\/politique\/retour-daliou-boubacar-diallo-au-pays-nioro-du-sahel-a-vibre-de-sa-presence\" \/>\n<meta property=\"og:site_name\" content=\"Mali\" \/>\n<meta property=\"article:publisher\" content=\"https:\/\/www.facebook.com\/AfricaPressTunisiaa\" \/>\n<meta property=\"article:published_time\" content=\"2023-03-22T19:13:42+00:00\" \/>\n<meta property=\"article:modified_time\" content=\"2023-03-22T21:13:10+00:00\" \/>\n<meta property=\"og:image\" content=\"https:\/\/static.africa-press.net\/mali\/sites\/21\/2023\/03\/postQueueImg_1679496238.20.jpg\" \/>\n\t<meta property=\"og:image:width\" content=\"720\" \/>\n\t<meta property=\"og:image:height\" content=\"405\" \/>\n\t<meta property=\"og:image:type\" content=\"image\/jpeg\" \/>\n<meta name=\"author\" content=\"cfeditorfr\" \/>\n<meta name=\"twitter:card\" content=\"summary_large_image\" \/>\n<meta name=\"twitter:label1\" content=\"\u00c9crit par\" \/>\n\t<meta name=\"twitter:data1\" content=\"cfeditorfr\" \/>\n\t<meta name=\"twitter:label2\" content=\"Dur\u00e9e de lecture estim\u00e9e\" \/>\n\t<meta name=\"twitter:data2\" content=\"3 minutes\" \/>\n<script type=\"application\/ld+json\" class=\"yoast-schema-graph\">{\"@context\":\"https:\/\/schema.org\",\"@graph\":[{\"@type\":\"Article\",\"@id\":\"https:\/\/www.africa-press.net\/mali\/politique\/retour-daliou-boubacar-diallo-au-pays-nioro-du-sahel-a-vibre-de-sa-presence#article\",\"isPartOf\":{\"@id\":\"https:\/\/www.africa-press.net\/mali\/politique\/retour-daliou-boubacar-diallo-au-pays-nioro-du-sahel-a-vibre-de-sa-presence\"},\"author\":{\"name\":\"cfeditorfr\",\"@id\":\"https:\/\/www.africa-press.net\/mali\/#\/schema\/person\/2b1cf3cd81a31e3cd26889ca66d677f1\"},\"headline\":\"Retour d\u2019Aliou Boubacar Diallo au pays : Nioro du Sahel a vibr\u00e9 de sa pr\u00e9sence !\",\"datePublished\":\"2023-03-22T19:13:42+00:00\",\"dateModified\":\"2023-03-22T21:13:10+00:00\",\"mainEntityOfPage\":{\"@id\":\"https:\/\/www.africa-press.net\/mali\/politique\/retour-daliou-boubacar-diallo-au-pays-nioro-du-sahel-a-vibre-de-sa-presence\"},\"wordCount\":679,\"commentCount\":0,\"image\":{\"@id\":\"https:\/\/www.africa-press.net\/mali\/politique\/retour-daliou-boubacar-diallo-au-pays-nioro-du-sahel-a-vibre-de-sa-presence#primaryimage\"},\"thumbnailUrl\":\"https:\/\/static.africa-press.net\/mali\/sites\/21\/2023\/03\/postQueueImg_1679496238.20.jpg\",\"keywords\":[\"Africa Press\",\"Africa Press-Mali\",\"mali\"],\"articleSection\":[\"Politique\",\"Toutes les actualit\u00e9s\"],\"inLanguage\":\"fr-FR\",\"potentialAction\":[{\"@type\":\"CommentAction\",\"name\":\"Comment\",\"target\":[\"https:\/\/www.africa-press.net\/mali\/politique\/retour-daliou-boubacar-diallo-au-pays-nioro-du-sahel-a-vibre-de-sa-presence#respond\"]}]},{\"@type\":\"WebPage\",\"@id\":\"https:\/\/www.africa-press.net\/mali\/politique\/retour-daliou-boubacar-diallo-au-pays-nioro-du-sahel-a-vibre-de-sa-presence\",\"url\":\"https:\/\/www.africa-press.net\/mali\/politique\/retour-daliou-boubacar-diallo-au-pays-nioro-du-sahel-a-vibre-de-sa-presence\",\"name\":\"Retour d\u2019Aliou Boubacar Diallo au pays : Nioro du Sahel a vibr\u00e9 de sa pr\u00e9sence ! - Mali\",\"isPartOf\":{\"@id\":\"https:\/\/www.africa-press.net\/mali\/#website\"},\"primaryImageOfPage\":{\"@id\":\"https:\/\/www.africa-press.net\/mali\/politique\/retour-daliou-boubacar-diallo-au-pays-nioro-du-sahel-a-vibre-de-sa-presence#primaryimage\"},\"image\":{\"@id\":\"https:\/\/www.africa-press.net\/mali\/politique\/retour-daliou-boubacar-diallo-au-pays-nioro-du-sahel-a-vibre-de-sa-presence#primaryimage\"},\"thumbnailUrl\":\"https:\/\/static.africa-press.net\/mali\/sites\/21\/2023\/03\/postQueueImg_1679496238.20.jpg\",\"datePublished\":\"2023-03-22T19:13:42+00:00\",\"dateModified\":\"2023-03-22T21:13:10+00:00\",\"author\":{\"@id\":\"https:\/\/www.africa-press.net\/mali\/#\/schema\/person\/2b1cf3cd81a31e3cd26889ca66d677f1\"},\"description\":\"A peine arrive\u0301 au pays particulie\u0300rement dans la capitale malienne, le pre\u0301sident d\u2019honneur du parti Alliance De\u0301mocrat ...\",\"breadcrumb\":{\"@id\":\"https:\/\/www.africa-press.net\/mali\/politique\/retour-daliou-boubacar-diallo-au-pays-nioro-du-sahel-a-vibre-de-sa-presence#breadcrumb\"},\"inLanguage\":\"fr-FR\",\"potentialAction\":[{\"@type\":\"ReadAction\",\"target\":[\"https:\/\/www.africa-press.net\/mali\/politique\/retour-daliou-boubacar-diallo-au-pays-nioro-du-sahel-a-vibre-de-sa-presence\"]}]},{\"@type\":\"ImageObject\",\"inLanguage\":\"fr-FR\",\"@id\":\"https:\/\/www.africa-press.net\/mali\/politique\/retour-daliou-boubacar-diallo-au-pays-nioro-du-sahel-a-vibre-de-sa-presence#primaryimage\",\"url\":\"https:\/\/static.africa-press.net\/mali\/sites\/21\/2023\/03\/postQueueImg_1679496238.20.jpg\",\"contentUrl\":\"https:\/\/static.africa-press.net\/mali\/sites\/21\/2023\/03\/postQueueImg_1679496238.20.jpg\",\"width\":720,\"height\":405,\"caption\":\"Retour d\u2019Aliou Boubacar Diallo au pays : Nioro du Sahel a vibr\u00e9 de sa pr\u00e9sence !\"},{\"@type\":\"BreadcrumbList\",\"@id\":\"https:\/\/www.africa-press.net\/mali\/politique\/retour-daliou-boubacar-diallo-au-pays-nioro-du-sahel-a-vibre-de-sa-presence#breadcrumb\",\"itemListElement\":[{\"@type\":\"ListItem\",\"position\":1,\"name\":\"Home\",\"item\":\"https:\/\/www.africa-press.net\/mali\/\"},{\"@type\":\"ListItem\",\"position\":2,\"name\":\"Retour d\u2019Aliou Boubacar Diallo au pays : Nioro du Sahel a vibr\u00e9 de sa pr\u00e9sence !\"}]},{\"@type\":\"WebSite\",\"@id\":\"https:\/\/www.africa-press.net\/mali\/#website\",\"url\":\"https:\/\/www.africa-press.net\/mali\/\",\"name\":\"Mali\",\"description\":\"Just another Africa News Agency Sites site\",\"potentialAction\":[{\"@type\":\"SearchAction\",\"target\":{\"@type\":\"EntryPoint\",\"urlTemplate\":\"https:\/\/www.africa-press.net\/mali\/?s={search_term_string}\"},\"query-input\":{\"@type\":\"PropertyValueSpecification\",\"valueRequired\":true,\"valueName\":\"search_term_string\"}}],\"inLanguage\":\"fr-FR\"},{\"@type\":\"Person\",\"@id\":\"https:\/\/www.africa-press.net\/mali\/#\/schema\/person\/2b1cf3cd81a31e3cd26889ca66d677f1\",\"name\":\"cfeditorfr\"}]}<\/script>\n<!-- \/ Yoast SEO Premium plugin. -->","yoast_head_json":{"title":"Retour d\u2019Aliou Boubacar Diallo au pays : Nioro du Sahel a vibr\u00e9 de sa pr\u00e9sence ! - Mali","description":"A peine arrive\u0301 au pays particulie\u0300rement dans la capitale malienne, le pre\u0301sident d\u2019honneur du parti Alliance De\u0301mocrat ...","robots":{"index":"index","follow":"follow","max-snippet":"max-snippet:-1","max-image-preview":"max-image-preview:large","max-video-preview":"max-video-preview:-1"},"canonical":"https:\/\/www.africa-press.net\/mali\/politique\/retour-daliou-boubacar-diallo-au-pays-nioro-du-sahel-a-vibre-de-sa-presence","og_locale":"fr_FR","og_type":"article","og_title":"Retour d\u2019Aliou Boubacar Diallo au pays : Nioro du Sahel a vibr\u00e9 de sa pr\u00e9sence !","og_description":"A peine arrive\u0301 au pays particulie\u0300rement dans la capitale malienne, le pre\u0301sident d\u2019honneur du parti Alliance De\u0301mocrat ...","og_url":"https:\/\/www.africa-press.net\/mali\/politique\/retour-daliou-boubacar-diallo-au-pays-nioro-du-sahel-a-vibre-de-sa-presence","og_site_name":"Mali","article_publisher":"https:\/\/www.facebook.com\/AfricaPressTunisiaa","article_published_time":"2023-03-22T19:13:42+00:00","article_modified_time":"2023-03-22T21:13:10+00:00","og_image":[{"width":720,"height":405,"url":"https:\/\/static.africa-press.net\/mali\/sites\/21\/2023\/03\/postQueueImg_1679496238.20.jpg","type":"image\/jpeg"}],"author":"cfeditorfr","twitter_card":"summary_large_image","twitter_misc":{"\u00c9crit par":"cfeditorfr","Dur\u00e9e de lecture estim\u00e9e":"3 minutes"},"schema":{"@context":"https:\/\/schema.org","@graph":[{"@type":"Article","@id":"https:\/\/www.africa-press.net\/mali\/politique\/retour-daliou-boubacar-diallo-au-pays-nioro-du-sahel-a-vibre-de-sa-presence#article","isPartOf":{"@id":"https:\/\/www.africa-press.net\/mali\/politique\/retour-daliou-boubacar-diallo-au-pays-nioro-du-sahel-a-vibre-de-sa-presence"},"author":{"name":"cfeditorfr","@id":"https:\/\/www.africa-press.net\/mali\/#\/schema\/person\/2b1cf3cd81a31e3cd26889ca66d677f1"},"headline":"Retour d\u2019Aliou Boubacar Diallo au pays : Nioro du Sahel a vibr\u00e9 de sa pr\u00e9sence !","datePublished":"2023-03-22T19:13:42+00:00","dateModified":"2023-03-22T21:13:10+00:00","mainEntityOfPage":{"@id":"https:\/\/www.africa-press.net\/mali\/politique\/retour-daliou-boubacar-diallo-au-pays-nioro-du-sahel-a-vibre-de-sa-presence"},"wordCount":679,"commentCount":0,"image":{"@id":"https:\/\/www.africa-press.net\/mali\/politique\/retour-daliou-boubacar-diallo-au-pays-nioro-du-sahel-a-vibre-de-sa-presence#primaryimage"},"thumbnailUrl":"https:\/\/static.africa-press.net\/mali\/sites\/21\/2023\/03\/postQueueImg_1679496238.20.jpg","keywords":["Africa Press","Africa Press-Mali","mali"],"articleSection":["Politique","Toutes les actualit\u00e9s"],"inLanguage":"fr-FR","potentialAction":[{"@type":"CommentAction","name":"Comment","target":["https:\/\/www.africa-press.net\/mali\/politique\/retour-daliou-boubacar-diallo-au-pays-nioro-du-sahel-a-vibre-de-sa-presence#respond"]}]},{"@type":"WebPage","@id":"https:\/\/www.africa-press.net\/mali\/politique\/retour-daliou-boubacar-diallo-au-pays-nioro-du-sahel-a-vibre-de-sa-presence","url":"https:\/\/www.africa-press.net\/mali\/politique\/retour-daliou-boubacar-diallo-au-pays-nioro-du-sahel-a-vibre-de-sa-presence","name":"Retour d\u2019Aliou Boubacar Diallo au pays : Nioro du Sahel a vibr\u00e9 de sa pr\u00e9sence ! - Mali","isPartOf":{"@id":"https:\/\/www.africa-press.net\/mali\/#website"},"primaryImageOfPage":{"@id":"https:\/\/www.africa-press.net\/mali\/politique\/retour-daliou-boubacar-diallo-au-pays-nioro-du-sahel-a-vibre-de-sa-presence#primaryimage"},"image":{"@id":"https:\/\/www.africa-press.net\/mali\/politique\/retour-daliou-boubacar-diallo-au-pays-nioro-du-sahel-a-vibre-de-sa-presence#primaryimage"},"thumbnailUrl":"https:\/\/static.africa-press.net\/mali\/sites\/21\/2023\/03\/postQueueImg_1679496238.20.jpg","datePublished":"2023-03-22T19:13:42+00:00","dateModified":"2023-03-22T21:13:10+00:00","author":{"@id":"https:\/\/www.africa-press.net\/mali\/#\/schema\/person\/2b1cf3cd81a31e3cd26889ca66d677f1"},"description":"A peine arrive\u0301 au pays particulie\u0300rement dans la capitale malienne, le pre\u0301sident d\u2019honneur du parti Alliance De\u0301mocrat ...","breadcrumb":{"@id":"https:\/\/www.africa-press.net\/mali\/politique\/retour-daliou-boubacar-diallo-au-pays-nioro-du-sahel-a-vibre-de-sa-presence#breadcrumb"},"inLanguage":"fr-FR","potentialAction":[{"@type":"ReadAction","target":["https:\/\/www.africa-press.net\/mali\/politique\/retour-daliou-boubacar-diallo-au-pays-nioro-du-sahel-a-vibre-de-sa-presence"]}]},{"@type":"ImageObject","inLanguage":"fr-FR","@id":"https:\/\/www.africa-press.net\/mali\/politique\/retour-daliou-boubacar-diallo-au-pays-nioro-du-sahel-a-vibre-de-sa-presence#primaryimage","url":"https:\/\/static.africa-press.net\/mali\/sites\/21\/2023\/03\/postQueueImg_1679496238.20.jpg","contentUrl":"https:\/\/static.africa-press.net\/mali\/sites\/21\/2023\/03\/postQueueImg_1679496238.20.jpg","width":720,"height":405,"caption":"Retour d\u2019Aliou Boubacar Diallo au pays : Nioro du Sahel a vibr\u00e9 de sa pr\u00e9sence !"},{"@type":"BreadcrumbList","@id":"https:\/\/www.africa-press.net\/mali\/politique\/retour-daliou-boubacar-diallo-au-pays-nioro-du-sahel-a-vibre-de-sa-presence#breadcrumb","itemListElement":[{"@type":"ListItem","position":1,"name":"Home","item":"https:\/\/www.africa-press.net\/mali\/"},{"@type":"ListItem","position":2,"name":"Retour d\u2019Aliou Boubacar Diallo au pays : Nioro du Sahel a vibr\u00e9 de sa pr\u00e9sence !"}]},{"@type":"WebSite","@id":"https:\/\/www.africa-press.net\/mali\/#website","url":"https:\/\/www.africa-press.net\/mali\/","name":"Mali","description":"Just another Africa News Agency Sites site","potentialAction":[{"@type":"SearchAction","target":{"@type":"EntryPoint","urlTemplate":"https:\/\/www.africa-press.net\/mali\/?s={search_term_string}"},"query-input":{"@type":"PropertyValueSpecification","valueRequired":true,"valueName":"search_term_string"}}],"inLanguage":"fr-FR"},{"@type":"Person","@id":"https:\/\/www.africa-press.net\/mali\/#\/schema\/person\/2b1cf3cd81a31e3cd26889ca66d677f1","name":"cfeditorfr"}]}},"_links":{"self":[{"href":"https:\/\/www.africa-press.net\/mali\/wp-json\/wp\/v2\/posts\/32175","targetHints":{"allow":["GET"]}}],"collection":[{"href":"https:\/\/www.africa-press.net\/mali\/wp-json\/wp\/v2\/posts"}],"about":[{"href":"https:\/\/www.africa-press.net\/mali\/wp-json\/wp\/v2\/types\/post"}],"author":[{"embeddable":true,"href":"https:\/\/www.africa-press.net\/mali\/wp-json\/wp\/v2\/users\/82"}],"replies":[{"embeddable":true,"href":"https:\/\/www.africa-press.net\/mali\/wp-json\/wp\/v2\/comments?post=32175"}],"version-history":[{"count":0,"href":"https:\/\/www.africa-press.net\/mali\/wp-json\/wp\/v2\/posts\/32175\/revisions"}],"wp:featuredmedia":[{"embeddable":true,"href":"https:\/\/www.africa-press.net\/mali\/wp-json\/wp\/v2\/media\/32174"}],"wp:attachment":[{"href":"https:\/\/www.africa-press.net\/mali\/wp-json\/wp\/v2\/media?parent=32175"}],"wp:term":[{"taxonomy":"category","embeddable":true,"href":"https:\/\/www.africa-press.net\/mali\/wp-json\/wp\/v2\/categories?post=32175"},{"taxonomy":"post_tag","embeddable":true,"href":"https:\/\/www.africa-press.net\/mali\/wp-json\/wp\/v2\/tags?post=32175"}],"curies":[{"name":"wp","href":"https:\/\/api.w.org\/{rel}","templated":true}]}}