{"id":32180,"date":"2023-03-22T19:16:38","date_gmt":"2023-03-22T19:16:38","guid":{"rendered":"https:\/\/www.africa-press.net\/mali\/politique\/acnoa-le-mali-elu-a-la-commission-des-athletes"},"modified":"2023-03-22T21:14:03","modified_gmt":"2023-03-22T21:14:03","slug":"acnoa-le-mali-elu-a-la-commission-des-athletes","status":"publish","type":"post","link":"https:\/\/www.africa-press.net\/mali\/sports\/acnoa-le-mali-elu-a-la-commission-des-athletes","title":{"rendered":"ACNOA : Le Mali \u00e9lu \u00e0 la commission des athl\u00e8tes"},"content":{"rendered":"<p><span style=\"color: #ff6600\"><strong>Africa-Press &#8211; Mali. <\/strong><\/span>Les travaux du Forum des athle\u0300tes africains, organise\u0301 par l\u2019Association des Comite\u0301s nationaux olympiques d\u2019Afrique (ACNOA) se sont tenus du 11 au 12 mars a\u0300 Alger (Alge\u0301rie). Cette rencontre a enregistre\u0301 la participation des repre\u0301sentants des 54 Comite\u0301s nationaux olympiques d\u2019Afrique (CNO). De\u0301sormais, notre pays sie\u0300ge a\u0300 la commission des athle\u0300tes de l\u2019ACNOA a\u0300 travers la sprinteuse Dje\u0301ne\u0301bou Dante\u0301, pre\u0301sidente de la commission des athle\u0300tes du Mali.<\/p>\n<p>Organise\u0301 en collaboration avec le Comite\u0301 international olympique (CIO), le Forum d\u2019Alger a permis aux repre\u0301sentants des athle\u0300tes du continent de de\u0301battre des grandes questions qui les concernent et d\u2019e\u0301lire leurs repre\u0301sentants dans la commission de l\u2019ACNOA. Pre\u0301sidente de la commission des athle\u0300tes du Mali, Dje\u0301ne\u0301bou Dante\u0301 a e\u0301te\u0301 e\u0301lue a\u0300 la commission des athle\u0300tes (au nom de la zone II) a\u0300 l\u2019issue d\u2019un vote contre une Mauritanienne. La pre\u0301sidente de l\u2019Association \u00ab4DMALI\u00bb (Dje\u0301ne\u0301bou Dante\u0301 pour le De\u0301veloppement Durable) a be\u0301ne\u0301ficie\u0301 du soutien de 6 voix contre 1 a\u0300 son adversaire.<\/p>\n<p>Ainsi, Dje\u0301ne\u0301bou est de\u0301sormais membre de la commission des athle\u0300tes de l\u2019ACNOA avec le Se\u0301ne\u0301galais Balla Dieng au nom de la Zone II. A noter que la ce\u0301re\u0301monie d\u2019ouverture de travaux de ce Forum des athle\u0300tes africains a e\u0301te\u0301 rehausse\u0301e par la pre\u0301sence du vice-pre\u0301sident du CIO, Juan Antonio Samaranch Junior ; du pre\u0301sident de l\u2019ACNOA, Mustapha Berraf ; de la pre\u0301sidente de la Commission des athle\u0300tes du CIO, Emma Terho ; de champions mondiaux et olympiques ainsi que de nombreuses autres grandes personnalite\u0301s sportives africaines.<\/p>\n<p><strong>Pour plus d&rsquo;informations et d&rsquo;analyses sur la <a href=\"https:\/\/www.africa-press.net\/mali\">Mali<\/a>, suivez <a href=\"https:\/\/www.africa-press.net\/\">Africa-Press<\/a><\/strong><\/p>\n","protected":false},"excerpt":{"rendered":"<p>Africa-Press &#8211; Mali. Les travaux du Forum des athle\u0300tes africains, organise\u0301 par l\u2019Association des Comite\u0301s nationaux olympiques d\u2019Afrique (ACNOA) se sont tenus du 11 au 12 mars a\u0300 Alger (Alge\u0301rie). Cette rencontre a enregistre\u0301 la participation des repre\u0301sentants des 54 Comite\u0301s nationaux olympiques d\u2019Afrique (CNO). De\u0301sormais, notre pays sie\u0300ge a\u0300 la commission des athle\u0300tes de [&hellip;]<\/p>\n","protected":false},"author":82,"featured_media":32179,"comment_status":"open","ping_status":"closed","sticky":false,"template":"","format":"standard","meta":{"footnotes":""},"categories":[6,17],"tags":[76,86,19],"class_list":["post-32180","post","type-post","status-publish","format-standard","has-post-thumbnail","hentry","category-sports","category-toutes-les-actualites","tag-africa-press","tag-africa-press-mali","tag-mali"],"yoast_head":"<!-- This site is optimized with the Yoast SEO Premium plugin v26.1 (Yoast SEO v27.0) - https:\/\/yoast.com\/product\/yoast-seo-premium-wordpress\/ -->\n<title>ACNOA : Le Mali \u00e9lu \u00e0 la commission des athl\u00e8tes - Mali<\/title>\n<meta name=\"description\" content=\"Les travaux du Forum des athle\u0300tes africains, organise\u0301 par l\u2019Association des Comite\u0301s nationaux olympiques d\u2019Afrique (A ...\" \/>\n<meta name=\"robots\" content=\"index, follow, max-snippet:-1, max-image-preview:large, max-video-preview:-1\" \/>\n<link rel=\"canonical\" href=\"https:\/\/www.africa-press.net\/mali\/sports\/acnoa-le-mali-elu-a-la-commission-des-athletes\" \/>\n<meta property=\"og:locale\" content=\"fr_FR\" \/>\n<meta property=\"og:type\" content=\"article\" \/>\n<meta property=\"og:title\" content=\"ACNOA : Le Mali \u00e9lu \u00e0 la commission des athl\u00e8tes\" \/>\n<meta property=\"og:description\" content=\"Les travaux du Forum des athle\u0300tes africains, organise\u0301 par l\u2019Association des Comite\u0301s nationaux olympiques d\u2019Afrique (A ...\" \/>\n<meta property=\"og:url\" content=\"https:\/\/www.africa-press.net\/mali\/sports\/acnoa-le-mali-elu-a-la-commission-des-athletes\" \/>\n<meta property=\"og:site_name\" content=\"Mali\" \/>\n<meta property=\"article:publisher\" content=\"https:\/\/www.facebook.com\/AfricaPressTunisiaa\" \/>\n<meta property=\"article:published_time\" content=\"2023-03-22T19:16:38+00:00\" \/>\n<meta property=\"article:modified_time\" content=\"2023-03-22T21:14:03+00:00\" \/>\n<meta property=\"og:image\" content=\"https:\/\/static.africa-press.net\/mali\/sites\/21\/2023\/03\/postQueueImg_1679496412.08.jpg\" \/>\n\t<meta property=\"og:image:width\" content=\"1280\" \/>\n\t<meta property=\"og:image:height\" content=\"720\" \/>\n\t<meta property=\"og:image:type\" content=\"image\/jpeg\" \/>\n<meta name=\"author\" content=\"cfeditorfr\" \/>\n<meta name=\"twitter:card\" content=\"summary_large_image\" \/>\n<meta name=\"twitter:label1\" content=\"\u00c9crit par\" \/>\n\t<meta name=\"twitter:data1\" content=\"cfeditorfr\" \/>\n\t<meta name=\"twitter:label2\" content=\"Dur\u00e9e de lecture estim\u00e9e\" \/>\n\t<meta name=\"twitter:data2\" content=\"2 minutes\" \/>\n<script type=\"application\/ld+json\" class=\"yoast-schema-graph\">{\"@context\":\"https:\/\/schema.org\",\"@graph\":[{\"@type\":\"Article\",\"@id\":\"https:\/\/www.africa-press.net\/mali\/sports\/acnoa-le-mali-elu-a-la-commission-des-athletes#article\",\"isPartOf\":{\"@id\":\"https:\/\/www.africa-press.net\/mali\/sports\/acnoa-le-mali-elu-a-la-commission-des-athletes\"},\"author\":{\"name\":\"cfeditorfr\",\"@id\":\"https:\/\/www.africa-press.net\/mali\/#\/schema\/person\/2b1cf3cd81a31e3cd26889ca66d677f1\"},\"headline\":\"ACNOA : Le Mali \u00e9lu \u00e0 la commission des athl\u00e8tes\",\"datePublished\":\"2023-03-22T19:16:38+00:00\",\"dateModified\":\"2023-03-22T21:14:03+00:00\",\"mainEntityOfPage\":{\"@id\":\"https:\/\/www.africa-press.net\/mali\/sports\/acnoa-le-mali-elu-a-la-commission-des-athletes\"},\"wordCount\":320,\"commentCount\":0,\"image\":{\"@id\":\"https:\/\/www.africa-press.net\/mali\/sports\/acnoa-le-mali-elu-a-la-commission-des-athletes#primaryimage\"},\"thumbnailUrl\":\"https:\/\/static.africa-press.net\/mali\/sites\/21\/2023\/03\/postQueueImg_1679496412.08.jpg\",\"keywords\":[\"Africa Press\",\"Africa Press-Mali\",\"mali\"],\"articleSection\":[\"Sports\",\"Toutes les actualit\u00e9s\"],\"inLanguage\":\"fr-FR\",\"potentialAction\":[{\"@type\":\"CommentAction\",\"name\":\"Comment\",\"target\":[\"https:\/\/www.africa-press.net\/mali\/sports\/acnoa-le-mali-elu-a-la-commission-des-athletes#respond\"]}]},{\"@type\":\"WebPage\",\"@id\":\"https:\/\/www.africa-press.net\/mali\/sports\/acnoa-le-mali-elu-a-la-commission-des-athletes\",\"url\":\"https:\/\/www.africa-press.net\/mali\/sports\/acnoa-le-mali-elu-a-la-commission-des-athletes\",\"name\":\"ACNOA : Le Mali \u00e9lu \u00e0 la commission des athl\u00e8tes - Mali\",\"isPartOf\":{\"@id\":\"https:\/\/www.africa-press.net\/mali\/#website\"},\"primaryImageOfPage\":{\"@id\":\"https:\/\/www.africa-press.net\/mali\/sports\/acnoa-le-mali-elu-a-la-commission-des-athletes#primaryimage\"},\"image\":{\"@id\":\"https:\/\/www.africa-press.net\/mali\/sports\/acnoa-le-mali-elu-a-la-commission-des-athletes#primaryimage\"},\"thumbnailUrl\":\"https:\/\/static.africa-press.net\/mali\/sites\/21\/2023\/03\/postQueueImg_1679496412.08.jpg\",\"datePublished\":\"2023-03-22T19:16:38+00:00\",\"dateModified\":\"2023-03-22T21:14:03+00:00\",\"author\":{\"@id\":\"https:\/\/www.africa-press.net\/mali\/#\/schema\/person\/2b1cf3cd81a31e3cd26889ca66d677f1\"},\"description\":\"Les travaux du Forum des athle\u0300tes africains, organise\u0301 par l\u2019Association des Comite\u0301s nationaux olympiques d\u2019Afrique (A ...\",\"breadcrumb\":{\"@id\":\"https:\/\/www.africa-press.net\/mali\/sports\/acnoa-le-mali-elu-a-la-commission-des-athletes#breadcrumb\"},\"inLanguage\":\"fr-FR\",\"potentialAction\":[{\"@type\":\"ReadAction\",\"target\":[\"https:\/\/www.africa-press.net\/mali\/sports\/acnoa-le-mali-elu-a-la-commission-des-athletes\"]}]},{\"@type\":\"ImageObject\",\"inLanguage\":\"fr-FR\",\"@id\":\"https:\/\/www.africa-press.net\/mali\/sports\/acnoa-le-mali-elu-a-la-commission-des-athletes#primaryimage\",\"url\":\"https:\/\/static.africa-press.net\/mali\/sites\/21\/2023\/03\/postQueueImg_1679496412.08.jpg\",\"contentUrl\":\"https:\/\/static.africa-press.net\/mali\/sites\/21\/2023\/03\/postQueueImg_1679496412.08.jpg\",\"width\":1280,\"height\":720,\"caption\":\"ACNOA : Le Mali \u00e9lu \u00e0 la commission des athl\u00e8tes\"},{\"@type\":\"BreadcrumbList\",\"@id\":\"https:\/\/www.africa-press.net\/mali\/sports\/acnoa-le-mali-elu-a-la-commission-des-athletes#breadcrumb\",\"itemListElement\":[{\"@type\":\"ListItem\",\"position\":1,\"name\":\"Home\",\"item\":\"https:\/\/www.africa-press.net\/mali\/\"},{\"@type\":\"ListItem\",\"position\":2,\"name\":\"ACNOA : Le Mali \u00e9lu \u00e0 la commission des athl\u00e8tes\"}]},{\"@type\":\"WebSite\",\"@id\":\"https:\/\/www.africa-press.net\/mali\/#website\",\"url\":\"https:\/\/www.africa-press.net\/mali\/\",\"name\":\"Mali\",\"description\":\"Just another Africa News Agency Sites site\",\"potentialAction\":[{\"@type\":\"SearchAction\",\"target\":{\"@type\":\"EntryPoint\",\"urlTemplate\":\"https:\/\/www.africa-press.net\/mali\/?s={search_term_string}\"},\"query-input\":{\"@type\":\"PropertyValueSpecification\",\"valueRequired\":true,\"valueName\":\"search_term_string\"}}],\"inLanguage\":\"fr-FR\"},{\"@type\":\"Person\",\"@id\":\"https:\/\/www.africa-press.net\/mali\/#\/schema\/person\/2b1cf3cd81a31e3cd26889ca66d677f1\",\"name\":\"cfeditorfr\"}]}<\/script>\n<!-- \/ Yoast SEO Premium plugin. -->","yoast_head_json":{"title":"ACNOA : Le Mali \u00e9lu \u00e0 la commission des athl\u00e8tes - Mali","description":"Les travaux du Forum des athle\u0300tes africains, organise\u0301 par l\u2019Association des Comite\u0301s nationaux olympiques d\u2019Afrique (A ...","robots":{"index":"index","follow":"follow","max-snippet":"max-snippet:-1","max-image-preview":"max-image-preview:large","max-video-preview":"max-video-preview:-1"},"canonical":"https:\/\/www.africa-press.net\/mali\/sports\/acnoa-le-mali-elu-a-la-commission-des-athletes","og_locale":"fr_FR","og_type":"article","og_title":"ACNOA : Le Mali \u00e9lu \u00e0 la commission des athl\u00e8tes","og_description":"Les travaux du Forum des athle\u0300tes africains, organise\u0301 par l\u2019Association des Comite\u0301s nationaux olympiques d\u2019Afrique (A ...","og_url":"https:\/\/www.africa-press.net\/mali\/sports\/acnoa-le-mali-elu-a-la-commission-des-athletes","og_site_name":"Mali","article_publisher":"https:\/\/www.facebook.com\/AfricaPressTunisiaa","article_published_time":"2023-03-22T19:16:38+00:00","article_modified_time":"2023-03-22T21:14:03+00:00","og_image":[{"width":1280,"height":720,"url":"https:\/\/static.africa-press.net\/mali\/sites\/21\/2023\/03\/postQueueImg_1679496412.08.jpg","type":"image\/jpeg"}],"author":"cfeditorfr","twitter_card":"summary_large_image","twitter_misc":{"\u00c9crit par":"cfeditorfr","Dur\u00e9e de lecture estim\u00e9e":"2 minutes"},"schema":{"@context":"https:\/\/schema.org","@graph":[{"@type":"Article","@id":"https:\/\/www.africa-press.net\/mali\/sports\/acnoa-le-mali-elu-a-la-commission-des-athletes#article","isPartOf":{"@id":"https:\/\/www.africa-press.net\/mali\/sports\/acnoa-le-mali-elu-a-la-commission-des-athletes"},"author":{"name":"cfeditorfr","@id":"https:\/\/www.africa-press.net\/mali\/#\/schema\/person\/2b1cf3cd81a31e3cd26889ca66d677f1"},"headline":"ACNOA : Le Mali \u00e9lu \u00e0 la commission des athl\u00e8tes","datePublished":"2023-03-22T19:16:38+00:00","dateModified":"2023-03-22T21:14:03+00:00","mainEntityOfPage":{"@id":"https:\/\/www.africa-press.net\/mali\/sports\/acnoa-le-mali-elu-a-la-commission-des-athletes"},"wordCount":320,"commentCount":0,"image":{"@id":"https:\/\/www.africa-press.net\/mali\/sports\/acnoa-le-mali-elu-a-la-commission-des-athletes#primaryimage"},"thumbnailUrl":"https:\/\/static.africa-press.net\/mali\/sites\/21\/2023\/03\/postQueueImg_1679496412.08.jpg","keywords":["Africa Press","Africa Press-Mali","mali"],"articleSection":["Sports","Toutes les actualit\u00e9s"],"inLanguage":"fr-FR","potentialAction":[{"@type":"CommentAction","name":"Comment","target":["https:\/\/www.africa-press.net\/mali\/sports\/acnoa-le-mali-elu-a-la-commission-des-athletes#respond"]}]},{"@type":"WebPage","@id":"https:\/\/www.africa-press.net\/mali\/sports\/acnoa-le-mali-elu-a-la-commission-des-athletes","url":"https:\/\/www.africa-press.net\/mali\/sports\/acnoa-le-mali-elu-a-la-commission-des-athletes","name":"ACNOA : Le Mali \u00e9lu \u00e0 la commission des athl\u00e8tes - Mali","isPartOf":{"@id":"https:\/\/www.africa-press.net\/mali\/#website"},"primaryImageOfPage":{"@id":"https:\/\/www.africa-press.net\/mali\/sports\/acnoa-le-mali-elu-a-la-commission-des-athletes#primaryimage"},"image":{"@id":"https:\/\/www.africa-press.net\/mali\/sports\/acnoa-le-mali-elu-a-la-commission-des-athletes#primaryimage"},"thumbnailUrl":"https:\/\/static.africa-press.net\/mali\/sites\/21\/2023\/03\/postQueueImg_1679496412.08.jpg","datePublished":"2023-03-22T19:16:38+00:00","dateModified":"2023-03-22T21:14:03+00:00","author":{"@id":"https:\/\/www.africa-press.net\/mali\/#\/schema\/person\/2b1cf3cd81a31e3cd26889ca66d677f1"},"description":"Les travaux du Forum des athle\u0300tes africains, organise\u0301 par l\u2019Association des Comite\u0301s nationaux olympiques d\u2019Afrique (A ...","breadcrumb":{"@id":"https:\/\/www.africa-press.net\/mali\/sports\/acnoa-le-mali-elu-a-la-commission-des-athletes#breadcrumb"},"inLanguage":"fr-FR","potentialAction":[{"@type":"ReadAction","target":["https:\/\/www.africa-press.net\/mali\/sports\/acnoa-le-mali-elu-a-la-commission-des-athletes"]}]},{"@type":"ImageObject","inLanguage":"fr-FR","@id":"https:\/\/www.africa-press.net\/mali\/sports\/acnoa-le-mali-elu-a-la-commission-des-athletes#primaryimage","url":"https:\/\/static.africa-press.net\/mali\/sites\/21\/2023\/03\/postQueueImg_1679496412.08.jpg","contentUrl":"https:\/\/static.africa-press.net\/mali\/sites\/21\/2023\/03\/postQueueImg_1679496412.08.jpg","width":1280,"height":720,"caption":"ACNOA : Le Mali \u00e9lu \u00e0 la commission des athl\u00e8tes"},{"@type":"BreadcrumbList","@id":"https:\/\/www.africa-press.net\/mali\/sports\/acnoa-le-mali-elu-a-la-commission-des-athletes#breadcrumb","itemListElement":[{"@type":"ListItem","position":1,"name":"Home","item":"https:\/\/www.africa-press.net\/mali\/"},{"@type":"ListItem","position":2,"name":"ACNOA : Le Mali \u00e9lu \u00e0 la commission des athl\u00e8tes"}]},{"@type":"WebSite","@id":"https:\/\/www.africa-press.net\/mali\/#website","url":"https:\/\/www.africa-press.net\/mali\/","name":"Mali","description":"Just another Africa News Agency Sites site","potentialAction":[{"@type":"SearchAction","target":{"@type":"EntryPoint","urlTemplate":"https:\/\/www.africa-press.net\/mali\/?s={search_term_string}"},"query-input":{"@type":"PropertyValueSpecification","valueRequired":true,"valueName":"search_term_string"}}],"inLanguage":"fr-FR"},{"@type":"Person","@id":"https:\/\/www.africa-press.net\/mali\/#\/schema\/person\/2b1cf3cd81a31e3cd26889ca66d677f1","name":"cfeditorfr"}]}},"_links":{"self":[{"href":"https:\/\/www.africa-press.net\/mali\/wp-json\/wp\/v2\/posts\/32180","targetHints":{"allow":["GET"]}}],"collection":[{"href":"https:\/\/www.africa-press.net\/mali\/wp-json\/wp\/v2\/posts"}],"about":[{"href":"https:\/\/www.africa-press.net\/mali\/wp-json\/wp\/v2\/types\/post"}],"author":[{"embeddable":true,"href":"https:\/\/www.africa-press.net\/mali\/wp-json\/wp\/v2\/users\/82"}],"replies":[{"embeddable":true,"href":"https:\/\/www.africa-press.net\/mali\/wp-json\/wp\/v2\/comments?post=32180"}],"version-history":[{"count":0,"href":"https:\/\/www.africa-press.net\/mali\/wp-json\/wp\/v2\/posts\/32180\/revisions"}],"wp:featuredmedia":[{"embeddable":true,"href":"https:\/\/www.africa-press.net\/mali\/wp-json\/wp\/v2\/media\/32179"}],"wp:attachment":[{"href":"https:\/\/www.africa-press.net\/mali\/wp-json\/wp\/v2\/media?parent=32180"}],"wp:term":[{"taxonomy":"category","embeddable":true,"href":"https:\/\/www.africa-press.net\/mali\/wp-json\/wp\/v2\/categories?post=32180"},{"taxonomy":"post_tag","embeddable":true,"href":"https:\/\/www.africa-press.net\/mali\/wp-json\/wp\/v2\/tags?post=32180"}],"curies":[{"name":"wp","href":"https:\/\/api.w.org\/{rel}","templated":true}]}}