{"id":32185,"date":"2023-03-22T19:18:28","date_gmt":"2023-03-22T19:18:28","guid":{"rendered":"https:\/\/www.africa-press.net\/mali\/politique\/reprise-du-championnat-national-2023-de-ligue-1-de-football-quand-les-responsables-du-football-se-rendent-a-levidence-que-larret-etait-irreflechi"},"modified":"2023-03-22T21:15:34","modified_gmt":"2023-03-22T21:15:34","slug":"reprise-du-championnat-national-2023-de-ligue-1-de-football-quand-les-responsables-du-football-se-rendent-a-levidence-que-larret-etait-irreflechi","status":"publish","type":"post","link":"https:\/\/www.africa-press.net\/mali\/sports\/reprise-du-championnat-national-2023-de-ligue-1-de-football-quand-les-responsables-du-football-se-rendent-a-levidence-que-larret-etait-irreflechi","title":{"rendered":"Reprise du championnat national 2023 de Ligue 1 de football : Quand les responsables du football se rendent \u00e0 l\u2019\u00e9vidence que l\u2019arr\u00eat \u00e9tait irr\u00e9fl\u00e9chi"},"content":{"rendered":"<p><span style=\"color: #ff6600\"><strong>Africa-Press &#8211; Mali. <\/strong><\/span>Suite a\u0300 notre article publie\u0301 en fin fe\u0301vrier, intitule\u0301 \u00ab Quand les autorite\u0301s manquent de vision, de re\u0301flexe et d\u2019anticipation \u00bb, a\u0300 la suite de la suspension du championnat national de ligue 1 de football, les autorite\u0301s du football semblent se rendre a\u0300 l\u2019e\u0301vidence que votre quotidien avait raison de s\u2019opposer a\u0300 l\u2019arre\u0302t du championnat national au motif \u00abfallacieux\u00bb de re\u0301novation de deux terrains de Bamako seulement. Sans attendre donc la fin de re\u0301novation des Stades Modibo Ke\u0301ita et Mamadou Konate\u0301 comme promis pour reprendre le championnat national de ligue 1 de football, la Fe\u0301de\u0301ration Malienne de Football (Femafoot) vient de programmer la reprise du retour du ballon rond a\u0300 la grande satisfaction des amoureux du ballon rond, cette fois-ci a\u0300 l\u2019inte\u0301rieur du Mali. Ce que votre quotidien avait demande\u0301. Il est indique\u0301 sur la feuille du match comme suit : de\u0301signation des matchs de la 12e\u0300me journe\u0301e du championnat national de ligue1, saison 2022-2023.<\/p>\n<p>Ce jeudi 23 mars 2023, au Stade Diarrah H. de Koulikoro, on aura l\u2019opposition Djoliba Ac\/ AS Police. Au Stade Moussa Diakite\u0301, on aura US Bougouni\/AS Bakaridjan. Au Stade Abdoulaye Konate\u0301, l\u2019Us Kita s\u2019expliquera a\u0300 l\u2019As Black Star. Les duels se poursuivront les 25, 26 et 27 mars 2023. Le samedi 25 mars, au Stade Diarrah H., il y aura l\u2019opposition entre LC Ba et l\u2019AS Real. Le dimanche 26, on aura au Stade Diarrah H. toujours, le duel Stade Malien de Bamako\/COB. Le lundi 27, au Stade Diarrah H., Yeelen Olympique s\u2019expliquera a\u0300 Asko. Le mercredi 29 mars 2023, toujours au Stade Diarra H. de Koulikoro, on aura le duel entre les Onze Cre\u0301ateurs de Niare\u0301la et Binga FC. Le vendredi 31 mars bouclera cette journe\u0301e au Stade Diarrah H. avec l\u2019opposition entre l\u2019Usfas\/Afe.<\/p>\n<p>A savoir que nous de\u0301noncions la note d\u2019Ibrahim Bathily, secre\u0301taire ge\u0301ne\u0301ral de la Femafoot, aux secre\u0301taires ge\u0301ne\u0301raux des clubs et des ligues concerne\u0301es qui stipule que :\u00ab la pe\u0301riode d\u2019arre\u0302t s\u2019e\u0301tendra jusqu\u2019a\u0300 l\u2019ouverture des stades\u00bb. Nous de\u0301noncions que cette suspension e\u0301tait un coup dur pour le football malien, notamment pour les joueurs qui risquent de perdre du rythme, de la concentration, de la motivation durant cette pe\u0301riode. On disait qu\u2019au dela\u0300 de cette suspension, il faut retenir, de notre point de vue, le manque de vision, d\u2019anticipation, de bon re\u0301flexe de nos autorite\u0301s sportives, notamment le de\u0301partement en charge du sport et de la Fe\u0301de\u0301ration Malienne de football. Suspendre un championnat est bon pour re\u0301nover des terrains de\u0301fectueux, mettre les pelouses en bon e\u0301tat pour mettre les joueurs a\u0300 l\u2019abri des blessures et autres. Mais fallait-il le faire en cette pe\u0301riode, au moment ou\u0300 le championnat bat son plein, a\u0300 peine repris apre\u0300s son arre\u0302t lors de la Chan 2022 ? Non ! N\u2019avons-nous pas dit que c\u2019est le championnat national de ligue 1 de football, donc jouable partout au Mali ? Pourquoi alors arre\u0302ter le championnat parce que deux terrains sont en re\u0301novation ? N\u2019avons-nous pas d\u2019autres terrains de football au niveau de certains clubs de Bamako qui pourraient e\u0302tre ne\u0301gocie\u0301s par la Femafoot? N\u2019avons-nous pas de stades de football construits a\u0300 Kayes, a\u0300 Se\u0301gou, a\u0300 Sikasso, a\u0300 Mopti? Ne fallait-il pas anticiper, e\u0302tre visionnaire, avoir le re\u0301flexe d\u2019un bon dirigeant, pour de\u0301localiser les rencontres du championnat dans certains de ces stades ? A quoi servent ces stades donc? Des lieux de spectacles?<\/p>\n<p><strong>Pour plus d&rsquo;informations et d&rsquo;analyses sur la <a href=\"https:\/\/www.africa-press.net\/mali\">Mali<\/a>, suivez <a href=\"https:\/\/www.africa-press.net\/\">Africa-Press<\/a><\/strong><\/p>\n","protected":false},"excerpt":{"rendered":"<p>Africa-Press &#8211; Mali. Suite a\u0300 notre article publie\u0301 en fin fe\u0301vrier, intitule\u0301 \u00ab Quand les autorite\u0301s manquent de vision, de re\u0301flexe et d\u2019anticipation \u00bb, a\u0300 la suite de la suspension du championnat national de ligue 1 de football, les autorite\u0301s du football semblent se rendre a\u0300 l\u2019e\u0301vidence que votre quotidien avait raison de s\u2019opposer a\u0300 [&hellip;]<\/p>\n","protected":false},"author":82,"featured_media":32184,"comment_status":"open","ping_status":"closed","sticky":false,"template":"","format":"standard","meta":{"footnotes":""},"categories":[6,17],"tags":[76,86,19],"class_list":["post-32185","post","type-post","status-publish","format-standard","has-post-thumbnail","hentry","category-sports","category-toutes-les-actualites","tag-africa-press","tag-africa-press-mali","tag-mali"],"yoast_head":"<!-- This site is optimized with the Yoast SEO Premium plugin v26.1 (Yoast SEO v27.0) - https:\/\/yoast.com\/product\/yoast-seo-premium-wordpress\/ -->\n<title>Reprise du championnat national 2023 de Ligue 1 de football : Quand les responsables du football se rendent \u00e0 l\u2019\u00e9vidence que l\u2019arr\u00eat \u00e9tait irr\u00e9fl\u00e9chi - Mali<\/title>\n<meta name=\"description\" content=\"Suite a\u0300 notre article publie\u0301 en fin fe\u0301vrier, intitule\u0301 \u00ab Quand les autorite\u0301s manquent de vision, de re\u0301flexe et d\u2019an ...\" \/>\n<meta name=\"robots\" content=\"index, follow, max-snippet:-1, max-image-preview:large, max-video-preview:-1\" \/>\n<link rel=\"canonical\" href=\"https:\/\/www.africa-press.net\/mali\/sports\/reprise-du-championnat-national-2023-de-ligue-1-de-football-quand-les-responsables-du-football-se-rendent-a-levidence-que-larret-etait-irreflechi\" \/>\n<meta property=\"og:locale\" content=\"fr_FR\" \/>\n<meta property=\"og:type\" content=\"article\" \/>\n<meta property=\"og:title\" content=\"Reprise du championnat national 2023 de Ligue 1 de football : Quand les responsables du football se rendent \u00e0 l\u2019\u00e9vidence que l\u2019arr\u00eat \u00e9tait irr\u00e9fl\u00e9chi\" \/>\n<meta property=\"og:description\" content=\"Suite a\u0300 notre article publie\u0301 en fin fe\u0301vrier, intitule\u0301 \u00ab Quand les autorite\u0301s manquent de vision, de re\u0301flexe et d\u2019an ...\" \/>\n<meta property=\"og:url\" content=\"https:\/\/www.africa-press.net\/mali\/sports\/reprise-du-championnat-national-2023-de-ligue-1-de-football-quand-les-responsables-du-football-se-rendent-a-levidence-que-larret-etait-irreflechi\" \/>\n<meta property=\"og:site_name\" content=\"Mali\" \/>\n<meta property=\"article:publisher\" content=\"https:\/\/www.facebook.com\/AfricaPressTunisiaa\" \/>\n<meta property=\"article:published_time\" content=\"2023-03-22T19:18:28+00:00\" \/>\n<meta property=\"article:modified_time\" content=\"2023-03-22T21:15:34+00:00\" \/>\n<meta property=\"og:image\" content=\"https:\/\/static.africa-press.net\/mali\/sites\/21\/2023\/03\/postQueueImg_1679496522.10.jpg\" \/>\n\t<meta property=\"og:image:width\" content=\"720\" \/>\n\t<meta property=\"og:image:height\" content=\"540\" \/>\n\t<meta property=\"og:image:type\" content=\"image\/jpeg\" \/>\n<meta name=\"author\" content=\"cfeditorfr\" \/>\n<meta name=\"twitter:card\" content=\"summary_large_image\" \/>\n<meta name=\"twitter:label1\" content=\"\u00c9crit par\" \/>\n\t<meta name=\"twitter:data1\" content=\"cfeditorfr\" \/>\n\t<meta name=\"twitter:label2\" content=\"Dur\u00e9e de lecture estim\u00e9e\" \/>\n\t<meta name=\"twitter:data2\" content=\"3 minutes\" \/>\n<script type=\"application\/ld+json\" class=\"yoast-schema-graph\">{\"@context\":\"https:\/\/schema.org\",\"@graph\":[{\"@type\":\"Article\",\"@id\":\"https:\/\/www.africa-press.net\/mali\/sports\/reprise-du-championnat-national-2023-de-ligue-1-de-football-quand-les-responsables-du-football-se-rendent-a-levidence-que-larret-etait-irreflechi#article\",\"isPartOf\":{\"@id\":\"https:\/\/www.africa-press.net\/mali\/sports\/reprise-du-championnat-national-2023-de-ligue-1-de-football-quand-les-responsables-du-football-se-rendent-a-levidence-que-larret-etait-irreflechi\"},\"author\":{\"name\":\"cfeditorfr\",\"@id\":\"https:\/\/www.africa-press.net\/mali\/#\/schema\/person\/2b1cf3cd81a31e3cd26889ca66d677f1\"},\"headline\":\"Reprise du championnat national 2023 de Ligue 1 de football : Quand les responsables du football se rendent \u00e0 l\u2019\u00e9vidence que l\u2019arr\u00eat \u00e9tait irr\u00e9fl\u00e9chi\",\"datePublished\":\"2023-03-22T19:18:28+00:00\",\"dateModified\":\"2023-03-22T21:15:34+00:00\",\"mainEntityOfPage\":{\"@id\":\"https:\/\/www.africa-press.net\/mali\/sports\/reprise-du-championnat-national-2023-de-ligue-1-de-football-quand-les-responsables-du-football-se-rendent-a-levidence-que-larret-etait-irreflechi\"},\"wordCount\":652,\"commentCount\":0,\"image\":{\"@id\":\"https:\/\/www.africa-press.net\/mali\/sports\/reprise-du-championnat-national-2023-de-ligue-1-de-football-quand-les-responsables-du-football-se-rendent-a-levidence-que-larret-etait-irreflechi#primaryimage\"},\"thumbnailUrl\":\"https:\/\/static.africa-press.net\/mali\/sites\/21\/2023\/03\/postQueueImg_1679496522.10.jpg\",\"keywords\":[\"Africa Press\",\"Africa Press-Mali\",\"mali\"],\"articleSection\":[\"Sports\",\"Toutes les actualit\u00e9s\"],\"inLanguage\":\"fr-FR\",\"potentialAction\":[{\"@type\":\"CommentAction\",\"name\":\"Comment\",\"target\":[\"https:\/\/www.africa-press.net\/mali\/sports\/reprise-du-championnat-national-2023-de-ligue-1-de-football-quand-les-responsables-du-football-se-rendent-a-levidence-que-larret-etait-irreflechi#respond\"]}]},{\"@type\":\"WebPage\",\"@id\":\"https:\/\/www.africa-press.net\/mali\/sports\/reprise-du-championnat-national-2023-de-ligue-1-de-football-quand-les-responsables-du-football-se-rendent-a-levidence-que-larret-etait-irreflechi\",\"url\":\"https:\/\/www.africa-press.net\/mali\/sports\/reprise-du-championnat-national-2023-de-ligue-1-de-football-quand-les-responsables-du-football-se-rendent-a-levidence-que-larret-etait-irreflechi\",\"name\":\"Reprise du championnat national 2023 de Ligue 1 de football : Quand les responsables du football se rendent \u00e0 l\u2019\u00e9vidence que l\u2019arr\u00eat \u00e9tait irr\u00e9fl\u00e9chi - Mali\",\"isPartOf\":{\"@id\":\"https:\/\/www.africa-press.net\/mali\/#website\"},\"primaryImageOfPage\":{\"@id\":\"https:\/\/www.africa-press.net\/mali\/sports\/reprise-du-championnat-national-2023-de-ligue-1-de-football-quand-les-responsables-du-football-se-rendent-a-levidence-que-larret-etait-irreflechi#primaryimage\"},\"image\":{\"@id\":\"https:\/\/www.africa-press.net\/mali\/sports\/reprise-du-championnat-national-2023-de-ligue-1-de-football-quand-les-responsables-du-football-se-rendent-a-levidence-que-larret-etait-irreflechi#primaryimage\"},\"thumbnailUrl\":\"https:\/\/static.africa-press.net\/mali\/sites\/21\/2023\/03\/postQueueImg_1679496522.10.jpg\",\"datePublished\":\"2023-03-22T19:18:28+00:00\",\"dateModified\":\"2023-03-22T21:15:34+00:00\",\"author\":{\"@id\":\"https:\/\/www.africa-press.net\/mali\/#\/schema\/person\/2b1cf3cd81a31e3cd26889ca66d677f1\"},\"description\":\"Suite a\u0300 notre article publie\u0301 en fin fe\u0301vrier, intitule\u0301 \u00ab Quand les autorite\u0301s manquent de vision, de re\u0301flexe et d\u2019an ...\",\"breadcrumb\":{\"@id\":\"https:\/\/www.africa-press.net\/mali\/sports\/reprise-du-championnat-national-2023-de-ligue-1-de-football-quand-les-responsables-du-football-se-rendent-a-levidence-que-larret-etait-irreflechi#breadcrumb\"},\"inLanguage\":\"fr-FR\",\"potentialAction\":[{\"@type\":\"ReadAction\",\"target\":[\"https:\/\/www.africa-press.net\/mali\/sports\/reprise-du-championnat-national-2023-de-ligue-1-de-football-quand-les-responsables-du-football-se-rendent-a-levidence-que-larret-etait-irreflechi\"]}]},{\"@type\":\"ImageObject\",\"inLanguage\":\"fr-FR\",\"@id\":\"https:\/\/www.africa-press.net\/mali\/sports\/reprise-du-championnat-national-2023-de-ligue-1-de-football-quand-les-responsables-du-football-se-rendent-a-levidence-que-larret-etait-irreflechi#primaryimage\",\"url\":\"https:\/\/static.africa-press.net\/mali\/sites\/21\/2023\/03\/postQueueImg_1679496522.10.jpg\",\"contentUrl\":\"https:\/\/static.africa-press.net\/mali\/sites\/21\/2023\/03\/postQueueImg_1679496522.10.jpg\",\"width\":720,\"height\":540,\"caption\":\"Reprise du championnat national 2023 de Ligue 1 de football : Quand les responsables du football se rendent \u00e0 l\u2019\u00e9vidence que l\u2019arr\u00eat \u00e9tait irr\u00e9fl\u00e9chi\"},{\"@type\":\"BreadcrumbList\",\"@id\":\"https:\/\/www.africa-press.net\/mali\/sports\/reprise-du-championnat-national-2023-de-ligue-1-de-football-quand-les-responsables-du-football-se-rendent-a-levidence-que-larret-etait-irreflechi#breadcrumb\",\"itemListElement\":[{\"@type\":\"ListItem\",\"position\":1,\"name\":\"Home\",\"item\":\"https:\/\/www.africa-press.net\/mali\/\"},{\"@type\":\"ListItem\",\"position\":2,\"name\":\"Reprise du championnat national 2023 de Ligue 1 de football : Quand les responsables du football se rendent \u00e0 l\u2019\u00e9vidence que l\u2019arr\u00eat \u00e9tait irr\u00e9fl\u00e9chi\"}]},{\"@type\":\"WebSite\",\"@id\":\"https:\/\/www.africa-press.net\/mali\/#website\",\"url\":\"https:\/\/www.africa-press.net\/mali\/\",\"name\":\"Mali\",\"description\":\"Just another Africa News Agency Sites site\",\"potentialAction\":[{\"@type\":\"SearchAction\",\"target\":{\"@type\":\"EntryPoint\",\"urlTemplate\":\"https:\/\/www.africa-press.net\/mali\/?s={search_term_string}\"},\"query-input\":{\"@type\":\"PropertyValueSpecification\",\"valueRequired\":true,\"valueName\":\"search_term_string\"}}],\"inLanguage\":\"fr-FR\"},{\"@type\":\"Person\",\"@id\":\"https:\/\/www.africa-press.net\/mali\/#\/schema\/person\/2b1cf3cd81a31e3cd26889ca66d677f1\",\"name\":\"cfeditorfr\"}]}<\/script>\n<!-- \/ Yoast SEO Premium plugin. -->","yoast_head_json":{"title":"Reprise du championnat national 2023 de Ligue 1 de football : Quand les responsables du football se rendent \u00e0 l\u2019\u00e9vidence que l\u2019arr\u00eat \u00e9tait irr\u00e9fl\u00e9chi - Mali","description":"Suite a\u0300 notre article publie\u0301 en fin fe\u0301vrier, intitule\u0301 \u00ab Quand les autorite\u0301s manquent de vision, de re\u0301flexe et d\u2019an ...","robots":{"index":"index","follow":"follow","max-snippet":"max-snippet:-1","max-image-preview":"max-image-preview:large","max-video-preview":"max-video-preview:-1"},"canonical":"https:\/\/www.africa-press.net\/mali\/sports\/reprise-du-championnat-national-2023-de-ligue-1-de-football-quand-les-responsables-du-football-se-rendent-a-levidence-que-larret-etait-irreflechi","og_locale":"fr_FR","og_type":"article","og_title":"Reprise du championnat national 2023 de Ligue 1 de football : Quand les responsables du football se rendent \u00e0 l\u2019\u00e9vidence que l\u2019arr\u00eat \u00e9tait irr\u00e9fl\u00e9chi","og_description":"Suite a\u0300 notre article publie\u0301 en fin fe\u0301vrier, intitule\u0301 \u00ab Quand les autorite\u0301s manquent de vision, de re\u0301flexe et d\u2019an ...","og_url":"https:\/\/www.africa-press.net\/mali\/sports\/reprise-du-championnat-national-2023-de-ligue-1-de-football-quand-les-responsables-du-football-se-rendent-a-levidence-que-larret-etait-irreflechi","og_site_name":"Mali","article_publisher":"https:\/\/www.facebook.com\/AfricaPressTunisiaa","article_published_time":"2023-03-22T19:18:28+00:00","article_modified_time":"2023-03-22T21:15:34+00:00","og_image":[{"width":720,"height":540,"url":"https:\/\/static.africa-press.net\/mali\/sites\/21\/2023\/03\/postQueueImg_1679496522.10.jpg","type":"image\/jpeg"}],"author":"cfeditorfr","twitter_card":"summary_large_image","twitter_misc":{"\u00c9crit par":"cfeditorfr","Dur\u00e9e de lecture estim\u00e9e":"3 minutes"},"schema":{"@context":"https:\/\/schema.org","@graph":[{"@type":"Article","@id":"https:\/\/www.africa-press.net\/mali\/sports\/reprise-du-championnat-national-2023-de-ligue-1-de-football-quand-les-responsables-du-football-se-rendent-a-levidence-que-larret-etait-irreflechi#article","isPartOf":{"@id":"https:\/\/www.africa-press.net\/mali\/sports\/reprise-du-championnat-national-2023-de-ligue-1-de-football-quand-les-responsables-du-football-se-rendent-a-levidence-que-larret-etait-irreflechi"},"author":{"name":"cfeditorfr","@id":"https:\/\/www.africa-press.net\/mali\/#\/schema\/person\/2b1cf3cd81a31e3cd26889ca66d677f1"},"headline":"Reprise du championnat national 2023 de Ligue 1 de football : Quand les responsables du football se rendent \u00e0 l\u2019\u00e9vidence que l\u2019arr\u00eat \u00e9tait irr\u00e9fl\u00e9chi","datePublished":"2023-03-22T19:18:28+00:00","dateModified":"2023-03-22T21:15:34+00:00","mainEntityOfPage":{"@id":"https:\/\/www.africa-press.net\/mali\/sports\/reprise-du-championnat-national-2023-de-ligue-1-de-football-quand-les-responsables-du-football-se-rendent-a-levidence-que-larret-etait-irreflechi"},"wordCount":652,"commentCount":0,"image":{"@id":"https:\/\/www.africa-press.net\/mali\/sports\/reprise-du-championnat-national-2023-de-ligue-1-de-football-quand-les-responsables-du-football-se-rendent-a-levidence-que-larret-etait-irreflechi#primaryimage"},"thumbnailUrl":"https:\/\/static.africa-press.net\/mali\/sites\/21\/2023\/03\/postQueueImg_1679496522.10.jpg","keywords":["Africa Press","Africa Press-Mali","mali"],"articleSection":["Sports","Toutes les actualit\u00e9s"],"inLanguage":"fr-FR","potentialAction":[{"@type":"CommentAction","name":"Comment","target":["https:\/\/www.africa-press.net\/mali\/sports\/reprise-du-championnat-national-2023-de-ligue-1-de-football-quand-les-responsables-du-football-se-rendent-a-levidence-que-larret-etait-irreflechi#respond"]}]},{"@type":"WebPage","@id":"https:\/\/www.africa-press.net\/mali\/sports\/reprise-du-championnat-national-2023-de-ligue-1-de-football-quand-les-responsables-du-football-se-rendent-a-levidence-que-larret-etait-irreflechi","url":"https:\/\/www.africa-press.net\/mali\/sports\/reprise-du-championnat-national-2023-de-ligue-1-de-football-quand-les-responsables-du-football-se-rendent-a-levidence-que-larret-etait-irreflechi","name":"Reprise du championnat national 2023 de Ligue 1 de football : Quand les responsables du football se rendent \u00e0 l\u2019\u00e9vidence que l\u2019arr\u00eat \u00e9tait irr\u00e9fl\u00e9chi - Mali","isPartOf":{"@id":"https:\/\/www.africa-press.net\/mali\/#website"},"primaryImageOfPage":{"@id":"https:\/\/www.africa-press.net\/mali\/sports\/reprise-du-championnat-national-2023-de-ligue-1-de-football-quand-les-responsables-du-football-se-rendent-a-levidence-que-larret-etait-irreflechi#primaryimage"},"image":{"@id":"https:\/\/www.africa-press.net\/mali\/sports\/reprise-du-championnat-national-2023-de-ligue-1-de-football-quand-les-responsables-du-football-se-rendent-a-levidence-que-larret-etait-irreflechi#primaryimage"},"thumbnailUrl":"https:\/\/static.africa-press.net\/mali\/sites\/21\/2023\/03\/postQueueImg_1679496522.10.jpg","datePublished":"2023-03-22T19:18:28+00:00","dateModified":"2023-03-22T21:15:34+00:00","author":{"@id":"https:\/\/www.africa-press.net\/mali\/#\/schema\/person\/2b1cf3cd81a31e3cd26889ca66d677f1"},"description":"Suite a\u0300 notre article publie\u0301 en fin fe\u0301vrier, intitule\u0301 \u00ab Quand les autorite\u0301s manquent de vision, de re\u0301flexe et d\u2019an ...","breadcrumb":{"@id":"https:\/\/www.africa-press.net\/mali\/sports\/reprise-du-championnat-national-2023-de-ligue-1-de-football-quand-les-responsables-du-football-se-rendent-a-levidence-que-larret-etait-irreflechi#breadcrumb"},"inLanguage":"fr-FR","potentialAction":[{"@type":"ReadAction","target":["https:\/\/www.africa-press.net\/mali\/sports\/reprise-du-championnat-national-2023-de-ligue-1-de-football-quand-les-responsables-du-football-se-rendent-a-levidence-que-larret-etait-irreflechi"]}]},{"@type":"ImageObject","inLanguage":"fr-FR","@id":"https:\/\/www.africa-press.net\/mali\/sports\/reprise-du-championnat-national-2023-de-ligue-1-de-football-quand-les-responsables-du-football-se-rendent-a-levidence-que-larret-etait-irreflechi#primaryimage","url":"https:\/\/static.africa-press.net\/mali\/sites\/21\/2023\/03\/postQueueImg_1679496522.10.jpg","contentUrl":"https:\/\/static.africa-press.net\/mali\/sites\/21\/2023\/03\/postQueueImg_1679496522.10.jpg","width":720,"height":540,"caption":"Reprise du championnat national 2023 de Ligue 1 de football : Quand les responsables du football se rendent \u00e0 l\u2019\u00e9vidence que l\u2019arr\u00eat \u00e9tait irr\u00e9fl\u00e9chi"},{"@type":"BreadcrumbList","@id":"https:\/\/www.africa-press.net\/mali\/sports\/reprise-du-championnat-national-2023-de-ligue-1-de-football-quand-les-responsables-du-football-se-rendent-a-levidence-que-larret-etait-irreflechi#breadcrumb","itemListElement":[{"@type":"ListItem","position":1,"name":"Home","item":"https:\/\/www.africa-press.net\/mali\/"},{"@type":"ListItem","position":2,"name":"Reprise du championnat national 2023 de Ligue 1 de football : Quand les responsables du football se rendent \u00e0 l\u2019\u00e9vidence que l\u2019arr\u00eat \u00e9tait irr\u00e9fl\u00e9chi"}]},{"@type":"WebSite","@id":"https:\/\/www.africa-press.net\/mali\/#website","url":"https:\/\/www.africa-press.net\/mali\/","name":"Mali","description":"Just another Africa News Agency Sites site","potentialAction":[{"@type":"SearchAction","target":{"@type":"EntryPoint","urlTemplate":"https:\/\/www.africa-press.net\/mali\/?s={search_term_string}"},"query-input":{"@type":"PropertyValueSpecification","valueRequired":true,"valueName":"search_term_string"}}],"inLanguage":"fr-FR"},{"@type":"Person","@id":"https:\/\/www.africa-press.net\/mali\/#\/schema\/person\/2b1cf3cd81a31e3cd26889ca66d677f1","name":"cfeditorfr"}]}},"_links":{"self":[{"href":"https:\/\/www.africa-press.net\/mali\/wp-json\/wp\/v2\/posts\/32185","targetHints":{"allow":["GET"]}}],"collection":[{"href":"https:\/\/www.africa-press.net\/mali\/wp-json\/wp\/v2\/posts"}],"about":[{"href":"https:\/\/www.africa-press.net\/mali\/wp-json\/wp\/v2\/types\/post"}],"author":[{"embeddable":true,"href":"https:\/\/www.africa-press.net\/mali\/wp-json\/wp\/v2\/users\/82"}],"replies":[{"embeddable":true,"href":"https:\/\/www.africa-press.net\/mali\/wp-json\/wp\/v2\/comments?post=32185"}],"version-history":[{"count":0,"href":"https:\/\/www.africa-press.net\/mali\/wp-json\/wp\/v2\/posts\/32185\/revisions"}],"wp:featuredmedia":[{"embeddable":true,"href":"https:\/\/www.africa-press.net\/mali\/wp-json\/wp\/v2\/media\/32184"}],"wp:attachment":[{"href":"https:\/\/www.africa-press.net\/mali\/wp-json\/wp\/v2\/media?parent=32185"}],"wp:term":[{"taxonomy":"category","embeddable":true,"href":"https:\/\/www.africa-press.net\/mali\/wp-json\/wp\/v2\/categories?post=32185"},{"taxonomy":"post_tag","embeddable":true,"href":"https:\/\/www.africa-press.net\/mali\/wp-json\/wp\/v2\/tags?post=32185"}],"curies":[{"name":"wp","href":"https:\/\/api.w.org\/{rel}","templated":true}]}}