{"id":3704,"date":"2021-06-29T19:45:25","date_gmt":"2021-06-29T19:45:25","guid":{"rendered":"https:\/\/www.africa-press.net\/mali\/?p=3704"},"modified":"2021-06-29T18:08:03","modified_gmt":"2021-06-29T18:08:03","slug":"blanchiment-de-capitaux-et-financement-du-terrorisme-bientot-des-enqueteurs-maliens-pour-faire-face-au-fleau","status":"publish","type":"post","link":"https:\/\/www.africa-press.net\/mali\/top-nouvelles\/blanchiment-de-capitaux-et-financement-du-terrorisme-bientot-des-enqueteurs-maliens-pour-faire-face-au-fleau","title":{"rendered":"Blanchiment de capitaux et financement du terrorisme : Bient\u00f4t des enqu\u00eateurs maliens pour faire face au fl\u00e9au"},"content":{"rendered":"<p><span style=\"color: #ff6600\"><strong><a href=\"https:\/\/www.africa-press.net\/\">Africa-Press<\/a> &#8211; <a href=\"https:\/\/www.africa-press.net\/mali\">Mali<\/a>. <\/strong><\/span><b>Le minist\u00e8re de la S\u00e9curit\u00e9 et de la Protection Civile, en partenariat avec la Cellule nationale de traitement des informations financi\u00e8res (CENTIF) et l\u2019ONG Think-Peace a organis\u00e9 un atelier de formation sur la \u00ab lutte contre le blanchiment de capitaux, le financement du terrorisme et de la prolif\u00e9ration des armes de destruction massive \u00bb. Pendant cinq jours \u00e0 l\u2019h\u00f4tel Mill\u00e9nium de Bamako, les capacit\u00e9s op\u00e9rationnelles des enqu\u00eateurs de la Police nationale ont \u00e9t\u00e9 renforc\u00e9es contre ce fl\u00e9au.<\/b><\/p>\n<p>En pr\u00e9sence du ministre de la S\u00e9curit\u00e9 et de la Protection Civile, le Colonel-Major Daoud Aly MOHAMMEDINE, les enqu\u00eateurs de la Police Nationale ont entam\u00e9 cette formation qui vise \u00e0 \u00abtarir l\u2019approvisionnement des sources financi\u00e8res occultes, leur couper les vivres doit \u00eatre un de nos objectifs principaux, car sans ressource financi\u00e8re, aucune entreprise criminelle ne peut prosp\u00e9rer. Il nous faut les asphyxier\u00bb, selon le directeur g\u00e9n\u00e9ral de la Police nationale, le contr\u00f4leur g\u00e9n\u00e9ral Soula\u00efmane Traor\u00e9, \u00e9galement le co-pr\u00e9sident du Groupe d\u2019\u00e9valuation et de conformit\u00e9 du dispositif de lutte contre le blanchiment des capitaux et de lutte contre le terrorisme.<\/p>\n<p>Selon essor, le Fonds mon\u00e9taire international (FMI) d\u00e9fini le blanchiment de capitaux comme un processus par lequel la source illicite d\u2019actifs obtenus ou produits par une activit\u00e9 d\u00e9lictuelle est dissimul\u00e9e pour masquer le lien entre les fonds obtenus et le d\u00e9lit initial.<\/p>\n<p>En effet, beaucoup d\u2019\u00e9tudes ont montr\u00e9 l\u2019existence d\u2019un lien connexe entre le blanchiment de capitaux et le financement du terrorisme, la prolif\u00e9ration des armes de destruction massive ainsi que d\u2019autres activit\u00e9s criminelles.<\/p>\n<p>D\u00e9j\u00e0, un document du Conseil de s\u00e9curit\u00e9 a reconnu l\u2019interd\u00e9pendance entre le terrorisme international et la criminalit\u00e9 transnationale organis\u00e9e en 2001. Un lien qui avait d\u00e9j\u00e0 \u00e9t\u00e9 consacr\u00e9 l\u2019ann\u00e9e pr\u00e9c\u00e9dente selon l\u2019Essor \u00e0 Madrid, lors de l\u2019adoption de la Convention des Nations unies contre la criminalit\u00e9 transnationale organis\u00e9e.<\/p>\n<p>En effet, ce ph\u00e9nom\u00e8ne moins connue du grand public joue aussi un r\u00f4le capital dans le financement des bandes criminelles, des mafias et des groupes terroristes au Mali, selon le directeur g\u00e9n\u00e9ral de la Police nationale, le contr\u00f4leur g\u00e9n\u00e9ral Soula\u00efmane Traor\u00e9.<\/p>\n<p>C\u2019est pourquoi toute l\u2019importance de cet atelier de renforcement de capacit\u00e9s des enqu\u00eateurs de la police nationale contre ces d\u00e9lits financiers qui peuvent selon l\u2019Essor, mettre en mal la stabilit\u00e9 du secteur financier d\u2019un pays ou son \u00e9quilibre ext\u00e9rieure.<\/p>\n<p>Selon les initiateurs, il urge de prendre des dispositifs et des mesures efficaces contre ces ph\u00e9nom\u00e8nes pour prot\u00e9ger l\u2019int\u00e9grit\u00e9 des march\u00e9s et la structure financi\u00e8re mondiale. \u00abLa n\u00e9cessit\u00e9 pour les \u00c9tats \u00e0 l\u2019\u00e9chelle mondiale, de mettre en place des structures charg\u00e9es de la pr\u00e9vention et de la r\u00e9pression du recyclage des produits du crime r\u00e9sultant de la prolif\u00e9ration de l\u2019argent sale, dont les cons\u00e9quences sont, entre autres, la d\u00e9r\u00e9gulation des \u00e9conomies et des institutions, de m\u00eame que le financement du terrorisme et de la prolif\u00e9ration des armes de destruction massive\u00bb, a d\u00e9clar\u00e9 le pr\u00e9sident de la Centif, dans sa prise de parole lors de la c\u00e9r\u00e9monie d\u2019ouverture de cet atelier de formation.<\/p>\n<p>Tout en demandant l\u2019implication de tous les acteurs pour arriver \u00e0 bout de ces fl\u00e9aux, le ministre de la S\u00e9curit\u00e9 et de la Protection civile, le colonel-major Daoud Aly Mohammedine a assur\u00e9 de la disponibilit\u00e9 de son d\u00e9partement \u00e0 \u0153uvrer sans rel\u00e2che pour l\u2019atteinte de ces objectifs.<\/p>\n<p><b>Issa Djiguiba<\/b><\/p>\n","protected":false},"excerpt":{"rendered":"<p>Africa-Press &#8211; Mali. Le minist\u00e8re de la S\u00e9curit\u00e9 et de la Protection Civile, en partenariat avec la Cellule nationale de traitement des informations financi\u00e8res (CENTIF) et l\u2019ONG Think-Peace a organis\u00e9 un atelier de formation sur la \u00ab lutte contre le blanchiment de capitaux, le financement du terrorisme et de la prolif\u00e9ration des armes de destruction [&hellip;]<\/p>\n","protected":false},"author":82,"featured_media":3703,"comment_status":"open","ping_status":"closed","sticky":false,"template":"","format":"standard","meta":{"footnotes":""},"categories":[12,11,5,17],"tags":[76,86,19],"class_list":["post-3704","post","type-post","status-publish","format-standard","has-post-thumbnail","hentry","category-economie","category-homepage-french","category-top-nouvelles","category-toutes-les-actualites","tag-africa-press","tag-africa-press-mali","tag-mali"],"yoast_head":"<!-- This site is optimized with the Yoast SEO Premium plugin v26.1 (Yoast SEO v27.0) - https:\/\/yoast.com\/product\/yoast-seo-premium-wordpress\/ -->\n<title>Blanchiment de capitaux et financement du terrorisme : Bient\u00f4t des enqu\u00eateurs maliens pour faire face au fl\u00e9au - Mali<\/title>\n<meta name=\"description\" content=\"Le minist\u00e8re de la S\u00e9curit\u00e9 et de la Protection Civile, en partenariat avec la Cellule nationale de traitement des in ...\" \/>\n<meta name=\"robots\" content=\"index, follow, max-snippet:-1, max-image-preview:large, max-video-preview:-1\" \/>\n<link rel=\"canonical\" href=\"https:\/\/www.africa-press.net\/mali\/top-nouvelles\/blanchiment-de-capitaux-et-financement-du-terrorisme-bientot-des-enqueteurs-maliens-pour-faire-face-au-fleau\" \/>\n<meta property=\"og:locale\" content=\"fr_FR\" \/>\n<meta property=\"og:type\" content=\"article\" \/>\n<meta property=\"og:title\" content=\"Blanchiment de capitaux et financement du terrorisme : Bient\u00f4t des enqu\u00eateurs maliens pour faire face au fl\u00e9au\" \/>\n<meta property=\"og:description\" content=\"Le minist\u00e8re de la S\u00e9curit\u00e9 et de la Protection Civile, en partenariat avec la Cellule nationale de traitement des in ...\" \/>\n<meta property=\"og:url\" content=\"https:\/\/www.africa-press.net\/mali\/top-nouvelles\/blanchiment-de-capitaux-et-financement-du-terrorisme-bientot-des-enqueteurs-maliens-pour-faire-face-au-fleau\" \/>\n<meta property=\"og:site_name\" content=\"Mali\" \/>\n<meta property=\"article:publisher\" content=\"https:\/\/www.facebook.com\/AfricaPressTunisiaa\" \/>\n<meta property=\"article:published_time\" content=\"2021-06-29T19:45:25+00:00\" \/>\n<meta property=\"og:image\" content=\"https:\/\/static.africa-press.net\/mali\/sites\/21\/2021\/06\/img-60db5d95bf4a7.jpg\" \/>\n\t<meta property=\"og:image:width\" content=\"720\" \/>\n\t<meta property=\"og:image:height\" content=\"930\" \/>\n\t<meta property=\"og:image:type\" content=\"image\/jpeg\" \/>\n<meta name=\"author\" content=\"cfeditorfr\" \/>\n<meta name=\"twitter:card\" content=\"summary_large_image\" \/>\n<meta name=\"twitter:label1\" content=\"\u00c9crit par\" \/>\n\t<meta name=\"twitter:data1\" content=\"cfeditorfr\" \/>\n\t<meta name=\"twitter:label2\" content=\"Dur\u00e9e de lecture estim\u00e9e\" \/>\n\t<meta name=\"twitter:data2\" content=\"3 minutes\" \/>\n<script type=\"application\/ld+json\" class=\"yoast-schema-graph\">{\"@context\":\"https:\/\/schema.org\",\"@graph\":[{\"@type\":\"Article\",\"@id\":\"https:\/\/www.africa-press.net\/mali\/top-nouvelles\/blanchiment-de-capitaux-et-financement-du-terrorisme-bientot-des-enqueteurs-maliens-pour-faire-face-au-fleau#article\",\"isPartOf\":{\"@id\":\"https:\/\/www.africa-press.net\/mali\/top-nouvelles\/blanchiment-de-capitaux-et-financement-du-terrorisme-bientot-des-enqueteurs-maliens-pour-faire-face-au-fleau\"},\"author\":{\"name\":\"cfeditorfr\",\"@id\":\"https:\/\/www.africa-press.net\/mali\/#\/schema\/person\/2b1cf3cd81a31e3cd26889ca66d677f1\"},\"headline\":\"Blanchiment de capitaux et financement du terrorisme : Bient\u00f4t des enqu\u00eateurs maliens pour faire face au fl\u00e9au\",\"datePublished\":\"2021-06-29T19:45:25+00:00\",\"mainEntityOfPage\":{\"@id\":\"https:\/\/www.africa-press.net\/mali\/top-nouvelles\/blanchiment-de-capitaux-et-financement-du-terrorisme-bientot-des-enqueteurs-maliens-pour-faire-face-au-fleau\"},\"wordCount\":653,\"commentCount\":0,\"image\":{\"@id\":\"https:\/\/www.africa-press.net\/mali\/top-nouvelles\/blanchiment-de-capitaux-et-financement-du-terrorisme-bientot-des-enqueteurs-maliens-pour-faire-face-au-fleau#primaryimage\"},\"thumbnailUrl\":\"https:\/\/static.africa-press.net\/mali\/sites\/21\/2021\/06\/img-60db5d95bf4a7.jpg\",\"keywords\":[\"Africa Press\",\"Africa Press-Mali\",\"mali\"],\"articleSection\":[\"\u00c9conomie\",\"homepage-french\",\"Top Nouvelles\",\"Toutes les actualit\u00e9s\"],\"inLanguage\":\"fr-FR\",\"potentialAction\":[{\"@type\":\"CommentAction\",\"name\":\"Comment\",\"target\":[\"https:\/\/www.africa-press.net\/mali\/top-nouvelles\/blanchiment-de-capitaux-et-financement-du-terrorisme-bientot-des-enqueteurs-maliens-pour-faire-face-au-fleau#respond\"]}]},{\"@type\":\"WebPage\",\"@id\":\"https:\/\/www.africa-press.net\/mali\/top-nouvelles\/blanchiment-de-capitaux-et-financement-du-terrorisme-bientot-des-enqueteurs-maliens-pour-faire-face-au-fleau\",\"url\":\"https:\/\/www.africa-press.net\/mali\/top-nouvelles\/blanchiment-de-capitaux-et-financement-du-terrorisme-bientot-des-enqueteurs-maliens-pour-faire-face-au-fleau\",\"name\":\"Blanchiment de capitaux et financement du terrorisme : Bient\u00f4t des enqu\u00eateurs maliens pour faire face au fl\u00e9au - Mali\",\"isPartOf\":{\"@id\":\"https:\/\/www.africa-press.net\/mali\/#website\"},\"primaryImageOfPage\":{\"@id\":\"https:\/\/www.africa-press.net\/mali\/top-nouvelles\/blanchiment-de-capitaux-et-financement-du-terrorisme-bientot-des-enqueteurs-maliens-pour-faire-face-au-fleau#primaryimage\"},\"image\":{\"@id\":\"https:\/\/www.africa-press.net\/mali\/top-nouvelles\/blanchiment-de-capitaux-et-financement-du-terrorisme-bientot-des-enqueteurs-maliens-pour-faire-face-au-fleau#primaryimage\"},\"thumbnailUrl\":\"https:\/\/static.africa-press.net\/mali\/sites\/21\/2021\/06\/img-60db5d95bf4a7.jpg\",\"datePublished\":\"2021-06-29T19:45:25+00:00\",\"author\":{\"@id\":\"https:\/\/www.africa-press.net\/mali\/#\/schema\/person\/2b1cf3cd81a31e3cd26889ca66d677f1\"},\"description\":\"Le minist\u00e8re de la S\u00e9curit\u00e9 et de la Protection Civile, en partenariat avec la Cellule nationale de traitement des in ...\",\"breadcrumb\":{\"@id\":\"https:\/\/www.africa-press.net\/mali\/top-nouvelles\/blanchiment-de-capitaux-et-financement-du-terrorisme-bientot-des-enqueteurs-maliens-pour-faire-face-au-fleau#breadcrumb\"},\"inLanguage\":\"fr-FR\",\"potentialAction\":[{\"@type\":\"ReadAction\",\"target\":[\"https:\/\/www.africa-press.net\/mali\/top-nouvelles\/blanchiment-de-capitaux-et-financement-du-terrorisme-bientot-des-enqueteurs-maliens-pour-faire-face-au-fleau\"]}]},{\"@type\":\"ImageObject\",\"inLanguage\":\"fr-FR\",\"@id\":\"https:\/\/www.africa-press.net\/mali\/top-nouvelles\/blanchiment-de-capitaux-et-financement-du-terrorisme-bientot-des-enqueteurs-maliens-pour-faire-face-au-fleau#primaryimage\",\"url\":\"https:\/\/static.africa-press.net\/mali\/sites\/21\/2021\/06\/img-60db5d95bf4a7.jpg\",\"contentUrl\":\"https:\/\/static.africa-press.net\/mali\/sites\/21\/2021\/06\/img-60db5d95bf4a7.jpg\",\"width\":720,\"height\":930,\"caption\":\"Blanchiment de capitaux et financement du terrorisme : Bient\u00f4t des enqu\u00eateurs maliens pour faire face au fl\u00e9au\"},{\"@type\":\"BreadcrumbList\",\"@id\":\"https:\/\/www.africa-press.net\/mali\/top-nouvelles\/blanchiment-de-capitaux-et-financement-du-terrorisme-bientot-des-enqueteurs-maliens-pour-faire-face-au-fleau#breadcrumb\",\"itemListElement\":[{\"@type\":\"ListItem\",\"position\":1,\"name\":\"Home\",\"item\":\"https:\/\/www.africa-press.net\/mali\/\"},{\"@type\":\"ListItem\",\"position\":2,\"name\":\"Blanchiment de capitaux et financement du terrorisme : Bient\u00f4t des enqu\u00eateurs maliens pour faire face au fl\u00e9au\"}]},{\"@type\":\"WebSite\",\"@id\":\"https:\/\/www.africa-press.net\/mali\/#website\",\"url\":\"https:\/\/www.africa-press.net\/mali\/\",\"name\":\"Mali\",\"description\":\"Just another Africa News Agency Sites site\",\"potentialAction\":[{\"@type\":\"SearchAction\",\"target\":{\"@type\":\"EntryPoint\",\"urlTemplate\":\"https:\/\/www.africa-press.net\/mali\/?s={search_term_string}\"},\"query-input\":{\"@type\":\"PropertyValueSpecification\",\"valueRequired\":true,\"valueName\":\"search_term_string\"}}],\"inLanguage\":\"fr-FR\"},{\"@type\":\"Person\",\"@id\":\"https:\/\/www.africa-press.net\/mali\/#\/schema\/person\/2b1cf3cd81a31e3cd26889ca66d677f1\",\"name\":\"cfeditorfr\"}]}<\/script>\n<!-- \/ Yoast SEO Premium plugin. -->","yoast_head_json":{"title":"Blanchiment de capitaux et financement du terrorisme : Bient\u00f4t des enqu\u00eateurs maliens pour faire face au fl\u00e9au - Mali","description":"Le minist\u00e8re de la S\u00e9curit\u00e9 et de la Protection Civile, en partenariat avec la Cellule nationale de traitement des in ...","robots":{"index":"index","follow":"follow","max-snippet":"max-snippet:-1","max-image-preview":"max-image-preview:large","max-video-preview":"max-video-preview:-1"},"canonical":"https:\/\/www.africa-press.net\/mali\/top-nouvelles\/blanchiment-de-capitaux-et-financement-du-terrorisme-bientot-des-enqueteurs-maliens-pour-faire-face-au-fleau","og_locale":"fr_FR","og_type":"article","og_title":"Blanchiment de capitaux et financement du terrorisme : Bient\u00f4t des enqu\u00eateurs maliens pour faire face au fl\u00e9au","og_description":"Le minist\u00e8re de la S\u00e9curit\u00e9 et de la Protection Civile, en partenariat avec la Cellule nationale de traitement des in ...","og_url":"https:\/\/www.africa-press.net\/mali\/top-nouvelles\/blanchiment-de-capitaux-et-financement-du-terrorisme-bientot-des-enqueteurs-maliens-pour-faire-face-au-fleau","og_site_name":"Mali","article_publisher":"https:\/\/www.facebook.com\/AfricaPressTunisiaa","article_published_time":"2021-06-29T19:45:25+00:00","og_image":[{"width":720,"height":930,"url":"https:\/\/static.africa-press.net\/mali\/sites\/21\/2021\/06\/img-60db5d95bf4a7.jpg","type":"image\/jpeg"}],"author":"cfeditorfr","twitter_card":"summary_large_image","twitter_misc":{"\u00c9crit par":"cfeditorfr","Dur\u00e9e de lecture estim\u00e9e":"3 minutes"},"schema":{"@context":"https:\/\/schema.org","@graph":[{"@type":"Article","@id":"https:\/\/www.africa-press.net\/mali\/top-nouvelles\/blanchiment-de-capitaux-et-financement-du-terrorisme-bientot-des-enqueteurs-maliens-pour-faire-face-au-fleau#article","isPartOf":{"@id":"https:\/\/www.africa-press.net\/mali\/top-nouvelles\/blanchiment-de-capitaux-et-financement-du-terrorisme-bientot-des-enqueteurs-maliens-pour-faire-face-au-fleau"},"author":{"name":"cfeditorfr","@id":"https:\/\/www.africa-press.net\/mali\/#\/schema\/person\/2b1cf3cd81a31e3cd26889ca66d677f1"},"headline":"Blanchiment de capitaux et financement du terrorisme : Bient\u00f4t des enqu\u00eateurs maliens pour faire face au fl\u00e9au","datePublished":"2021-06-29T19:45:25+00:00","mainEntityOfPage":{"@id":"https:\/\/www.africa-press.net\/mali\/top-nouvelles\/blanchiment-de-capitaux-et-financement-du-terrorisme-bientot-des-enqueteurs-maliens-pour-faire-face-au-fleau"},"wordCount":653,"commentCount":0,"image":{"@id":"https:\/\/www.africa-press.net\/mali\/top-nouvelles\/blanchiment-de-capitaux-et-financement-du-terrorisme-bientot-des-enqueteurs-maliens-pour-faire-face-au-fleau#primaryimage"},"thumbnailUrl":"https:\/\/static.africa-press.net\/mali\/sites\/21\/2021\/06\/img-60db5d95bf4a7.jpg","keywords":["Africa Press","Africa Press-Mali","mali"],"articleSection":["\u00c9conomie","homepage-french","Top Nouvelles","Toutes les actualit\u00e9s"],"inLanguage":"fr-FR","potentialAction":[{"@type":"CommentAction","name":"Comment","target":["https:\/\/www.africa-press.net\/mali\/top-nouvelles\/blanchiment-de-capitaux-et-financement-du-terrorisme-bientot-des-enqueteurs-maliens-pour-faire-face-au-fleau#respond"]}]},{"@type":"WebPage","@id":"https:\/\/www.africa-press.net\/mali\/top-nouvelles\/blanchiment-de-capitaux-et-financement-du-terrorisme-bientot-des-enqueteurs-maliens-pour-faire-face-au-fleau","url":"https:\/\/www.africa-press.net\/mali\/top-nouvelles\/blanchiment-de-capitaux-et-financement-du-terrorisme-bientot-des-enqueteurs-maliens-pour-faire-face-au-fleau","name":"Blanchiment de capitaux et financement du terrorisme : Bient\u00f4t des enqu\u00eateurs maliens pour faire face au fl\u00e9au - Mali","isPartOf":{"@id":"https:\/\/www.africa-press.net\/mali\/#website"},"primaryImageOfPage":{"@id":"https:\/\/www.africa-press.net\/mali\/top-nouvelles\/blanchiment-de-capitaux-et-financement-du-terrorisme-bientot-des-enqueteurs-maliens-pour-faire-face-au-fleau#primaryimage"},"image":{"@id":"https:\/\/www.africa-press.net\/mali\/top-nouvelles\/blanchiment-de-capitaux-et-financement-du-terrorisme-bientot-des-enqueteurs-maliens-pour-faire-face-au-fleau#primaryimage"},"thumbnailUrl":"https:\/\/static.africa-press.net\/mali\/sites\/21\/2021\/06\/img-60db5d95bf4a7.jpg","datePublished":"2021-06-29T19:45:25+00:00","author":{"@id":"https:\/\/www.africa-press.net\/mali\/#\/schema\/person\/2b1cf3cd81a31e3cd26889ca66d677f1"},"description":"Le minist\u00e8re de la S\u00e9curit\u00e9 et de la Protection Civile, en partenariat avec la Cellule nationale de traitement des in ...","breadcrumb":{"@id":"https:\/\/www.africa-press.net\/mali\/top-nouvelles\/blanchiment-de-capitaux-et-financement-du-terrorisme-bientot-des-enqueteurs-maliens-pour-faire-face-au-fleau#breadcrumb"},"inLanguage":"fr-FR","potentialAction":[{"@type":"ReadAction","target":["https:\/\/www.africa-press.net\/mali\/top-nouvelles\/blanchiment-de-capitaux-et-financement-du-terrorisme-bientot-des-enqueteurs-maliens-pour-faire-face-au-fleau"]}]},{"@type":"ImageObject","inLanguage":"fr-FR","@id":"https:\/\/www.africa-press.net\/mali\/top-nouvelles\/blanchiment-de-capitaux-et-financement-du-terrorisme-bientot-des-enqueteurs-maliens-pour-faire-face-au-fleau#primaryimage","url":"https:\/\/static.africa-press.net\/mali\/sites\/21\/2021\/06\/img-60db5d95bf4a7.jpg","contentUrl":"https:\/\/static.africa-press.net\/mali\/sites\/21\/2021\/06\/img-60db5d95bf4a7.jpg","width":720,"height":930,"caption":"Blanchiment de capitaux et financement du terrorisme : Bient\u00f4t des enqu\u00eateurs maliens pour faire face au fl\u00e9au"},{"@type":"BreadcrumbList","@id":"https:\/\/www.africa-press.net\/mali\/top-nouvelles\/blanchiment-de-capitaux-et-financement-du-terrorisme-bientot-des-enqueteurs-maliens-pour-faire-face-au-fleau#breadcrumb","itemListElement":[{"@type":"ListItem","position":1,"name":"Home","item":"https:\/\/www.africa-press.net\/mali\/"},{"@type":"ListItem","position":2,"name":"Blanchiment de capitaux et financement du terrorisme : Bient\u00f4t des enqu\u00eateurs maliens pour faire face au fl\u00e9au"}]},{"@type":"WebSite","@id":"https:\/\/www.africa-press.net\/mali\/#website","url":"https:\/\/www.africa-press.net\/mali\/","name":"Mali","description":"Just another Africa News Agency Sites site","potentialAction":[{"@type":"SearchAction","target":{"@type":"EntryPoint","urlTemplate":"https:\/\/www.africa-press.net\/mali\/?s={search_term_string}"},"query-input":{"@type":"PropertyValueSpecification","valueRequired":true,"valueName":"search_term_string"}}],"inLanguage":"fr-FR"},{"@type":"Person","@id":"https:\/\/www.africa-press.net\/mali\/#\/schema\/person\/2b1cf3cd81a31e3cd26889ca66d677f1","name":"cfeditorfr"}]}},"_links":{"self":[{"href":"https:\/\/www.africa-press.net\/mali\/wp-json\/wp\/v2\/posts\/3704","targetHints":{"allow":["GET"]}}],"collection":[{"href":"https:\/\/www.africa-press.net\/mali\/wp-json\/wp\/v2\/posts"}],"about":[{"href":"https:\/\/www.africa-press.net\/mali\/wp-json\/wp\/v2\/types\/post"}],"author":[{"embeddable":true,"href":"https:\/\/www.africa-press.net\/mali\/wp-json\/wp\/v2\/users\/82"}],"replies":[{"embeddable":true,"href":"https:\/\/www.africa-press.net\/mali\/wp-json\/wp\/v2\/comments?post=3704"}],"version-history":[{"count":0,"href":"https:\/\/www.africa-press.net\/mali\/wp-json\/wp\/v2\/posts\/3704\/revisions"}],"wp:featuredmedia":[{"embeddable":true,"href":"https:\/\/www.africa-press.net\/mali\/wp-json\/wp\/v2\/media\/3703"}],"wp:attachment":[{"href":"https:\/\/www.africa-press.net\/mali\/wp-json\/wp\/v2\/media?parent=3704"}],"wp:term":[{"taxonomy":"category","embeddable":true,"href":"https:\/\/www.africa-press.net\/mali\/wp-json\/wp\/v2\/categories?post=3704"},{"taxonomy":"post_tag","embeddable":true,"href":"https:\/\/www.africa-press.net\/mali\/wp-json\/wp\/v2\/tags?post=3704"}],"curies":[{"name":"wp","href":"https:\/\/api.w.org\/{rel}","templated":true}]}}