{"id":43280,"date":"2024-02-08T19:34:45","date_gmt":"2024-02-08T19:34:45","guid":{"rendered":"https:\/\/www.africa-press.net\/mali\/politique\/senegal-mali-niger-burkina-faso-dossiers-en-debat-lors-dune-reunion-durgence-de-la-cedeao"},"modified":"2024-02-08T21:03:41","modified_gmt":"2024-02-08T21:03:41","slug":"senegal-mali-niger-burkina-faso-dossiers-en-debat-lors-dune-reunion-durgence-de-la-cedeao","status":"publish","type":"post","link":"https:\/\/www.africa-press.net\/mali\/top-nouvelles\/senegal-mali-niger-burkina-faso-dossiers-en-debat-lors-dune-reunion-durgence-de-la-cedeao","title":{"rendered":"S\u00e9n\u00e9gal, Mali, Niger, Burkina Faso, dossiers en d\u00e9bat lors d&rsquo;une r\u00e9union d&rsquo;urgence de la C\u00e9d\u00e9ao"},"content":{"rendered":"<p><span style=\"color: #ff6600\"><strong>Africa-Press &#8211; Mali. <\/strong><\/span>La Communaute\u0301 e\u0301conomique des E\u0301tats d&rsquo;Afrique de l&rsquo;ouest (Ce\u0301de\u0301ao) se re\u0301unit jeudi en urgence pour se pencher sur la crise politique au Se\u0301ne\u0301gal et les dossiers malien, nige\u0301rien et burkinabe\u0301, trois pays qui ont re\u0301cemment annonce\u0301 leur de\u0301cision de se retirer des instances de l\u2019organisation sous-re\u0301gionale, ont rapporte\u0301 des me\u0301dias africains et franc\u0327ais.<\/p>\n<p>Le Conseil de me\u0301diation et de se\u0301curite\u0301 de l&rsquo;organisation ouest-africaine a annonce\u0301 que les ministres des Affaires e\u0301trange\u0300res se retrouveraient a\u0300 Abuja, la capitale du Nigeria, pour \u00ab\u00a0discuter des proble\u0300mes se\u0301curitaires et politiques actuels de la re\u0301gion\u00a0\u00bb, rapporte la chai\u0302ne France 24 pre\u0301cisant que la pre\u0301sence du ministre se\u0301ne\u0301galais n&rsquo;est pas confirme\u0301e pour le moment.<\/p>\n<p>Apre\u0300s le report de la pre\u0301sidentielle se\u0301ne\u0301galaise, la Ce\u0301de\u0301ao a exhorte\u0301 Dakar a\u0300 respecter son calendrier e\u0301lectoral initial. Mais elle essuie de plus en plus de critiques qui remettent en cause son influence sur ses E\u0301tats membres, rappelle le me\u0301dia franc\u0327ais.<\/p>\n<p>Le Se\u0301ne\u0301gal traverse une crise politique aigu\u0308e de\u0301clenche\u0301e par le report de la pre\u0301sidentielle du 25 fe\u0301vrier par le pre\u0301sident Macky Sall samedi, souligne France 24 ajoutant que la situation actuelle au Se\u0301ne\u0301gal suscite des inquie\u0301tudes quant aux re\u0301percussions dans la re\u0301gion.<\/p>\n<p>Dans un communique\u0301, la Ce\u0301de\u0301ao a invite\u0301 le Se\u0301ne\u0301gal a \u00ab\u00a0prendre de toute urgence les mesures ne\u0301cessaires pour re\u0301tablir le calendrier e\u0301lectoral\u00a0\u00bb rapporte le me\u0302me me\u0301dia ajoutant que l&rsquo;un des pouvoirs dont dispose la Ce\u0301de\u0301ao est d&rsquo;imposer des sanctions e\u0301conomiques, comme elle l&rsquo;a fait a\u0300 l&rsquo;encontre du Mali et du Niger a\u0300 la suite des re\u0301cents coups d&rsquo;E\u0301tat.<\/p>\n<p>Fin janvier, les deux pays ainsi que le Burkina Faso \u2013 de\u0301ja\u0300 suspendus de la Ce\u0301de\u0301ao \u2013 ont annonce\u0301 leur retrait de l&rsquo;organisation ouest-africaine, avant de de\u0301clarer, mercredi, qu&rsquo;ils entendaient partir de\u0300s maintenant et non dans un an comme le stipulent les textes de l&rsquo;organisation, indique la me\u0302me source.<\/p>\n<p><strong>Pour plus d&rsquo;informations et d&rsquo;analyses sur la <a href=\"https:\/\/www.africa-press.net\/mali\">Mali<\/a>, suivez <a href=\"https:\/\/www.africa-press.net\/\">Africa-Press<\/a><\/strong><\/p>\n","protected":false},"excerpt":{"rendered":"<p>Africa-Press &#8211; Mali. La Communaute\u0301 e\u0301conomique des E\u0301tats d&rsquo;Afrique de l&rsquo;ouest (Ce\u0301de\u0301ao) se re\u0301unit jeudi en urgence pour se pencher sur la crise politique au Se\u0301ne\u0301gal et les dossiers malien, nige\u0301rien et burkinabe\u0301, trois pays qui ont re\u0301cemment annonce\u0301 leur de\u0301cision de se retirer des instances de l\u2019organisation sous-re\u0301gionale, ont rapporte\u0301 des me\u0301dias africains et [&hellip;]<\/p>\n","protected":false},"author":82,"featured_media":43279,"comment_status":"open","ping_status":"closed","sticky":false,"template":"","format":"standard","meta":{"footnotes":""},"categories":[7,88,5,17],"tags":[76,86,166,19,153],"class_list":["post-43280","post","type-post","status-publish","format-standard","has-post-thumbnail","hentry","category-politique","category-to-homepage","category-top-nouvelles","category-toutes-les-actualites","tag-africa-press","tag-africa-press-mali","tag-cedeao","tag-mali","tag-senegal"],"yoast_head":"<!-- This site is optimized with the Yoast SEO Premium plugin v26.1 (Yoast SEO v27.0) - https:\/\/yoast.com\/product\/yoast-seo-premium-wordpress\/ -->\n<title>S\u00e9n\u00e9gal, Mali, Niger, Burkina Faso, dossiers en d\u00e9bat lors d&#039;une r\u00e9union d&#039;urgence de la C\u00e9d\u00e9ao - Mali<\/title>\n<meta name=\"description\" content=\"La Communaute\u0301 e\u0301conomique des E\u0301tats d&#039;Afrique de l&#039;ouest (Ce\u0301de\u0301ao) se re\u0301unit jeudi en urgence pour se pencher sur la ...\" \/>\n<meta name=\"robots\" content=\"index, follow, max-snippet:-1, max-image-preview:large, max-video-preview:-1\" \/>\n<link rel=\"canonical\" href=\"https:\/\/www.africa-press.net\/mali\/top-nouvelles\/senegal-mali-niger-burkina-faso-dossiers-en-debat-lors-dune-reunion-durgence-de-la-cedeao\" \/>\n<meta property=\"og:locale\" content=\"fr_FR\" \/>\n<meta property=\"og:type\" content=\"article\" \/>\n<meta property=\"og:title\" content=\"S\u00e9n\u00e9gal, Mali, Niger, Burkina Faso, dossiers en d\u00e9bat lors d&#039;une r\u00e9union d&#039;urgence de la C\u00e9d\u00e9ao\" \/>\n<meta property=\"og:description\" content=\"La Communaute\u0301 e\u0301conomique des E\u0301tats d&#039;Afrique de l&#039;ouest (Ce\u0301de\u0301ao) se re\u0301unit jeudi en urgence pour se pencher sur la ...\" \/>\n<meta property=\"og:url\" content=\"https:\/\/www.africa-press.net\/mali\/top-nouvelles\/senegal-mali-niger-burkina-faso-dossiers-en-debat-lors-dune-reunion-durgence-de-la-cedeao\" \/>\n<meta property=\"og:site_name\" content=\"Mali\" \/>\n<meta property=\"article:publisher\" content=\"https:\/\/www.facebook.com\/AfricaPressTunisiaa\" \/>\n<meta property=\"article:published_time\" content=\"2024-02-08T19:34:45+00:00\" \/>\n<meta property=\"article:modified_time\" content=\"2024-02-08T21:03:41+00:00\" \/>\n<meta property=\"og:image\" content=\"https:\/\/static.africa-press.net\/mali\/sites\/21\/2024\/02\/sm_1707409952.330065.jpg\" \/>\n\t<meta property=\"og:image:width\" content=\"864\" \/>\n\t<meta property=\"og:image:height\" content=\"486\" \/>\n\t<meta property=\"og:image:type\" content=\"image\/jpeg\" \/>\n<meta name=\"author\" content=\"cfeditorfr\" \/>\n<meta name=\"twitter:card\" content=\"summary_large_image\" \/>\n<meta name=\"twitter:label1\" content=\"\u00c9crit par\" \/>\n\t<meta name=\"twitter:data1\" content=\"cfeditorfr\" \/>\n\t<meta name=\"twitter:label2\" content=\"Dur\u00e9e de lecture estim\u00e9e\" \/>\n\t<meta name=\"twitter:data2\" content=\"2 minutes\" \/>\n<script type=\"application\/ld+json\" class=\"yoast-schema-graph\">{\"@context\":\"https:\/\/schema.org\",\"@graph\":[{\"@type\":\"Article\",\"@id\":\"https:\/\/www.africa-press.net\/mali\/top-nouvelles\/senegal-mali-niger-burkina-faso-dossiers-en-debat-lors-dune-reunion-durgence-de-la-cedeao#article\",\"isPartOf\":{\"@id\":\"https:\/\/www.africa-press.net\/mali\/top-nouvelles\/senegal-mali-niger-burkina-faso-dossiers-en-debat-lors-dune-reunion-durgence-de-la-cedeao\"},\"author\":{\"name\":\"cfeditorfr\",\"@id\":\"https:\/\/www.africa-press.net\/mali\/#\/schema\/person\/2b1cf3cd81a31e3cd26889ca66d677f1\"},\"headline\":\"S\u00e9n\u00e9gal, Mali, Niger, Burkina Faso, dossiers en d\u00e9bat lors d&rsquo;une r\u00e9union d&rsquo;urgence de la C\u00e9d\u00e9ao\",\"datePublished\":\"2024-02-08T19:34:45+00:00\",\"dateModified\":\"2024-02-08T21:03:41+00:00\",\"mainEntityOfPage\":{\"@id\":\"https:\/\/www.africa-press.net\/mali\/top-nouvelles\/senegal-mali-niger-burkina-faso-dossiers-en-debat-lors-dune-reunion-durgence-de-la-cedeao\"},\"wordCount\":413,\"commentCount\":0,\"image\":{\"@id\":\"https:\/\/www.africa-press.net\/mali\/top-nouvelles\/senegal-mali-niger-burkina-faso-dossiers-en-debat-lors-dune-reunion-durgence-de-la-cedeao#primaryimage\"},\"thumbnailUrl\":\"https:\/\/static.africa-press.net\/mali\/sites\/21\/2024\/02\/sm_1707409952.330065.jpg\",\"keywords\":[\"Africa Press\",\"Africa Press-Mali\",\"CEDEAO\",\"mali\",\"Senegal\"],\"articleSection\":[\"Politique\",\"to-homepage\",\"Top Nouvelles\",\"Toutes les actualit\u00e9s\"],\"inLanguage\":\"fr-FR\",\"potentialAction\":[{\"@type\":\"CommentAction\",\"name\":\"Comment\",\"target\":[\"https:\/\/www.africa-press.net\/mali\/top-nouvelles\/senegal-mali-niger-burkina-faso-dossiers-en-debat-lors-dune-reunion-durgence-de-la-cedeao#respond\"]}]},{\"@type\":\"WebPage\",\"@id\":\"https:\/\/www.africa-press.net\/mali\/top-nouvelles\/senegal-mali-niger-burkina-faso-dossiers-en-debat-lors-dune-reunion-durgence-de-la-cedeao\",\"url\":\"https:\/\/www.africa-press.net\/mali\/top-nouvelles\/senegal-mali-niger-burkina-faso-dossiers-en-debat-lors-dune-reunion-durgence-de-la-cedeao\",\"name\":\"S\u00e9n\u00e9gal, Mali, Niger, Burkina Faso, dossiers en d\u00e9bat lors d'une r\u00e9union d'urgence de la C\u00e9d\u00e9ao - Mali\",\"isPartOf\":{\"@id\":\"https:\/\/www.africa-press.net\/mali\/#website\"},\"primaryImageOfPage\":{\"@id\":\"https:\/\/www.africa-press.net\/mali\/top-nouvelles\/senegal-mali-niger-burkina-faso-dossiers-en-debat-lors-dune-reunion-durgence-de-la-cedeao#primaryimage\"},\"image\":{\"@id\":\"https:\/\/www.africa-press.net\/mali\/top-nouvelles\/senegal-mali-niger-burkina-faso-dossiers-en-debat-lors-dune-reunion-durgence-de-la-cedeao#primaryimage\"},\"thumbnailUrl\":\"https:\/\/static.africa-press.net\/mali\/sites\/21\/2024\/02\/sm_1707409952.330065.jpg\",\"datePublished\":\"2024-02-08T19:34:45+00:00\",\"dateModified\":\"2024-02-08T21:03:41+00:00\",\"author\":{\"@id\":\"https:\/\/www.africa-press.net\/mali\/#\/schema\/person\/2b1cf3cd81a31e3cd26889ca66d677f1\"},\"description\":\"La Communaute\u0301 e\u0301conomique des E\u0301tats d'Afrique de l'ouest (Ce\u0301de\u0301ao) se re\u0301unit jeudi en urgence pour se pencher sur la ...\",\"breadcrumb\":{\"@id\":\"https:\/\/www.africa-press.net\/mali\/top-nouvelles\/senegal-mali-niger-burkina-faso-dossiers-en-debat-lors-dune-reunion-durgence-de-la-cedeao#breadcrumb\"},\"inLanguage\":\"fr-FR\",\"potentialAction\":[{\"@type\":\"ReadAction\",\"target\":[\"https:\/\/www.africa-press.net\/mali\/top-nouvelles\/senegal-mali-niger-burkina-faso-dossiers-en-debat-lors-dune-reunion-durgence-de-la-cedeao\"]}]},{\"@type\":\"ImageObject\",\"inLanguage\":\"fr-FR\",\"@id\":\"https:\/\/www.africa-press.net\/mali\/top-nouvelles\/senegal-mali-niger-burkina-faso-dossiers-en-debat-lors-dune-reunion-durgence-de-la-cedeao#primaryimage\",\"url\":\"https:\/\/static.africa-press.net\/mali\/sites\/21\/2024\/02\/sm_1707409952.330065.jpg\",\"contentUrl\":\"https:\/\/static.africa-press.net\/mali\/sites\/21\/2024\/02\/sm_1707409952.330065.jpg\",\"width\":864,\"height\":486,\"caption\":\"S\u00e9n\u00e9gal, Mali, Niger, Burkina Faso, dossiers en d\u00e9bat lors d'une r\u00e9union d'urgence de la C\u00e9d\u00e9ao\"},{\"@type\":\"BreadcrumbList\",\"@id\":\"https:\/\/www.africa-press.net\/mali\/top-nouvelles\/senegal-mali-niger-burkina-faso-dossiers-en-debat-lors-dune-reunion-durgence-de-la-cedeao#breadcrumb\",\"itemListElement\":[{\"@type\":\"ListItem\",\"position\":1,\"name\":\"Home\",\"item\":\"https:\/\/www.africa-press.net\/mali\/\"},{\"@type\":\"ListItem\",\"position\":2,\"name\":\"S\u00e9n\u00e9gal, Mali, Niger, Burkina Faso, dossiers en d\u00e9bat lors d&#8217;une r\u00e9union d&#8217;urgence de la C\u00e9d\u00e9ao\"}]},{\"@type\":\"WebSite\",\"@id\":\"https:\/\/www.africa-press.net\/mali\/#website\",\"url\":\"https:\/\/www.africa-press.net\/mali\/\",\"name\":\"Mali\",\"description\":\"Just another Africa News Agency Sites site\",\"potentialAction\":[{\"@type\":\"SearchAction\",\"target\":{\"@type\":\"EntryPoint\",\"urlTemplate\":\"https:\/\/www.africa-press.net\/mali\/?s={search_term_string}\"},\"query-input\":{\"@type\":\"PropertyValueSpecification\",\"valueRequired\":true,\"valueName\":\"search_term_string\"}}],\"inLanguage\":\"fr-FR\"},{\"@type\":\"Person\",\"@id\":\"https:\/\/www.africa-press.net\/mali\/#\/schema\/person\/2b1cf3cd81a31e3cd26889ca66d677f1\",\"name\":\"cfeditorfr\"}]}<\/script>\n<!-- \/ Yoast SEO Premium plugin. -->","yoast_head_json":{"title":"S\u00e9n\u00e9gal, Mali, Niger, Burkina Faso, dossiers en d\u00e9bat lors d'une r\u00e9union d'urgence de la C\u00e9d\u00e9ao - Mali","description":"La Communaute\u0301 e\u0301conomique des E\u0301tats d'Afrique de l'ouest (Ce\u0301de\u0301ao) se re\u0301unit jeudi en urgence pour se pencher sur la ...","robots":{"index":"index","follow":"follow","max-snippet":"max-snippet:-1","max-image-preview":"max-image-preview:large","max-video-preview":"max-video-preview:-1"},"canonical":"https:\/\/www.africa-press.net\/mali\/top-nouvelles\/senegal-mali-niger-burkina-faso-dossiers-en-debat-lors-dune-reunion-durgence-de-la-cedeao","og_locale":"fr_FR","og_type":"article","og_title":"S\u00e9n\u00e9gal, Mali, Niger, Burkina Faso, dossiers en d\u00e9bat lors d'une r\u00e9union d'urgence de la C\u00e9d\u00e9ao","og_description":"La Communaute\u0301 e\u0301conomique des E\u0301tats d'Afrique de l'ouest (Ce\u0301de\u0301ao) se re\u0301unit jeudi en urgence pour se pencher sur la ...","og_url":"https:\/\/www.africa-press.net\/mali\/top-nouvelles\/senegal-mali-niger-burkina-faso-dossiers-en-debat-lors-dune-reunion-durgence-de-la-cedeao","og_site_name":"Mali","article_publisher":"https:\/\/www.facebook.com\/AfricaPressTunisiaa","article_published_time":"2024-02-08T19:34:45+00:00","article_modified_time":"2024-02-08T21:03:41+00:00","og_image":[{"width":864,"height":486,"url":"https:\/\/static.africa-press.net\/mali\/sites\/21\/2024\/02\/sm_1707409952.330065.jpg","type":"image\/jpeg"}],"author":"cfeditorfr","twitter_card":"summary_large_image","twitter_misc":{"\u00c9crit par":"cfeditorfr","Dur\u00e9e de lecture estim\u00e9e":"2 minutes"},"schema":{"@context":"https:\/\/schema.org","@graph":[{"@type":"Article","@id":"https:\/\/www.africa-press.net\/mali\/top-nouvelles\/senegal-mali-niger-burkina-faso-dossiers-en-debat-lors-dune-reunion-durgence-de-la-cedeao#article","isPartOf":{"@id":"https:\/\/www.africa-press.net\/mali\/top-nouvelles\/senegal-mali-niger-burkina-faso-dossiers-en-debat-lors-dune-reunion-durgence-de-la-cedeao"},"author":{"name":"cfeditorfr","@id":"https:\/\/www.africa-press.net\/mali\/#\/schema\/person\/2b1cf3cd81a31e3cd26889ca66d677f1"},"headline":"S\u00e9n\u00e9gal, Mali, Niger, Burkina Faso, dossiers en d\u00e9bat lors d&rsquo;une r\u00e9union d&rsquo;urgence de la C\u00e9d\u00e9ao","datePublished":"2024-02-08T19:34:45+00:00","dateModified":"2024-02-08T21:03:41+00:00","mainEntityOfPage":{"@id":"https:\/\/www.africa-press.net\/mali\/top-nouvelles\/senegal-mali-niger-burkina-faso-dossiers-en-debat-lors-dune-reunion-durgence-de-la-cedeao"},"wordCount":413,"commentCount":0,"image":{"@id":"https:\/\/www.africa-press.net\/mali\/top-nouvelles\/senegal-mali-niger-burkina-faso-dossiers-en-debat-lors-dune-reunion-durgence-de-la-cedeao#primaryimage"},"thumbnailUrl":"https:\/\/static.africa-press.net\/mali\/sites\/21\/2024\/02\/sm_1707409952.330065.jpg","keywords":["Africa Press","Africa Press-Mali","CEDEAO","mali","Senegal"],"articleSection":["Politique","to-homepage","Top Nouvelles","Toutes les actualit\u00e9s"],"inLanguage":"fr-FR","potentialAction":[{"@type":"CommentAction","name":"Comment","target":["https:\/\/www.africa-press.net\/mali\/top-nouvelles\/senegal-mali-niger-burkina-faso-dossiers-en-debat-lors-dune-reunion-durgence-de-la-cedeao#respond"]}]},{"@type":"WebPage","@id":"https:\/\/www.africa-press.net\/mali\/top-nouvelles\/senegal-mali-niger-burkina-faso-dossiers-en-debat-lors-dune-reunion-durgence-de-la-cedeao","url":"https:\/\/www.africa-press.net\/mali\/top-nouvelles\/senegal-mali-niger-burkina-faso-dossiers-en-debat-lors-dune-reunion-durgence-de-la-cedeao","name":"S\u00e9n\u00e9gal, Mali, Niger, Burkina Faso, dossiers en d\u00e9bat lors d'une r\u00e9union d'urgence de la C\u00e9d\u00e9ao - Mali","isPartOf":{"@id":"https:\/\/www.africa-press.net\/mali\/#website"},"primaryImageOfPage":{"@id":"https:\/\/www.africa-press.net\/mali\/top-nouvelles\/senegal-mali-niger-burkina-faso-dossiers-en-debat-lors-dune-reunion-durgence-de-la-cedeao#primaryimage"},"image":{"@id":"https:\/\/www.africa-press.net\/mali\/top-nouvelles\/senegal-mali-niger-burkina-faso-dossiers-en-debat-lors-dune-reunion-durgence-de-la-cedeao#primaryimage"},"thumbnailUrl":"https:\/\/static.africa-press.net\/mali\/sites\/21\/2024\/02\/sm_1707409952.330065.jpg","datePublished":"2024-02-08T19:34:45+00:00","dateModified":"2024-02-08T21:03:41+00:00","author":{"@id":"https:\/\/www.africa-press.net\/mali\/#\/schema\/person\/2b1cf3cd81a31e3cd26889ca66d677f1"},"description":"La Communaute\u0301 e\u0301conomique des E\u0301tats d'Afrique de l'ouest (Ce\u0301de\u0301ao) se re\u0301unit jeudi en urgence pour se pencher sur la ...","breadcrumb":{"@id":"https:\/\/www.africa-press.net\/mali\/top-nouvelles\/senegal-mali-niger-burkina-faso-dossiers-en-debat-lors-dune-reunion-durgence-de-la-cedeao#breadcrumb"},"inLanguage":"fr-FR","potentialAction":[{"@type":"ReadAction","target":["https:\/\/www.africa-press.net\/mali\/top-nouvelles\/senegal-mali-niger-burkina-faso-dossiers-en-debat-lors-dune-reunion-durgence-de-la-cedeao"]}]},{"@type":"ImageObject","inLanguage":"fr-FR","@id":"https:\/\/www.africa-press.net\/mali\/top-nouvelles\/senegal-mali-niger-burkina-faso-dossiers-en-debat-lors-dune-reunion-durgence-de-la-cedeao#primaryimage","url":"https:\/\/static.africa-press.net\/mali\/sites\/21\/2024\/02\/sm_1707409952.330065.jpg","contentUrl":"https:\/\/static.africa-press.net\/mali\/sites\/21\/2024\/02\/sm_1707409952.330065.jpg","width":864,"height":486,"caption":"S\u00e9n\u00e9gal, Mali, Niger, Burkina Faso, dossiers en d\u00e9bat lors d'une r\u00e9union d'urgence de la C\u00e9d\u00e9ao"},{"@type":"BreadcrumbList","@id":"https:\/\/www.africa-press.net\/mali\/top-nouvelles\/senegal-mali-niger-burkina-faso-dossiers-en-debat-lors-dune-reunion-durgence-de-la-cedeao#breadcrumb","itemListElement":[{"@type":"ListItem","position":1,"name":"Home","item":"https:\/\/www.africa-press.net\/mali\/"},{"@type":"ListItem","position":2,"name":"S\u00e9n\u00e9gal, Mali, Niger, Burkina Faso, dossiers en d\u00e9bat lors d&#8217;une r\u00e9union d&#8217;urgence de la C\u00e9d\u00e9ao"}]},{"@type":"WebSite","@id":"https:\/\/www.africa-press.net\/mali\/#website","url":"https:\/\/www.africa-press.net\/mali\/","name":"Mali","description":"Just another Africa News Agency Sites site","potentialAction":[{"@type":"SearchAction","target":{"@type":"EntryPoint","urlTemplate":"https:\/\/www.africa-press.net\/mali\/?s={search_term_string}"},"query-input":{"@type":"PropertyValueSpecification","valueRequired":true,"valueName":"search_term_string"}}],"inLanguage":"fr-FR"},{"@type":"Person","@id":"https:\/\/www.africa-press.net\/mali\/#\/schema\/person\/2b1cf3cd81a31e3cd26889ca66d677f1","name":"cfeditorfr"}]}},"_links":{"self":[{"href":"https:\/\/www.africa-press.net\/mali\/wp-json\/wp\/v2\/posts\/43280","targetHints":{"allow":["GET"]}}],"collection":[{"href":"https:\/\/www.africa-press.net\/mali\/wp-json\/wp\/v2\/posts"}],"about":[{"href":"https:\/\/www.africa-press.net\/mali\/wp-json\/wp\/v2\/types\/post"}],"author":[{"embeddable":true,"href":"https:\/\/www.africa-press.net\/mali\/wp-json\/wp\/v2\/users\/82"}],"replies":[{"embeddable":true,"href":"https:\/\/www.africa-press.net\/mali\/wp-json\/wp\/v2\/comments?post=43280"}],"version-history":[{"count":0,"href":"https:\/\/www.africa-press.net\/mali\/wp-json\/wp\/v2\/posts\/43280\/revisions"}],"wp:featuredmedia":[{"embeddable":true,"href":"https:\/\/www.africa-press.net\/mali\/wp-json\/wp\/v2\/media\/43279"}],"wp:attachment":[{"href":"https:\/\/www.africa-press.net\/mali\/wp-json\/wp\/v2\/media?parent=43280"}],"wp:term":[{"taxonomy":"category","embeddable":true,"href":"https:\/\/www.africa-press.net\/mali\/wp-json\/wp\/v2\/categories?post=43280"},{"taxonomy":"post_tag","embeddable":true,"href":"https:\/\/www.africa-press.net\/mali\/wp-json\/wp\/v2\/tags?post=43280"}],"curies":[{"name":"wp","href":"https:\/\/api.w.org\/{rel}","templated":true}]}}