{"id":43773,"date":"2024-02-26T23:34:34","date_gmt":"2024-02-26T23:34:34","guid":{"rendered":"https:\/\/www.africa-press.net\/mali\/politique\/le-taux-de-mobilisation-des-recettes-evalue-a-985-en-2023"},"modified":"2024-02-27T00:40:53","modified_gmt":"2024-02-27T00:40:53","slug":"le-taux-de-mobilisation-des-recettes-evalue-a-985-en-2023","status":"publish","type":"post","link":"https:\/\/www.africa-press.net\/mali\/economie\/le-taux-de-mobilisation-des-recettes-evalue-a-985-en-2023","title":{"rendered":"Le taux de mobilisation des recettes \u00e9valu\u00e9 \u00e0 98,5% en 2023"},"content":{"rendered":"<p><span style=\"color: #ff6600\"><strong>Africa-Press &#8211; Mali. <\/strong><\/span>Dans sa pre\u0301sentation sur l\u2019e\u0301tat des finances publiques du Mali, le 22 fe\u0301vrier dernier a\u0300 Bamako, le Directeur ge\u0301ne\u0301ral du Budget Ahmadou Tijani Hai\u0308dara a expose\u0301 la situation d\u2019exe\u0301cution provisoire du budget rectifie\u0301 2023. Il a re\u0301ve\u0301le\u0301 que les recettes et dons sont ressortis a\u0300 2 067,9 milliards de FCfa mobilise\u0301s contre une pre\u0301vision de 2 099,1 milliards de FCfa dans le budget rectifie\u0301 2023, soit un taux de mobilisation de 98,5%.<\/p>\n<p>Selon M. Hai\u0308dara, le taux de pression fiscale ressort a\u0300 14,7% en 2023 contre une pre\u0301vision de 14,6%. Quant aux de\u0301penses, elles se chiffrent 2 552,8 milliards de FCfa en re\u0301alisation contre une pre\u0301vision de 2 750,5 milliards de Fcfa dans le budget rectifie\u0301 2023 soit un taux d\u2019exe\u0301cution de 92,8%. Selon le Directeur ge\u0301ne\u0301ral du budget, il ressort un de\u0301ficit budge\u0301taire de 3,7% en 2023 contre une pre\u0301vision de 4,9%.<\/p>\n<p>\u00abConcernant les orientations de la politique budge\u0301taire 2024, sur le plan des recettes, l\u2019accent sera mis , entre autres, sur: l\u2019imposition du commerce e\u0301lectronique, a\u0300 travers la soumission a\u0300 la Tva des prestations de services effectue\u0301es sur les plateformes de commerce e\u0301lectronique e\u0301trange\u0300res ou locales, ainsi que les commissions perc\u0327ues par les ope\u0301rateurs de ces plateformes a\u0300 l\u2019occasion de la re\u0301alisation des prestations ; l\u2019introduction de la facture normalise\u0301e ; la poursuite du de\u0301ploiement de la te\u0301le\u0301proce\u0301dure (Te\u0301le\u0301de\u0301claration, te\u0301le\u0301paiement, E-quitus etc.) ; la poursuite des re\u0301formes pour l\u2019ame\u0301lioration de l&rsquo;efficacite\u0301 de l&rsquo;administration fiscale et des douanes avec comme objectif l\u2019augmentation durable des recettes de l\u2019Etat et la promotion du civisme fiscal \u00bb, a indique\u0301 Ahmadou Tijani Hai\u0308dara.<\/p>\n<p>En matie\u0300re de de\u0301penses, a-t-il dit, les actions s\u2019inscrivent dans le cadre de la poursuite de la mise en \u0153uvre du Cadre strate\u0301gique de la refondation de l\u2019Etat et viseront a\u0300 ame\u0301liorer l\u2019efficacite\u0301 de la de\u0301pense publique seront poursuivies a\u0300 travers: la mai\u0302trise de la masse salariale par la cre\u0301ation des conditions d\u2019une tre\u0302ve durable au niveau du front social gra\u0302ce a\u0300 l\u2019e\u0301laboration et la mise en \u0153uvre d\u2019un pacte de stabilite\u0301 sociale et de croissance ; l\u2019ame\u0301lioration de la qualite\u0301 de la programmation des de\u0301penses en ope\u0301rationnalisant le plan d\u2019engagement pour une exe\u0301cution fluide du budget d\u2019Etat ; le renforcement du processus de se\u0301lection et de mise en \u0153uvre des projets d&rsquo;investissement.<\/p>\n<p><strong>Pour plus d&rsquo;informations et d&rsquo;analyses sur la <a href=\"https:\/\/www.africa-press.net\/mali\">Mali<\/a>, suivez <a href=\"https:\/\/www.africa-press.net\/\">Africa-Press<\/a><\/strong><\/p>\n","protected":false},"excerpt":{"rendered":"<p>Africa-Press &#8211; Mali. Dans sa pre\u0301sentation sur l\u2019e\u0301tat des finances publiques du Mali, le 22 fe\u0301vrier dernier a\u0300 Bamako, le Directeur ge\u0301ne\u0301ral du Budget Ahmadou Tijani Hai\u0308dara a expose\u0301 la situation d\u2019exe\u0301cution provisoire du budget rectifie\u0301 2023. Il a re\u0301ve\u0301le\u0301 que les recettes et dons sont ressortis a\u0300 2 067,9 milliards de FCfa mobilise\u0301s contre [&hellip;]<\/p>\n","protected":false},"author":82,"featured_media":43772,"comment_status":"open","ping_status":"closed","sticky":false,"template":"","format":"standard","meta":{"footnotes":""},"categories":[12,17],"tags":[76,86,19],"class_list":["post-43773","post","type-post","status-publish","format-standard","has-post-thumbnail","hentry","category-economie","category-toutes-les-actualites","tag-africa-press","tag-africa-press-mali","tag-mali"],"yoast_head":"<!-- This site is optimized with the Yoast SEO Premium plugin v26.1 (Yoast SEO v27.0) - https:\/\/yoast.com\/product\/yoast-seo-premium-wordpress\/ -->\n<title>Le taux de mobilisation des recettes \u00e9valu\u00e9 \u00e0 98,5% en 2023 - Mali<\/title>\n<meta name=\"description\" content=\"Dans sa pre\u0301sentation sur l\u2019e\u0301tat des finances publiques du Mali, le 22 fe\u0301vrier dernier a\u0300 Bamako, le Directeur ge\u0301ne\u0301r ...\" \/>\n<meta name=\"robots\" content=\"index, follow, max-snippet:-1, max-image-preview:large, max-video-preview:-1\" \/>\n<link rel=\"canonical\" href=\"https:\/\/www.africa-press.net\/mali\/economie\/le-taux-de-mobilisation-des-recettes-evalue-a-985-en-2023\" \/>\n<meta property=\"og:locale\" content=\"fr_FR\" \/>\n<meta property=\"og:type\" content=\"article\" \/>\n<meta property=\"og:title\" content=\"Le taux de mobilisation des recettes \u00e9valu\u00e9 \u00e0 98,5% en 2023\" \/>\n<meta property=\"og:description\" content=\"Dans sa pre\u0301sentation sur l\u2019e\u0301tat des finances publiques du Mali, le 22 fe\u0301vrier dernier a\u0300 Bamako, le Directeur ge\u0301ne\u0301r ...\" \/>\n<meta property=\"og:url\" content=\"https:\/\/www.africa-press.net\/mali\/economie\/le-taux-de-mobilisation-des-recettes-evalue-a-985-en-2023\" \/>\n<meta property=\"og:site_name\" content=\"Mali\" \/>\n<meta property=\"article:publisher\" content=\"https:\/\/www.facebook.com\/AfricaPressTunisiaa\" \/>\n<meta property=\"article:published_time\" content=\"2024-02-26T23:34:34+00:00\" \/>\n<meta property=\"article:modified_time\" content=\"2024-02-27T00:40:53+00:00\" \/>\n<meta property=\"og:image\" content=\"https:\/\/static.africa-press.net\/mali\/sites\/21\/2024\/02\/sm_1708978168.124485.jpg\" \/>\n\t<meta property=\"og:image:width\" content=\"894\" \/>\n\t<meta property=\"og:image:height\" content=\"523\" \/>\n\t<meta property=\"og:image:type\" content=\"image\/jpeg\" \/>\n<meta name=\"author\" content=\"cfeditorfr\" \/>\n<meta name=\"twitter:card\" content=\"summary_large_image\" \/>\n<meta name=\"twitter:label1\" content=\"\u00c9crit par\" \/>\n\t<meta name=\"twitter:data1\" content=\"cfeditorfr\" \/>\n\t<meta name=\"twitter:label2\" content=\"Dur\u00e9e de lecture estim\u00e9e\" \/>\n\t<meta name=\"twitter:data2\" content=\"2 minutes\" \/>\n<script type=\"application\/ld+json\" class=\"yoast-schema-graph\">{\"@context\":\"https:\/\/schema.org\",\"@graph\":[{\"@type\":\"Article\",\"@id\":\"https:\/\/www.africa-press.net\/mali\/economie\/le-taux-de-mobilisation-des-recettes-evalue-a-985-en-2023#article\",\"isPartOf\":{\"@id\":\"https:\/\/www.africa-press.net\/mali\/economie\/le-taux-de-mobilisation-des-recettes-evalue-a-985-en-2023\"},\"author\":{\"name\":\"cfeditorfr\",\"@id\":\"https:\/\/www.africa-press.net\/mali\/#\/schema\/person\/2b1cf3cd81a31e3cd26889ca66d677f1\"},\"headline\":\"Le taux de mobilisation des recettes \u00e9valu\u00e9 \u00e0 98,5% en 2023\",\"datePublished\":\"2024-02-26T23:34:34+00:00\",\"dateModified\":\"2024-02-27T00:40:53+00:00\",\"mainEntityOfPage\":{\"@id\":\"https:\/\/www.africa-press.net\/mali\/economie\/le-taux-de-mobilisation-des-recettes-evalue-a-985-en-2023\"},\"wordCount\":449,\"commentCount\":0,\"image\":{\"@id\":\"https:\/\/www.africa-press.net\/mali\/economie\/le-taux-de-mobilisation-des-recettes-evalue-a-985-en-2023#primaryimage\"},\"thumbnailUrl\":\"https:\/\/static.africa-press.net\/mali\/sites\/21\/2024\/02\/sm_1708978168.124485.jpg\",\"keywords\":[\"Africa Press\",\"Africa Press-Mali\",\"mali\"],\"articleSection\":[\"\u00c9conomie\",\"Toutes les actualit\u00e9s\"],\"inLanguage\":\"fr-FR\",\"potentialAction\":[{\"@type\":\"CommentAction\",\"name\":\"Comment\",\"target\":[\"https:\/\/www.africa-press.net\/mali\/economie\/le-taux-de-mobilisation-des-recettes-evalue-a-985-en-2023#respond\"]}]},{\"@type\":\"WebPage\",\"@id\":\"https:\/\/www.africa-press.net\/mali\/economie\/le-taux-de-mobilisation-des-recettes-evalue-a-985-en-2023\",\"url\":\"https:\/\/www.africa-press.net\/mali\/economie\/le-taux-de-mobilisation-des-recettes-evalue-a-985-en-2023\",\"name\":\"Le taux de mobilisation des recettes \u00e9valu\u00e9 \u00e0 98,5% en 2023 - Mali\",\"isPartOf\":{\"@id\":\"https:\/\/www.africa-press.net\/mali\/#website\"},\"primaryImageOfPage\":{\"@id\":\"https:\/\/www.africa-press.net\/mali\/economie\/le-taux-de-mobilisation-des-recettes-evalue-a-985-en-2023#primaryimage\"},\"image\":{\"@id\":\"https:\/\/www.africa-press.net\/mali\/economie\/le-taux-de-mobilisation-des-recettes-evalue-a-985-en-2023#primaryimage\"},\"thumbnailUrl\":\"https:\/\/static.africa-press.net\/mali\/sites\/21\/2024\/02\/sm_1708978168.124485.jpg\",\"datePublished\":\"2024-02-26T23:34:34+00:00\",\"dateModified\":\"2024-02-27T00:40:53+00:00\",\"author\":{\"@id\":\"https:\/\/www.africa-press.net\/mali\/#\/schema\/person\/2b1cf3cd81a31e3cd26889ca66d677f1\"},\"description\":\"Dans sa pre\u0301sentation sur l\u2019e\u0301tat des finances publiques du Mali, le 22 fe\u0301vrier dernier a\u0300 Bamako, le Directeur ge\u0301ne\u0301r ...\",\"breadcrumb\":{\"@id\":\"https:\/\/www.africa-press.net\/mali\/economie\/le-taux-de-mobilisation-des-recettes-evalue-a-985-en-2023#breadcrumb\"},\"inLanguage\":\"fr-FR\",\"potentialAction\":[{\"@type\":\"ReadAction\",\"target\":[\"https:\/\/www.africa-press.net\/mali\/economie\/le-taux-de-mobilisation-des-recettes-evalue-a-985-en-2023\"]}]},{\"@type\":\"ImageObject\",\"inLanguage\":\"fr-FR\",\"@id\":\"https:\/\/www.africa-press.net\/mali\/economie\/le-taux-de-mobilisation-des-recettes-evalue-a-985-en-2023#primaryimage\",\"url\":\"https:\/\/static.africa-press.net\/mali\/sites\/21\/2024\/02\/sm_1708978168.124485.jpg\",\"contentUrl\":\"https:\/\/static.africa-press.net\/mali\/sites\/21\/2024\/02\/sm_1708978168.124485.jpg\",\"width\":894,\"height\":523,\"caption\":\"Le taux de mobilisation des recettes \u00e9valu\u00e9 \u00e0 98,5% en 2023\"},{\"@type\":\"BreadcrumbList\",\"@id\":\"https:\/\/www.africa-press.net\/mali\/economie\/le-taux-de-mobilisation-des-recettes-evalue-a-985-en-2023#breadcrumb\",\"itemListElement\":[{\"@type\":\"ListItem\",\"position\":1,\"name\":\"Home\",\"item\":\"https:\/\/www.africa-press.net\/mali\/\"},{\"@type\":\"ListItem\",\"position\":2,\"name\":\"Le taux de mobilisation des recettes \u00e9valu\u00e9 \u00e0 98,5% en 2023\"}]},{\"@type\":\"WebSite\",\"@id\":\"https:\/\/www.africa-press.net\/mali\/#website\",\"url\":\"https:\/\/www.africa-press.net\/mali\/\",\"name\":\"Mali\",\"description\":\"Just another Africa News Agency Sites site\",\"potentialAction\":[{\"@type\":\"SearchAction\",\"target\":{\"@type\":\"EntryPoint\",\"urlTemplate\":\"https:\/\/www.africa-press.net\/mali\/?s={search_term_string}\"},\"query-input\":{\"@type\":\"PropertyValueSpecification\",\"valueRequired\":true,\"valueName\":\"search_term_string\"}}],\"inLanguage\":\"fr-FR\"},{\"@type\":\"Person\",\"@id\":\"https:\/\/www.africa-press.net\/mali\/#\/schema\/person\/2b1cf3cd81a31e3cd26889ca66d677f1\",\"name\":\"cfeditorfr\"}]}<\/script>\n<!-- \/ Yoast SEO Premium plugin. -->","yoast_head_json":{"title":"Le taux de mobilisation des recettes \u00e9valu\u00e9 \u00e0 98,5% en 2023 - Mali","description":"Dans sa pre\u0301sentation sur l\u2019e\u0301tat des finances publiques du Mali, le 22 fe\u0301vrier dernier a\u0300 Bamako, le Directeur ge\u0301ne\u0301r ...","robots":{"index":"index","follow":"follow","max-snippet":"max-snippet:-1","max-image-preview":"max-image-preview:large","max-video-preview":"max-video-preview:-1"},"canonical":"https:\/\/www.africa-press.net\/mali\/economie\/le-taux-de-mobilisation-des-recettes-evalue-a-985-en-2023","og_locale":"fr_FR","og_type":"article","og_title":"Le taux de mobilisation des recettes \u00e9valu\u00e9 \u00e0 98,5% en 2023","og_description":"Dans sa pre\u0301sentation sur l\u2019e\u0301tat des finances publiques du Mali, le 22 fe\u0301vrier dernier a\u0300 Bamako, le Directeur ge\u0301ne\u0301r ...","og_url":"https:\/\/www.africa-press.net\/mali\/economie\/le-taux-de-mobilisation-des-recettes-evalue-a-985-en-2023","og_site_name":"Mali","article_publisher":"https:\/\/www.facebook.com\/AfricaPressTunisiaa","article_published_time":"2024-02-26T23:34:34+00:00","article_modified_time":"2024-02-27T00:40:53+00:00","og_image":[{"width":894,"height":523,"url":"https:\/\/static.africa-press.net\/mali\/sites\/21\/2024\/02\/sm_1708978168.124485.jpg","type":"image\/jpeg"}],"author":"cfeditorfr","twitter_card":"summary_large_image","twitter_misc":{"\u00c9crit par":"cfeditorfr","Dur\u00e9e de lecture estim\u00e9e":"2 minutes"},"schema":{"@context":"https:\/\/schema.org","@graph":[{"@type":"Article","@id":"https:\/\/www.africa-press.net\/mali\/economie\/le-taux-de-mobilisation-des-recettes-evalue-a-985-en-2023#article","isPartOf":{"@id":"https:\/\/www.africa-press.net\/mali\/economie\/le-taux-de-mobilisation-des-recettes-evalue-a-985-en-2023"},"author":{"name":"cfeditorfr","@id":"https:\/\/www.africa-press.net\/mali\/#\/schema\/person\/2b1cf3cd81a31e3cd26889ca66d677f1"},"headline":"Le taux de mobilisation des recettes \u00e9valu\u00e9 \u00e0 98,5% en 2023","datePublished":"2024-02-26T23:34:34+00:00","dateModified":"2024-02-27T00:40:53+00:00","mainEntityOfPage":{"@id":"https:\/\/www.africa-press.net\/mali\/economie\/le-taux-de-mobilisation-des-recettes-evalue-a-985-en-2023"},"wordCount":449,"commentCount":0,"image":{"@id":"https:\/\/www.africa-press.net\/mali\/economie\/le-taux-de-mobilisation-des-recettes-evalue-a-985-en-2023#primaryimage"},"thumbnailUrl":"https:\/\/static.africa-press.net\/mali\/sites\/21\/2024\/02\/sm_1708978168.124485.jpg","keywords":["Africa Press","Africa Press-Mali","mali"],"articleSection":["\u00c9conomie","Toutes les actualit\u00e9s"],"inLanguage":"fr-FR","potentialAction":[{"@type":"CommentAction","name":"Comment","target":["https:\/\/www.africa-press.net\/mali\/economie\/le-taux-de-mobilisation-des-recettes-evalue-a-985-en-2023#respond"]}]},{"@type":"WebPage","@id":"https:\/\/www.africa-press.net\/mali\/economie\/le-taux-de-mobilisation-des-recettes-evalue-a-985-en-2023","url":"https:\/\/www.africa-press.net\/mali\/economie\/le-taux-de-mobilisation-des-recettes-evalue-a-985-en-2023","name":"Le taux de mobilisation des recettes \u00e9valu\u00e9 \u00e0 98,5% en 2023 - Mali","isPartOf":{"@id":"https:\/\/www.africa-press.net\/mali\/#website"},"primaryImageOfPage":{"@id":"https:\/\/www.africa-press.net\/mali\/economie\/le-taux-de-mobilisation-des-recettes-evalue-a-985-en-2023#primaryimage"},"image":{"@id":"https:\/\/www.africa-press.net\/mali\/economie\/le-taux-de-mobilisation-des-recettes-evalue-a-985-en-2023#primaryimage"},"thumbnailUrl":"https:\/\/static.africa-press.net\/mali\/sites\/21\/2024\/02\/sm_1708978168.124485.jpg","datePublished":"2024-02-26T23:34:34+00:00","dateModified":"2024-02-27T00:40:53+00:00","author":{"@id":"https:\/\/www.africa-press.net\/mali\/#\/schema\/person\/2b1cf3cd81a31e3cd26889ca66d677f1"},"description":"Dans sa pre\u0301sentation sur l\u2019e\u0301tat des finances publiques du Mali, le 22 fe\u0301vrier dernier a\u0300 Bamako, le Directeur ge\u0301ne\u0301r ...","breadcrumb":{"@id":"https:\/\/www.africa-press.net\/mali\/economie\/le-taux-de-mobilisation-des-recettes-evalue-a-985-en-2023#breadcrumb"},"inLanguage":"fr-FR","potentialAction":[{"@type":"ReadAction","target":["https:\/\/www.africa-press.net\/mali\/economie\/le-taux-de-mobilisation-des-recettes-evalue-a-985-en-2023"]}]},{"@type":"ImageObject","inLanguage":"fr-FR","@id":"https:\/\/www.africa-press.net\/mali\/economie\/le-taux-de-mobilisation-des-recettes-evalue-a-985-en-2023#primaryimage","url":"https:\/\/static.africa-press.net\/mali\/sites\/21\/2024\/02\/sm_1708978168.124485.jpg","contentUrl":"https:\/\/static.africa-press.net\/mali\/sites\/21\/2024\/02\/sm_1708978168.124485.jpg","width":894,"height":523,"caption":"Le taux de mobilisation des recettes \u00e9valu\u00e9 \u00e0 98,5% en 2023"},{"@type":"BreadcrumbList","@id":"https:\/\/www.africa-press.net\/mali\/economie\/le-taux-de-mobilisation-des-recettes-evalue-a-985-en-2023#breadcrumb","itemListElement":[{"@type":"ListItem","position":1,"name":"Home","item":"https:\/\/www.africa-press.net\/mali\/"},{"@type":"ListItem","position":2,"name":"Le taux de mobilisation des recettes \u00e9valu\u00e9 \u00e0 98,5% en 2023"}]},{"@type":"WebSite","@id":"https:\/\/www.africa-press.net\/mali\/#website","url":"https:\/\/www.africa-press.net\/mali\/","name":"Mali","description":"Just another Africa News Agency Sites site","potentialAction":[{"@type":"SearchAction","target":{"@type":"EntryPoint","urlTemplate":"https:\/\/www.africa-press.net\/mali\/?s={search_term_string}"},"query-input":{"@type":"PropertyValueSpecification","valueRequired":true,"valueName":"search_term_string"}}],"inLanguage":"fr-FR"},{"@type":"Person","@id":"https:\/\/www.africa-press.net\/mali\/#\/schema\/person\/2b1cf3cd81a31e3cd26889ca66d677f1","name":"cfeditorfr"}]}},"_links":{"self":[{"href":"https:\/\/www.africa-press.net\/mali\/wp-json\/wp\/v2\/posts\/43773","targetHints":{"allow":["GET"]}}],"collection":[{"href":"https:\/\/www.africa-press.net\/mali\/wp-json\/wp\/v2\/posts"}],"about":[{"href":"https:\/\/www.africa-press.net\/mali\/wp-json\/wp\/v2\/types\/post"}],"author":[{"embeddable":true,"href":"https:\/\/www.africa-press.net\/mali\/wp-json\/wp\/v2\/users\/82"}],"replies":[{"embeddable":true,"href":"https:\/\/www.africa-press.net\/mali\/wp-json\/wp\/v2\/comments?post=43773"}],"version-history":[{"count":0,"href":"https:\/\/www.africa-press.net\/mali\/wp-json\/wp\/v2\/posts\/43773\/revisions"}],"wp:featuredmedia":[{"embeddable":true,"href":"https:\/\/www.africa-press.net\/mali\/wp-json\/wp\/v2\/media\/43772"}],"wp:attachment":[{"href":"https:\/\/www.africa-press.net\/mali\/wp-json\/wp\/v2\/media?parent=43773"}],"wp:term":[{"taxonomy":"category","embeddable":true,"href":"https:\/\/www.africa-press.net\/mali\/wp-json\/wp\/v2\/categories?post=43773"},{"taxonomy":"post_tag","embeddable":true,"href":"https:\/\/www.africa-press.net\/mali\/wp-json\/wp\/v2\/tags?post=43773"}],"curies":[{"name":"wp","href":"https:\/\/api.w.org\/{rel}","templated":true}]}}