{"id":44519,"date":"2024-03-21T20:36:37","date_gmt":"2024-03-21T20:36:37","guid":{"rendered":"https:\/\/www.africa-press.net\/mali\/politique\/pourquoi-les-mines-dor-ne-sont-pas-touchees-par-la-crise-electrique-qui-frappe-le-pays"},"modified":"2024-03-22T02:04:37","modified_gmt":"2024-03-22T02:04:37","slug":"pourquoi-les-mines-dor-ne-sont-pas-touchees-par-la-crise-electrique-qui-frappe-le-pays","status":"publish","type":"post","link":"https:\/\/www.africa-press.net\/mali\/economie\/pourquoi-les-mines-dor-ne-sont-pas-touchees-par-la-crise-electrique-qui-frappe-le-pays","title":{"rendered":"pourquoi les mines d\u2019or ne sont pas touch\u00e9es par la crise \u00e9lectrique qui frappe le pays ?"},"content":{"rendered":"<p><span style=\"color: #ff6600\"><strong>Africa-Press &#8211; Mali. <\/strong><\/span>Le Mali fait face a\u0300 l\u2019une des plus graves crises d\u2019e\u0301lectricite\u0301 de son histoire, avec des de\u0301lestages de plusieurs heures par jour. Alors que la situation suscite des plaintes des populations et affecte l\u2019activite\u0301 e\u0301conomique, les compagnies minie\u0300res n\u2019ont indique\u0301 aucune interruption dans leurs activite\u0301s.<\/p>\n<p>Les compagnies minie\u0300res ope\u0301rant au Mali e\u0301chappent a\u0300 l\u2019actuelle crise de l\u2019e\u0301lectricite\u0301, car elles ne de\u0301pendent pas du re\u0301seau d\u2019e\u0301lectricite\u0301 national. Selon les informations collecte\u0301es par l\u2019Agence Ecofin, les mines d\u2019or disposent en effet de centrales e\u0301lectriques autonomes installe\u0301es sur les sites.<\/p>\n<p>\u00ab Notre ope\u0301ration Yanfolila n\u2019est pas affecte\u0301e par les re\u0301centes coupures d\u2019e\u0301lectricite\u0301 au Mali, car nous sommes pleinement alimente\u0301s par notre centrale sur place \u00bb, a ainsi confie\u0301 a\u0300 notre re\u0301daction, un porte-parole du britannique Hummingbird Resources qui exploite une mine dans le sud du pays.<\/p>\n<p><b>Importance du renouvelable dans le mix e\u0301nerge\u0301tique<\/b><\/p>\n<p>Historiquement, les mines d\u2019or du Mali sont en majorite\u0301 alimente\u0301es par des centrales thermiques fonctionnant au diesel. Cependant, ces dernie\u0300res anne\u0301es, les compagnies minie\u0300res ope\u0301rant au Mali, comme dans d\u2019autres pays africains, inte\u0300grent un peu plus le renouvelable dans leur mix e\u0301nerge\u0301tique. C\u2019est le cas du deuxie\u0300me producteur mondial d\u2019or, Barrick Gold, qui exploite Loulo-Gounkoto, la plus grande mine d\u2019or du pays. La compagnie minie\u0300re canadienne dispose en effet d\u2019une centrale solaire de 60 me\u0301gawatts qui peut repre\u0301senter jusqu\u2019a\u0300 85 % du mix e\u0301nerge\u0301tique de la mine.<\/p>\n<p>Barrick n\u2019est pas la seule compagnie a\u0300 exploiter le potentiel du Mali pour la production d\u2019e\u0301nergie solaire. De\u0301but 2021, une autre compagnie canadienne, B2Gold, a mis en service une nouvelle centrale solaire de 30 me\u0301gawatts-cre\u0302te a\u0300 la mine d\u2019or Fekola, la deuxie\u0300me plus grande du pays. En 2022, l\u2019installation a permis une re\u0301duction d\u2019environ 38 000 tonnes des e\u0301missions de gaz a\u0300 effet de serre a\u0300 la mine.<\/p>\n<p>Pour rappel, le Mali est le troisie\u0300me producteur africain d\u2019or, derrie\u0300re le Ghana et l\u2019Afrique du Sud. Outre les compagnies de\u0301ja\u0300 mentionne\u0301es, l\u2019australien Resolute Mining et le canadien Allied Gold contribuent aussi a\u0300 une production industrielle d\u2019or estime\u0301e a\u0300 68 tonnes en 2023.<\/p>\n<p><strong>Pour plus d&rsquo;informations et d&rsquo;analyses sur la <a href=\"https:\/\/www.africa-press.net\/mali\">Mali<\/a>, suivez <a href=\"https:\/\/www.africa-press.net\/\">Africa-Press<\/a><\/strong><\/p>\n","protected":false},"excerpt":{"rendered":"<p>Africa-Press &#8211; Mali. Le Mali fait face a\u0300 l\u2019une des plus graves crises d\u2019e\u0301lectricite\u0301 de son histoire, avec des de\u0301lestages de plusieurs heures par jour. Alors que la situation suscite des plaintes des populations et affecte l\u2019activite\u0301 e\u0301conomique, les compagnies minie\u0300res n\u2019ont indique\u0301 aucune interruption dans leurs activite\u0301s. Les compagnies minie\u0300res ope\u0301rant au Mali e\u0301chappent [&hellip;]<\/p>\n","protected":false},"author":82,"featured_media":44517,"comment_status":"open","ping_status":"closed","sticky":false,"template":"","format":"standard","meta":{"footnotes":""},"categories":[12,17],"tags":[76,86,19],"class_list":["post-44519","post","type-post","status-publish","format-standard","has-post-thumbnail","hentry","category-economie","category-toutes-les-actualites","tag-africa-press","tag-africa-press-mali","tag-mali"],"yoast_head":"<!-- This site is optimized with the Yoast SEO Premium plugin v26.1 (Yoast SEO v27.0) - https:\/\/yoast.com\/product\/yoast-seo-premium-wordpress\/ -->\n<title>pourquoi les mines d\u2019or ne sont pas touch\u00e9es par la crise \u00e9lectrique qui frappe le pays ? - Mali<\/title>\n<meta name=\"description\" content=\"Le Mali fait face a\u0300 l\u2019une des plus graves crises d\u2019e\u0301lectricite\u0301 de son histoire, avec des de\u0301lestages de plusieurs heu ...\" \/>\n<meta name=\"robots\" content=\"index, follow, max-snippet:-1, max-image-preview:large, max-video-preview:-1\" \/>\n<link rel=\"canonical\" href=\"https:\/\/www.africa-press.net\/mali\/economie\/pourquoi-les-mines-dor-ne-sont-pas-touchees-par-la-crise-electrique-qui-frappe-le-pays\" \/>\n<meta property=\"og:locale\" content=\"fr_FR\" \/>\n<meta property=\"og:type\" content=\"article\" \/>\n<meta property=\"og:title\" content=\"pourquoi les mines d\u2019or ne sont pas touch\u00e9es par la crise \u00e9lectrique qui frappe le pays ?\" \/>\n<meta property=\"og:description\" content=\"Le Mali fait face a\u0300 l\u2019une des plus graves crises d\u2019e\u0301lectricite\u0301 de son histoire, avec des de\u0301lestages de plusieurs heu ...\" \/>\n<meta property=\"og:url\" content=\"https:\/\/www.africa-press.net\/mali\/economie\/pourquoi-les-mines-dor-ne-sont-pas-touchees-par-la-crise-electrique-qui-frappe-le-pays\" \/>\n<meta property=\"og:site_name\" content=\"Mali\" \/>\n<meta property=\"article:publisher\" content=\"https:\/\/www.facebook.com\/AfricaPressTunisiaa\" \/>\n<meta property=\"article:published_time\" content=\"2024-03-21T20:36:37+00:00\" \/>\n<meta property=\"article:modified_time\" content=\"2024-03-22T02:04:37+00:00\" \/>\n<meta property=\"og:image\" content=\"https:\/\/static.africa-press.net\/mali\/sites\/21\/2024\/03\/sm_1711056818.172599.jpg\" \/>\n\t<meta property=\"og:image:width\" content=\"714\" \/>\n\t<meta property=\"og:image:height\" content=\"534\" \/>\n\t<meta property=\"og:image:type\" content=\"image\/jpeg\" \/>\n<meta name=\"author\" content=\"cfeditorfr\" \/>\n<meta name=\"twitter:card\" content=\"summary_large_image\" \/>\n<meta name=\"twitter:label1\" content=\"\u00c9crit par\" \/>\n\t<meta name=\"twitter:data1\" content=\"cfeditorfr\" \/>\n\t<meta name=\"twitter:label2\" content=\"Dur\u00e9e de lecture estim\u00e9e\" \/>\n\t<meta name=\"twitter:data2\" content=\"2 minutes\" \/>\n<script type=\"application\/ld+json\" class=\"yoast-schema-graph\">{\"@context\":\"https:\/\/schema.org\",\"@graph\":[{\"@type\":\"Article\",\"@id\":\"https:\/\/www.africa-press.net\/mali\/economie\/pourquoi-les-mines-dor-ne-sont-pas-touchees-par-la-crise-electrique-qui-frappe-le-pays#article\",\"isPartOf\":{\"@id\":\"https:\/\/www.africa-press.net\/mali\/economie\/pourquoi-les-mines-dor-ne-sont-pas-touchees-par-la-crise-electrique-qui-frappe-le-pays\"},\"author\":{\"name\":\"cfeditorfr\",\"@id\":\"https:\/\/www.africa-press.net\/mali\/#\/schema\/person\/2b1cf3cd81a31e3cd26889ca66d677f1\"},\"headline\":\"pourquoi les mines d\u2019or ne sont pas touch\u00e9es par la crise \u00e9lectrique qui frappe le pays ?\",\"datePublished\":\"2024-03-21T20:36:37+00:00\",\"dateModified\":\"2024-03-22T02:04:37+00:00\",\"mainEntityOfPage\":{\"@id\":\"https:\/\/www.africa-press.net\/mali\/economie\/pourquoi-les-mines-dor-ne-sont-pas-touchees-par-la-crise-electrique-qui-frappe-le-pays\"},\"wordCount\":436,\"commentCount\":0,\"image\":{\"@id\":\"https:\/\/www.africa-press.net\/mali\/economie\/pourquoi-les-mines-dor-ne-sont-pas-touchees-par-la-crise-electrique-qui-frappe-le-pays#primaryimage\"},\"thumbnailUrl\":\"https:\/\/static.africa-press.net\/mali\/sites\/21\/2024\/03\/sm_1711056818.172599.jpg\",\"keywords\":[\"Africa Press\",\"Africa Press-Mali\",\"mali\"],\"articleSection\":[\"\u00c9conomie\",\"Toutes les actualit\u00e9s\"],\"inLanguage\":\"fr-FR\",\"potentialAction\":[{\"@type\":\"CommentAction\",\"name\":\"Comment\",\"target\":[\"https:\/\/www.africa-press.net\/mali\/economie\/pourquoi-les-mines-dor-ne-sont-pas-touchees-par-la-crise-electrique-qui-frappe-le-pays#respond\"]}]},{\"@type\":\"WebPage\",\"@id\":\"https:\/\/www.africa-press.net\/mali\/economie\/pourquoi-les-mines-dor-ne-sont-pas-touchees-par-la-crise-electrique-qui-frappe-le-pays\",\"url\":\"https:\/\/www.africa-press.net\/mali\/economie\/pourquoi-les-mines-dor-ne-sont-pas-touchees-par-la-crise-electrique-qui-frappe-le-pays\",\"name\":\"pourquoi les mines d\u2019or ne sont pas touch\u00e9es par la crise \u00e9lectrique qui frappe le pays ? - Mali\",\"isPartOf\":{\"@id\":\"https:\/\/www.africa-press.net\/mali\/#website\"},\"primaryImageOfPage\":{\"@id\":\"https:\/\/www.africa-press.net\/mali\/economie\/pourquoi-les-mines-dor-ne-sont-pas-touchees-par-la-crise-electrique-qui-frappe-le-pays#primaryimage\"},\"image\":{\"@id\":\"https:\/\/www.africa-press.net\/mali\/economie\/pourquoi-les-mines-dor-ne-sont-pas-touchees-par-la-crise-electrique-qui-frappe-le-pays#primaryimage\"},\"thumbnailUrl\":\"https:\/\/static.africa-press.net\/mali\/sites\/21\/2024\/03\/sm_1711056818.172599.jpg\",\"datePublished\":\"2024-03-21T20:36:37+00:00\",\"dateModified\":\"2024-03-22T02:04:37+00:00\",\"author\":{\"@id\":\"https:\/\/www.africa-press.net\/mali\/#\/schema\/person\/2b1cf3cd81a31e3cd26889ca66d677f1\"},\"description\":\"Le Mali fait face a\u0300 l\u2019une des plus graves crises d\u2019e\u0301lectricite\u0301 de son histoire, avec des de\u0301lestages de plusieurs heu ...\",\"breadcrumb\":{\"@id\":\"https:\/\/www.africa-press.net\/mali\/economie\/pourquoi-les-mines-dor-ne-sont-pas-touchees-par-la-crise-electrique-qui-frappe-le-pays#breadcrumb\"},\"inLanguage\":\"fr-FR\",\"potentialAction\":[{\"@type\":\"ReadAction\",\"target\":[\"https:\/\/www.africa-press.net\/mali\/economie\/pourquoi-les-mines-dor-ne-sont-pas-touchees-par-la-crise-electrique-qui-frappe-le-pays\"]}]},{\"@type\":\"ImageObject\",\"inLanguage\":\"fr-FR\",\"@id\":\"https:\/\/www.africa-press.net\/mali\/economie\/pourquoi-les-mines-dor-ne-sont-pas-touchees-par-la-crise-electrique-qui-frappe-le-pays#primaryimage\",\"url\":\"https:\/\/static.africa-press.net\/mali\/sites\/21\/2024\/03\/sm_1711056818.172599.jpg\",\"contentUrl\":\"https:\/\/static.africa-press.net\/mali\/sites\/21\/2024\/03\/sm_1711056818.172599.jpg\",\"width\":714,\"height\":534,\"caption\":\"pourquoi les mines d\u2019or ne sont pas touch\u00e9es par la crise \u00e9lectrique qui frappe le pays ?\"},{\"@type\":\"BreadcrumbList\",\"@id\":\"https:\/\/www.africa-press.net\/mali\/economie\/pourquoi-les-mines-dor-ne-sont-pas-touchees-par-la-crise-electrique-qui-frappe-le-pays#breadcrumb\",\"itemListElement\":[{\"@type\":\"ListItem\",\"position\":1,\"name\":\"Home\",\"item\":\"https:\/\/www.africa-press.net\/mali\/\"},{\"@type\":\"ListItem\",\"position\":2,\"name\":\"pourquoi les mines d\u2019or ne sont pas touch\u00e9es par la crise \u00e9lectrique qui frappe le pays ?\"}]},{\"@type\":\"WebSite\",\"@id\":\"https:\/\/www.africa-press.net\/mali\/#website\",\"url\":\"https:\/\/www.africa-press.net\/mali\/\",\"name\":\"Mali\",\"description\":\"Just another Africa News Agency Sites site\",\"potentialAction\":[{\"@type\":\"SearchAction\",\"target\":{\"@type\":\"EntryPoint\",\"urlTemplate\":\"https:\/\/www.africa-press.net\/mali\/?s={search_term_string}\"},\"query-input\":{\"@type\":\"PropertyValueSpecification\",\"valueRequired\":true,\"valueName\":\"search_term_string\"}}],\"inLanguage\":\"fr-FR\"},{\"@type\":\"Person\",\"@id\":\"https:\/\/www.africa-press.net\/mali\/#\/schema\/person\/2b1cf3cd81a31e3cd26889ca66d677f1\",\"name\":\"cfeditorfr\"}]}<\/script>\n<!-- \/ Yoast SEO Premium plugin. -->","yoast_head_json":{"title":"pourquoi les mines d\u2019or ne sont pas touch\u00e9es par la crise \u00e9lectrique qui frappe le pays ? - Mali","description":"Le Mali fait face a\u0300 l\u2019une des plus graves crises d\u2019e\u0301lectricite\u0301 de son histoire, avec des de\u0301lestages de plusieurs heu ...","robots":{"index":"index","follow":"follow","max-snippet":"max-snippet:-1","max-image-preview":"max-image-preview:large","max-video-preview":"max-video-preview:-1"},"canonical":"https:\/\/www.africa-press.net\/mali\/economie\/pourquoi-les-mines-dor-ne-sont-pas-touchees-par-la-crise-electrique-qui-frappe-le-pays","og_locale":"fr_FR","og_type":"article","og_title":"pourquoi les mines d\u2019or ne sont pas touch\u00e9es par la crise \u00e9lectrique qui frappe le pays ?","og_description":"Le Mali fait face a\u0300 l\u2019une des plus graves crises d\u2019e\u0301lectricite\u0301 de son histoire, avec des de\u0301lestages de plusieurs heu ...","og_url":"https:\/\/www.africa-press.net\/mali\/economie\/pourquoi-les-mines-dor-ne-sont-pas-touchees-par-la-crise-electrique-qui-frappe-le-pays","og_site_name":"Mali","article_publisher":"https:\/\/www.facebook.com\/AfricaPressTunisiaa","article_published_time":"2024-03-21T20:36:37+00:00","article_modified_time":"2024-03-22T02:04:37+00:00","og_image":[{"width":714,"height":534,"url":"https:\/\/static.africa-press.net\/mali\/sites\/21\/2024\/03\/sm_1711056818.172599.jpg","type":"image\/jpeg"}],"author":"cfeditorfr","twitter_card":"summary_large_image","twitter_misc":{"\u00c9crit par":"cfeditorfr","Dur\u00e9e de lecture estim\u00e9e":"2 minutes"},"schema":{"@context":"https:\/\/schema.org","@graph":[{"@type":"Article","@id":"https:\/\/www.africa-press.net\/mali\/economie\/pourquoi-les-mines-dor-ne-sont-pas-touchees-par-la-crise-electrique-qui-frappe-le-pays#article","isPartOf":{"@id":"https:\/\/www.africa-press.net\/mali\/economie\/pourquoi-les-mines-dor-ne-sont-pas-touchees-par-la-crise-electrique-qui-frappe-le-pays"},"author":{"name":"cfeditorfr","@id":"https:\/\/www.africa-press.net\/mali\/#\/schema\/person\/2b1cf3cd81a31e3cd26889ca66d677f1"},"headline":"pourquoi les mines d\u2019or ne sont pas touch\u00e9es par la crise \u00e9lectrique qui frappe le pays ?","datePublished":"2024-03-21T20:36:37+00:00","dateModified":"2024-03-22T02:04:37+00:00","mainEntityOfPage":{"@id":"https:\/\/www.africa-press.net\/mali\/economie\/pourquoi-les-mines-dor-ne-sont-pas-touchees-par-la-crise-electrique-qui-frappe-le-pays"},"wordCount":436,"commentCount":0,"image":{"@id":"https:\/\/www.africa-press.net\/mali\/economie\/pourquoi-les-mines-dor-ne-sont-pas-touchees-par-la-crise-electrique-qui-frappe-le-pays#primaryimage"},"thumbnailUrl":"https:\/\/static.africa-press.net\/mali\/sites\/21\/2024\/03\/sm_1711056818.172599.jpg","keywords":["Africa Press","Africa Press-Mali","mali"],"articleSection":["\u00c9conomie","Toutes les actualit\u00e9s"],"inLanguage":"fr-FR","potentialAction":[{"@type":"CommentAction","name":"Comment","target":["https:\/\/www.africa-press.net\/mali\/economie\/pourquoi-les-mines-dor-ne-sont-pas-touchees-par-la-crise-electrique-qui-frappe-le-pays#respond"]}]},{"@type":"WebPage","@id":"https:\/\/www.africa-press.net\/mali\/economie\/pourquoi-les-mines-dor-ne-sont-pas-touchees-par-la-crise-electrique-qui-frappe-le-pays","url":"https:\/\/www.africa-press.net\/mali\/economie\/pourquoi-les-mines-dor-ne-sont-pas-touchees-par-la-crise-electrique-qui-frappe-le-pays","name":"pourquoi les mines d\u2019or ne sont pas touch\u00e9es par la crise \u00e9lectrique qui frappe le pays ? - Mali","isPartOf":{"@id":"https:\/\/www.africa-press.net\/mali\/#website"},"primaryImageOfPage":{"@id":"https:\/\/www.africa-press.net\/mali\/economie\/pourquoi-les-mines-dor-ne-sont-pas-touchees-par-la-crise-electrique-qui-frappe-le-pays#primaryimage"},"image":{"@id":"https:\/\/www.africa-press.net\/mali\/economie\/pourquoi-les-mines-dor-ne-sont-pas-touchees-par-la-crise-electrique-qui-frappe-le-pays#primaryimage"},"thumbnailUrl":"https:\/\/static.africa-press.net\/mali\/sites\/21\/2024\/03\/sm_1711056818.172599.jpg","datePublished":"2024-03-21T20:36:37+00:00","dateModified":"2024-03-22T02:04:37+00:00","author":{"@id":"https:\/\/www.africa-press.net\/mali\/#\/schema\/person\/2b1cf3cd81a31e3cd26889ca66d677f1"},"description":"Le Mali fait face a\u0300 l\u2019une des plus graves crises d\u2019e\u0301lectricite\u0301 de son histoire, avec des de\u0301lestages de plusieurs heu ...","breadcrumb":{"@id":"https:\/\/www.africa-press.net\/mali\/economie\/pourquoi-les-mines-dor-ne-sont-pas-touchees-par-la-crise-electrique-qui-frappe-le-pays#breadcrumb"},"inLanguage":"fr-FR","potentialAction":[{"@type":"ReadAction","target":["https:\/\/www.africa-press.net\/mali\/economie\/pourquoi-les-mines-dor-ne-sont-pas-touchees-par-la-crise-electrique-qui-frappe-le-pays"]}]},{"@type":"ImageObject","inLanguage":"fr-FR","@id":"https:\/\/www.africa-press.net\/mali\/economie\/pourquoi-les-mines-dor-ne-sont-pas-touchees-par-la-crise-electrique-qui-frappe-le-pays#primaryimage","url":"https:\/\/static.africa-press.net\/mali\/sites\/21\/2024\/03\/sm_1711056818.172599.jpg","contentUrl":"https:\/\/static.africa-press.net\/mali\/sites\/21\/2024\/03\/sm_1711056818.172599.jpg","width":714,"height":534,"caption":"pourquoi les mines d\u2019or ne sont pas touch\u00e9es par la crise \u00e9lectrique qui frappe le pays ?"},{"@type":"BreadcrumbList","@id":"https:\/\/www.africa-press.net\/mali\/economie\/pourquoi-les-mines-dor-ne-sont-pas-touchees-par-la-crise-electrique-qui-frappe-le-pays#breadcrumb","itemListElement":[{"@type":"ListItem","position":1,"name":"Home","item":"https:\/\/www.africa-press.net\/mali\/"},{"@type":"ListItem","position":2,"name":"pourquoi les mines d\u2019or ne sont pas touch\u00e9es par la crise \u00e9lectrique qui frappe le pays ?"}]},{"@type":"WebSite","@id":"https:\/\/www.africa-press.net\/mali\/#website","url":"https:\/\/www.africa-press.net\/mali\/","name":"Mali","description":"Just another Africa News Agency Sites site","potentialAction":[{"@type":"SearchAction","target":{"@type":"EntryPoint","urlTemplate":"https:\/\/www.africa-press.net\/mali\/?s={search_term_string}"},"query-input":{"@type":"PropertyValueSpecification","valueRequired":true,"valueName":"search_term_string"}}],"inLanguage":"fr-FR"},{"@type":"Person","@id":"https:\/\/www.africa-press.net\/mali\/#\/schema\/person\/2b1cf3cd81a31e3cd26889ca66d677f1","name":"cfeditorfr"}]}},"_links":{"self":[{"href":"https:\/\/www.africa-press.net\/mali\/wp-json\/wp\/v2\/posts\/44519","targetHints":{"allow":["GET"]}}],"collection":[{"href":"https:\/\/www.africa-press.net\/mali\/wp-json\/wp\/v2\/posts"}],"about":[{"href":"https:\/\/www.africa-press.net\/mali\/wp-json\/wp\/v2\/types\/post"}],"author":[{"embeddable":true,"href":"https:\/\/www.africa-press.net\/mali\/wp-json\/wp\/v2\/users\/82"}],"replies":[{"embeddable":true,"href":"https:\/\/www.africa-press.net\/mali\/wp-json\/wp\/v2\/comments?post=44519"}],"version-history":[{"count":0,"href":"https:\/\/www.africa-press.net\/mali\/wp-json\/wp\/v2\/posts\/44519\/revisions"}],"wp:featuredmedia":[{"embeddable":true,"href":"https:\/\/www.africa-press.net\/mali\/wp-json\/wp\/v2\/media\/44517"}],"wp:attachment":[{"href":"https:\/\/www.africa-press.net\/mali\/wp-json\/wp\/v2\/media?parent=44519"}],"wp:term":[{"taxonomy":"category","embeddable":true,"href":"https:\/\/www.africa-press.net\/mali\/wp-json\/wp\/v2\/categories?post=44519"},{"taxonomy":"post_tag","embeddable":true,"href":"https:\/\/www.africa-press.net\/mali\/wp-json\/wp\/v2\/tags?post=44519"}],"curies":[{"name":"wp","href":"https:\/\/api.w.org\/{rel}","templated":true}]}}