{"id":44525,"date":"2024-03-21T20:32:42","date_gmt":"2024-03-21T20:32:42","guid":{"rendered":"https:\/\/www.africa-press.net\/mali\/politique\/montee-en-puissance-des-coupures-delectricite-ny-a-t-il-pas-dautres-causes-que-le-probleme-de-carburant"},"modified":"2024-03-22T02:58:29","modified_gmt":"2024-03-22T02:58:29","slug":"montee-en-puissance-des-coupures-delectricite-ny-a-t-il-pas-dautres-causes-que-le-probleme-de-carburant","status":"publish","type":"post","link":"https:\/\/www.africa-press.net\/mali\/dossiers\/montee-en-puissance-des-coupures-delectricite-ny-a-t-il-pas-dautres-causes-que-le-probleme-de-carburant","title":{"rendered":"Mont\u00e9e en puissance des coupures d&rsquo;\u00e9lectricit\u00e9: N&rsquo;y a-t-il pas d&rsquo;autres causes que le probl\u00e8me de carburant ?"},"content":{"rendered":"<p><b>Arouna Traor\u00e9<\/b><\/p>\n<p><span style=\"color: #ff6600\"><strong>Africa-Press &#8211; Mali. <\/strong><\/span>Le 07 mars 2024, la Socie\u0301te\u0301 E\u0301nergie du Mali (EDM-SA), au cours d&rsquo;une confe\u0301rence de presse, a indique\u0301 que pendant le mois de Ramadan, il y aura une diminution significative de la dure\u0301e des coupures de l\u2019e\u0301lectricite\u0301.<\/p>\n<p>Cette information livre\u0301e par son Directeur ge\u0301ne\u0301ral, Abdoulaye Djibril Diallo, s&rsquo;est faite a\u0300 quelques jours du de\u0301but du mois de jeu\u0302ne musulman et en pleine pe\u0301riode du mois de care\u0302me chre\u0301tien. Il a, aussi, affirme\u0301 qu&rsquo;il sera communique\u0301 un plan de\u0301taille\u0301 de de\u0301lestage pour permettre aux usagers de mieux s\u2019organiser. Dix jours apre\u0300s le de\u0301but du mois de ramadan, il est regrettable de constater que la situation de de\u0301lestage ne s&rsquo;est pas du tout ame\u0301liore\u0301e.<\/p>\n<p>Lors de cette confe\u0301rence de presse, M. Diallo a annonce\u0301 une batterie de mesures portant sur la disponibilite\u0301 du combustible pour la production du courant e\u0301lectrique durant le Ramadan. \u00ab En perspective, le gouvernement est a\u0300 pied d\u2019\u0153uvre pour la re\u0301alisation de projets structurants qui permettront d\u2019augmenter la proportion des e\u0301nergies renouvelables dans le mix e\u0301nerge\u0301tique \u00bb, a-t-il souligne\u0301.<\/p>\n<p>Selon le premier responsable de la socie\u0301te\u0301 EDM-SA M, depuis janvier 2024, l\u2019E\u0301tat a mobilise\u0301 42 millions de litres de carburant, dont 28 millions seront disponibles pour la couverture du mois de Ramadan. Il a, en outre, affirme\u0301 que des dispositions sont e\u0301galement prises pour la disponibilite\u0301 du parc de production, des postes et lignes de transport.<\/p>\n<p><b>309 milliards FCFA de carburant pour couvrir l&rsquo;anne\u0301e 2024<\/b><\/p>\n<p>\u00ab Pour re\u0301duire les temps de coupures sur incident, des e\u0301quipes de veille et de de\u0301pannage seront mobilise\u0301es \u00bb, a-t-il renche\u0301ri. Selon Abdoulaye Djibril Diallo, la couverture optimale de la pointe 2024 de\u0301pendra essentiellement de l\u2019approvisionnement en combustible. Il s\u2019agit de mettre a\u0300 la disposition des centrales thermiques 21 citernes de fuel et 18 citernes de gasoil tous les jours.<\/p>\n<p>Pour assurer la demande en e\u0301nergie sur toute l\u2019anne\u0301e sans interruption, il faudrait, selon M. Diallo, pratiquement 500 millions de litres de combustible, ce qui correspond a\u0300 11.000 citernes de 45.000 litres, pour un cou\u0302t total de 309 milliards de FCFA alors que le chiffre d\u2019affaires d\u2019EDM-SA pre\u0301vu cette anne\u0301e est de l\u2019ordre de 275 milliards de FCFA. Par ailleurs, il faut noter que le me\u0302me jour, apre\u0300s la confe\u0301rence de presse, s&rsquo;est tenue une ce\u0301re\u0301monie de signature d&rsquo;un protocole d&rsquo;accord entre le gouvernement et l&rsquo;Association professionnelle des banques et e\u0301tablissements financiers (APBEF).<\/p>\n<p>Le ministre de l\u2019Economie et des Finances M. Alousseni SANOU, le ministre de l&rsquo;E\u0301nergie et de l&rsquo;Eau Mme Bintou CAMARA, le Directeur Ge\u0301ne\u0301ral de la socie\u0301te\u0301 E\u0301nergie du Mali \u00abEDM-SA \u00bb Abdoulaye Djibril DIALLO, la Pre\u0301sidente de l&rsquo;Association Professionnelle des Banques et E\u0301tablissements financiers du Mali (APBEF-Mali) Mme SIDIBE Aissata KONE et les membres du pool Bancaire \u00ab OPE\u0301RATION-EDM-SA \u00bb ont proce\u0301de\u0301 a\u0300 la signature du protocole d&rsquo;accord de gestion de la dette bancaire de l&rsquo;EDM-SA. La ce\u0301re\u0301monie a eu lieu au ministe\u0300re de l\u2019Economie et des Finances en pre\u0301sence du ministre de l\u2019Industrie et du Commerce, du ministre des Transports, du ministre des Mines ainsi que l\u2019ensemble des Directeurs ge\u0301ne\u0301raux des banques et des e\u0301tablissements financiers du Mali.<\/p>\n<p>Selon le ministre de l\u2019Economie et des Finances, ce protocole d\u2019accord de restructuration de la dette bancaire de EDM-SA, qui se chiffre a\u0300 261 milliards de FCFA, consiste a\u0300 atteler la pe\u0301riode de remboursement de ladite dette sur une pe\u0301riode de 10 ans a\u0300 un taux voisin du taux du guichet marginal de la BCEAO, avec un diffe\u0301re\u0301 de paiement d&rsquo;une pe\u0301riode d\u2019un an. Ce qui permettra a\u0300 la socie\u0301te\u0301 EDM-SA d\u2019ame\u0301liorer sa tre\u0301sorerie, de faire face aux difficulte\u0301s qu\u2019elle connai\u0302t, notamment la fourniture des centrales en hydrocarbures en vue d\u2019alle\u0301ger la souffrance des populations. Ce protocole permettra e\u0301galement aux banques de contribuer plus efficacement au de\u0301veloppement du secteur prive\u0301 et d\u2019assainir leur portefeuille.<\/p>\n<p>Quant a\u0300 la Pre\u0301sidente de l&rsquo;Association Professionnelle des Banques et E\u0301tablissements financiers du Mali (APBEF-Mali), Mme SIDIBE Aissata KONE, elle a remercie\u0301 le ministre de l\u2019Economie et des Finances pour son soutien constant au syste\u0300me bancaire malien et elle lui a affirme\u0301 la ferme disponibilite\u0301 des banques du Mali pour soutenir les efforts du gouvernement.<\/p>\n<p>Pour la banque chef de file qu&rsquo;est la BMS-SA, elle joue un ro\u0302le de catalyseur pour la mise en \u0153uvre du pre\u0301sent protocole, mais aussi de suivi des engagements pris par les diffe\u0301rentes parties prenantes. Elle informera re\u0301gulie\u0300rement, les ayants droits, de l&rsquo;e\u0301volution ainsi que des difficulte\u0301s e\u0301ventuelles ressorties dans l&rsquo;exe\u0301cution de l&rsquo;accord dans l&rsquo;objectif d&rsquo;assurer la bonne fin de l&rsquo;ope\u0301ration selon le Directeur Ge\u0301ne\u0301ral de la BMS-SA, M. Lanfia KOITA.<\/p>\n<p><b>Le carburant ne serait pas la seule cause du de\u0301lestage<\/b><\/p>\n<p>Avec toutes ces bonnes nouvelles, l&rsquo;on constate que les populations souffrent et souffrent encore. Elles pensent que la Socie\u0301te\u0301 EDM-SA n&rsquo;a fait que transposer le proble\u0300me de de\u0301lestage. A ce jour, l&rsquo;on constate que la fourniture d&rsquo;e\u0301lectricite\u0301 est de 06 heures de temps. Ce qui fait qu&rsquo;a\u0300 titre d&rsquo;illustration, le prix des sachets d&rsquo;eau frai\u0302che et de glace. Le sachet d&rsquo;eau frai\u0302che ce\u0301de\u0301 avant le mois de jeu\u0302ne a\u0300 25 F CFA est vendu a\u0300 50 voire 75 F CFA. Quant a\u0300 celui de la glace ce\u0301de\u0301 a\u0300 50 F CFA, il est actuellement monte\u0301 en fle\u0300che car vendu a\u0300 200, 300, 400 voire 500 F CFA. Ou\u0300 est alors l&rsquo;impact positif de la pre\u0301tendue diminution des coupures annonce\u0301e par la socie\u0301te\u0301 EDM-SA ?<\/p>\n<p>Par conse\u0301quent, l&rsquo;on peut sans aucun risque de se tromper que le proble\u0300me n&rsquo;est pas uniquement la disponibilite\u0301 du carburant. Il se susurre que la socie\u0301te\u0301 EDM-SA ne disposent de mate\u0301riels de production (Groupes e\u0301lectroge\u0300nes) modernes capables de prendre en charge les demandes des populations. Il y aurait aussi comme cause, la diminution drastique de la quantite\u0301 de Me\u0301gawatt fournie par le voisin ivoirien.<\/p>\n<p><strong>Pour plus d&rsquo;informations et d&rsquo;analyses sur la <a href=\"https:\/\/www.africa-press.net\/mali\">Mali<\/a>, suivez <a href=\"https:\/\/www.africa-press.net\/\">Africa-Press<\/a><\/strong><\/p>\n","protected":false},"excerpt":{"rendered":"<p>Arouna Traor\u00e9 Africa-Press &#8211; Mali. Le 07 mars 2024, la Socie\u0301te\u0301 E\u0301nergie du Mali (EDM-SA), au cours d&rsquo;une confe\u0301rence de presse, a indique\u0301 que pendant le mois de Ramadan, il y aura une diminution significative de la dure\u0301e des coupures de l\u2019e\u0301lectricite\u0301. Cette information livre\u0301e par son Directeur ge\u0301ne\u0301ral, Abdoulaye Djibril Diallo, s&rsquo;est faite a\u0300 [&hellip;]<\/p>\n","protected":false},"author":82,"featured_media":44524,"comment_status":"open","ping_status":"closed","sticky":false,"template":"","format":"standard","meta":{"footnotes":""},"categories":[13,17],"tags":[76,86,19],"class_list":["post-44525","post","type-post","status-publish","format-standard","has-post-thumbnail","hentry","category-dossiers","category-toutes-les-actualites","tag-africa-press","tag-africa-press-mali","tag-mali"],"yoast_head":"<!-- This site is optimized with the Yoast SEO Premium plugin v26.1 (Yoast SEO v27.0) - https:\/\/yoast.com\/product\/yoast-seo-premium-wordpress\/ -->\n<title>Mont\u00e9e en puissance des coupures d&#039;\u00e9lectricit\u00e9: N&#039;y a-t-il pas d&#039;autres causes que le probl\u00e8me de carburant ? - Mali<\/title>\n<meta name=\"description\" content=\"Le 07 mars 2024, la Socie\u0301te\u0301 E\u0301nergie du Mali (EDM-SA), au cours d&#039;une confe\u0301rence de presse, a indique\u0301 que pendant le ...\" \/>\n<meta name=\"robots\" content=\"index, follow, max-snippet:-1, max-image-preview:large, max-video-preview:-1\" \/>\n<link rel=\"canonical\" href=\"https:\/\/www.africa-press.net\/mali\/dossiers\/montee-en-puissance-des-coupures-delectricite-ny-a-t-il-pas-dautres-causes-que-le-probleme-de-carburant\" \/>\n<meta property=\"og:locale\" content=\"fr_FR\" \/>\n<meta property=\"og:type\" content=\"article\" \/>\n<meta property=\"og:title\" content=\"Mont\u00e9e en puissance des coupures d&#039;\u00e9lectricit\u00e9: N&#039;y a-t-il pas d&#039;autres causes que le probl\u00e8me de carburant ?\" \/>\n<meta property=\"og:description\" content=\"Le 07 mars 2024, la Socie\u0301te\u0301 E\u0301nergie du Mali (EDM-SA), au cours d&#039;une confe\u0301rence de presse, a indique\u0301 que pendant le ...\" \/>\n<meta property=\"og:url\" content=\"https:\/\/www.africa-press.net\/mali\/dossiers\/montee-en-puissance-des-coupures-delectricite-ny-a-t-il-pas-dautres-causes-que-le-probleme-de-carburant\" \/>\n<meta property=\"og:site_name\" content=\"Mali\" \/>\n<meta property=\"article:publisher\" content=\"https:\/\/www.facebook.com\/AfricaPressTunisiaa\" \/>\n<meta property=\"article:published_time\" content=\"2024-03-21T20:32:42+00:00\" \/>\n<meta property=\"article:modified_time\" content=\"2024-03-22T02:58:29+00:00\" \/>\n<meta property=\"og:image\" content=\"https:\/\/static.africa-press.net\/mali\/sites\/21\/2024\/03\/sm_1711060024.43371.jpg\" \/>\n\t<meta property=\"og:image:width\" content=\"1280\" \/>\n\t<meta property=\"og:image:height\" content=\"720\" \/>\n\t<meta property=\"og:image:type\" content=\"image\/jpeg\" \/>\n<meta name=\"author\" content=\"cfeditorfr\" \/>\n<meta name=\"twitter:card\" content=\"summary_large_image\" \/>\n<meta name=\"twitter:label1\" content=\"\u00c9crit par\" \/>\n\t<meta name=\"twitter:data1\" content=\"cfeditorfr\" \/>\n\t<meta name=\"twitter:label2\" content=\"Dur\u00e9e de lecture estim\u00e9e\" \/>\n\t<meta name=\"twitter:data2\" content=\"5 minutes\" \/>\n<script type=\"application\/ld+json\" class=\"yoast-schema-graph\">{\"@context\":\"https:\/\/schema.org\",\"@graph\":[{\"@type\":\"Article\",\"@id\":\"https:\/\/www.africa-press.net\/mali\/dossiers\/montee-en-puissance-des-coupures-delectricite-ny-a-t-il-pas-dautres-causes-que-le-probleme-de-carburant#article\",\"isPartOf\":{\"@id\":\"https:\/\/www.africa-press.net\/mali\/dossiers\/montee-en-puissance-des-coupures-delectricite-ny-a-t-il-pas-dautres-causes-que-le-probleme-de-carburant\"},\"author\":{\"name\":\"cfeditorfr\",\"@id\":\"https:\/\/www.africa-press.net\/mali\/#\/schema\/person\/2b1cf3cd81a31e3cd26889ca66d677f1\"},\"headline\":\"Mont\u00e9e en puissance des coupures d&rsquo;\u00e9lectricit\u00e9: N&rsquo;y a-t-il pas d&rsquo;autres causes que le probl\u00e8me de carburant ?\",\"datePublished\":\"2024-03-21T20:32:42+00:00\",\"dateModified\":\"2024-03-22T02:58:29+00:00\",\"mainEntityOfPage\":{\"@id\":\"https:\/\/www.africa-press.net\/mali\/dossiers\/montee-en-puissance-des-coupures-delectricite-ny-a-t-il-pas-dautres-causes-que-le-probleme-de-carburant\"},\"wordCount\":1119,\"commentCount\":0,\"image\":{\"@id\":\"https:\/\/www.africa-press.net\/mali\/dossiers\/montee-en-puissance-des-coupures-delectricite-ny-a-t-il-pas-dautres-causes-que-le-probleme-de-carburant#primaryimage\"},\"thumbnailUrl\":\"https:\/\/static.africa-press.net\/mali\/sites\/21\/2024\/03\/sm_1711060024.43371.jpg\",\"keywords\":[\"Africa Press\",\"Africa Press-Mali\",\"mali\"],\"articleSection\":[\"Dossiers\",\"Toutes les actualit\u00e9s\"],\"inLanguage\":\"fr-FR\",\"potentialAction\":[{\"@type\":\"CommentAction\",\"name\":\"Comment\",\"target\":[\"https:\/\/www.africa-press.net\/mali\/dossiers\/montee-en-puissance-des-coupures-delectricite-ny-a-t-il-pas-dautres-causes-que-le-probleme-de-carburant#respond\"]}]},{\"@type\":\"WebPage\",\"@id\":\"https:\/\/www.africa-press.net\/mali\/dossiers\/montee-en-puissance-des-coupures-delectricite-ny-a-t-il-pas-dautres-causes-que-le-probleme-de-carburant\",\"url\":\"https:\/\/www.africa-press.net\/mali\/dossiers\/montee-en-puissance-des-coupures-delectricite-ny-a-t-il-pas-dautres-causes-que-le-probleme-de-carburant\",\"name\":\"Mont\u00e9e en puissance des coupures d'\u00e9lectricit\u00e9: N'y a-t-il pas d'autres causes que le probl\u00e8me de carburant ? - Mali\",\"isPartOf\":{\"@id\":\"https:\/\/www.africa-press.net\/mali\/#website\"},\"primaryImageOfPage\":{\"@id\":\"https:\/\/www.africa-press.net\/mali\/dossiers\/montee-en-puissance-des-coupures-delectricite-ny-a-t-il-pas-dautres-causes-que-le-probleme-de-carburant#primaryimage\"},\"image\":{\"@id\":\"https:\/\/www.africa-press.net\/mali\/dossiers\/montee-en-puissance-des-coupures-delectricite-ny-a-t-il-pas-dautres-causes-que-le-probleme-de-carburant#primaryimage\"},\"thumbnailUrl\":\"https:\/\/static.africa-press.net\/mali\/sites\/21\/2024\/03\/sm_1711060024.43371.jpg\",\"datePublished\":\"2024-03-21T20:32:42+00:00\",\"dateModified\":\"2024-03-22T02:58:29+00:00\",\"author\":{\"@id\":\"https:\/\/www.africa-press.net\/mali\/#\/schema\/person\/2b1cf3cd81a31e3cd26889ca66d677f1\"},\"description\":\"Le 07 mars 2024, la Socie\u0301te\u0301 E\u0301nergie du Mali (EDM-SA), au cours d'une confe\u0301rence de presse, a indique\u0301 que pendant le ...\",\"breadcrumb\":{\"@id\":\"https:\/\/www.africa-press.net\/mali\/dossiers\/montee-en-puissance-des-coupures-delectricite-ny-a-t-il-pas-dautres-causes-que-le-probleme-de-carburant#breadcrumb\"},\"inLanguage\":\"fr-FR\",\"potentialAction\":[{\"@type\":\"ReadAction\",\"target\":[\"https:\/\/www.africa-press.net\/mali\/dossiers\/montee-en-puissance-des-coupures-delectricite-ny-a-t-il-pas-dautres-causes-que-le-probleme-de-carburant\"]}]},{\"@type\":\"ImageObject\",\"inLanguage\":\"fr-FR\",\"@id\":\"https:\/\/www.africa-press.net\/mali\/dossiers\/montee-en-puissance-des-coupures-delectricite-ny-a-t-il-pas-dautres-causes-que-le-probleme-de-carburant#primaryimage\",\"url\":\"https:\/\/static.africa-press.net\/mali\/sites\/21\/2024\/03\/sm_1711060024.43371.jpg\",\"contentUrl\":\"https:\/\/static.africa-press.net\/mali\/sites\/21\/2024\/03\/sm_1711060024.43371.jpg\",\"width\":1280,\"height\":720,\"caption\":\"Mont\u00e9e en puissance des coupures d'\u00e9lectricit\u00e9: N'y a-t-il pas d'autres causes que le probl\u00e8me de carburant ?\"},{\"@type\":\"BreadcrumbList\",\"@id\":\"https:\/\/www.africa-press.net\/mali\/dossiers\/montee-en-puissance-des-coupures-delectricite-ny-a-t-il-pas-dautres-causes-que-le-probleme-de-carburant#breadcrumb\",\"itemListElement\":[{\"@type\":\"ListItem\",\"position\":1,\"name\":\"Home\",\"item\":\"https:\/\/www.africa-press.net\/mali\/\"},{\"@type\":\"ListItem\",\"position\":2,\"name\":\"Mont\u00e9e en puissance des coupures d&#8217;\u00e9lectricit\u00e9: N&#8217;y a-t-il pas d&#8217;autres causes que le probl\u00e8me de carburant ?\"}]},{\"@type\":\"WebSite\",\"@id\":\"https:\/\/www.africa-press.net\/mali\/#website\",\"url\":\"https:\/\/www.africa-press.net\/mali\/\",\"name\":\"Mali\",\"description\":\"Just another Africa News Agency Sites site\",\"potentialAction\":[{\"@type\":\"SearchAction\",\"target\":{\"@type\":\"EntryPoint\",\"urlTemplate\":\"https:\/\/www.africa-press.net\/mali\/?s={search_term_string}\"},\"query-input\":{\"@type\":\"PropertyValueSpecification\",\"valueRequired\":true,\"valueName\":\"search_term_string\"}}],\"inLanguage\":\"fr-FR\"},{\"@type\":\"Person\",\"@id\":\"https:\/\/www.africa-press.net\/mali\/#\/schema\/person\/2b1cf3cd81a31e3cd26889ca66d677f1\",\"name\":\"cfeditorfr\"}]}<\/script>\n<!-- \/ Yoast SEO Premium plugin. -->","yoast_head_json":{"title":"Mont\u00e9e en puissance des coupures d'\u00e9lectricit\u00e9: N'y a-t-il pas d'autres causes que le probl\u00e8me de carburant ? - Mali","description":"Le 07 mars 2024, la Socie\u0301te\u0301 E\u0301nergie du Mali (EDM-SA), au cours d'une confe\u0301rence de presse, a indique\u0301 que pendant le ...","robots":{"index":"index","follow":"follow","max-snippet":"max-snippet:-1","max-image-preview":"max-image-preview:large","max-video-preview":"max-video-preview:-1"},"canonical":"https:\/\/www.africa-press.net\/mali\/dossiers\/montee-en-puissance-des-coupures-delectricite-ny-a-t-il-pas-dautres-causes-que-le-probleme-de-carburant","og_locale":"fr_FR","og_type":"article","og_title":"Mont\u00e9e en puissance des coupures d'\u00e9lectricit\u00e9: N'y a-t-il pas d'autres causes que le probl\u00e8me de carburant ?","og_description":"Le 07 mars 2024, la Socie\u0301te\u0301 E\u0301nergie du Mali (EDM-SA), au cours d'une confe\u0301rence de presse, a indique\u0301 que pendant le ...","og_url":"https:\/\/www.africa-press.net\/mali\/dossiers\/montee-en-puissance-des-coupures-delectricite-ny-a-t-il-pas-dautres-causes-que-le-probleme-de-carburant","og_site_name":"Mali","article_publisher":"https:\/\/www.facebook.com\/AfricaPressTunisiaa","article_published_time":"2024-03-21T20:32:42+00:00","article_modified_time":"2024-03-22T02:58:29+00:00","og_image":[{"width":1280,"height":720,"url":"https:\/\/static.africa-press.net\/mali\/sites\/21\/2024\/03\/sm_1711060024.43371.jpg","type":"image\/jpeg"}],"author":"cfeditorfr","twitter_card":"summary_large_image","twitter_misc":{"\u00c9crit par":"cfeditorfr","Dur\u00e9e de lecture estim\u00e9e":"5 minutes"},"schema":{"@context":"https:\/\/schema.org","@graph":[{"@type":"Article","@id":"https:\/\/www.africa-press.net\/mali\/dossiers\/montee-en-puissance-des-coupures-delectricite-ny-a-t-il-pas-dautres-causes-que-le-probleme-de-carburant#article","isPartOf":{"@id":"https:\/\/www.africa-press.net\/mali\/dossiers\/montee-en-puissance-des-coupures-delectricite-ny-a-t-il-pas-dautres-causes-que-le-probleme-de-carburant"},"author":{"name":"cfeditorfr","@id":"https:\/\/www.africa-press.net\/mali\/#\/schema\/person\/2b1cf3cd81a31e3cd26889ca66d677f1"},"headline":"Mont\u00e9e en puissance des coupures d&rsquo;\u00e9lectricit\u00e9: N&rsquo;y a-t-il pas d&rsquo;autres causes que le probl\u00e8me de carburant ?","datePublished":"2024-03-21T20:32:42+00:00","dateModified":"2024-03-22T02:58:29+00:00","mainEntityOfPage":{"@id":"https:\/\/www.africa-press.net\/mali\/dossiers\/montee-en-puissance-des-coupures-delectricite-ny-a-t-il-pas-dautres-causes-que-le-probleme-de-carburant"},"wordCount":1119,"commentCount":0,"image":{"@id":"https:\/\/www.africa-press.net\/mali\/dossiers\/montee-en-puissance-des-coupures-delectricite-ny-a-t-il-pas-dautres-causes-que-le-probleme-de-carburant#primaryimage"},"thumbnailUrl":"https:\/\/static.africa-press.net\/mali\/sites\/21\/2024\/03\/sm_1711060024.43371.jpg","keywords":["Africa Press","Africa Press-Mali","mali"],"articleSection":["Dossiers","Toutes les actualit\u00e9s"],"inLanguage":"fr-FR","potentialAction":[{"@type":"CommentAction","name":"Comment","target":["https:\/\/www.africa-press.net\/mali\/dossiers\/montee-en-puissance-des-coupures-delectricite-ny-a-t-il-pas-dautres-causes-que-le-probleme-de-carburant#respond"]}]},{"@type":"WebPage","@id":"https:\/\/www.africa-press.net\/mali\/dossiers\/montee-en-puissance-des-coupures-delectricite-ny-a-t-il-pas-dautres-causes-que-le-probleme-de-carburant","url":"https:\/\/www.africa-press.net\/mali\/dossiers\/montee-en-puissance-des-coupures-delectricite-ny-a-t-il-pas-dautres-causes-que-le-probleme-de-carburant","name":"Mont\u00e9e en puissance des coupures d'\u00e9lectricit\u00e9: N'y a-t-il pas d'autres causes que le probl\u00e8me de carburant ? - Mali","isPartOf":{"@id":"https:\/\/www.africa-press.net\/mali\/#website"},"primaryImageOfPage":{"@id":"https:\/\/www.africa-press.net\/mali\/dossiers\/montee-en-puissance-des-coupures-delectricite-ny-a-t-il-pas-dautres-causes-que-le-probleme-de-carburant#primaryimage"},"image":{"@id":"https:\/\/www.africa-press.net\/mali\/dossiers\/montee-en-puissance-des-coupures-delectricite-ny-a-t-il-pas-dautres-causes-que-le-probleme-de-carburant#primaryimage"},"thumbnailUrl":"https:\/\/static.africa-press.net\/mali\/sites\/21\/2024\/03\/sm_1711060024.43371.jpg","datePublished":"2024-03-21T20:32:42+00:00","dateModified":"2024-03-22T02:58:29+00:00","author":{"@id":"https:\/\/www.africa-press.net\/mali\/#\/schema\/person\/2b1cf3cd81a31e3cd26889ca66d677f1"},"description":"Le 07 mars 2024, la Socie\u0301te\u0301 E\u0301nergie du Mali (EDM-SA), au cours d'une confe\u0301rence de presse, a indique\u0301 que pendant le ...","breadcrumb":{"@id":"https:\/\/www.africa-press.net\/mali\/dossiers\/montee-en-puissance-des-coupures-delectricite-ny-a-t-il-pas-dautres-causes-que-le-probleme-de-carburant#breadcrumb"},"inLanguage":"fr-FR","potentialAction":[{"@type":"ReadAction","target":["https:\/\/www.africa-press.net\/mali\/dossiers\/montee-en-puissance-des-coupures-delectricite-ny-a-t-il-pas-dautres-causes-que-le-probleme-de-carburant"]}]},{"@type":"ImageObject","inLanguage":"fr-FR","@id":"https:\/\/www.africa-press.net\/mali\/dossiers\/montee-en-puissance-des-coupures-delectricite-ny-a-t-il-pas-dautres-causes-que-le-probleme-de-carburant#primaryimage","url":"https:\/\/static.africa-press.net\/mali\/sites\/21\/2024\/03\/sm_1711060024.43371.jpg","contentUrl":"https:\/\/static.africa-press.net\/mali\/sites\/21\/2024\/03\/sm_1711060024.43371.jpg","width":1280,"height":720,"caption":"Mont\u00e9e en puissance des coupures d'\u00e9lectricit\u00e9: N'y a-t-il pas d'autres causes que le probl\u00e8me de carburant ?"},{"@type":"BreadcrumbList","@id":"https:\/\/www.africa-press.net\/mali\/dossiers\/montee-en-puissance-des-coupures-delectricite-ny-a-t-il-pas-dautres-causes-que-le-probleme-de-carburant#breadcrumb","itemListElement":[{"@type":"ListItem","position":1,"name":"Home","item":"https:\/\/www.africa-press.net\/mali\/"},{"@type":"ListItem","position":2,"name":"Mont\u00e9e en puissance des coupures d&#8217;\u00e9lectricit\u00e9: N&#8217;y a-t-il pas d&#8217;autres causes que le probl\u00e8me de carburant ?"}]},{"@type":"WebSite","@id":"https:\/\/www.africa-press.net\/mali\/#website","url":"https:\/\/www.africa-press.net\/mali\/","name":"Mali","description":"Just another Africa News Agency Sites site","potentialAction":[{"@type":"SearchAction","target":{"@type":"EntryPoint","urlTemplate":"https:\/\/www.africa-press.net\/mali\/?s={search_term_string}"},"query-input":{"@type":"PropertyValueSpecification","valueRequired":true,"valueName":"search_term_string"}}],"inLanguage":"fr-FR"},{"@type":"Person","@id":"https:\/\/www.africa-press.net\/mali\/#\/schema\/person\/2b1cf3cd81a31e3cd26889ca66d677f1","name":"cfeditorfr"}]}},"_links":{"self":[{"href":"https:\/\/www.africa-press.net\/mali\/wp-json\/wp\/v2\/posts\/44525","targetHints":{"allow":["GET"]}}],"collection":[{"href":"https:\/\/www.africa-press.net\/mali\/wp-json\/wp\/v2\/posts"}],"about":[{"href":"https:\/\/www.africa-press.net\/mali\/wp-json\/wp\/v2\/types\/post"}],"author":[{"embeddable":true,"href":"https:\/\/www.africa-press.net\/mali\/wp-json\/wp\/v2\/users\/82"}],"replies":[{"embeddable":true,"href":"https:\/\/www.africa-press.net\/mali\/wp-json\/wp\/v2\/comments?post=44525"}],"version-history":[{"count":0,"href":"https:\/\/www.africa-press.net\/mali\/wp-json\/wp\/v2\/posts\/44525\/revisions"}],"wp:featuredmedia":[{"embeddable":true,"href":"https:\/\/www.africa-press.net\/mali\/wp-json\/wp\/v2\/media\/44524"}],"wp:attachment":[{"href":"https:\/\/www.africa-press.net\/mali\/wp-json\/wp\/v2\/media?parent=44525"}],"wp:term":[{"taxonomy":"category","embeddable":true,"href":"https:\/\/www.africa-press.net\/mali\/wp-json\/wp\/v2\/categories?post=44525"},{"taxonomy":"post_tag","embeddable":true,"href":"https:\/\/www.africa-press.net\/mali\/wp-json\/wp\/v2\/tags?post=44525"}],"curies":[{"name":"wp","href":"https:\/\/api.w.org\/{rel}","templated":true}]}}