{"id":44613,"date":"2024-03-24T18:56:25","date_gmt":"2024-03-24T18:56:25","guid":{"rendered":"https:\/\/www.africa-press.net\/mali\/politique\/badra-alou-sacko-president-du-forum-des-organisation-de-la-societe-civile-du-mali-nous-demandons-aux-autorites-de-mettre-en-place-une-transition-civile-avant-le-26-mars-2024"},"modified":"2024-03-24T20:05:32","modified_gmt":"2024-03-24T20:05:32","slug":"badra-alou-sacko-president-du-forum-des-organisation-de-la-societe-civile-du-mali-nous-demandons-aux-autorites-de-mettre-en-place-une-transition-civile-avant-le-26-mars-2024","status":"publish","type":"post","link":"https:\/\/www.africa-press.net\/mali\/top-nouvelles\/badra-alou-sacko-president-du-forum-des-organisation-de-la-societe-civile-du-mali-nous-demandons-aux-autorites-de-mettre-en-place-une-transition-civile-avant-le-26-mars-2024","title":{"rendered":"Badra Alou SACKO, Pr\u00e9sIdent du forum des organisation de la soci\u00e9t\u00e9 civile du Mali \u00ab Nous demandons aux autorit\u00e9s de mettre en place une transition civile avant le 26 mars 2024 \u00bb"},"content":{"rendered":"<p><span style=\"color: #ff6600\"><strong>Africa-Press &#8211; Mali. <\/strong><\/span>Dans une vide\u0301o publie\u0301e sur les re\u0301seaux sociaux, le pre\u0301sident du forum des organisations de la socie\u0301te\u0301 civile du Mali, Badra Alou Sacko a invite\u0301 les autorite\u0301s de la transition a\u0300 mettre une transition civile en place avant le 26 mars 2024.<\/p>\n<p>\u00ab Nous disons au autorite\u0301s de la transition que cette transition devra prendre fin le 26 mars prochain, comme l\u2019a indique\u0301 le chronogramme e\u0301tabli par eux me\u0302mes et montre\u0301 a\u0300 la communaute\u0301 internationale. Comme tout le monde le voit, aujourd\u2019hui, le pays n\u2019est pas sur la bonne voie \u00bb, a soutenu Badra alou Sacko, e\u0301galement coordinateur ge\u0301ne\u0301ral par inte\u0301rim de l\u2019appel du 20 fe\u0301vrier pour sauver le mali. il poursuit: \u00ab les maliens souffrent des coupures d\u2019e\u0301lectricite\u0301, du manque d\u2019eau et de la famine. la difficulte\u0301 a atteint son plus haut niveau. pour cela, nous demandons au pre\u0301sident assimi et a\u0300 tous les membres du gouvernement de la transtion de mettre en place une transition civile avant le 26 mars prochain 2024 \u00bb.<\/p>\n<p>Selon lui, cette transition civile organisera les e\u0301lections \u00ab pour faire sortir le pays de ces difficulte\u0301s \u00bb. il a affirme\u0301 que les autorite\u0301s de la transition actuelle peuvent eux-me\u0302mes, \u00ab accompagner cette transition civile pour l\u2019organisation des e\u0301lections dans les plus brefs de\u0301lais, permettant ainsi aux bons dirigeants de diriger le pays pour qu\u2019on puisse avoir de bonnes relations avec nos anciens partenaires \u00bb. il estime que \u00ab\u00a0c\u2019est ce qui est mieux pour eux et pour nous tous \u00bb. m. Sacko a de\u0301clare\u0301 que \u00absur cette lance\u0301e, il sera<\/p>\n<p>me\u0302me difficile de payer les fonctionnaires dans les jours a\u0300 venir \u00bb. puis de poursuivre: \u00ab c\u2019est pour<\/p>\n<p>cela que nous, membres de la socie\u0301te\u0301 civile sommes oblige\u0301s d\u2019alerter les autorite\u0301s, comme l\u2019indique l\u2019article de la nouvelle constitution \u00bb. \u00ab Qu\u2019ils fassent tout pour mettre en place une transition civile<\/p>\n<p>dans une semaine, avant le 26 mars. il faut dialoguer avec toutes les forces vives: la socie\u0301te\u0301 civile,<\/p>\n<p>les leader religieux les partis politiques et les associations \u00bb, a lance\u0301 Badra alou Sacko aux autorite\u0301s de<\/p>\n<p>la transition. \u00ab assimi, c\u2019est a\u0300 vous que je m\u2019adresse de fac\u0327on prioritaire, vous e\u0302tes le pre\u0301sident de la<\/p>\n<p>transition. faites cela pour sauver le mali. Je sais que vous aimer sauver le mali mais je te montre la<\/p>\n<p>piste \u00bb, a-t-il conclu, tout en demandant que cette transition civile ne soit pas dirige\u0301e par le colonel assimi goi\u0308ta.<\/p>\n<p><strong>Pour plus d&rsquo;informations et d&rsquo;analyses sur la <a href=\"https:\/\/www.africa-press.net\/mali\">Mali<\/a>, suivez <a href=\"https:\/\/www.africa-press.net\/\">Africa-Press<\/a><\/strong><\/p>\n","protected":false},"excerpt":{"rendered":"<p>Africa-Press &#8211; Mali. Dans une vide\u0301o publie\u0301e sur les re\u0301seaux sociaux, le pre\u0301sident du forum des organisations de la socie\u0301te\u0301 civile du Mali, Badra Alou Sacko a invite\u0301 les autorite\u0301s de la transition a\u0300 mettre une transition civile en place avant le 26 mars 2024. \u00ab Nous disons au autorite\u0301s de la transition que cette [&hellip;]<\/p>\n","protected":false},"author":82,"featured_media":44612,"comment_status":"open","ping_status":"closed","sticky":false,"template":"","format":"standard","meta":{"footnotes":""},"categories":[7,5,17],"tags":[76,86,19],"class_list":["post-44613","post","type-post","status-publish","format-standard","has-post-thumbnail","hentry","category-politique","category-top-nouvelles","category-toutes-les-actualites","tag-africa-press","tag-africa-press-mali","tag-mali"],"yoast_head":"<!-- This site is optimized with the Yoast SEO Premium plugin v26.1 (Yoast SEO v27.0) - https:\/\/yoast.com\/product\/yoast-seo-premium-wordpress\/ -->\n<title>Badra Alou SACKO, Pr\u00e9sIdent du forum des organisation de la soci\u00e9t\u00e9 civile du Mali \u00ab Nous demandons aux autorit\u00e9s de mettre en place une transition civile avant le 26 mars 2024 \u00bb - Mali<\/title>\n<meta name=\"description\" content=\"Dans une vide\u0301o publie\u0301e sur les re\u0301seaux sociaux, le pre\u0301sident du forum des organisations de la socie\u0301te\u0301 civile du Ma ...\" \/>\n<meta name=\"robots\" content=\"index, follow, max-snippet:-1, max-image-preview:large, max-video-preview:-1\" \/>\n<link rel=\"canonical\" href=\"https:\/\/www.africa-press.net\/mali\/top-nouvelles\/badra-alou-sacko-president-du-forum-des-organisation-de-la-societe-civile-du-mali-nous-demandons-aux-autorites-de-mettre-en-place-une-transition-civile-avant-le-26-mars-2024\" \/>\n<meta property=\"og:locale\" content=\"fr_FR\" \/>\n<meta property=\"og:type\" content=\"article\" \/>\n<meta property=\"og:title\" content=\"Badra Alou SACKO, Pr\u00e9sIdent du forum des organisation de la soci\u00e9t\u00e9 civile du Mali \u00ab Nous demandons aux autorit\u00e9s de mettre en place une transition civile avant le 26 mars 2024 \u00bb\" \/>\n<meta property=\"og:description\" content=\"Dans une vide\u0301o publie\u0301e sur les re\u0301seaux sociaux, le pre\u0301sident du forum des organisations de la socie\u0301te\u0301 civile du Ma ...\" \/>\n<meta property=\"og:url\" content=\"https:\/\/www.africa-press.net\/mali\/top-nouvelles\/badra-alou-sacko-president-du-forum-des-organisation-de-la-societe-civile-du-mali-nous-demandons-aux-autorites-de-mettre-en-place-une-transition-civile-avant-le-26-mars-2024\" \/>\n<meta property=\"og:site_name\" content=\"Mali\" \/>\n<meta property=\"article:publisher\" content=\"https:\/\/www.facebook.com\/AfricaPressTunisiaa\" \/>\n<meta property=\"article:published_time\" content=\"2024-03-24T18:56:25+00:00\" \/>\n<meta property=\"article:modified_time\" content=\"2024-03-24T20:05:32+00:00\" \/>\n<meta property=\"og:image\" content=\"https:\/\/static.africa-press.net\/mali\/sites\/21\/2024\/03\/sm_1711294369.440883.jpg\" \/>\n\t<meta property=\"og:image:width\" content=\"1066\" \/>\n\t<meta property=\"og:image:height\" content=\"629\" \/>\n\t<meta property=\"og:image:type\" content=\"image\/jpeg\" \/>\n<meta name=\"author\" content=\"cfeditorfr\" \/>\n<meta name=\"twitter:card\" content=\"summary_large_image\" \/>\n<meta name=\"twitter:label1\" content=\"\u00c9crit par\" \/>\n\t<meta name=\"twitter:data1\" content=\"cfeditorfr\" \/>\n\t<meta name=\"twitter:label2\" content=\"Dur\u00e9e de lecture estim\u00e9e\" \/>\n\t<meta name=\"twitter:data2\" content=\"3 minutes\" \/>\n<script type=\"application\/ld+json\" class=\"yoast-schema-graph\">{\"@context\":\"https:\/\/schema.org\",\"@graph\":[{\"@type\":\"Article\",\"@id\":\"https:\/\/www.africa-press.net\/mali\/top-nouvelles\/badra-alou-sacko-president-du-forum-des-organisation-de-la-societe-civile-du-mali-nous-demandons-aux-autorites-de-mettre-en-place-une-transition-civile-avant-le-26-mars-2024#article\",\"isPartOf\":{\"@id\":\"https:\/\/www.africa-press.net\/mali\/top-nouvelles\/badra-alou-sacko-president-du-forum-des-organisation-de-la-societe-civile-du-mali-nous-demandons-aux-autorites-de-mettre-en-place-une-transition-civile-avant-le-26-mars-2024\"},\"author\":{\"name\":\"cfeditorfr\",\"@id\":\"https:\/\/www.africa-press.net\/mali\/#\/schema\/person\/2b1cf3cd81a31e3cd26889ca66d677f1\"},\"headline\":\"Badra Alou SACKO, Pr\u00e9sIdent du forum des organisation de la soci\u00e9t\u00e9 civile du Mali \u00ab Nous demandons aux autorit\u00e9s de mettre en place une transition civile avant le 26 mars 2024 \u00bb\",\"datePublished\":\"2024-03-24T18:56:25+00:00\",\"dateModified\":\"2024-03-24T20:05:32+00:00\",\"mainEntityOfPage\":{\"@id\":\"https:\/\/www.africa-press.net\/mali\/top-nouvelles\/badra-alou-sacko-president-du-forum-des-organisation-de-la-societe-civile-du-mali-nous-demandons-aux-autorites-de-mettre-en-place-une-transition-civile-avant-le-26-mars-2024\"},\"wordCount\":474,\"commentCount\":0,\"image\":{\"@id\":\"https:\/\/www.africa-press.net\/mali\/top-nouvelles\/badra-alou-sacko-president-du-forum-des-organisation-de-la-societe-civile-du-mali-nous-demandons-aux-autorites-de-mettre-en-place-une-transition-civile-avant-le-26-mars-2024#primaryimage\"},\"thumbnailUrl\":\"https:\/\/static.africa-press.net\/mali\/sites\/21\/2024\/03\/sm_1711294369.440883.jpg\",\"keywords\":[\"Africa Press\",\"Africa Press-Mali\",\"mali\"],\"articleSection\":[\"Politique\",\"Top Nouvelles\",\"Toutes les actualit\u00e9s\"],\"inLanguage\":\"fr-FR\",\"potentialAction\":[{\"@type\":\"CommentAction\",\"name\":\"Comment\",\"target\":[\"https:\/\/www.africa-press.net\/mali\/top-nouvelles\/badra-alou-sacko-president-du-forum-des-organisation-de-la-societe-civile-du-mali-nous-demandons-aux-autorites-de-mettre-en-place-une-transition-civile-avant-le-26-mars-2024#respond\"]}]},{\"@type\":\"WebPage\",\"@id\":\"https:\/\/www.africa-press.net\/mali\/top-nouvelles\/badra-alou-sacko-president-du-forum-des-organisation-de-la-societe-civile-du-mali-nous-demandons-aux-autorites-de-mettre-en-place-une-transition-civile-avant-le-26-mars-2024\",\"url\":\"https:\/\/www.africa-press.net\/mali\/top-nouvelles\/badra-alou-sacko-president-du-forum-des-organisation-de-la-societe-civile-du-mali-nous-demandons-aux-autorites-de-mettre-en-place-une-transition-civile-avant-le-26-mars-2024\",\"name\":\"Badra Alou SACKO, Pr\u00e9sIdent du forum des organisation de la soci\u00e9t\u00e9 civile du Mali \u00ab Nous demandons aux autorit\u00e9s de mettre en place une transition civile avant le 26 mars 2024 \u00bb - Mali\",\"isPartOf\":{\"@id\":\"https:\/\/www.africa-press.net\/mali\/#website\"},\"primaryImageOfPage\":{\"@id\":\"https:\/\/www.africa-press.net\/mali\/top-nouvelles\/badra-alou-sacko-president-du-forum-des-organisation-de-la-societe-civile-du-mali-nous-demandons-aux-autorites-de-mettre-en-place-une-transition-civile-avant-le-26-mars-2024#primaryimage\"},\"image\":{\"@id\":\"https:\/\/www.africa-press.net\/mali\/top-nouvelles\/badra-alou-sacko-president-du-forum-des-organisation-de-la-societe-civile-du-mali-nous-demandons-aux-autorites-de-mettre-en-place-une-transition-civile-avant-le-26-mars-2024#primaryimage\"},\"thumbnailUrl\":\"https:\/\/static.africa-press.net\/mali\/sites\/21\/2024\/03\/sm_1711294369.440883.jpg\",\"datePublished\":\"2024-03-24T18:56:25+00:00\",\"dateModified\":\"2024-03-24T20:05:32+00:00\",\"author\":{\"@id\":\"https:\/\/www.africa-press.net\/mali\/#\/schema\/person\/2b1cf3cd81a31e3cd26889ca66d677f1\"},\"description\":\"Dans une vide\u0301o publie\u0301e sur les re\u0301seaux sociaux, le pre\u0301sident du forum des organisations de la socie\u0301te\u0301 civile du Ma ...\",\"breadcrumb\":{\"@id\":\"https:\/\/www.africa-press.net\/mali\/top-nouvelles\/badra-alou-sacko-president-du-forum-des-organisation-de-la-societe-civile-du-mali-nous-demandons-aux-autorites-de-mettre-en-place-une-transition-civile-avant-le-26-mars-2024#breadcrumb\"},\"inLanguage\":\"fr-FR\",\"potentialAction\":[{\"@type\":\"ReadAction\",\"target\":[\"https:\/\/www.africa-press.net\/mali\/top-nouvelles\/badra-alou-sacko-president-du-forum-des-organisation-de-la-societe-civile-du-mali-nous-demandons-aux-autorites-de-mettre-en-place-une-transition-civile-avant-le-26-mars-2024\"]}]},{\"@type\":\"ImageObject\",\"inLanguage\":\"fr-FR\",\"@id\":\"https:\/\/www.africa-press.net\/mali\/top-nouvelles\/badra-alou-sacko-president-du-forum-des-organisation-de-la-societe-civile-du-mali-nous-demandons-aux-autorites-de-mettre-en-place-une-transition-civile-avant-le-26-mars-2024#primaryimage\",\"url\":\"https:\/\/static.africa-press.net\/mali\/sites\/21\/2024\/03\/sm_1711294369.440883.jpg\",\"contentUrl\":\"https:\/\/static.africa-press.net\/mali\/sites\/21\/2024\/03\/sm_1711294369.440883.jpg\",\"width\":1066,\"height\":629,\"caption\":\"Badra Alou SACKO, Pr\u00e9sIdent du forum des organisation de la soci\u00e9t\u00e9 civile du Mali \u00ab Nous demandons aux autorit\u00e9s de mettre en place une transition civile avant le 26 mars 2024 \u00bb\"},{\"@type\":\"BreadcrumbList\",\"@id\":\"https:\/\/www.africa-press.net\/mali\/top-nouvelles\/badra-alou-sacko-president-du-forum-des-organisation-de-la-societe-civile-du-mali-nous-demandons-aux-autorites-de-mettre-en-place-une-transition-civile-avant-le-26-mars-2024#breadcrumb\",\"itemListElement\":[{\"@type\":\"ListItem\",\"position\":1,\"name\":\"Home\",\"item\":\"https:\/\/www.africa-press.net\/mali\/\"},{\"@type\":\"ListItem\",\"position\":2,\"name\":\"Badra Alou SACKO, Pr\u00e9sIdent du forum des organisation de la soci\u00e9t\u00e9 civile du Mali \u00ab Nous demandons aux autorit\u00e9s de mettre en place une transition civile avant le 26 mars 2024 \u00bb\"}]},{\"@type\":\"WebSite\",\"@id\":\"https:\/\/www.africa-press.net\/mali\/#website\",\"url\":\"https:\/\/www.africa-press.net\/mali\/\",\"name\":\"Mali\",\"description\":\"Just another Africa News Agency Sites site\",\"potentialAction\":[{\"@type\":\"SearchAction\",\"target\":{\"@type\":\"EntryPoint\",\"urlTemplate\":\"https:\/\/www.africa-press.net\/mali\/?s={search_term_string}\"},\"query-input\":{\"@type\":\"PropertyValueSpecification\",\"valueRequired\":true,\"valueName\":\"search_term_string\"}}],\"inLanguage\":\"fr-FR\"},{\"@type\":\"Person\",\"@id\":\"https:\/\/www.africa-press.net\/mali\/#\/schema\/person\/2b1cf3cd81a31e3cd26889ca66d677f1\",\"name\":\"cfeditorfr\"}]}<\/script>\n<!-- \/ Yoast SEO Premium plugin. -->","yoast_head_json":{"title":"Badra Alou SACKO, Pr\u00e9sIdent du forum des organisation de la soci\u00e9t\u00e9 civile du Mali \u00ab Nous demandons aux autorit\u00e9s de mettre en place une transition civile avant le 26 mars 2024 \u00bb - Mali","description":"Dans une vide\u0301o publie\u0301e sur les re\u0301seaux sociaux, le pre\u0301sident du forum des organisations de la socie\u0301te\u0301 civile du Ma ...","robots":{"index":"index","follow":"follow","max-snippet":"max-snippet:-1","max-image-preview":"max-image-preview:large","max-video-preview":"max-video-preview:-1"},"canonical":"https:\/\/www.africa-press.net\/mali\/top-nouvelles\/badra-alou-sacko-president-du-forum-des-organisation-de-la-societe-civile-du-mali-nous-demandons-aux-autorites-de-mettre-en-place-une-transition-civile-avant-le-26-mars-2024","og_locale":"fr_FR","og_type":"article","og_title":"Badra Alou SACKO, Pr\u00e9sIdent du forum des organisation de la soci\u00e9t\u00e9 civile du Mali \u00ab Nous demandons aux autorit\u00e9s de mettre en place une transition civile avant le 26 mars 2024 \u00bb","og_description":"Dans une vide\u0301o publie\u0301e sur les re\u0301seaux sociaux, le pre\u0301sident du forum des organisations de la socie\u0301te\u0301 civile du Ma ...","og_url":"https:\/\/www.africa-press.net\/mali\/top-nouvelles\/badra-alou-sacko-president-du-forum-des-organisation-de-la-societe-civile-du-mali-nous-demandons-aux-autorites-de-mettre-en-place-une-transition-civile-avant-le-26-mars-2024","og_site_name":"Mali","article_publisher":"https:\/\/www.facebook.com\/AfricaPressTunisiaa","article_published_time":"2024-03-24T18:56:25+00:00","article_modified_time":"2024-03-24T20:05:32+00:00","og_image":[{"width":1066,"height":629,"url":"https:\/\/static.africa-press.net\/mali\/sites\/21\/2024\/03\/sm_1711294369.440883.jpg","type":"image\/jpeg"}],"author":"cfeditorfr","twitter_card":"summary_large_image","twitter_misc":{"\u00c9crit par":"cfeditorfr","Dur\u00e9e de lecture estim\u00e9e":"3 minutes"},"schema":{"@context":"https:\/\/schema.org","@graph":[{"@type":"Article","@id":"https:\/\/www.africa-press.net\/mali\/top-nouvelles\/badra-alou-sacko-president-du-forum-des-organisation-de-la-societe-civile-du-mali-nous-demandons-aux-autorites-de-mettre-en-place-une-transition-civile-avant-le-26-mars-2024#article","isPartOf":{"@id":"https:\/\/www.africa-press.net\/mali\/top-nouvelles\/badra-alou-sacko-president-du-forum-des-organisation-de-la-societe-civile-du-mali-nous-demandons-aux-autorites-de-mettre-en-place-une-transition-civile-avant-le-26-mars-2024"},"author":{"name":"cfeditorfr","@id":"https:\/\/www.africa-press.net\/mali\/#\/schema\/person\/2b1cf3cd81a31e3cd26889ca66d677f1"},"headline":"Badra Alou SACKO, Pr\u00e9sIdent du forum des organisation de la soci\u00e9t\u00e9 civile du Mali \u00ab Nous demandons aux autorit\u00e9s de mettre en place une transition civile avant le 26 mars 2024 \u00bb","datePublished":"2024-03-24T18:56:25+00:00","dateModified":"2024-03-24T20:05:32+00:00","mainEntityOfPage":{"@id":"https:\/\/www.africa-press.net\/mali\/top-nouvelles\/badra-alou-sacko-president-du-forum-des-organisation-de-la-societe-civile-du-mali-nous-demandons-aux-autorites-de-mettre-en-place-une-transition-civile-avant-le-26-mars-2024"},"wordCount":474,"commentCount":0,"image":{"@id":"https:\/\/www.africa-press.net\/mali\/top-nouvelles\/badra-alou-sacko-president-du-forum-des-organisation-de-la-societe-civile-du-mali-nous-demandons-aux-autorites-de-mettre-en-place-une-transition-civile-avant-le-26-mars-2024#primaryimage"},"thumbnailUrl":"https:\/\/static.africa-press.net\/mali\/sites\/21\/2024\/03\/sm_1711294369.440883.jpg","keywords":["Africa Press","Africa Press-Mali","mali"],"articleSection":["Politique","Top Nouvelles","Toutes les actualit\u00e9s"],"inLanguage":"fr-FR","potentialAction":[{"@type":"CommentAction","name":"Comment","target":["https:\/\/www.africa-press.net\/mali\/top-nouvelles\/badra-alou-sacko-president-du-forum-des-organisation-de-la-societe-civile-du-mali-nous-demandons-aux-autorites-de-mettre-en-place-une-transition-civile-avant-le-26-mars-2024#respond"]}]},{"@type":"WebPage","@id":"https:\/\/www.africa-press.net\/mali\/top-nouvelles\/badra-alou-sacko-president-du-forum-des-organisation-de-la-societe-civile-du-mali-nous-demandons-aux-autorites-de-mettre-en-place-une-transition-civile-avant-le-26-mars-2024","url":"https:\/\/www.africa-press.net\/mali\/top-nouvelles\/badra-alou-sacko-president-du-forum-des-organisation-de-la-societe-civile-du-mali-nous-demandons-aux-autorites-de-mettre-en-place-une-transition-civile-avant-le-26-mars-2024","name":"Badra Alou SACKO, Pr\u00e9sIdent du forum des organisation de la soci\u00e9t\u00e9 civile du Mali \u00ab Nous demandons aux autorit\u00e9s de mettre en place une transition civile avant le 26 mars 2024 \u00bb - Mali","isPartOf":{"@id":"https:\/\/www.africa-press.net\/mali\/#website"},"primaryImageOfPage":{"@id":"https:\/\/www.africa-press.net\/mali\/top-nouvelles\/badra-alou-sacko-president-du-forum-des-organisation-de-la-societe-civile-du-mali-nous-demandons-aux-autorites-de-mettre-en-place-une-transition-civile-avant-le-26-mars-2024#primaryimage"},"image":{"@id":"https:\/\/www.africa-press.net\/mali\/top-nouvelles\/badra-alou-sacko-president-du-forum-des-organisation-de-la-societe-civile-du-mali-nous-demandons-aux-autorites-de-mettre-en-place-une-transition-civile-avant-le-26-mars-2024#primaryimage"},"thumbnailUrl":"https:\/\/static.africa-press.net\/mali\/sites\/21\/2024\/03\/sm_1711294369.440883.jpg","datePublished":"2024-03-24T18:56:25+00:00","dateModified":"2024-03-24T20:05:32+00:00","author":{"@id":"https:\/\/www.africa-press.net\/mali\/#\/schema\/person\/2b1cf3cd81a31e3cd26889ca66d677f1"},"description":"Dans une vide\u0301o publie\u0301e sur les re\u0301seaux sociaux, le pre\u0301sident du forum des organisations de la socie\u0301te\u0301 civile du Ma ...","breadcrumb":{"@id":"https:\/\/www.africa-press.net\/mali\/top-nouvelles\/badra-alou-sacko-president-du-forum-des-organisation-de-la-societe-civile-du-mali-nous-demandons-aux-autorites-de-mettre-en-place-une-transition-civile-avant-le-26-mars-2024#breadcrumb"},"inLanguage":"fr-FR","potentialAction":[{"@type":"ReadAction","target":["https:\/\/www.africa-press.net\/mali\/top-nouvelles\/badra-alou-sacko-president-du-forum-des-organisation-de-la-societe-civile-du-mali-nous-demandons-aux-autorites-de-mettre-en-place-une-transition-civile-avant-le-26-mars-2024"]}]},{"@type":"ImageObject","inLanguage":"fr-FR","@id":"https:\/\/www.africa-press.net\/mali\/top-nouvelles\/badra-alou-sacko-president-du-forum-des-organisation-de-la-societe-civile-du-mali-nous-demandons-aux-autorites-de-mettre-en-place-une-transition-civile-avant-le-26-mars-2024#primaryimage","url":"https:\/\/static.africa-press.net\/mali\/sites\/21\/2024\/03\/sm_1711294369.440883.jpg","contentUrl":"https:\/\/static.africa-press.net\/mali\/sites\/21\/2024\/03\/sm_1711294369.440883.jpg","width":1066,"height":629,"caption":"Badra Alou SACKO, Pr\u00e9sIdent du forum des organisation de la soci\u00e9t\u00e9 civile du Mali \u00ab Nous demandons aux autorit\u00e9s de mettre en place une transition civile avant le 26 mars 2024 \u00bb"},{"@type":"BreadcrumbList","@id":"https:\/\/www.africa-press.net\/mali\/top-nouvelles\/badra-alou-sacko-president-du-forum-des-organisation-de-la-societe-civile-du-mali-nous-demandons-aux-autorites-de-mettre-en-place-une-transition-civile-avant-le-26-mars-2024#breadcrumb","itemListElement":[{"@type":"ListItem","position":1,"name":"Home","item":"https:\/\/www.africa-press.net\/mali\/"},{"@type":"ListItem","position":2,"name":"Badra Alou SACKO, Pr\u00e9sIdent du forum des organisation de la soci\u00e9t\u00e9 civile du Mali \u00ab Nous demandons aux autorit\u00e9s de mettre en place une transition civile avant le 26 mars 2024 \u00bb"}]},{"@type":"WebSite","@id":"https:\/\/www.africa-press.net\/mali\/#website","url":"https:\/\/www.africa-press.net\/mali\/","name":"Mali","description":"Just another Africa News Agency Sites site","potentialAction":[{"@type":"SearchAction","target":{"@type":"EntryPoint","urlTemplate":"https:\/\/www.africa-press.net\/mali\/?s={search_term_string}"},"query-input":{"@type":"PropertyValueSpecification","valueRequired":true,"valueName":"search_term_string"}}],"inLanguage":"fr-FR"},{"@type":"Person","@id":"https:\/\/www.africa-press.net\/mali\/#\/schema\/person\/2b1cf3cd81a31e3cd26889ca66d677f1","name":"cfeditorfr"}]}},"_links":{"self":[{"href":"https:\/\/www.africa-press.net\/mali\/wp-json\/wp\/v2\/posts\/44613","targetHints":{"allow":["GET"]}}],"collection":[{"href":"https:\/\/www.africa-press.net\/mali\/wp-json\/wp\/v2\/posts"}],"about":[{"href":"https:\/\/www.africa-press.net\/mali\/wp-json\/wp\/v2\/types\/post"}],"author":[{"embeddable":true,"href":"https:\/\/www.africa-press.net\/mali\/wp-json\/wp\/v2\/users\/82"}],"replies":[{"embeddable":true,"href":"https:\/\/www.africa-press.net\/mali\/wp-json\/wp\/v2\/comments?post=44613"}],"version-history":[{"count":0,"href":"https:\/\/www.africa-press.net\/mali\/wp-json\/wp\/v2\/posts\/44613\/revisions"}],"wp:featuredmedia":[{"embeddable":true,"href":"https:\/\/www.africa-press.net\/mali\/wp-json\/wp\/v2\/media\/44612"}],"wp:attachment":[{"href":"https:\/\/www.africa-press.net\/mali\/wp-json\/wp\/v2\/media?parent=44613"}],"wp:term":[{"taxonomy":"category","embeddable":true,"href":"https:\/\/www.africa-press.net\/mali\/wp-json\/wp\/v2\/categories?post=44613"},{"taxonomy":"post_tag","embeddable":true,"href":"https:\/\/www.africa-press.net\/mali\/wp-json\/wp\/v2\/tags?post=44613"}],"curies":[{"name":"wp","href":"https:\/\/api.w.org\/{rel}","templated":true}]}}