{"id":46376,"date":"2024-06-07T14:00:00","date_gmt":"2024-06-07T14:00:00","guid":{"rendered":"https:\/\/www.africa-press.net\/mali\/politique\/les-secteurs-financier-et-petrolier-paralyses-par-une-greve-de-72-heures-3"},"modified":"2024-06-08T02:50:22","modified_gmt":"2024-06-08T02:50:22","slug":"les-secteurs-financier-et-petrolier-paralyses-par-une-greve-de-72-heures-3","status":"publish","type":"post","link":"https:\/\/www.africa-press.net\/mali\/top-nouvelles\/les-secteurs-financier-et-petrolier-paralyses-par-une-greve-de-72-heures-3","title":{"rendered":"les secteurs financier et p\u00e9trolier paralys\u00e9s par une gr\u00e8ve de 72 heures"},"content":{"rendered":"<p><span style=\"color: #ff6600\"><strong>Africa-Press &#8211; Mali. <\/strong><\/span>Les banques du Mali et plusieurs stations d&rsquo;essence ont entame\u0301, jeudi, un mouvement de gre\u0300ve de 72 heures, en re\u0301ponse a\u0300 l&rsquo;appel du Syndicat national des assurances, banques et e\u0301tablissements financiers et commerce du Mali (Synabef), pour protester contre l&rsquo;arrestation de leur secre\u0301taire ge\u0301ne\u0301ral.<\/p>\n<p>En effet, Hamadoun Bah, secre\u0301taire ge\u0301ne\u0301ral du Synabef et secre\u0301taire ge\u0301ne\u0301ral adjoint de l&rsquo;Union nationale des travailleurs du Mali (UNTM), la plus grande centrale syndicale du pays, a e\u0301te\u0301 arre\u0302te\u0301 suite a\u0300 une plainte de l&rsquo;ancien secre\u0301taire du Comite\u0301 syndical de la BDM (Banque de de\u0301veloppement du Mali), Papa Sadio Traore\u0301, pour \u00ab\u00a0faux et usage de faux\u00a0\u00bb, mais aussi pour \u00ab\u00a0injures\u00a0\u00bb et \u00ab\u00a0diffamation\u00a0\u00bb.<\/p>\n<p>Le Synabef avait suspendu celui-ci de toutes ses activite\u0301s syndicales a\u0300 la veille du renouvellement du bureau du comite\u0301 syndical, l&#8217;empe\u0302chant ainsi d&rsquo;e\u0302tre candidat pour un nouveau mandat. C&rsquo;est dans ce contexte qu&rsquo;un nouveau bureau dirige\u0301 par Daouda Diarra a e\u0301te\u0301 mis en place.<\/p>\n<p>Suite a\u0300 son e\u0301viction, Papa Sadio Traore\u0301 a porte\u0301 plainte contre Hamadoun Bah au Tribunal du po\u0302le national e\u0301conomique et financier pour \u00ab\u00a0faux et usage de faux\u00a0\u00bb, mais aussi \u00ab\u00a0injures\u00a0\u00bb et \u00ab\u00a0diffamation\u00a0\u00bb.<\/p>\n<p>C&rsquo;est suite a\u0300 cette plainte que Hamadoun Bah a e\u0301te\u0301 place\u0301 sous mandat de de\u0301po\u0302t et incarce\u0301re\u0301 a\u0300 la prison centrale de Bamako par le procureur du po\u0302le national e\u0301conomique et financier.<\/p>\n<p>\u00ab\u00a0C&rsquo;est un groupuscule qui est en train de manipuler les autres sur du faux pour des inte\u0301re\u0302ts personnels. Au-dela\u0300 de c\u0327a, la gre\u0300ve est ille\u0301gale au regard de l&rsquo;article 2 de notre convention collective des banques\u00a0\u00bb, a de\u0301clare\u0301 a\u0300 Anadolu, Papa Sadio Traore\u0301, ancien secre\u0301taire ge\u0301ne\u0301ral du Comite\u0301 Syndical de la Banque de de\u0301veloppement du Mali, qui s&rsquo;est de\u0301solidarise\u0301 de la gre\u0300ve.<\/p>\n<p>Le Bureau exe\u0301cutif de l&rsquo;UNTM a convoque\u0301 mercredi soir une re\u0301union extraordinaire a\u0300 la Bourse du travail pour examiner l&rsquo;arrestation de son secre\u0301taire ge\u0301ne\u0301ral adjoint. Djime\u0301 Kante\u0301, membre de la centrale syndicale, a indique\u0301 sur sa page Facebook que \u00ab\u00a0le Pre\u0301sident de la Transition a rec\u0327u une de\u0301le\u0301gation de l&rsquo;UNTM en compagnie du ministre de la De\u0301fense et du Secre\u0301taire Ge\u0301ne\u0301ral de la Pre\u0301sidence\u00a0\u00bb.<\/p>\n<p>\u00ab\u00a0Des dispositions sont en cours au sommet de l&rsquo;E\u0301tat pour un de\u0301nouement heureux de la situation. Ici a\u0300 la Bourse du travail, la de\u0301termination des membres du Bureau est a\u0300 son plus haut niveau\u00a0\u00bb, a-t-il pre\u0301cise\u0301.<\/p>\n<p>Djime\u0301 Kante\u0301 a, en outre, rappele\u0301 que \u00ab\u00a0le camarade Hamadoun Bah, secre\u0301taire ge\u0301ne\u0301ral adjoint de l&rsquo;UNTM, est en prison sur plainte d&rsquo;un comite\u0301 syndical de la BDM et non pour malversations financie\u0300res, bien que l&rsquo;affaire soit au po\u0302le e\u0301conomique d&rsquo;ou\u0300 l&rsquo;incompre\u0301hension de l&rsquo;UNTM\u00a0\u00bb avant de rassurer que: \u00ab\u00a0Une chose est su\u0302re, le camarade sera libe\u0301re\u0301\u00a0\u00bb.<\/p>\n<p><strong>Pour plus d&rsquo;informations et d&rsquo;analyses sur la <a href=\"https:\/\/www.africa-press.net\/mali\">Mali<\/a>, suivez <a href=\"https:\/\/www.africa-press.net\/\">Africa-Press<\/a><\/strong><\/p>\n","protected":false},"excerpt":{"rendered":"<p>Africa-Press &#8211; Mali. Les banques du Mali et plusieurs stations d&rsquo;essence ont entame\u0301, jeudi, un mouvement de gre\u0300ve de 72 heures, en re\u0301ponse a\u0300 l&rsquo;appel du Syndicat national des assurances, banques et e\u0301tablissements financiers et commerce du Mali (Synabef), pour protester contre l&rsquo;arrestation de leur secre\u0301taire ge\u0301ne\u0301ral. En effet, Hamadoun Bah, secre\u0301taire ge\u0301ne\u0301ral du Synabef [&hellip;]<\/p>\n","protected":false},"author":82,"featured_media":46375,"comment_status":"open","ping_status":"closed","sticky":false,"template":"","format":"standard","meta":{"footnotes":""},"categories":[7,5,17],"tags":[76,86,19],"class_list":["post-46376","post","type-post","status-publish","format-standard","has-post-thumbnail","hentry","category-politique","category-top-nouvelles","category-toutes-les-actualites","tag-africa-press","tag-africa-press-mali","tag-mali"],"yoast_head":"<!-- This site is optimized with the Yoast SEO Premium plugin v26.1 (Yoast SEO v27.0) - https:\/\/yoast.com\/product\/yoast-seo-premium-wordpress\/ -->\n<title>les secteurs financier et p\u00e9trolier paralys\u00e9s par une gr\u00e8ve de 72 heures - Mali<\/title>\n<meta name=\"description\" content=\"Les banques du Mali et plusieurs stations d&#039;essence ont entame\u0301, jeudi, un mouvement de gre\u0300ve de 72 heures, en re\u0301ponse ...\" \/>\n<meta name=\"robots\" content=\"index, follow, max-snippet:-1, max-image-preview:large, max-video-preview:-1\" \/>\n<link rel=\"canonical\" href=\"https:\/\/www.africa-press.net\/mali\/top-nouvelles\/les-secteurs-financier-et-petrolier-paralyses-par-une-greve-de-72-heures-3\" \/>\n<meta property=\"og:locale\" content=\"fr_FR\" \/>\n<meta property=\"og:type\" content=\"article\" \/>\n<meta property=\"og:title\" content=\"les secteurs financier et p\u00e9trolier paralys\u00e9s par une gr\u00e8ve de 72 heures\" \/>\n<meta property=\"og:description\" content=\"Les banques du Mali et plusieurs stations d&#039;essence ont entame\u0301, jeudi, un mouvement de gre\u0300ve de 72 heures, en re\u0301ponse ...\" \/>\n<meta property=\"og:url\" content=\"https:\/\/www.africa-press.net\/mali\/top-nouvelles\/les-secteurs-financier-et-petrolier-paralyses-par-une-greve-de-72-heures-3\" \/>\n<meta property=\"og:site_name\" content=\"Mali\" \/>\n<meta property=\"article:publisher\" content=\"https:\/\/www.facebook.com\/AfricaPressTunisiaa\" \/>\n<meta property=\"article:published_time\" content=\"2024-06-07T14:00:00+00:00\" \/>\n<meta property=\"article:modified_time\" content=\"2024-06-08T02:50:22+00:00\" \/>\n<meta property=\"og:image\" content=\"https:\/\/static.africa-press.net\/mali\/sites\/21\/2024\/06\/sm_1717798708.379076.jpg\" \/>\n\t<meta property=\"og:image:width\" content=\"1128\" \/>\n\t<meta property=\"og:image:height\" content=\"631\" \/>\n\t<meta property=\"og:image:type\" content=\"image\/jpeg\" \/>\n<meta name=\"author\" content=\"cfeditorfr\" \/>\n<meta name=\"twitter:card\" content=\"summary_large_image\" \/>\n<meta name=\"twitter:label1\" content=\"\u00c9crit par\" \/>\n\t<meta name=\"twitter:data1\" content=\"cfeditorfr\" \/>\n\t<meta name=\"twitter:label2\" content=\"Dur\u00e9e de lecture estim\u00e9e\" \/>\n\t<meta name=\"twitter:data2\" content=\"3 minutes\" \/>\n<script type=\"application\/ld+json\" class=\"yoast-schema-graph\">{\"@context\":\"https:\/\/schema.org\",\"@graph\":[{\"@type\":\"Article\",\"@id\":\"https:\/\/www.africa-press.net\/mali\/top-nouvelles\/les-secteurs-financier-et-petrolier-paralyses-par-une-greve-de-72-heures-3#article\",\"isPartOf\":{\"@id\":\"https:\/\/www.africa-press.net\/mali\/top-nouvelles\/les-secteurs-financier-et-petrolier-paralyses-par-une-greve-de-72-heures-3\"},\"author\":{\"name\":\"cfeditorfr\",\"@id\":\"https:\/\/www.africa-press.net\/mali\/#\/schema\/person\/2b1cf3cd81a31e3cd26889ca66d677f1\"},\"headline\":\"les secteurs financier et p\u00e9trolier paralys\u00e9s par une gr\u00e8ve de 72 heures\",\"datePublished\":\"2024-06-07T14:00:00+00:00\",\"dateModified\":\"2024-06-08T02:50:22+00:00\",\"mainEntityOfPage\":{\"@id\":\"https:\/\/www.africa-press.net\/mali\/top-nouvelles\/les-secteurs-financier-et-petrolier-paralyses-par-une-greve-de-72-heures-3\"},\"wordCount\":550,\"commentCount\":0,\"image\":{\"@id\":\"https:\/\/www.africa-press.net\/mali\/top-nouvelles\/les-secteurs-financier-et-petrolier-paralyses-par-une-greve-de-72-heures-3#primaryimage\"},\"thumbnailUrl\":\"https:\/\/static.africa-press.net\/mali\/sites\/21\/2024\/06\/sm_1717798708.379076.jpg\",\"keywords\":[\"Africa Press\",\"Africa Press-Mali\",\"mali\"],\"articleSection\":[\"Politique\",\"Top Nouvelles\",\"Toutes les actualit\u00e9s\"],\"inLanguage\":\"fr-FR\",\"potentialAction\":[{\"@type\":\"CommentAction\",\"name\":\"Comment\",\"target\":[\"https:\/\/www.africa-press.net\/mali\/top-nouvelles\/les-secteurs-financier-et-petrolier-paralyses-par-une-greve-de-72-heures-3#respond\"]}]},{\"@type\":\"WebPage\",\"@id\":\"https:\/\/www.africa-press.net\/mali\/top-nouvelles\/les-secteurs-financier-et-petrolier-paralyses-par-une-greve-de-72-heures-3\",\"url\":\"https:\/\/www.africa-press.net\/mali\/top-nouvelles\/les-secteurs-financier-et-petrolier-paralyses-par-une-greve-de-72-heures-3\",\"name\":\"les secteurs financier et p\u00e9trolier paralys\u00e9s par une gr\u00e8ve de 72 heures - Mali\",\"isPartOf\":{\"@id\":\"https:\/\/www.africa-press.net\/mali\/#website\"},\"primaryImageOfPage\":{\"@id\":\"https:\/\/www.africa-press.net\/mali\/top-nouvelles\/les-secteurs-financier-et-petrolier-paralyses-par-une-greve-de-72-heures-3#primaryimage\"},\"image\":{\"@id\":\"https:\/\/www.africa-press.net\/mali\/top-nouvelles\/les-secteurs-financier-et-petrolier-paralyses-par-une-greve-de-72-heures-3#primaryimage\"},\"thumbnailUrl\":\"https:\/\/static.africa-press.net\/mali\/sites\/21\/2024\/06\/sm_1717798708.379076.jpg\",\"datePublished\":\"2024-06-07T14:00:00+00:00\",\"dateModified\":\"2024-06-08T02:50:22+00:00\",\"author\":{\"@id\":\"https:\/\/www.africa-press.net\/mali\/#\/schema\/person\/2b1cf3cd81a31e3cd26889ca66d677f1\"},\"description\":\"Les banques du Mali et plusieurs stations d'essence ont entame\u0301, jeudi, un mouvement de gre\u0300ve de 72 heures, en re\u0301ponse ...\",\"breadcrumb\":{\"@id\":\"https:\/\/www.africa-press.net\/mali\/top-nouvelles\/les-secteurs-financier-et-petrolier-paralyses-par-une-greve-de-72-heures-3#breadcrumb\"},\"inLanguage\":\"fr-FR\",\"potentialAction\":[{\"@type\":\"ReadAction\",\"target\":[\"https:\/\/www.africa-press.net\/mali\/top-nouvelles\/les-secteurs-financier-et-petrolier-paralyses-par-une-greve-de-72-heures-3\"]}]},{\"@type\":\"ImageObject\",\"inLanguage\":\"fr-FR\",\"@id\":\"https:\/\/www.africa-press.net\/mali\/top-nouvelles\/les-secteurs-financier-et-petrolier-paralyses-par-une-greve-de-72-heures-3#primaryimage\",\"url\":\"https:\/\/static.africa-press.net\/mali\/sites\/21\/2024\/06\/sm_1717798708.379076.jpg\",\"contentUrl\":\"https:\/\/static.africa-press.net\/mali\/sites\/21\/2024\/06\/sm_1717798708.379076.jpg\",\"width\":1128,\"height\":631,\"caption\":\"les secteurs financier et p\u00e9trolier paralys\u00e9s par une gr\u00e8ve de 72 heures\"},{\"@type\":\"BreadcrumbList\",\"@id\":\"https:\/\/www.africa-press.net\/mali\/top-nouvelles\/les-secteurs-financier-et-petrolier-paralyses-par-une-greve-de-72-heures-3#breadcrumb\",\"itemListElement\":[{\"@type\":\"ListItem\",\"position\":1,\"name\":\"Home\",\"item\":\"https:\/\/www.africa-press.net\/mali\/\"},{\"@type\":\"ListItem\",\"position\":2,\"name\":\"les secteurs financier et p\u00e9trolier paralys\u00e9s par une gr\u00e8ve de 72 heures\"}]},{\"@type\":\"WebSite\",\"@id\":\"https:\/\/www.africa-press.net\/mali\/#website\",\"url\":\"https:\/\/www.africa-press.net\/mali\/\",\"name\":\"Mali\",\"description\":\"Just another Africa News Agency Sites site\",\"potentialAction\":[{\"@type\":\"SearchAction\",\"target\":{\"@type\":\"EntryPoint\",\"urlTemplate\":\"https:\/\/www.africa-press.net\/mali\/?s={search_term_string}\"},\"query-input\":{\"@type\":\"PropertyValueSpecification\",\"valueRequired\":true,\"valueName\":\"search_term_string\"}}],\"inLanguage\":\"fr-FR\"},{\"@type\":\"Person\",\"@id\":\"https:\/\/www.africa-press.net\/mali\/#\/schema\/person\/2b1cf3cd81a31e3cd26889ca66d677f1\",\"name\":\"cfeditorfr\"}]}<\/script>\n<!-- \/ Yoast SEO Premium plugin. -->","yoast_head_json":{"title":"les secteurs financier et p\u00e9trolier paralys\u00e9s par une gr\u00e8ve de 72 heures - Mali","description":"Les banques du Mali et plusieurs stations d'essence ont entame\u0301, jeudi, un mouvement de gre\u0300ve de 72 heures, en re\u0301ponse ...","robots":{"index":"index","follow":"follow","max-snippet":"max-snippet:-1","max-image-preview":"max-image-preview:large","max-video-preview":"max-video-preview:-1"},"canonical":"https:\/\/www.africa-press.net\/mali\/top-nouvelles\/les-secteurs-financier-et-petrolier-paralyses-par-une-greve-de-72-heures-3","og_locale":"fr_FR","og_type":"article","og_title":"les secteurs financier et p\u00e9trolier paralys\u00e9s par une gr\u00e8ve de 72 heures","og_description":"Les banques du Mali et plusieurs stations d'essence ont entame\u0301, jeudi, un mouvement de gre\u0300ve de 72 heures, en re\u0301ponse ...","og_url":"https:\/\/www.africa-press.net\/mali\/top-nouvelles\/les-secteurs-financier-et-petrolier-paralyses-par-une-greve-de-72-heures-3","og_site_name":"Mali","article_publisher":"https:\/\/www.facebook.com\/AfricaPressTunisiaa","article_published_time":"2024-06-07T14:00:00+00:00","article_modified_time":"2024-06-08T02:50:22+00:00","og_image":[{"width":1128,"height":631,"url":"https:\/\/static.africa-press.net\/mali\/sites\/21\/2024\/06\/sm_1717798708.379076.jpg","type":"image\/jpeg"}],"author":"cfeditorfr","twitter_card":"summary_large_image","twitter_misc":{"\u00c9crit par":"cfeditorfr","Dur\u00e9e de lecture estim\u00e9e":"3 minutes"},"schema":{"@context":"https:\/\/schema.org","@graph":[{"@type":"Article","@id":"https:\/\/www.africa-press.net\/mali\/top-nouvelles\/les-secteurs-financier-et-petrolier-paralyses-par-une-greve-de-72-heures-3#article","isPartOf":{"@id":"https:\/\/www.africa-press.net\/mali\/top-nouvelles\/les-secteurs-financier-et-petrolier-paralyses-par-une-greve-de-72-heures-3"},"author":{"name":"cfeditorfr","@id":"https:\/\/www.africa-press.net\/mali\/#\/schema\/person\/2b1cf3cd81a31e3cd26889ca66d677f1"},"headline":"les secteurs financier et p\u00e9trolier paralys\u00e9s par une gr\u00e8ve de 72 heures","datePublished":"2024-06-07T14:00:00+00:00","dateModified":"2024-06-08T02:50:22+00:00","mainEntityOfPage":{"@id":"https:\/\/www.africa-press.net\/mali\/top-nouvelles\/les-secteurs-financier-et-petrolier-paralyses-par-une-greve-de-72-heures-3"},"wordCount":550,"commentCount":0,"image":{"@id":"https:\/\/www.africa-press.net\/mali\/top-nouvelles\/les-secteurs-financier-et-petrolier-paralyses-par-une-greve-de-72-heures-3#primaryimage"},"thumbnailUrl":"https:\/\/static.africa-press.net\/mali\/sites\/21\/2024\/06\/sm_1717798708.379076.jpg","keywords":["Africa Press","Africa Press-Mali","mali"],"articleSection":["Politique","Top Nouvelles","Toutes les actualit\u00e9s"],"inLanguage":"fr-FR","potentialAction":[{"@type":"CommentAction","name":"Comment","target":["https:\/\/www.africa-press.net\/mali\/top-nouvelles\/les-secteurs-financier-et-petrolier-paralyses-par-une-greve-de-72-heures-3#respond"]}]},{"@type":"WebPage","@id":"https:\/\/www.africa-press.net\/mali\/top-nouvelles\/les-secteurs-financier-et-petrolier-paralyses-par-une-greve-de-72-heures-3","url":"https:\/\/www.africa-press.net\/mali\/top-nouvelles\/les-secteurs-financier-et-petrolier-paralyses-par-une-greve-de-72-heures-3","name":"les secteurs financier et p\u00e9trolier paralys\u00e9s par une gr\u00e8ve de 72 heures - Mali","isPartOf":{"@id":"https:\/\/www.africa-press.net\/mali\/#website"},"primaryImageOfPage":{"@id":"https:\/\/www.africa-press.net\/mali\/top-nouvelles\/les-secteurs-financier-et-petrolier-paralyses-par-une-greve-de-72-heures-3#primaryimage"},"image":{"@id":"https:\/\/www.africa-press.net\/mali\/top-nouvelles\/les-secteurs-financier-et-petrolier-paralyses-par-une-greve-de-72-heures-3#primaryimage"},"thumbnailUrl":"https:\/\/static.africa-press.net\/mali\/sites\/21\/2024\/06\/sm_1717798708.379076.jpg","datePublished":"2024-06-07T14:00:00+00:00","dateModified":"2024-06-08T02:50:22+00:00","author":{"@id":"https:\/\/www.africa-press.net\/mali\/#\/schema\/person\/2b1cf3cd81a31e3cd26889ca66d677f1"},"description":"Les banques du Mali et plusieurs stations d'essence ont entame\u0301, jeudi, un mouvement de gre\u0300ve de 72 heures, en re\u0301ponse ...","breadcrumb":{"@id":"https:\/\/www.africa-press.net\/mali\/top-nouvelles\/les-secteurs-financier-et-petrolier-paralyses-par-une-greve-de-72-heures-3#breadcrumb"},"inLanguage":"fr-FR","potentialAction":[{"@type":"ReadAction","target":["https:\/\/www.africa-press.net\/mali\/top-nouvelles\/les-secteurs-financier-et-petrolier-paralyses-par-une-greve-de-72-heures-3"]}]},{"@type":"ImageObject","inLanguage":"fr-FR","@id":"https:\/\/www.africa-press.net\/mali\/top-nouvelles\/les-secteurs-financier-et-petrolier-paralyses-par-une-greve-de-72-heures-3#primaryimage","url":"https:\/\/static.africa-press.net\/mali\/sites\/21\/2024\/06\/sm_1717798708.379076.jpg","contentUrl":"https:\/\/static.africa-press.net\/mali\/sites\/21\/2024\/06\/sm_1717798708.379076.jpg","width":1128,"height":631,"caption":"les secteurs financier et p\u00e9trolier paralys\u00e9s par une gr\u00e8ve de 72 heures"},{"@type":"BreadcrumbList","@id":"https:\/\/www.africa-press.net\/mali\/top-nouvelles\/les-secteurs-financier-et-petrolier-paralyses-par-une-greve-de-72-heures-3#breadcrumb","itemListElement":[{"@type":"ListItem","position":1,"name":"Home","item":"https:\/\/www.africa-press.net\/mali\/"},{"@type":"ListItem","position":2,"name":"les secteurs financier et p\u00e9trolier paralys\u00e9s par une gr\u00e8ve de 72 heures"}]},{"@type":"WebSite","@id":"https:\/\/www.africa-press.net\/mali\/#website","url":"https:\/\/www.africa-press.net\/mali\/","name":"Mali","description":"Just another Africa News Agency Sites site","potentialAction":[{"@type":"SearchAction","target":{"@type":"EntryPoint","urlTemplate":"https:\/\/www.africa-press.net\/mali\/?s={search_term_string}"},"query-input":{"@type":"PropertyValueSpecification","valueRequired":true,"valueName":"search_term_string"}}],"inLanguage":"fr-FR"},{"@type":"Person","@id":"https:\/\/www.africa-press.net\/mali\/#\/schema\/person\/2b1cf3cd81a31e3cd26889ca66d677f1","name":"cfeditorfr"}]}},"_links":{"self":[{"href":"https:\/\/www.africa-press.net\/mali\/wp-json\/wp\/v2\/posts\/46376","targetHints":{"allow":["GET"]}}],"collection":[{"href":"https:\/\/www.africa-press.net\/mali\/wp-json\/wp\/v2\/posts"}],"about":[{"href":"https:\/\/www.africa-press.net\/mali\/wp-json\/wp\/v2\/types\/post"}],"author":[{"embeddable":true,"href":"https:\/\/www.africa-press.net\/mali\/wp-json\/wp\/v2\/users\/82"}],"replies":[{"embeddable":true,"href":"https:\/\/www.africa-press.net\/mali\/wp-json\/wp\/v2\/comments?post=46376"}],"version-history":[{"count":0,"href":"https:\/\/www.africa-press.net\/mali\/wp-json\/wp\/v2\/posts\/46376\/revisions"}],"wp:featuredmedia":[{"embeddable":true,"href":"https:\/\/www.africa-press.net\/mali\/wp-json\/wp\/v2\/media\/46375"}],"wp:attachment":[{"href":"https:\/\/www.africa-press.net\/mali\/wp-json\/wp\/v2\/media?parent=46376"}],"wp:term":[{"taxonomy":"category","embeddable":true,"href":"https:\/\/www.africa-press.net\/mali\/wp-json\/wp\/v2\/categories?post=46376"},{"taxonomy":"post_tag","embeddable":true,"href":"https:\/\/www.africa-press.net\/mali\/wp-json\/wp\/v2\/tags?post=46376"}],"curies":[{"name":"wp","href":"https:\/\/api.w.org\/{rel}","templated":true}]}}