{"id":48393,"date":"2024-10-11T12:10:00","date_gmt":"2024-10-11T12:10:00","guid":{"rendered":"https:\/\/www.africa-press.net\/mali\/politique\/suspension-du-proces-bouare-fily-sissoko-et-autres-oumar-tatam-ly-et-moussa-mara-appeles-a-comparaitre"},"modified":"2024-10-12T03:23:44","modified_gmt":"2024-10-12T03:23:44","slug":"suspension-du-proces-bouare-fily-sissoko-et-autres-oumar-tatam-ly-et-moussa-mara-appeles-a-comparaitre","status":"publish","type":"post","link":"https:\/\/www.africa-press.net\/mali\/dossiers\/suspension-du-proces-bouare-fily-sissoko-et-autres-oumar-tatam-ly-et-moussa-mara-appeles-a-comparaitre","title":{"rendered":"Suspension du proc\u00e8s Bouare Fily Sissoko et autres : Oumar Tatam Ly et Moussa Mara appel\u00e9s \u00e0 compara\u00eetre"},"content":{"rendered":"<p><b>Ousmane Mahamane<\/b><\/p>\n<p><span style=\"color: #ff6600\"><strong>Africa-Press &#8211; Mali. <\/strong><\/span>Suite a\u0300 une exception souleve\u0301e par le contentieux de l\u2019Etat et soutenue par le parquet ge\u0301ne\u0301ral, la Cour a de\u0301cide\u0301 de renvoyer le proce\u0300s Bouare\u0301 Fily Sissoko et autres a\u0300 une date ulte\u0301rieure. Le temps de faire comparai\u0302tre les anciens Premiers ministres Oumar Tatam Ly, Moussa Mara et l\u2019ancien ministre De\u0301le\u0301gue\u0301 au Budget Madani Toure\u0301 pour comple\u0301ment d\u2019informations.<\/p>\n<p>Apre\u0300s trois semaines des de\u0301bats houleux et tumultueux, ce mercredi 9 octobre 2024, le proce\u0300s de l\u2019achat de l\u2019avion pre\u0301sidentiel et les contrats de surfacturation des e\u0301quipements militaires devrait rentrer dans sa seconde phase cruciale avec les re\u0301quisitions du contentieux de l\u2019Etat, du parquet ge\u0301ne\u0301ral et les plaidoiries de la de\u0301fense.<\/p>\n<p>Aussito\u0302t repris ce mercredi matin apre\u0300s 24h de pause, le temps donne\u0301 par la Cour pour que toutes les parties a\u0300 ce proce\u0300s s\u2019arment en argumentation. Mais contre toute attente, cette session spe\u0301ciale a e\u0301te\u0301 imme\u0301diatement trouble\u0301e par des exceptions e\u0301tonnantes qui auraient du\u0302 e\u0302tre re\u0301gle\u0301es de\u0300s l\u2019entame de ces assises par la Cour.<\/p>\n<p>Le contentieux de l\u2019Etat, au lieu de pre\u0301senter son re\u0301quisitoire, a pluto\u0302t introduit une se\u0301rie d\u2019exceptions. Parmi ces exceptions figurent notamment la comparution des anciens Premiers ministres (Oumar Tatam Ly et Moussa Mara) et Madani Toure\u0301, l\u2019ex-ministre de\u0301le\u0301gue\u0301 au Budget sous re\u0301gime de feu Ibrahim Boubacar Keita pour la manifestation de la ve\u0301rite\u0301.<\/p>\n<p>Le ministe\u0300re public qui est en manque de preuves pour prouver la culpabilite\u0301 des accuse\u0301s s\u2019est aussi imme\u0301diatement engouffre\u0301 dans la bre\u0300che en appuyant avec tambour et trompette cette demande du repre\u0301sentant du contentieux de l\u2019E\u0301tat.<\/p>\n<p>Les conseils de la de\u0301fense comme d\u2019habitude ont rapidement re\u0301agi a\u0300 cette demande qu\u2019elle a qualifie\u0301e de \u00ab strate\u0301gie dilatoire \u00bb de la part des repre\u0301sentants de l\u2019E\u0301tat dans ce proce\u0300s. La de\u0301fense a rappele\u0301 que la comparution des te\u0301moins avait de\u0301ja\u0300 e\u0301te\u0301 re\u0301clame\u0301e de\u0300s le de\u0301but du proce\u0300s, mais sans succe\u0300s.<\/p>\n<p>Les avocats ont vigoureusement critique\u0301 l\u2019incompe\u0301tence du parquet ge\u0301ne\u0301ral repre\u0301sente\u0301 par Koke\u0301 Coulibaly a\u0300 pre\u0301senter des preuves consistantes a\u0300 la Cour apre\u0300s trois semaines de de\u0301bats chaotiques, tout en de\u0301nonc\u0327ant de passage le fait de soulever de nouveaux points si tardivement.<\/p>\n<p>Le parquet ge\u0301ne\u0301ral n\u2019a pas tarde\u0301 a\u0300 re\u0301pliquer comme a\u0300 l\u2019accoutume\u0301e aux accusations de la de\u0301fense transformant ainsi la salle d\u2019audience en un ve\u0301ritable lieu d\u2019empoignades verbales.<\/p>\n<p>Au regard des e\u0301changes tre\u0300s tendus, la Cour s\u2019est retire\u0301e pour de\u0301libe\u0301rer sur les exceptions souleve\u0301es.<\/p>\n<p>La Cour pre\u0301side\u0301e par le magistrat du sie\u0300ge Banassa Sissoko, conseiller a\u0300 la Cour supre\u0302me de Bamako a de\u0301cide\u0301 de suspendre l\u2019audience sine die pour permettre la comparution des te\u0301moins susmentionne\u0301s et la re\u0301alisation d\u2019une enque\u0302te comple\u0301mentaire.<\/p>\n<p>S\u2019agissant de la liberte\u0301 provisoire de quatre accuse\u0301s, la Cour a instruit les conseils de la de\u0301fense de suivre la proce\u0301dure normale pour l\u2019obtention d\u2019une liberte\u0301 provisoire.<\/p>\n<p>D\u2019ores et de\u0301ja\u0300, les avocats ont annonce\u0301 introduire une demande de mise en liberte\u0301 pour leurs clients.<\/p>\n<p>\u201cOn va se re\u0301unir pour la conduite a\u0300 suivre pour formuler dans les meilleurs de\u0301lais cette demande de mise en liberte\u0301 provisoire. Parce que nous estimons qu\u2019a\u0300 ce stade, on peut laisser partir nos clients. Il n\u2019y pas de risque de fuite. Les garanties de repre\u0301sentation sont la\u0300. On ne sait pas quand est-ce que cette phase d\u2019instruction va durer. C\u0327a peut prendre autant de temps que ne\u0301cessaire. Nous estimons qu\u2019il n\u2019y a rien a\u0300 se reprocher et les de\u0301bats ont montre\u0301 que ma cliente Mme Bouare\u0301 Fily Sissoko n\u2019a rien a\u0300 se reprocher. Elle est innocente et on va prouver c\u0327a a\u0300 satie\u0301te\u0301\u201d, a de\u0301clare\u0301 a\u0300 la presse Me Tounkara, l\u2019avocat principal de Bouare\u0301 Fily Sissoko.<\/p>\n<p><b>Source: abamako.com<\/b><\/p>\n<p><strong>Pour plus d&rsquo;informations et d&rsquo;analyses sur la Mali, suivez Africa-Press<\/strong><\/p>\n","protected":false},"excerpt":{"rendered":"<p>Ousmane Mahamane Africa-Press &#8211; Mali. Suite a\u0300 une exception souleve\u0301e par le contentieux de l\u2019Etat et soutenue par le parquet ge\u0301ne\u0301ral, la Cour a de\u0301cide\u0301 de renvoyer le proce\u0300s Bouare\u0301 Fily Sissoko et autres a\u0300 une date ulte\u0301rieure. Le temps de faire comparai\u0302tre les anciens Premiers ministres Oumar Tatam Ly, Moussa Mara et l\u2019ancien ministre [&hellip;]<\/p>\n","protected":false},"author":82,"featured_media":48392,"comment_status":"open","ping_status":"closed","sticky":false,"template":"","format":"standard","meta":{"footnotes":""},"categories":[13,17],"tags":[19],"class_list":["post-48393","post","type-post","status-publish","format-standard","has-post-thumbnail","hentry","category-dossiers","category-toutes-les-actualites","tag-mali"],"yoast_head":"<!-- This site is optimized with the Yoast SEO Premium plugin v26.1 (Yoast SEO v27.0) - https:\/\/yoast.com\/product\/yoast-seo-premium-wordpress\/ -->\n<title>Suspension du proc\u00e8s Bouare Fily Sissoko et autres : Oumar Tatam Ly et Moussa Mara appel\u00e9s \u00e0 compara\u00eetre - Mali<\/title>\n<meta name=\"description\" content=\"Suite a\u0300 une exception souleve\u0301e par le contentieux de l\u2019Etat et soutenue par le parquet ge\u0301ne\u0301ral, la Cour a de\u0301cide\u0301 d ...\" \/>\n<meta name=\"robots\" content=\"index, follow, max-snippet:-1, max-image-preview:large, max-video-preview:-1\" \/>\n<link rel=\"canonical\" href=\"https:\/\/www.africa-press.net\/mali\/dossiers\/suspension-du-proces-bouare-fily-sissoko-et-autres-oumar-tatam-ly-et-moussa-mara-appeles-a-comparaitre\" \/>\n<meta property=\"og:locale\" content=\"fr_FR\" \/>\n<meta property=\"og:type\" content=\"article\" \/>\n<meta property=\"og:title\" content=\"Suspension du proc\u00e8s Bouare Fily Sissoko et autres : Oumar Tatam Ly et Moussa Mara appel\u00e9s \u00e0 compara\u00eetre\" \/>\n<meta property=\"og:description\" content=\"Suite a\u0300 une exception souleve\u0301e par le contentieux de l\u2019Etat et soutenue par le parquet ge\u0301ne\u0301ral, la Cour a de\u0301cide\u0301 d ...\" \/>\n<meta property=\"og:url\" content=\"https:\/\/www.africa-press.net\/mali\/dossiers\/suspension-du-proces-bouare-fily-sissoko-et-autres-oumar-tatam-ly-et-moussa-mara-appeles-a-comparaitre\" \/>\n<meta property=\"og:site_name\" content=\"Mali\" \/>\n<meta property=\"article:publisher\" content=\"https:\/\/www.facebook.com\/AfricaPressTunisiaa\" \/>\n<meta property=\"article:published_time\" content=\"2024-10-11T12:10:00+00:00\" \/>\n<meta property=\"article:modified_time\" content=\"2024-10-12T03:23:44+00:00\" \/>\n<meta property=\"og:image\" content=\"https:\/\/static.africa-press.net\/mali\/sites\/21\/2024\/10\/sm_1728687015.474838.jpg\" \/>\n\t<meta property=\"og:image:width\" content=\"1280\" \/>\n\t<meta property=\"og:image:height\" content=\"720\" \/>\n\t<meta property=\"og:image:type\" content=\"image\/jpeg\" \/>\n<meta name=\"author\" content=\"cfeditorfr\" \/>\n<meta name=\"twitter:card\" content=\"summary_large_image\" \/>\n<meta name=\"twitter:label1\" content=\"\u00c9crit par\" \/>\n\t<meta name=\"twitter:data1\" content=\"cfeditorfr\" \/>\n\t<meta name=\"twitter:label2\" content=\"Dur\u00e9e de lecture estim\u00e9e\" \/>\n\t<meta name=\"twitter:data2\" content=\"4 minutes\" \/>\n<script type=\"application\/ld+json\" class=\"yoast-schema-graph\">{\"@context\":\"https:\/\/schema.org\",\"@graph\":[{\"@type\":\"Article\",\"@id\":\"https:\/\/www.africa-press.net\/mali\/dossiers\/suspension-du-proces-bouare-fily-sissoko-et-autres-oumar-tatam-ly-et-moussa-mara-appeles-a-comparaitre#article\",\"isPartOf\":{\"@id\":\"https:\/\/www.africa-press.net\/mali\/dossiers\/suspension-du-proces-bouare-fily-sissoko-et-autres-oumar-tatam-ly-et-moussa-mara-appeles-a-comparaitre\"},\"author\":{\"name\":\"cfeditorfr\",\"@id\":\"https:\/\/www.africa-press.net\/mali\/#\/schema\/person\/2b1cf3cd81a31e3cd26889ca66d677f1\"},\"headline\":\"Suspension du proc\u00e8s Bouare Fily Sissoko et autres : Oumar Tatam Ly et Moussa Mara appel\u00e9s \u00e0 compara\u00eetre\",\"datePublished\":\"2024-10-11T12:10:00+00:00\",\"dateModified\":\"2024-10-12T03:23:44+00:00\",\"mainEntityOfPage\":{\"@id\":\"https:\/\/www.africa-press.net\/mali\/dossiers\/suspension-du-proces-bouare-fily-sissoko-et-autres-oumar-tatam-ly-et-moussa-mara-appeles-a-comparaitre\"},\"wordCount\":762,\"commentCount\":0,\"image\":{\"@id\":\"https:\/\/www.africa-press.net\/mali\/dossiers\/suspension-du-proces-bouare-fily-sissoko-et-autres-oumar-tatam-ly-et-moussa-mara-appeles-a-comparaitre#primaryimage\"},\"thumbnailUrl\":\"https:\/\/static.africa-press.net\/mali\/sites\/21\/2024\/10\/sm_1728687015.474838.jpg\",\"keywords\":[\"mali\"],\"articleSection\":[\"Dossiers\",\"Toutes les actualit\u00e9s\"],\"inLanguage\":\"fr-FR\",\"potentialAction\":[{\"@type\":\"CommentAction\",\"name\":\"Comment\",\"target\":[\"https:\/\/www.africa-press.net\/mali\/dossiers\/suspension-du-proces-bouare-fily-sissoko-et-autres-oumar-tatam-ly-et-moussa-mara-appeles-a-comparaitre#respond\"]}]},{\"@type\":\"WebPage\",\"@id\":\"https:\/\/www.africa-press.net\/mali\/dossiers\/suspension-du-proces-bouare-fily-sissoko-et-autres-oumar-tatam-ly-et-moussa-mara-appeles-a-comparaitre\",\"url\":\"https:\/\/www.africa-press.net\/mali\/dossiers\/suspension-du-proces-bouare-fily-sissoko-et-autres-oumar-tatam-ly-et-moussa-mara-appeles-a-comparaitre\",\"name\":\"Suspension du proc\u00e8s Bouare Fily Sissoko et autres : Oumar Tatam Ly et Moussa Mara appel\u00e9s \u00e0 compara\u00eetre - Mali\",\"isPartOf\":{\"@id\":\"https:\/\/www.africa-press.net\/mali\/#website\"},\"primaryImageOfPage\":{\"@id\":\"https:\/\/www.africa-press.net\/mali\/dossiers\/suspension-du-proces-bouare-fily-sissoko-et-autres-oumar-tatam-ly-et-moussa-mara-appeles-a-comparaitre#primaryimage\"},\"image\":{\"@id\":\"https:\/\/www.africa-press.net\/mali\/dossiers\/suspension-du-proces-bouare-fily-sissoko-et-autres-oumar-tatam-ly-et-moussa-mara-appeles-a-comparaitre#primaryimage\"},\"thumbnailUrl\":\"https:\/\/static.africa-press.net\/mali\/sites\/21\/2024\/10\/sm_1728687015.474838.jpg\",\"datePublished\":\"2024-10-11T12:10:00+00:00\",\"dateModified\":\"2024-10-12T03:23:44+00:00\",\"author\":{\"@id\":\"https:\/\/www.africa-press.net\/mali\/#\/schema\/person\/2b1cf3cd81a31e3cd26889ca66d677f1\"},\"description\":\"Suite a\u0300 une exception souleve\u0301e par le contentieux de l\u2019Etat et soutenue par le parquet ge\u0301ne\u0301ral, la Cour a de\u0301cide\u0301 d ...\",\"breadcrumb\":{\"@id\":\"https:\/\/www.africa-press.net\/mali\/dossiers\/suspension-du-proces-bouare-fily-sissoko-et-autres-oumar-tatam-ly-et-moussa-mara-appeles-a-comparaitre#breadcrumb\"},\"inLanguage\":\"fr-FR\",\"potentialAction\":[{\"@type\":\"ReadAction\",\"target\":[\"https:\/\/www.africa-press.net\/mali\/dossiers\/suspension-du-proces-bouare-fily-sissoko-et-autres-oumar-tatam-ly-et-moussa-mara-appeles-a-comparaitre\"]}]},{\"@type\":\"ImageObject\",\"inLanguage\":\"fr-FR\",\"@id\":\"https:\/\/www.africa-press.net\/mali\/dossiers\/suspension-du-proces-bouare-fily-sissoko-et-autres-oumar-tatam-ly-et-moussa-mara-appeles-a-comparaitre#primaryimage\",\"url\":\"https:\/\/static.africa-press.net\/mali\/sites\/21\/2024\/10\/sm_1728687015.474838.jpg\",\"contentUrl\":\"https:\/\/static.africa-press.net\/mali\/sites\/21\/2024\/10\/sm_1728687015.474838.jpg\",\"width\":1280,\"height\":720,\"caption\":\"Suspension du proc\u00e8s Bouare Fily Sissoko et autres : Oumar Tatam Ly et Moussa Mara appel\u00e9s \u00e0 compara\u00eetre\"},{\"@type\":\"BreadcrumbList\",\"@id\":\"https:\/\/www.africa-press.net\/mali\/dossiers\/suspension-du-proces-bouare-fily-sissoko-et-autres-oumar-tatam-ly-et-moussa-mara-appeles-a-comparaitre#breadcrumb\",\"itemListElement\":[{\"@type\":\"ListItem\",\"position\":1,\"name\":\"Home\",\"item\":\"https:\/\/www.africa-press.net\/mali\/\"},{\"@type\":\"ListItem\",\"position\":2,\"name\":\"Suspension du proc\u00e8s Bouare Fily Sissoko et autres : Oumar Tatam Ly et Moussa Mara appel\u00e9s \u00e0 compara\u00eetre\"}]},{\"@type\":\"WebSite\",\"@id\":\"https:\/\/www.africa-press.net\/mali\/#website\",\"url\":\"https:\/\/www.africa-press.net\/mali\/\",\"name\":\"Mali\",\"description\":\"Just another Africa News Agency Sites site\",\"potentialAction\":[{\"@type\":\"SearchAction\",\"target\":{\"@type\":\"EntryPoint\",\"urlTemplate\":\"https:\/\/www.africa-press.net\/mali\/?s={search_term_string}\"},\"query-input\":{\"@type\":\"PropertyValueSpecification\",\"valueRequired\":true,\"valueName\":\"search_term_string\"}}],\"inLanguage\":\"fr-FR\"},{\"@type\":\"Person\",\"@id\":\"https:\/\/www.africa-press.net\/mali\/#\/schema\/person\/2b1cf3cd81a31e3cd26889ca66d677f1\",\"name\":\"cfeditorfr\"}]}<\/script>\n<!-- \/ Yoast SEO Premium plugin. -->","yoast_head_json":{"title":"Suspension du proc\u00e8s Bouare Fily Sissoko et autres : Oumar Tatam Ly et Moussa Mara appel\u00e9s \u00e0 compara\u00eetre - Mali","description":"Suite a\u0300 une exception souleve\u0301e par le contentieux de l\u2019Etat et soutenue par le parquet ge\u0301ne\u0301ral, la Cour a de\u0301cide\u0301 d ...","robots":{"index":"index","follow":"follow","max-snippet":"max-snippet:-1","max-image-preview":"max-image-preview:large","max-video-preview":"max-video-preview:-1"},"canonical":"https:\/\/www.africa-press.net\/mali\/dossiers\/suspension-du-proces-bouare-fily-sissoko-et-autres-oumar-tatam-ly-et-moussa-mara-appeles-a-comparaitre","og_locale":"fr_FR","og_type":"article","og_title":"Suspension du proc\u00e8s Bouare Fily Sissoko et autres : Oumar Tatam Ly et Moussa Mara appel\u00e9s \u00e0 compara\u00eetre","og_description":"Suite a\u0300 une exception souleve\u0301e par le contentieux de l\u2019Etat et soutenue par le parquet ge\u0301ne\u0301ral, la Cour a de\u0301cide\u0301 d ...","og_url":"https:\/\/www.africa-press.net\/mali\/dossiers\/suspension-du-proces-bouare-fily-sissoko-et-autres-oumar-tatam-ly-et-moussa-mara-appeles-a-comparaitre","og_site_name":"Mali","article_publisher":"https:\/\/www.facebook.com\/AfricaPressTunisiaa","article_published_time":"2024-10-11T12:10:00+00:00","article_modified_time":"2024-10-12T03:23:44+00:00","og_image":[{"width":1280,"height":720,"url":"https:\/\/static.africa-press.net\/mali\/sites\/21\/2024\/10\/sm_1728687015.474838.jpg","type":"image\/jpeg"}],"author":"cfeditorfr","twitter_card":"summary_large_image","twitter_misc":{"\u00c9crit par":"cfeditorfr","Dur\u00e9e de lecture estim\u00e9e":"4 minutes"},"schema":{"@context":"https:\/\/schema.org","@graph":[{"@type":"Article","@id":"https:\/\/www.africa-press.net\/mali\/dossiers\/suspension-du-proces-bouare-fily-sissoko-et-autres-oumar-tatam-ly-et-moussa-mara-appeles-a-comparaitre#article","isPartOf":{"@id":"https:\/\/www.africa-press.net\/mali\/dossiers\/suspension-du-proces-bouare-fily-sissoko-et-autres-oumar-tatam-ly-et-moussa-mara-appeles-a-comparaitre"},"author":{"name":"cfeditorfr","@id":"https:\/\/www.africa-press.net\/mali\/#\/schema\/person\/2b1cf3cd81a31e3cd26889ca66d677f1"},"headline":"Suspension du proc\u00e8s Bouare Fily Sissoko et autres : Oumar Tatam Ly et Moussa Mara appel\u00e9s \u00e0 compara\u00eetre","datePublished":"2024-10-11T12:10:00+00:00","dateModified":"2024-10-12T03:23:44+00:00","mainEntityOfPage":{"@id":"https:\/\/www.africa-press.net\/mali\/dossiers\/suspension-du-proces-bouare-fily-sissoko-et-autres-oumar-tatam-ly-et-moussa-mara-appeles-a-comparaitre"},"wordCount":762,"commentCount":0,"image":{"@id":"https:\/\/www.africa-press.net\/mali\/dossiers\/suspension-du-proces-bouare-fily-sissoko-et-autres-oumar-tatam-ly-et-moussa-mara-appeles-a-comparaitre#primaryimage"},"thumbnailUrl":"https:\/\/static.africa-press.net\/mali\/sites\/21\/2024\/10\/sm_1728687015.474838.jpg","keywords":["mali"],"articleSection":["Dossiers","Toutes les actualit\u00e9s"],"inLanguage":"fr-FR","potentialAction":[{"@type":"CommentAction","name":"Comment","target":["https:\/\/www.africa-press.net\/mali\/dossiers\/suspension-du-proces-bouare-fily-sissoko-et-autres-oumar-tatam-ly-et-moussa-mara-appeles-a-comparaitre#respond"]}]},{"@type":"WebPage","@id":"https:\/\/www.africa-press.net\/mali\/dossiers\/suspension-du-proces-bouare-fily-sissoko-et-autres-oumar-tatam-ly-et-moussa-mara-appeles-a-comparaitre","url":"https:\/\/www.africa-press.net\/mali\/dossiers\/suspension-du-proces-bouare-fily-sissoko-et-autres-oumar-tatam-ly-et-moussa-mara-appeles-a-comparaitre","name":"Suspension du proc\u00e8s Bouare Fily Sissoko et autres : Oumar Tatam Ly et Moussa Mara appel\u00e9s \u00e0 compara\u00eetre - Mali","isPartOf":{"@id":"https:\/\/www.africa-press.net\/mali\/#website"},"primaryImageOfPage":{"@id":"https:\/\/www.africa-press.net\/mali\/dossiers\/suspension-du-proces-bouare-fily-sissoko-et-autres-oumar-tatam-ly-et-moussa-mara-appeles-a-comparaitre#primaryimage"},"image":{"@id":"https:\/\/www.africa-press.net\/mali\/dossiers\/suspension-du-proces-bouare-fily-sissoko-et-autres-oumar-tatam-ly-et-moussa-mara-appeles-a-comparaitre#primaryimage"},"thumbnailUrl":"https:\/\/static.africa-press.net\/mali\/sites\/21\/2024\/10\/sm_1728687015.474838.jpg","datePublished":"2024-10-11T12:10:00+00:00","dateModified":"2024-10-12T03:23:44+00:00","author":{"@id":"https:\/\/www.africa-press.net\/mali\/#\/schema\/person\/2b1cf3cd81a31e3cd26889ca66d677f1"},"description":"Suite a\u0300 une exception souleve\u0301e par le contentieux de l\u2019Etat et soutenue par le parquet ge\u0301ne\u0301ral, la Cour a de\u0301cide\u0301 d ...","breadcrumb":{"@id":"https:\/\/www.africa-press.net\/mali\/dossiers\/suspension-du-proces-bouare-fily-sissoko-et-autres-oumar-tatam-ly-et-moussa-mara-appeles-a-comparaitre#breadcrumb"},"inLanguage":"fr-FR","potentialAction":[{"@type":"ReadAction","target":["https:\/\/www.africa-press.net\/mali\/dossiers\/suspension-du-proces-bouare-fily-sissoko-et-autres-oumar-tatam-ly-et-moussa-mara-appeles-a-comparaitre"]}]},{"@type":"ImageObject","inLanguage":"fr-FR","@id":"https:\/\/www.africa-press.net\/mali\/dossiers\/suspension-du-proces-bouare-fily-sissoko-et-autres-oumar-tatam-ly-et-moussa-mara-appeles-a-comparaitre#primaryimage","url":"https:\/\/static.africa-press.net\/mali\/sites\/21\/2024\/10\/sm_1728687015.474838.jpg","contentUrl":"https:\/\/static.africa-press.net\/mali\/sites\/21\/2024\/10\/sm_1728687015.474838.jpg","width":1280,"height":720,"caption":"Suspension du proc\u00e8s Bouare Fily Sissoko et autres : Oumar Tatam Ly et Moussa Mara appel\u00e9s \u00e0 compara\u00eetre"},{"@type":"BreadcrumbList","@id":"https:\/\/www.africa-press.net\/mali\/dossiers\/suspension-du-proces-bouare-fily-sissoko-et-autres-oumar-tatam-ly-et-moussa-mara-appeles-a-comparaitre#breadcrumb","itemListElement":[{"@type":"ListItem","position":1,"name":"Home","item":"https:\/\/www.africa-press.net\/mali\/"},{"@type":"ListItem","position":2,"name":"Suspension du proc\u00e8s Bouare Fily Sissoko et autres : Oumar Tatam Ly et Moussa Mara appel\u00e9s \u00e0 compara\u00eetre"}]},{"@type":"WebSite","@id":"https:\/\/www.africa-press.net\/mali\/#website","url":"https:\/\/www.africa-press.net\/mali\/","name":"Mali","description":"Just another Africa News Agency Sites site","potentialAction":[{"@type":"SearchAction","target":{"@type":"EntryPoint","urlTemplate":"https:\/\/www.africa-press.net\/mali\/?s={search_term_string}"},"query-input":{"@type":"PropertyValueSpecification","valueRequired":true,"valueName":"search_term_string"}}],"inLanguage":"fr-FR"},{"@type":"Person","@id":"https:\/\/www.africa-press.net\/mali\/#\/schema\/person\/2b1cf3cd81a31e3cd26889ca66d677f1","name":"cfeditorfr"}]}},"_links":{"self":[{"href":"https:\/\/www.africa-press.net\/mali\/wp-json\/wp\/v2\/posts\/48393","targetHints":{"allow":["GET"]}}],"collection":[{"href":"https:\/\/www.africa-press.net\/mali\/wp-json\/wp\/v2\/posts"}],"about":[{"href":"https:\/\/www.africa-press.net\/mali\/wp-json\/wp\/v2\/types\/post"}],"author":[{"embeddable":true,"href":"https:\/\/www.africa-press.net\/mali\/wp-json\/wp\/v2\/users\/82"}],"replies":[{"embeddable":true,"href":"https:\/\/www.africa-press.net\/mali\/wp-json\/wp\/v2\/comments?post=48393"}],"version-history":[{"count":0,"href":"https:\/\/www.africa-press.net\/mali\/wp-json\/wp\/v2\/posts\/48393\/revisions"}],"wp:featuredmedia":[{"embeddable":true,"href":"https:\/\/www.africa-press.net\/mali\/wp-json\/wp\/v2\/media\/48392"}],"wp:attachment":[{"href":"https:\/\/www.africa-press.net\/mali\/wp-json\/wp\/v2\/media?parent=48393"}],"wp:term":[{"taxonomy":"category","embeddable":true,"href":"https:\/\/www.africa-press.net\/mali\/wp-json\/wp\/v2\/categories?post=48393"},{"taxonomy":"post_tag","embeddable":true,"href":"https:\/\/www.africa-press.net\/mali\/wp-json\/wp\/v2\/tags?post=48393"}],"curies":[{"name":"wp","href":"https:\/\/api.w.org\/{rel}","templated":true}]}}