{"id":53101,"date":"2025-05-04T00:34:49","date_gmt":"2025-05-04T00:34:49","guid":{"rendered":"https:\/\/www.africa-press.net\/mali\/politique\/goita-vise-cinq-ans-de-pouvoir-sans-elections"},"modified":"2025-05-05T01:51:44","modified_gmt":"2025-05-05T01:51:44","slug":"goita-vise-cinq-ans-de-pouvoir-sans-elections","status":"publish","type":"post","link":"https:\/\/www.africa-press.net\/mali\/dossiers\/goita-vise-cinq-ans-de-pouvoir-sans-elections","title":{"rendered":"Go\u00efta Vise Cinq Ans de Pouvoir sans E\u0301Lections"},"content":{"rendered":"<p><b>Anouar CHENNOUFI<\/b><\/p>\n<p><span style=\"color: #ff6600\"><strong>Africa-Press &#8211; Mali. <\/strong><\/span>Apre\u0300s la tenue d\u2019un \u00ab Dialogue inter-malien pour la paix et la re\u0301conciliation nationale (DIM) \u00bb, dont la phase finale s\u2019e\u0301tait de\u0301roule\u0301e du 6 au 10 mai 2024, et qui avait recommande\u0301 de soutenir largement la candidature de Goi\u0308ta a\u0300 la pre\u0301sidentielle, la junte militaire malienne poursuit toujours ses intentions de prolonger le pouvoir militaire au Mali.<\/p>\n<p>Ce Dialogue inter-malien avait e\u0301te\u0301 pre\u0301sente\u0301 comme une initiative visant a\u0300 re\u0301tablir la paix et la cohe\u0301sion sociale a\u0300 travers des \u00ab solutions consensuelles \u00bb, sachant que les militaires, qui avaient pris en 2020 la te\u0302te de ce pays ouest-africain, confronte\u0301 au djihadisme et aux agissements des groupes arme\u0301s, s&rsquo;e\u0301taient engage\u0301s en 2022 a\u0300 remettre le pouvoir aux civils en mars 2024, et ce apre\u0300s des e\u0301lections qui, malheureusement, n\u2019avaient pas eu lieu jusqu\u2019a\u0300 pre\u0301sent.<\/p>\n<p>Bien au contraire, ils ont manque\u0301 a\u0300 cet engagement pris a\u0300 l&rsquo;e\u0301poque sous la pression de la Communaute\u0301 des E\u0301tats ouest-africains (CEDEAO) et de sanctions rigoureuses de la part de cette organisation.<\/p>\n<p><b>\u2022 Le Mali semble s\u2019acheminer vers une pe\u0301rennisation de la pe\u0301riode de Transition<\/b><\/p>\n<p>Les recommandations de la Confe\u0301rence de dialogue national au Mali ont suscite\u0301 des inquie\u0301tudes quant a\u0300 l\u2019e\u0301chec de la transition de\u0301mocratique du pays, car cette confe\u0301rence a annonce\u0301, pre\u0301cise\u0301ment le mardi 29 avril 2025, sa recommandation de nommer le chef de la junte militaire malienne, le ge\u0301ne\u0301ral Assimi Goi\u0308ta, qui a mene\u0301 deux coups d&rsquo;E\u0301tat en 2020 et 2021, a\u0300 la te\u0302te de l&rsquo;E\u0301tat pour un mandat de cinq ans.<\/p>\n<p>Parmi les recommandations propose\u0301es par les se\u0301ances de consultation pre\u0301side\u0301es par le Premier ministre, le ge\u0301ne\u0301ral Abdoulaye Maiga, dans le but de re\u0301organiser le paysage politique et appelant e\u0301galement a\u0300 renforcer les conditions juridiques et institutionnelles afin de contro\u0302ler l\u2019activite\u0301 politique, figuraient:<\/p>\n<p>a) la dissolution de tous les partis politiques du pays,<\/p>\n<p>b) l&rsquo;e\u0301tablissement de nouvelles conditions d&rsquo;agre\u0301ment des partis politiques,<\/p>\n<p>c) la recommandation d&rsquo;imposer une garantie financie\u0300re de 100 millions de francs CFA pour la cre\u0301ation de tout parti politique, de supprimer le financement public des partis et de limiter l&rsquo;a\u0302ge de toute personne a\u0300 la te\u0302te d&rsquo;un parti politique entre 25 et 70 ans,<\/p>\n<p>d) les se\u0301ances ont recommande\u0301 d&rsquo;imposer une garantie financie\u0300re (a\u0300 titre de garantie) de 250 millions de francs a\u0300 toute personne souhaitant se pre\u0301senter aux futures e\u0301lections pre\u0301sidentielles.<\/p>\n<p>Par ailleurs, les se\u0301ances de consultation ont e\u0301galement propose\u0301 d\u2019interdire aux dirigeants traditionnels, religieux et de la socie\u0301te\u0301 civile de se pre\u0301senter aux e\u0301lections ou de participer aux campagnes e\u0301lectorales, et d\u2019interdire aux e\u0301lus de changer de parti.<\/p>\n<p>Elles ont recommande\u0301 aussi de suspendre toute e\u0301lection jusqu&rsquo;a\u0300 ce que \u00ab la stabilite\u0301 et la se\u0301curite\u0301 soient atteintes au Mali et que le fichier e\u0301lectoral soit re\u0301vise\u0301 \u00bb.<\/p>\n<p>En ce qui concerne l&rsquo;establishment de l&rsquo;opposition, les sessions ont recommande\u0301 de supprimer le poste de chef de l&rsquo;opposition, d&rsquo;allouer le budget qui lui est alloue\u0301 a\u0300 des projets de de\u0301veloppement et d&rsquo;enque\u0302ter sur les de\u0301penses des budgets passe\u0301s.<\/p>\n<p>Le Premier ministre, le ge\u0301ne\u0301ral Abdoulaye Maiga, a indique\u0301 qu&rsquo;il pre\u0301senterait toutes ces recommandations au pre\u0301sident de la transition, Assimi Goi\u0308ta, soulignant que ces consultations ont abouti a\u0300 ce qu&rsquo;il a de\u0301crit comme \u00ab des recommandations claires qui contribueront au progre\u0300s du pays et tourneront la page de ses chapitres sombres \u00bb.<\/p>\n<p>En outre, les participants aux travaux de ladite confe\u0301rence ont souligne\u0301 l\u2019importance de soutenir le processus de dialogue national pour parvenir a\u0300 la stabilite\u0301 dans le pays.<\/p>\n<p>Pour rappel Assimi Goi\u0308ta, qui e\u0301tait colonel de l&rsquo;arme\u0301e malienne lors du coup d&rsquo;E\u0301tat ayant renverse\u0301 le gouvernement pre\u0301ce\u0301dent en 2020 et 2021, et qui est depuis devenu une figure cle\u0301 de la politique malienne apre\u0300s avoir pris le pouvoir, fu\u0302t promu en octobre 2024 au grade de \u00ab Ge\u0301ne\u0301ral cinq e\u0301toiles \u00bb, ce qui te\u0301moigne de la haute estime dans laquelle il est tenu au sein de l\u2019institution militaire.<\/p>\n<p>Depuis 2021, Goi\u0308ta, a\u0302ge\u0301 aujourd&rsquo;hui de 41 ans, qui occupe le poste de \u00ab pre\u0301sident de transition \u00bb, est devenu une figure politique et militaire de premier plan au Mali suite aux e\u0301ve\u0301nements dramatiques qui ont eu lieu dans le pays. Il a re\u0301ussi a\u0300 imposer son contro\u0302le sur les re\u0302nes du pouvoir en formant un gouvernement de transition, malgre\u0301 les de\u0301fis politiques et les pressions exte\u0301rieures auxquels le pays est confronte\u0301.<\/p>\n<p><img loading=\"lazy\" decoding=\"async\" width=\"953\" height=\"635\" class=\"alignnone wp-image-53099 size-full\" src=\"https:\/\/static.africa-press.net\/mali\/sites\/21\/2025\/05\/sm_1746397122.699175.jpg\" srcset=\"https:\/\/static.africa-press.net\/mali\/sites\/21\/2025\/05\/sm_1746397122.699175.jpg 953w, https:\/\/static.africa-press.net\/mali\/sites\/21\/2025\/05\/sm_1746397122.699175-300x200.jpg 300w, https:\/\/static.africa-press.net\/mali\/sites\/21\/2025\/05\/sm_1746397122.699175-768x512.jpg 768w\" sizes=\"auto, (max-width: 953px) 100vw, 953px\" \/><br \/>\n<b>\u2022 Poursuite du re\u0301gime militaire<\/b><\/p>\n<p>Revenant sur l\u2019importance et les conse\u0301quences de ces de\u0301veloppements de dernie\u0300re heure, la chercheuse et universitaire Mona Saleh a de\u0301clare\u0301 que la recommandation de la Confe\u0301rence de dialogue du Mali de nommer Goi\u0308ta comme pre\u0301sident pour un mandat de cinq ans, a des implications importantes pour l&rsquo;avenir du pays.<\/p>\n<p>Elle a de\u0301clare\u0301 aux me\u0301dias que cette recommandation indique le contro\u0302le continu du pouvoir par l&rsquo;arme\u0301e, ce qui, selon elle, pourrait aggraver l&rsquo;instabilite\u0301 et saper les aspirations a\u0300 une transition de\u0301mocratique, ajoutant que cette de\u0301cision pourrait entraver les efforts visant a\u0300 construire un E\u0301tat dote\u0301 d&rsquo;institutions et respectueux des principes de\u0301mocratiques, et menacer le processus de transition politique pacifique.<\/p>\n<p>La chercheuse a explique\u0301 que, du point de vue de la se\u0301curite\u0301, le maintien du leadership pourrait renforcer le contro\u0302le militaire sur la situation, mais qu&rsquo;il reste lourd de risques en termes de sape de la confiance des forces militaires et des civils dans le processus politique.<\/p>\n<p>Sur le plan e\u0301conomique, elle a de\u0301clare\u0301 que le maintien d\u2019un re\u0301gime militaire pourrait empe\u0302cher d\u2019attirer des investisseurs et de promouvoir le de\u0301veloppement, en particulier compte tenu de l\u2019incertitude entourant les processus politiques futurs.<\/p>\n<p>Saleh a e\u0301galement estime\u0301 qu&rsquo;il y aurait des re\u0301percussions sociales, de\u0301clarant entre-autres que: \u00ab Cette de\u0301cision pourrait provoquer du ressentiment parmi les groupes qui re\u0301clament un re\u0301gime civil et un E\u0301tat de\u0301mocratique, ce qui augmenterait les tensions et menacerait l&rsquo;unite\u0301 nationale. \u00bb<\/p>\n<p><b>\u2022 L&rsquo;influence des groupes arme\u0301s<\/b><\/p>\n<p>Commentant a\u0300 son tour les me\u0302mes de\u0301veloppements, l&rsquo;universitaire Khaled Abdel-Rahman a de\u0301clare\u0301 que la situation se\u0301curitaire au Mali est caracte\u0301rise\u0301e par un e\u0301tat d&rsquo;instabilite\u0301 permanente en raison de l&rsquo;influence croissante des groupes arme\u0301s actifs depuis des de\u0301cennies et du manque de capacite\u0301 des institutions de se\u0301curite\u0301 a\u0300 contro\u0302ler pleinement l&rsquo;ensemble du territoire.<\/p>\n<p>Cela ne fait qu\u2019aggraver la fragilite\u0301 de l\u2019E\u0301tat et multiplier les de\u0301fis a\u0300 sa stabilite\u0301.<\/p>\n<p>Dans ce contexte, selon lui: \u00ab La re\u0301cente de\u0301cision du Congre\u0300s national refle\u0300te, sur le plan politique, le contro\u0302le militaire continu de la sce\u0300ne politique et menace e\u0301galement le processus de transition de\u0301mocratique pacifique, en particulier avec l&rsquo;appel a\u0300 dissoudre les partis politiques et a\u0300 restreindre la formation de nouveaux partis, ce qui restreint l&rsquo;activite\u0301 politique et compromet les chances de construire des institutions de\u0301mocratiques efficaces \u00bb.<\/p>\n<p>Il a souligne\u0301 que l\u2019aggravation de l\u2019inse\u0301curite\u0301, conjugue\u0301e a\u0300 la possibilite\u0301 que le processus de dialogue national ne parvienne pas a\u0300 des re\u0301sultats tangibles, appelle a\u0300 reconside\u0301rer les strate\u0301gies de dialogue et de de\u0301veloppement politique au Mali.<\/p>\n<p><b>\u2022 Des efforts visant a\u0300 faire durer le statu quo au Mali<\/b><\/p>\n<p>Les consultations nationales, semblent avoir respecte\u0301 une de\u0301marche qui refle\u0300te un recul par rapport aux promesses faites par le ge\u0301ne\u0301ral Assimi Goi\u0308ta, repre\u0301sentant un se\u0301rieux revers pour la phase de transition, qui devait conduire a\u0300 une passation du pouvoir aux civils, comme Goi\u0308ta s&rsquo;y e\u0301tait engage\u0301 apre\u0300s le coup d&rsquo;E\u0301tat qui a renverse\u0301 le gouvernement en 2021.<\/p>\n<p>La recommandation de nommer le pre\u0301sident de transition \u00ab Pre\u0301sident de la Re\u0301publique \u00bb pour cinq ans a\u0300 partir de 2025, intervient alors que le pays devait organiser des e\u0301lections pre\u0301sidentielles en mars 2024, ce qui aurait constitue\u0301 une e\u0301tape importante vers le re\u0301tablissement de la de\u0301mocratie. Au lieu de cela, Goi\u0308ta a choisi de prolonger son re\u0301gime militaire, de\u0301montrant ainsi son emprise continue sur le pouvoir sans aucune intention de le ce\u0301der.<\/p>\n<p>Il importe de noter que le report continu des e\u0301lections, qui ont de\u0301bute\u0301 en septembre 2023, pre\u0301tendument pour des \u00ab raisons techniques et se\u0301curitaires \u00bb, re\u0301ve\u0300le une tactique claire visant a\u0300 prolonger l&#8217;emprise de l&rsquo;arme\u0301e sur le pouvoir, une de\u0301marche qui va a\u0300 l&rsquo;encontre des aspirations du peuple malien.<\/p>\n<p>Le report des e\u0301lections, qui devaient s\u2019inscrire dans le cadre d\u2019un retour a\u0300 la de\u0301mocratie, renforce encore un re\u0301gime militaire qui semble impopulaire et constitue une tentative de prote\u0301ger Goi\u0308ta de tout changement se\u0301rieux dans la structure du pouvoir. A\u0300 l\u2019heure ou\u0300 les citoyens attendaient des e\u0301lections libres et e\u0301quitables, Goi\u0308ta et son gouvernement ont choisi de perturber ce processus, perpe\u0301tuant ainsi la re\u0301alite\u0301 tragique dans laquelle ils vivent.<\/p>\n<p>D\u2019autre part, les consultations nationales, boycotte\u0301es par la plupart des partis politiques, se sont re\u0301ve\u0301le\u0301es n\u2019e\u0302tre rien de plus qu\u2019une tentative d\u2019imposer des de\u0301cisions unilate\u0301rales sans aucune participation re\u0301elle des forces politiques ou de la socie\u0301te\u0301 civile.<\/p>\n<p>La recommandation de dissoudre les partis politiques et d\u2019imposer des restrictions supple\u0301mentaires a\u0300 leur cre\u0301ation re\u0301ve\u0300le une intention claire de consolider le pouvoir entre les mains d\u2019un petit groupe portant l\u2019uniforme, dans le but de geler tout effort politique authentique qui pourrait contribuer a\u0300 reconstruire le syste\u0300me politique du pays. Cela montre en fin de compte que l\u2019objectif n\u2019est pas la re\u0301forme ou le changement, mais pluto\u0302t le maintien du statu quo.<\/p>\n<p>On peut donc affirmer que ce qui se passe aujourd\u2019hui au Mali met en lumie\u0300re la fac\u0327on dont la clique au pouvoir manipule les promesses politiques, fermant ainsi la porte aux solutions de\u0301mocratiques. La de\u0301cision de prolonger le mandat de Goi\u0308ta en l\u2019absence d\u2019e\u0301lections libres et e\u0301quitables constitue une violation de la volonte\u0301 du peuple malien, qui espe\u0301rait un retour a\u0300 un re\u0301gime civil. Si les consultations nationales ont ignore\u0301 le ro\u0302le des partis politiques et de l\u2019opposition, cela prouve que Goi\u0308ta poursuit un \u00ab agenda prive\u0301 \u00bb pour maintenir son pouvoir absolu, loin de l\u2019inte\u0301re\u0302t national.<\/p>\n<p><b>\u2022 Un avenir politique qui demeure toujours \u00ab flou \u00bb<\/b><\/p>\n<p>Certes, les autorite\u0301s militaires avaient promis d&rsquo;organiser des e\u0301lections de\u0300s fe\u0301vrier 2022, une date qui a e\u0301te\u0301 reporte\u0301e a\u0300 plusieurs reprises, y compris celle de mars 2024, cependant, le 25 septembre 2023, le gouvernement de transition avait annonce\u0301 le report des e\u0301lections pre\u0301sidentielles et l\u2019annulation des e\u0301lections le\u0301gislatives, invoquant des raisons techniques et se\u0301curitaires.<\/p>\n<p>Et bien que les e\u0301lections soient cense\u0301es marquer un tournant vers le retour de la de\u0301mocratie au Mali, la situation se\u0301curitaire et politique fait toujours obstacle a\u0300 la tenue des e\u0301lections dans les de\u0301lais.<\/p>\n<p>Cependant, Goi\u0308ta continue d&rsquo;affirmer son engagement a\u0300 re\u0301aliser une transition politique, sans tout de me\u0302me fixer de dates pre\u0301cises pour ces e\u0301che\u0301ances e\u0301lectorales.<\/p>\n<p><strong>Pour plus d&rsquo;informations et d&rsquo;analyses sur la <span style=\"color: #ff6600\">Mali<\/span>, suivez <span style=\"color: #ff6600\">Africa-Press<\/span><\/strong><\/p>\n","protected":false},"excerpt":{"rendered":"<p>Anouar CHENNOUFI Africa-Press &#8211; Mali. Apre\u0300s la tenue d\u2019un \u00ab Dialogue inter-malien pour la paix et la re\u0301conciliation nationale (DIM) \u00bb, dont la phase finale s\u2019e\u0301tait de\u0301roule\u0301e du 6 au 10 mai 2024, et qui avait recommande\u0301 de soutenir largement la candidature de Goi\u0308ta a\u0300 la pre\u0301sidentielle, la junte militaire malienne poursuit toujours ses intentions [&hellip;]<\/p>\n","protected":false},"author":82,"featured_media":53100,"comment_status":"open","ping_status":"closed","sticky":false,"template":"","format":"standard","meta":{"footnotes":""},"categories":[13,88,17],"tags":[557,149,166,812,538,19,190,1292,377],"class_list":["post-53101","post","type-post","status-publish","format-standard","has-post-thumbnail","hentry","category-dossiers","category-to-homepage","category-toutes-les-actualites","tag-abdoulaye-maiga","tag-assimi-goita","tag-cedeao","tag-conseil-militaire","tag-fama","tag-mali","tag-opposition","tag-partis-politiques","tag-sahel-africain"],"yoast_head":"<!-- This site is optimized with the Yoast SEO Premium plugin v26.1 (Yoast SEO v27.0) - https:\/\/yoast.com\/product\/yoast-seo-premium-wordpress\/ -->\n<title>Go\u00efta Vise Cinq Ans de Pouvoir sans E\u0301Lections - Mali<\/title>\n<meta name=\"description\" content=\"Apre\u0300s la tenue d\u2019un \u00ab Dialogue inter-malien pour la paix et la re\u0301conciliation nationale (DIM) \u00bb, dont la phase finale ...\" \/>\n<meta name=\"robots\" content=\"index, follow, max-snippet:-1, max-image-preview:large, max-video-preview:-1\" \/>\n<link rel=\"canonical\" href=\"https:\/\/www.africa-press.net\/mali\/dossiers\/goita-vise-cinq-ans-de-pouvoir-sans-elections\" \/>\n<meta property=\"og:locale\" content=\"fr_FR\" \/>\n<meta property=\"og:type\" content=\"article\" \/>\n<meta property=\"og:title\" content=\"Go\u00efta Vise Cinq Ans de Pouvoir sans E\u0301Lections\" \/>\n<meta property=\"og:description\" content=\"Apre\u0300s la tenue d\u2019un \u00ab Dialogue inter-malien pour la paix et la re\u0301conciliation nationale (DIM) \u00bb, dont la phase finale ...\" \/>\n<meta property=\"og:url\" content=\"https:\/\/www.africa-press.net\/mali\/dossiers\/goita-vise-cinq-ans-de-pouvoir-sans-elections\" \/>\n<meta property=\"og:site_name\" content=\"Mali\" \/>\n<meta property=\"article:publisher\" content=\"https:\/\/www.facebook.com\/AfricaPressTunisiaa\" \/>\n<meta property=\"article:published_time\" content=\"2025-05-04T00:34:49+00:00\" \/>\n<meta property=\"article:modified_time\" content=\"2025-05-05T01:51:44+00:00\" \/>\n<meta property=\"og:image\" content=\"https:\/\/static.africa-press.net\/mali\/sites\/21\/2025\/05\/sm_1746397127.946454.jpg\" \/>\n\t<meta property=\"og:image:width\" content=\"1280\" \/>\n\t<meta property=\"og:image:height\" content=\"719\" \/>\n\t<meta property=\"og:image:type\" content=\"image\/jpeg\" \/>\n<meta name=\"author\" content=\"cfeditorfr\" \/>\n<meta name=\"twitter:card\" content=\"summary_large_image\" \/>\n<meta name=\"twitter:label1\" content=\"\u00c9crit par\" \/>\n\t<meta name=\"twitter:data1\" content=\"cfeditorfr\" \/>\n\t<meta name=\"twitter:label2\" content=\"Dur\u00e9e de lecture estim\u00e9e\" \/>\n\t<meta name=\"twitter:data2\" content=\"10 minutes\" \/>\n<script type=\"application\/ld+json\" class=\"yoast-schema-graph\">{\"@context\":\"https:\/\/schema.org\",\"@graph\":[{\"@type\":\"Article\",\"@id\":\"https:\/\/www.africa-press.net\/mali\/dossiers\/goita-vise-cinq-ans-de-pouvoir-sans-elections#article\",\"isPartOf\":{\"@id\":\"https:\/\/www.africa-press.net\/mali\/dossiers\/goita-vise-cinq-ans-de-pouvoir-sans-elections\"},\"author\":{\"name\":\"cfeditorfr\",\"@id\":\"https:\/\/www.africa-press.net\/mali\/#\/schema\/person\/2b1cf3cd81a31e3cd26889ca66d677f1\"},\"headline\":\"Go\u00efta Vise Cinq Ans de Pouvoir sans E\u0301Lections\",\"datePublished\":\"2025-05-04T00:34:49+00:00\",\"dateModified\":\"2025-05-05T01:51:44+00:00\",\"mainEntityOfPage\":{\"@id\":\"https:\/\/www.africa-press.net\/mali\/dossiers\/goita-vise-cinq-ans-de-pouvoir-sans-elections\"},\"wordCount\":2012,\"commentCount\":0,\"image\":{\"@id\":\"https:\/\/www.africa-press.net\/mali\/dossiers\/goita-vise-cinq-ans-de-pouvoir-sans-elections#primaryimage\"},\"thumbnailUrl\":\"https:\/\/static.africa-press.net\/mali\/sites\/21\/2025\/05\/sm_1746397127.946454.jpg\",\"keywords\":[\"Abdoulaye Ma\u00efga\",\"Assimi Go\u00efta\",\"CEDEAO\",\"Conseil militaire\",\"FAMA\",\"mali\",\"opposition\",\"partis politiques\",\"Sahel africain\"],\"articleSection\":[\"Dossiers\",\"to-homepage\",\"Toutes les actualit\u00e9s\"],\"inLanguage\":\"fr-FR\",\"potentialAction\":[{\"@type\":\"CommentAction\",\"name\":\"Comment\",\"target\":[\"https:\/\/www.africa-press.net\/mali\/dossiers\/goita-vise-cinq-ans-de-pouvoir-sans-elections#respond\"]}]},{\"@type\":\"WebPage\",\"@id\":\"https:\/\/www.africa-press.net\/mali\/dossiers\/goita-vise-cinq-ans-de-pouvoir-sans-elections\",\"url\":\"https:\/\/www.africa-press.net\/mali\/dossiers\/goita-vise-cinq-ans-de-pouvoir-sans-elections\",\"name\":\"Go\u00efta Vise Cinq Ans de Pouvoir sans E\u0301Lections - Mali\",\"isPartOf\":{\"@id\":\"https:\/\/www.africa-press.net\/mali\/#website\"},\"primaryImageOfPage\":{\"@id\":\"https:\/\/www.africa-press.net\/mali\/dossiers\/goita-vise-cinq-ans-de-pouvoir-sans-elections#primaryimage\"},\"image\":{\"@id\":\"https:\/\/www.africa-press.net\/mali\/dossiers\/goita-vise-cinq-ans-de-pouvoir-sans-elections#primaryimage\"},\"thumbnailUrl\":\"https:\/\/static.africa-press.net\/mali\/sites\/21\/2025\/05\/sm_1746397127.946454.jpg\",\"datePublished\":\"2025-05-04T00:34:49+00:00\",\"dateModified\":\"2025-05-05T01:51:44+00:00\",\"author\":{\"@id\":\"https:\/\/www.africa-press.net\/mali\/#\/schema\/person\/2b1cf3cd81a31e3cd26889ca66d677f1\"},\"description\":\"Apre\u0300s la tenue d\u2019un \u00ab Dialogue inter-malien pour la paix et la re\u0301conciliation nationale (DIM) \u00bb, dont la phase finale ...\",\"breadcrumb\":{\"@id\":\"https:\/\/www.africa-press.net\/mali\/dossiers\/goita-vise-cinq-ans-de-pouvoir-sans-elections#breadcrumb\"},\"inLanguage\":\"fr-FR\",\"potentialAction\":[{\"@type\":\"ReadAction\",\"target\":[\"https:\/\/www.africa-press.net\/mali\/dossiers\/goita-vise-cinq-ans-de-pouvoir-sans-elections\"]}]},{\"@type\":\"ImageObject\",\"inLanguage\":\"fr-FR\",\"@id\":\"https:\/\/www.africa-press.net\/mali\/dossiers\/goita-vise-cinq-ans-de-pouvoir-sans-elections#primaryimage\",\"url\":\"https:\/\/static.africa-press.net\/mali\/sites\/21\/2025\/05\/sm_1746397127.946454.jpg\",\"contentUrl\":\"https:\/\/static.africa-press.net\/mali\/sites\/21\/2025\/05\/sm_1746397127.946454.jpg\",\"width\":1280,\"height\":719,\"caption\":\"Go\u00efta Vise Cinq Ans de Pouvoir sans E\u0301Lections\"},{\"@type\":\"BreadcrumbList\",\"@id\":\"https:\/\/www.africa-press.net\/mali\/dossiers\/goita-vise-cinq-ans-de-pouvoir-sans-elections#breadcrumb\",\"itemListElement\":[{\"@type\":\"ListItem\",\"position\":1,\"name\":\"Home\",\"item\":\"https:\/\/www.africa-press.net\/mali\/\"},{\"@type\":\"ListItem\",\"position\":2,\"name\":\"Go\u00efta Vise Cinq Ans de Pouvoir sans E\u0301Lections\"}]},{\"@type\":\"WebSite\",\"@id\":\"https:\/\/www.africa-press.net\/mali\/#website\",\"url\":\"https:\/\/www.africa-press.net\/mali\/\",\"name\":\"Mali\",\"description\":\"Just another Africa News Agency Sites site\",\"potentialAction\":[{\"@type\":\"SearchAction\",\"target\":{\"@type\":\"EntryPoint\",\"urlTemplate\":\"https:\/\/www.africa-press.net\/mali\/?s={search_term_string}\"},\"query-input\":{\"@type\":\"PropertyValueSpecification\",\"valueRequired\":true,\"valueName\":\"search_term_string\"}}],\"inLanguage\":\"fr-FR\"},{\"@type\":\"Person\",\"@id\":\"https:\/\/www.africa-press.net\/mali\/#\/schema\/person\/2b1cf3cd81a31e3cd26889ca66d677f1\",\"name\":\"cfeditorfr\"}]}<\/script>\n<!-- \/ Yoast SEO Premium plugin. -->","yoast_head_json":{"title":"Go\u00efta Vise Cinq Ans de Pouvoir sans E\u0301Lections - Mali","description":"Apre\u0300s la tenue d\u2019un \u00ab Dialogue inter-malien pour la paix et la re\u0301conciliation nationale (DIM) \u00bb, dont la phase finale ...","robots":{"index":"index","follow":"follow","max-snippet":"max-snippet:-1","max-image-preview":"max-image-preview:large","max-video-preview":"max-video-preview:-1"},"canonical":"https:\/\/www.africa-press.net\/mali\/dossiers\/goita-vise-cinq-ans-de-pouvoir-sans-elections","og_locale":"fr_FR","og_type":"article","og_title":"Go\u00efta Vise Cinq Ans de Pouvoir sans E\u0301Lections","og_description":"Apre\u0300s la tenue d\u2019un \u00ab Dialogue inter-malien pour la paix et la re\u0301conciliation nationale (DIM) \u00bb, dont la phase finale ...","og_url":"https:\/\/www.africa-press.net\/mali\/dossiers\/goita-vise-cinq-ans-de-pouvoir-sans-elections","og_site_name":"Mali","article_publisher":"https:\/\/www.facebook.com\/AfricaPressTunisiaa","article_published_time":"2025-05-04T00:34:49+00:00","article_modified_time":"2025-05-05T01:51:44+00:00","og_image":[{"width":1280,"height":719,"url":"https:\/\/static.africa-press.net\/mali\/sites\/21\/2025\/05\/sm_1746397127.946454.jpg","type":"image\/jpeg"}],"author":"cfeditorfr","twitter_card":"summary_large_image","twitter_misc":{"\u00c9crit par":"cfeditorfr","Dur\u00e9e de lecture estim\u00e9e":"10 minutes"},"schema":{"@context":"https:\/\/schema.org","@graph":[{"@type":"Article","@id":"https:\/\/www.africa-press.net\/mali\/dossiers\/goita-vise-cinq-ans-de-pouvoir-sans-elections#article","isPartOf":{"@id":"https:\/\/www.africa-press.net\/mali\/dossiers\/goita-vise-cinq-ans-de-pouvoir-sans-elections"},"author":{"name":"cfeditorfr","@id":"https:\/\/www.africa-press.net\/mali\/#\/schema\/person\/2b1cf3cd81a31e3cd26889ca66d677f1"},"headline":"Go\u00efta Vise Cinq Ans de Pouvoir sans E\u0301Lections","datePublished":"2025-05-04T00:34:49+00:00","dateModified":"2025-05-05T01:51:44+00:00","mainEntityOfPage":{"@id":"https:\/\/www.africa-press.net\/mali\/dossiers\/goita-vise-cinq-ans-de-pouvoir-sans-elections"},"wordCount":2012,"commentCount":0,"image":{"@id":"https:\/\/www.africa-press.net\/mali\/dossiers\/goita-vise-cinq-ans-de-pouvoir-sans-elections#primaryimage"},"thumbnailUrl":"https:\/\/static.africa-press.net\/mali\/sites\/21\/2025\/05\/sm_1746397127.946454.jpg","keywords":["Abdoulaye Ma\u00efga","Assimi Go\u00efta","CEDEAO","Conseil militaire","FAMA","mali","opposition","partis politiques","Sahel africain"],"articleSection":["Dossiers","to-homepage","Toutes les actualit\u00e9s"],"inLanguage":"fr-FR","potentialAction":[{"@type":"CommentAction","name":"Comment","target":["https:\/\/www.africa-press.net\/mali\/dossiers\/goita-vise-cinq-ans-de-pouvoir-sans-elections#respond"]}]},{"@type":"WebPage","@id":"https:\/\/www.africa-press.net\/mali\/dossiers\/goita-vise-cinq-ans-de-pouvoir-sans-elections","url":"https:\/\/www.africa-press.net\/mali\/dossiers\/goita-vise-cinq-ans-de-pouvoir-sans-elections","name":"Go\u00efta Vise Cinq Ans de Pouvoir sans E\u0301Lections - Mali","isPartOf":{"@id":"https:\/\/www.africa-press.net\/mali\/#website"},"primaryImageOfPage":{"@id":"https:\/\/www.africa-press.net\/mali\/dossiers\/goita-vise-cinq-ans-de-pouvoir-sans-elections#primaryimage"},"image":{"@id":"https:\/\/www.africa-press.net\/mali\/dossiers\/goita-vise-cinq-ans-de-pouvoir-sans-elections#primaryimage"},"thumbnailUrl":"https:\/\/static.africa-press.net\/mali\/sites\/21\/2025\/05\/sm_1746397127.946454.jpg","datePublished":"2025-05-04T00:34:49+00:00","dateModified":"2025-05-05T01:51:44+00:00","author":{"@id":"https:\/\/www.africa-press.net\/mali\/#\/schema\/person\/2b1cf3cd81a31e3cd26889ca66d677f1"},"description":"Apre\u0300s la tenue d\u2019un \u00ab Dialogue inter-malien pour la paix et la re\u0301conciliation nationale (DIM) \u00bb, dont la phase finale ...","breadcrumb":{"@id":"https:\/\/www.africa-press.net\/mali\/dossiers\/goita-vise-cinq-ans-de-pouvoir-sans-elections#breadcrumb"},"inLanguage":"fr-FR","potentialAction":[{"@type":"ReadAction","target":["https:\/\/www.africa-press.net\/mali\/dossiers\/goita-vise-cinq-ans-de-pouvoir-sans-elections"]}]},{"@type":"ImageObject","inLanguage":"fr-FR","@id":"https:\/\/www.africa-press.net\/mali\/dossiers\/goita-vise-cinq-ans-de-pouvoir-sans-elections#primaryimage","url":"https:\/\/static.africa-press.net\/mali\/sites\/21\/2025\/05\/sm_1746397127.946454.jpg","contentUrl":"https:\/\/static.africa-press.net\/mali\/sites\/21\/2025\/05\/sm_1746397127.946454.jpg","width":1280,"height":719,"caption":"Go\u00efta Vise Cinq Ans de Pouvoir sans E\u0301Lections"},{"@type":"BreadcrumbList","@id":"https:\/\/www.africa-press.net\/mali\/dossiers\/goita-vise-cinq-ans-de-pouvoir-sans-elections#breadcrumb","itemListElement":[{"@type":"ListItem","position":1,"name":"Home","item":"https:\/\/www.africa-press.net\/mali\/"},{"@type":"ListItem","position":2,"name":"Go\u00efta Vise Cinq Ans de Pouvoir sans E\u0301Lections"}]},{"@type":"WebSite","@id":"https:\/\/www.africa-press.net\/mali\/#website","url":"https:\/\/www.africa-press.net\/mali\/","name":"Mali","description":"Just another Africa News Agency Sites site","potentialAction":[{"@type":"SearchAction","target":{"@type":"EntryPoint","urlTemplate":"https:\/\/www.africa-press.net\/mali\/?s={search_term_string}"},"query-input":{"@type":"PropertyValueSpecification","valueRequired":true,"valueName":"search_term_string"}}],"inLanguage":"fr-FR"},{"@type":"Person","@id":"https:\/\/www.africa-press.net\/mali\/#\/schema\/person\/2b1cf3cd81a31e3cd26889ca66d677f1","name":"cfeditorfr"}]}},"_links":{"self":[{"href":"https:\/\/www.africa-press.net\/mali\/wp-json\/wp\/v2\/posts\/53101","targetHints":{"allow":["GET"]}}],"collection":[{"href":"https:\/\/www.africa-press.net\/mali\/wp-json\/wp\/v2\/posts"}],"about":[{"href":"https:\/\/www.africa-press.net\/mali\/wp-json\/wp\/v2\/types\/post"}],"author":[{"embeddable":true,"href":"https:\/\/www.africa-press.net\/mali\/wp-json\/wp\/v2\/users\/82"}],"replies":[{"embeddable":true,"href":"https:\/\/www.africa-press.net\/mali\/wp-json\/wp\/v2\/comments?post=53101"}],"version-history":[{"count":0,"href":"https:\/\/www.africa-press.net\/mali\/wp-json\/wp\/v2\/posts\/53101\/revisions"}],"wp:featuredmedia":[{"embeddable":true,"href":"https:\/\/www.africa-press.net\/mali\/wp-json\/wp\/v2\/media\/53100"}],"wp:attachment":[{"href":"https:\/\/www.africa-press.net\/mali\/wp-json\/wp\/v2\/media?parent=53101"}],"wp:term":[{"taxonomy":"category","embeddable":true,"href":"https:\/\/www.africa-press.net\/mali\/wp-json\/wp\/v2\/categories?post=53101"},{"taxonomy":"post_tag","embeddable":true,"href":"https:\/\/www.africa-press.net\/mali\/wp-json\/wp\/v2\/tags?post=53101"}],"curies":[{"name":"wp","href":"https:\/\/api.w.org\/{rel}","templated":true}]}}