{"id":55220,"date":"2025-07-02T14:00:00","date_gmt":"2025-07-02T14:00:00","guid":{"rendered":"https:\/\/www.africa-press.net\/mali\/politique\/couvre-feu-instaure-dans-les-regions-de-kayes-et-dioila"},"modified":"2025-07-03T00:37:46","modified_gmt":"2025-07-03T00:37:46","slug":"couvre-feu-instaure-dans-les-regions-de-kayes-et-dioila","status":"publish","type":"post","link":"https:\/\/www.africa-press.net\/mali\/top-nouvelles\/couvre-feu-instaure-dans-les-regions-de-kayes-et-dioila","title":{"rendered":"Couvre-Feu Instaure\u0301 dans les Re\u0301gions de Kayes et Dioi\u0308La"},"content":{"rendered":"<p><span style=\"color: #ff6600\"><strong>Africa-Press &#8211; Mali. <\/strong><\/span>Les autorite\u0301s re\u0301gionales de Kayes et de Dioi\u0308la ont instaure\u0301, mardi, un couvre-feu nocturne de trente (30) jours reconductible a\u0300 compter de ce mardi 1er juillet courant en raison des attaques coordonne\u0301es contre des positions dans la re\u0301gion de Kayes.<\/p>\n<p>\u00ab\u00a0Par de\u0301cision du Gouverneur de la Re\u0301gion de Kayes, le Ge\u0301ne\u0301ral de Brigade Moussa Soumare\u0301, un couvre-feu de trente (30) jours reconductible est instaure\u0301 sur toute l&rsquo;e\u0301tendue du territoire de la Re\u0301gion de Kayes, s&rsquo;e\u0301tendant du mardi 1er juillet au mercredi 30 juillet 2025, de 21 heures 00 a\u0300 06 heures 00\u00a0\u00bb, lit-on dans un communique\u0301 consulte\u0301 par Anadolu.<\/p>\n<p>L&rsquo;exe\u0301cutif re\u0301gional de Kayes pre\u0301cise que \u00ab la circulation des personnes et de tous les engins de transport demeure restreinte pendant cette pe\u0301riode, a\u0300 l&rsquo;exception des ve\u0301hicules et autres engins des services des Forces de De\u0301fense et de Se\u0301curite\u0301, des ambulances munies d&rsquo;un ordre de mission \u00bb.<\/p>\n<p>Dans la foule\u0301e, le gouverneur de la re\u0301gion de Dioi\u0308la dans le sud du pays, a aussi de\u0301cide\u0301 d&rsquo;instaurer un couvre-feu de 30 jours a\u0300 partir du mardi 1er au 30 juillet 2025 inclus, de 22 heures a\u0300 6 heures du matin.<\/p>\n<p>Pour rappel, sept attaques coordonne\u0301es ont vise\u0301, to\u0302t mardi matin, des positions de l&rsquo;arme\u0301e malienne dans les re\u0301gions de Se\u0301gou, Nioro du Sahel et Kayes, a-t-on appris de sources concordantes.<br \/>\nL&rsquo;arme\u0301e malienne a annonce\u0301 la neutralisation de \u00ab\u00a0plus de 80 terroristes\u00a0\u00bb a\u0300 la suite de ces attaques.<\/p>\n<p><strong>Pour plus d&rsquo;informations et d&rsquo;analyses sur la <span style=\"color: #ff6600\">Mali<\/span>, suivez <span style=\"color: #ff6600\">Africa-Press<\/span><\/strong><\/p>\n","protected":false},"excerpt":{"rendered":"<p>Africa-Press &#8211; Mali. Les autorite\u0301s re\u0301gionales de Kayes et de Dioi\u0308la ont instaure\u0301, mardi, un couvre-feu nocturne de trente (30) jours reconductible a\u0300 compter de ce mardi 1er juillet courant en raison des attaques coordonne\u0301es contre des positions dans la re\u0301gion de Kayes. \u00ab\u00a0Par de\u0301cision du Gouverneur de la Re\u0301gion de Kayes, le Ge\u0301ne\u0301ral de [&hellip;]<\/p>\n","protected":false},"author":82,"featured_media":55219,"comment_status":"open","ping_status":"closed","sticky":false,"template":"","format":"standard","meta":{"footnotes":""},"categories":[7,5,17],"tags":[1814,1787,1813,1812,19],"class_list":["post-55220","post","type-post","status-publish","format-standard","has-post-thumbnail","hentry","category-politique","category-top-nouvelles","category-toutes-les-actualites","tag-attaques-coordonnees","tag-couvre-feu","tag-dioila","tag-kayes","tag-mali"],"yoast_head":"<!-- This site is optimized with the Yoast SEO Premium plugin v26.1 (Yoast SEO v27.0) - https:\/\/yoast.com\/product\/yoast-seo-premium-wordpress\/ -->\n<title>Couvre-Feu Instaure\u0301 dans les Re\u0301gions de Kayes et Dioi\u0308La - Mali<\/title>\n<meta name=\"description\" content=\"Les autorite\u0301s re\u0301gionales de Kayes et de Dioi\u0308la ont instaure\u0301, mardi, un couvre-feu nocturne de trente (30) jours reco ...\" \/>\n<meta name=\"robots\" content=\"index, follow, max-snippet:-1, max-image-preview:large, max-video-preview:-1\" \/>\n<link rel=\"canonical\" href=\"https:\/\/www.africa-press.net\/mali\/top-nouvelles\/couvre-feu-instaure-dans-les-regions-de-kayes-et-dioila\" \/>\n<meta property=\"og:locale\" content=\"fr_FR\" \/>\n<meta property=\"og:type\" content=\"article\" \/>\n<meta property=\"og:title\" content=\"Couvre-Feu Instaure\u0301 dans les Re\u0301gions de Kayes et Dioi\u0308La\" \/>\n<meta property=\"og:description\" content=\"Les autorite\u0301s re\u0301gionales de Kayes et de Dioi\u0308la ont instaure\u0301, mardi, un couvre-feu nocturne de trente (30) jours reco ...\" \/>\n<meta property=\"og:url\" content=\"https:\/\/www.africa-press.net\/mali\/top-nouvelles\/couvre-feu-instaure-dans-les-regions-de-kayes-et-dioila\" \/>\n<meta property=\"og:site_name\" content=\"Mali\" \/>\n<meta property=\"article:publisher\" content=\"https:\/\/www.facebook.com\/AfricaPressTunisiaa\" \/>\n<meta property=\"article:published_time\" content=\"2025-07-02T14:00:00+00:00\" \/>\n<meta property=\"article:modified_time\" content=\"2025-07-03T00:37:46+00:00\" \/>\n<meta property=\"og:image\" content=\"https:\/\/static.africa-press.net\/mali\/sites\/21\/2025\/07\/sm_1751490243.477443.jpg\" \/>\n\t<meta property=\"og:image:width\" content=\"864\" \/>\n\t<meta property=\"og:image:height\" content=\"486\" \/>\n\t<meta property=\"og:image:type\" content=\"image\/jpeg\" \/>\n<meta name=\"author\" content=\"cfeditorfr\" \/>\n<meta name=\"twitter:card\" content=\"summary_large_image\" \/>\n<meta name=\"twitter:label1\" content=\"\u00c9crit par\" \/>\n\t<meta name=\"twitter:data1\" content=\"cfeditorfr\" \/>\n\t<meta name=\"twitter:label2\" content=\"Dur\u00e9e de lecture estim\u00e9e\" \/>\n\t<meta name=\"twitter:data2\" content=\"2 minutes\" \/>\n<script type=\"application\/ld+json\" class=\"yoast-schema-graph\">{\"@context\":\"https:\/\/schema.org\",\"@graph\":[{\"@type\":\"Article\",\"@id\":\"https:\/\/www.africa-press.net\/mali\/top-nouvelles\/couvre-feu-instaure-dans-les-regions-de-kayes-et-dioila#article\",\"isPartOf\":{\"@id\":\"https:\/\/www.africa-press.net\/mali\/top-nouvelles\/couvre-feu-instaure-dans-les-regions-de-kayes-et-dioila\"},\"author\":{\"name\":\"cfeditorfr\",\"@id\":\"https:\/\/www.africa-press.net\/mali\/#\/schema\/person\/2b1cf3cd81a31e3cd26889ca66d677f1\"},\"headline\":\"Couvre-Feu Instaure\u0301 dans les Re\u0301gions de Kayes et Dioi\u0308La\",\"datePublished\":\"2025-07-02T14:00:00+00:00\",\"dateModified\":\"2025-07-03T00:37:46+00:00\",\"mainEntityOfPage\":{\"@id\":\"https:\/\/www.africa-press.net\/mali\/top-nouvelles\/couvre-feu-instaure-dans-les-regions-de-kayes-et-dioila\"},\"wordCount\":282,\"commentCount\":0,\"image\":{\"@id\":\"https:\/\/www.africa-press.net\/mali\/top-nouvelles\/couvre-feu-instaure-dans-les-regions-de-kayes-et-dioila#primaryimage\"},\"thumbnailUrl\":\"https:\/\/static.africa-press.net\/mali\/sites\/21\/2025\/07\/sm_1751490243.477443.jpg\",\"keywords\":[\"Attaques coordonn\u00e9es\",\"Couvre-feu\",\"Dio\u00efla\",\"Kayes\",\"mali\"],\"articleSection\":[\"Politique\",\"Top Nouvelles\",\"Toutes les actualit\u00e9s\"],\"inLanguage\":\"fr-FR\",\"potentialAction\":[{\"@type\":\"CommentAction\",\"name\":\"Comment\",\"target\":[\"https:\/\/www.africa-press.net\/mali\/top-nouvelles\/couvre-feu-instaure-dans-les-regions-de-kayes-et-dioila#respond\"]}]},{\"@type\":\"WebPage\",\"@id\":\"https:\/\/www.africa-press.net\/mali\/top-nouvelles\/couvre-feu-instaure-dans-les-regions-de-kayes-et-dioila\",\"url\":\"https:\/\/www.africa-press.net\/mali\/top-nouvelles\/couvre-feu-instaure-dans-les-regions-de-kayes-et-dioila\",\"name\":\"Couvre-Feu Instaure\u0301 dans les Re\u0301gions de Kayes et Dioi\u0308La - Mali\",\"isPartOf\":{\"@id\":\"https:\/\/www.africa-press.net\/mali\/#website\"},\"primaryImageOfPage\":{\"@id\":\"https:\/\/www.africa-press.net\/mali\/top-nouvelles\/couvre-feu-instaure-dans-les-regions-de-kayes-et-dioila#primaryimage\"},\"image\":{\"@id\":\"https:\/\/www.africa-press.net\/mali\/top-nouvelles\/couvre-feu-instaure-dans-les-regions-de-kayes-et-dioila#primaryimage\"},\"thumbnailUrl\":\"https:\/\/static.africa-press.net\/mali\/sites\/21\/2025\/07\/sm_1751490243.477443.jpg\",\"datePublished\":\"2025-07-02T14:00:00+00:00\",\"dateModified\":\"2025-07-03T00:37:46+00:00\",\"author\":{\"@id\":\"https:\/\/www.africa-press.net\/mali\/#\/schema\/person\/2b1cf3cd81a31e3cd26889ca66d677f1\"},\"description\":\"Les autorite\u0301s re\u0301gionales de Kayes et de Dioi\u0308la ont instaure\u0301, mardi, un couvre-feu nocturne de trente (30) jours reco ...\",\"breadcrumb\":{\"@id\":\"https:\/\/www.africa-press.net\/mali\/top-nouvelles\/couvre-feu-instaure-dans-les-regions-de-kayes-et-dioila#breadcrumb\"},\"inLanguage\":\"fr-FR\",\"potentialAction\":[{\"@type\":\"ReadAction\",\"target\":[\"https:\/\/www.africa-press.net\/mali\/top-nouvelles\/couvre-feu-instaure-dans-les-regions-de-kayes-et-dioila\"]}]},{\"@type\":\"ImageObject\",\"inLanguage\":\"fr-FR\",\"@id\":\"https:\/\/www.africa-press.net\/mali\/top-nouvelles\/couvre-feu-instaure-dans-les-regions-de-kayes-et-dioila#primaryimage\",\"url\":\"https:\/\/static.africa-press.net\/mali\/sites\/21\/2025\/07\/sm_1751490243.477443.jpg\",\"contentUrl\":\"https:\/\/static.africa-press.net\/mali\/sites\/21\/2025\/07\/sm_1751490243.477443.jpg\",\"width\":864,\"height\":486,\"caption\":\"Couvre-Feu Instaure\u0301 dans les Re\u0301gions de Kayes et Dioi\u0308La\"},{\"@type\":\"BreadcrumbList\",\"@id\":\"https:\/\/www.africa-press.net\/mali\/top-nouvelles\/couvre-feu-instaure-dans-les-regions-de-kayes-et-dioila#breadcrumb\",\"itemListElement\":[{\"@type\":\"ListItem\",\"position\":1,\"name\":\"Home\",\"item\":\"https:\/\/www.africa-press.net\/mali\/\"},{\"@type\":\"ListItem\",\"position\":2,\"name\":\"Couvre-Feu Instaure\u0301 dans les Re\u0301gions de Kayes et Dioi\u0308La\"}]},{\"@type\":\"WebSite\",\"@id\":\"https:\/\/www.africa-press.net\/mali\/#website\",\"url\":\"https:\/\/www.africa-press.net\/mali\/\",\"name\":\"Mali\",\"description\":\"Just another Africa News Agency Sites site\",\"potentialAction\":[{\"@type\":\"SearchAction\",\"target\":{\"@type\":\"EntryPoint\",\"urlTemplate\":\"https:\/\/www.africa-press.net\/mali\/?s={search_term_string}\"},\"query-input\":{\"@type\":\"PropertyValueSpecification\",\"valueRequired\":true,\"valueName\":\"search_term_string\"}}],\"inLanguage\":\"fr-FR\"},{\"@type\":\"Person\",\"@id\":\"https:\/\/www.africa-press.net\/mali\/#\/schema\/person\/2b1cf3cd81a31e3cd26889ca66d677f1\",\"name\":\"cfeditorfr\"}]}<\/script>\n<!-- \/ Yoast SEO Premium plugin. -->","yoast_head_json":{"title":"Couvre-Feu Instaure\u0301 dans les Re\u0301gions de Kayes et Dioi\u0308La - Mali","description":"Les autorite\u0301s re\u0301gionales de Kayes et de Dioi\u0308la ont instaure\u0301, mardi, un couvre-feu nocturne de trente (30) jours reco ...","robots":{"index":"index","follow":"follow","max-snippet":"max-snippet:-1","max-image-preview":"max-image-preview:large","max-video-preview":"max-video-preview:-1"},"canonical":"https:\/\/www.africa-press.net\/mali\/top-nouvelles\/couvre-feu-instaure-dans-les-regions-de-kayes-et-dioila","og_locale":"fr_FR","og_type":"article","og_title":"Couvre-Feu Instaure\u0301 dans les Re\u0301gions de Kayes et Dioi\u0308La","og_description":"Les autorite\u0301s re\u0301gionales de Kayes et de Dioi\u0308la ont instaure\u0301, mardi, un couvre-feu nocturne de trente (30) jours reco ...","og_url":"https:\/\/www.africa-press.net\/mali\/top-nouvelles\/couvre-feu-instaure-dans-les-regions-de-kayes-et-dioila","og_site_name":"Mali","article_publisher":"https:\/\/www.facebook.com\/AfricaPressTunisiaa","article_published_time":"2025-07-02T14:00:00+00:00","article_modified_time":"2025-07-03T00:37:46+00:00","og_image":[{"width":864,"height":486,"url":"https:\/\/static.africa-press.net\/mali\/sites\/21\/2025\/07\/sm_1751490243.477443.jpg","type":"image\/jpeg"}],"author":"cfeditorfr","twitter_card":"summary_large_image","twitter_misc":{"\u00c9crit par":"cfeditorfr","Dur\u00e9e de lecture estim\u00e9e":"2 minutes"},"schema":{"@context":"https:\/\/schema.org","@graph":[{"@type":"Article","@id":"https:\/\/www.africa-press.net\/mali\/top-nouvelles\/couvre-feu-instaure-dans-les-regions-de-kayes-et-dioila#article","isPartOf":{"@id":"https:\/\/www.africa-press.net\/mali\/top-nouvelles\/couvre-feu-instaure-dans-les-regions-de-kayes-et-dioila"},"author":{"name":"cfeditorfr","@id":"https:\/\/www.africa-press.net\/mali\/#\/schema\/person\/2b1cf3cd81a31e3cd26889ca66d677f1"},"headline":"Couvre-Feu Instaure\u0301 dans les Re\u0301gions de Kayes et Dioi\u0308La","datePublished":"2025-07-02T14:00:00+00:00","dateModified":"2025-07-03T00:37:46+00:00","mainEntityOfPage":{"@id":"https:\/\/www.africa-press.net\/mali\/top-nouvelles\/couvre-feu-instaure-dans-les-regions-de-kayes-et-dioila"},"wordCount":282,"commentCount":0,"image":{"@id":"https:\/\/www.africa-press.net\/mali\/top-nouvelles\/couvre-feu-instaure-dans-les-regions-de-kayes-et-dioila#primaryimage"},"thumbnailUrl":"https:\/\/static.africa-press.net\/mali\/sites\/21\/2025\/07\/sm_1751490243.477443.jpg","keywords":["Attaques coordonn\u00e9es","Couvre-feu","Dio\u00efla","Kayes","mali"],"articleSection":["Politique","Top Nouvelles","Toutes les actualit\u00e9s"],"inLanguage":"fr-FR","potentialAction":[{"@type":"CommentAction","name":"Comment","target":["https:\/\/www.africa-press.net\/mali\/top-nouvelles\/couvre-feu-instaure-dans-les-regions-de-kayes-et-dioila#respond"]}]},{"@type":"WebPage","@id":"https:\/\/www.africa-press.net\/mali\/top-nouvelles\/couvre-feu-instaure-dans-les-regions-de-kayes-et-dioila","url":"https:\/\/www.africa-press.net\/mali\/top-nouvelles\/couvre-feu-instaure-dans-les-regions-de-kayes-et-dioila","name":"Couvre-Feu Instaure\u0301 dans les Re\u0301gions de Kayes et Dioi\u0308La - Mali","isPartOf":{"@id":"https:\/\/www.africa-press.net\/mali\/#website"},"primaryImageOfPage":{"@id":"https:\/\/www.africa-press.net\/mali\/top-nouvelles\/couvre-feu-instaure-dans-les-regions-de-kayes-et-dioila#primaryimage"},"image":{"@id":"https:\/\/www.africa-press.net\/mali\/top-nouvelles\/couvre-feu-instaure-dans-les-regions-de-kayes-et-dioila#primaryimage"},"thumbnailUrl":"https:\/\/static.africa-press.net\/mali\/sites\/21\/2025\/07\/sm_1751490243.477443.jpg","datePublished":"2025-07-02T14:00:00+00:00","dateModified":"2025-07-03T00:37:46+00:00","author":{"@id":"https:\/\/www.africa-press.net\/mali\/#\/schema\/person\/2b1cf3cd81a31e3cd26889ca66d677f1"},"description":"Les autorite\u0301s re\u0301gionales de Kayes et de Dioi\u0308la ont instaure\u0301, mardi, un couvre-feu nocturne de trente (30) jours reco ...","breadcrumb":{"@id":"https:\/\/www.africa-press.net\/mali\/top-nouvelles\/couvre-feu-instaure-dans-les-regions-de-kayes-et-dioila#breadcrumb"},"inLanguage":"fr-FR","potentialAction":[{"@type":"ReadAction","target":["https:\/\/www.africa-press.net\/mali\/top-nouvelles\/couvre-feu-instaure-dans-les-regions-de-kayes-et-dioila"]}]},{"@type":"ImageObject","inLanguage":"fr-FR","@id":"https:\/\/www.africa-press.net\/mali\/top-nouvelles\/couvre-feu-instaure-dans-les-regions-de-kayes-et-dioila#primaryimage","url":"https:\/\/static.africa-press.net\/mali\/sites\/21\/2025\/07\/sm_1751490243.477443.jpg","contentUrl":"https:\/\/static.africa-press.net\/mali\/sites\/21\/2025\/07\/sm_1751490243.477443.jpg","width":864,"height":486,"caption":"Couvre-Feu Instaure\u0301 dans les Re\u0301gions de Kayes et Dioi\u0308La"},{"@type":"BreadcrumbList","@id":"https:\/\/www.africa-press.net\/mali\/top-nouvelles\/couvre-feu-instaure-dans-les-regions-de-kayes-et-dioila#breadcrumb","itemListElement":[{"@type":"ListItem","position":1,"name":"Home","item":"https:\/\/www.africa-press.net\/mali\/"},{"@type":"ListItem","position":2,"name":"Couvre-Feu Instaure\u0301 dans les Re\u0301gions de Kayes et Dioi\u0308La"}]},{"@type":"WebSite","@id":"https:\/\/www.africa-press.net\/mali\/#website","url":"https:\/\/www.africa-press.net\/mali\/","name":"Mali","description":"Just another Africa News Agency Sites site","potentialAction":[{"@type":"SearchAction","target":{"@type":"EntryPoint","urlTemplate":"https:\/\/www.africa-press.net\/mali\/?s={search_term_string}"},"query-input":{"@type":"PropertyValueSpecification","valueRequired":true,"valueName":"search_term_string"}}],"inLanguage":"fr-FR"},{"@type":"Person","@id":"https:\/\/www.africa-press.net\/mali\/#\/schema\/person\/2b1cf3cd81a31e3cd26889ca66d677f1","name":"cfeditorfr"}]}},"_links":{"self":[{"href":"https:\/\/www.africa-press.net\/mali\/wp-json\/wp\/v2\/posts\/55220","targetHints":{"allow":["GET"]}}],"collection":[{"href":"https:\/\/www.africa-press.net\/mali\/wp-json\/wp\/v2\/posts"}],"about":[{"href":"https:\/\/www.africa-press.net\/mali\/wp-json\/wp\/v2\/types\/post"}],"author":[{"embeddable":true,"href":"https:\/\/www.africa-press.net\/mali\/wp-json\/wp\/v2\/users\/82"}],"replies":[{"embeddable":true,"href":"https:\/\/www.africa-press.net\/mali\/wp-json\/wp\/v2\/comments?post=55220"}],"version-history":[{"count":0,"href":"https:\/\/www.africa-press.net\/mali\/wp-json\/wp\/v2\/posts\/55220\/revisions"}],"wp:featuredmedia":[{"embeddable":true,"href":"https:\/\/www.africa-press.net\/mali\/wp-json\/wp\/v2\/media\/55219"}],"wp:attachment":[{"href":"https:\/\/www.africa-press.net\/mali\/wp-json\/wp\/v2\/media?parent=55220"}],"wp:term":[{"taxonomy":"category","embeddable":true,"href":"https:\/\/www.africa-press.net\/mali\/wp-json\/wp\/v2\/categories?post=55220"},{"taxonomy":"post_tag","embeddable":true,"href":"https:\/\/www.africa-press.net\/mali\/wp-json\/wp\/v2\/tags?post=55220"}],"curies":[{"name":"wp","href":"https:\/\/api.w.org\/{rel}","templated":true}]}}