{"id":55964,"date":"2025-08-08T14:00:00","date_gmt":"2025-08-08T14:00:00","guid":{"rendered":"https:\/\/www.africa-press.net\/mali\/politique\/abdoulaye-maiga-pas-de-volonte-de-couper-le-multipartisme"},"modified":"2025-08-08T21:10:17","modified_gmt":"2025-08-08T21:10:17","slug":"abdoulaye-maiga-pas-de-volonte-de-couper-le-multipartisme","status":"publish","type":"post","link":"https:\/\/www.africa-press.net\/mali\/top-nouvelles\/abdoulaye-maiga-pas-de-volonte-de-couper-le-multipartisme","title":{"rendered":"Abdoulaye Ma\u00efga: pas de Volont\u00e9 de Couper le Multipartisme"},"content":{"rendered":"<p><span style=\"color: #ff6600\"><strong>Africa-Press &#8211; Mali. <\/strong><\/span>Lors de son intervention dans le cadre de \u00ab Mali kura Taasira III\u00bb, le Premier ministre, Ge\u0301ne\u0301ral Abdoulaye Mai\u0308ga, a de\u0301clare\u0301 qu\u2019il n&rsquo;y a aucune volonte\u0301 politique de porter un coup au multipartisme, ni de la part du Chef de l&rsquo;E\u0301tat, encore moins du Gouvernement\u00bb.<\/p>\n<p>Sur la de\u0301cision relative a\u0300 la dissolution des partis politiques, le Premier ministre a rappele\u0301 que cette mesure s\u2019inscrit dans le cadre des recommandations issues des Assises nationales de la refondation. Lesquelles ont sugge\u0301re\u0301 de re\u0301duire le nombre de partis politiques dans le pays. \u00ab Il y avait plus de 297 partis politiques au Mali. La recommandation des Assises visaient a\u0300 mettre de l\u2019ordre dans l\u2019espace politique, ce qui est parfaitement le\u0301gitime \u00bb, a-t-il explique\u0301.<\/p>\n<p>Le Chef du Gouvernement a de\u0301taille\u0301 la de\u0301marche me\u0301thodologique adopte\u0301e. Avant toute de\u0301cision, le ministe\u0300re de\u0301le\u0301gue\u0301 charge\u0301 des Re\u0301formes politiques a adresse\u0301 une correspondance a\u0300 l\u2019ensemble des partis politiques afin de recueillir leur avis sur les modalite\u0301s de mise en \u0153uvre de cette recommandation. \u00abMalheureusement, les re\u0301ponses rec\u0327ues ont e\u0301te\u0301 insatisfaisantes. Lorsque certains partis sugge\u0300rent un regroupement, la question demeure: \u2018\u2019qui va les regrouper?\u2019\u2019 Le ministe\u0300re de l\u2019Administration territoriale n\u2019a ni l\u2019attribution ni la vocation de le faire. La cre\u0301ation des partis rele\u0300ve d\u2019un droit fondamental et nous n\u2019avons pas vocation a\u0300 porter atteinte a\u0300 cette liberte\u0301 \u00bb, a-t-il pre\u0301cise\u0301.<\/p>\n<p>A en croire le Premier ministre, face a\u0300 l\u2019absence de propositions concre\u0300tes, le Gouvernement a fait le choix de se tourner de nouveau vers les forces vives de la nation, initiatrices de la recommandation. \u00abA\u0300 de\u0301faut de solutions claires, celles-ci ont finalement sugge\u0301re\u0301 la dissolution de l\u2019ensemble des partis politiques, afin de repartir sur de nouvelles bases, avec une charte des partis politiques re\u0301nove\u0301e, comprenant des conditions d\u2019existence plus rigoureuses \u00bb.<\/p>\n<p>Le Premier ministre a rappele\u0301 que cette attitude du Gouvernement n\u2019est pas une premie\u0300re. Il a cite\u0301 en exemple l&rsquo;ope\u0301rationnalisation de l&rsquo;Autorite\u0301 Inde\u0301pendante de Gestion des E\u0301lections (AIGE). \u00abDans ce processus e\u0301galement et face a\u0300 l&rsquo;absence de consensus, nous avons fait appel au tirage au sort, re\u0301alise\u0301 par un huissier de justice, afin de garantir la transparence, l\u2019e\u0301quite\u0301 et la neutralite\u0301 de l\u2019E\u0301tat\u00bb.<\/p>\n<p><strong>Pour plus d&rsquo;informations et d&rsquo;analyses sur la <span style=\"color: #ff6600\">Mali<\/span>, suivez <span style=\"color: #ff6600\">Africa-Press<\/span><\/strong><\/p>\n","protected":false},"excerpt":{"rendered":"<p>Africa-Press &#8211; Mali. Lors de son intervention dans le cadre de \u00ab Mali kura Taasira III\u00bb, le Premier ministre, Ge\u0301ne\u0301ral Abdoulaye Mai\u0308ga, a de\u0301clare\u0301 qu\u2019il n&rsquo;y a aucune volonte\u0301 politique de porter un coup au multipartisme, ni de la part du Chef de l&rsquo;E\u0301tat, encore moins du Gouvernement\u00bb. Sur la de\u0301cision relative a\u0300 la dissolution [&hellip;]<\/p>\n","protected":false},"author":82,"featured_media":55963,"comment_status":"open","ping_status":"closed","sticky":false,"template":"","format":"standard","meta":{"footnotes":""},"categories":[10,7,5,17],"tags":[19],"class_list":["post-55964","post","type-post","status-publish","format-standard","has-post-thumbnail","hentry","category-parties","category-politique","category-top-nouvelles","category-toutes-les-actualites","tag-mali"],"yoast_head":"<!-- This site is optimized with the Yoast SEO Premium plugin v26.1 (Yoast SEO v27.0) - https:\/\/yoast.com\/product\/yoast-seo-premium-wordpress\/ -->\n<title>Abdoulaye Ma\u00efga: pas de Volont\u00e9 de Couper le Multipartisme - Mali<\/title>\n<meta name=\"description\" content=\"Lors de son intervention dans le cadre de \u00ab Mali kura Taasira III\u00bb, le Premier ministre, Ge\u0301ne\u0301ral Abdoulaye Mai\u0308ga, a d ...\" \/>\n<meta name=\"robots\" content=\"index, follow, max-snippet:-1, max-image-preview:large, max-video-preview:-1\" \/>\n<link rel=\"canonical\" href=\"https:\/\/www.africa-press.net\/mali\/top-nouvelles\/abdoulaye-maiga-pas-de-volonte-de-couper-le-multipartisme\" \/>\n<meta property=\"og:locale\" content=\"fr_FR\" \/>\n<meta property=\"og:type\" content=\"article\" \/>\n<meta property=\"og:title\" content=\"Abdoulaye Ma\u00efga: pas de Volont\u00e9 de Couper le Multipartisme\" \/>\n<meta property=\"og:description\" content=\"Lors de son intervention dans le cadre de \u00ab Mali kura Taasira III\u00bb, le Premier ministre, Ge\u0301ne\u0301ral Abdoulaye Mai\u0308ga, a d ...\" \/>\n<meta property=\"og:url\" content=\"https:\/\/www.africa-press.net\/mali\/top-nouvelles\/abdoulaye-maiga-pas-de-volonte-de-couper-le-multipartisme\" \/>\n<meta property=\"og:site_name\" content=\"Mali\" \/>\n<meta property=\"article:publisher\" content=\"https:\/\/www.facebook.com\/AfricaPressTunisiaa\" \/>\n<meta property=\"article:published_time\" content=\"2025-08-08T14:00:00+00:00\" \/>\n<meta property=\"article:modified_time\" content=\"2025-08-08T21:10:17+00:00\" \/>\n<meta property=\"og:image\" content=\"https:\/\/static.africa-press.net\/mali\/sites\/21\/2025\/08\/sm_1754716189.358139.jpg\" \/>\n\t<meta property=\"og:image:width\" content=\"720\" \/>\n\t<meta property=\"og:image:height\" content=\"382\" \/>\n\t<meta property=\"og:image:type\" content=\"image\/jpeg\" \/>\n<meta name=\"author\" content=\"cfeditorfr\" \/>\n<meta name=\"twitter:card\" content=\"summary_large_image\" \/>\n<meta name=\"twitter:label1\" content=\"\u00c9crit par\" \/>\n\t<meta name=\"twitter:data1\" content=\"cfeditorfr\" \/>\n\t<meta name=\"twitter:label2\" content=\"Dur\u00e9e de lecture estim\u00e9e\" \/>\n\t<meta name=\"twitter:data2\" content=\"3 minutes\" \/>\n<script type=\"application\/ld+json\" class=\"yoast-schema-graph\">{\"@context\":\"https:\/\/schema.org\",\"@graph\":[{\"@type\":\"Article\",\"@id\":\"https:\/\/www.africa-press.net\/mali\/top-nouvelles\/abdoulaye-maiga-pas-de-volonte-de-couper-le-multipartisme#article\",\"isPartOf\":{\"@id\":\"https:\/\/www.africa-press.net\/mali\/top-nouvelles\/abdoulaye-maiga-pas-de-volonte-de-couper-le-multipartisme\"},\"author\":{\"name\":\"cfeditorfr\",\"@id\":\"https:\/\/www.africa-press.net\/mali\/#\/schema\/person\/2b1cf3cd81a31e3cd26889ca66d677f1\"},\"headline\":\"Abdoulaye Ma\u00efga: pas de Volont\u00e9 de Couper le Multipartisme\",\"datePublished\":\"2025-08-08T14:00:00+00:00\",\"dateModified\":\"2025-08-08T21:10:17+00:00\",\"mainEntityOfPage\":{\"@id\":\"https:\/\/www.africa-press.net\/mali\/top-nouvelles\/abdoulaye-maiga-pas-de-volonte-de-couper-le-multipartisme\"},\"wordCount\":434,\"commentCount\":0,\"image\":{\"@id\":\"https:\/\/www.africa-press.net\/mali\/top-nouvelles\/abdoulaye-maiga-pas-de-volonte-de-couper-le-multipartisme#primaryimage\"},\"thumbnailUrl\":\"https:\/\/static.africa-press.net\/mali\/sites\/21\/2025\/08\/sm_1754716189.358139.jpg\",\"keywords\":[\"mali\"],\"articleSection\":[\"Parties\",\"Politique\",\"Top Nouvelles\",\"Toutes les actualit\u00e9s\"],\"inLanguage\":\"fr-FR\",\"potentialAction\":[{\"@type\":\"CommentAction\",\"name\":\"Comment\",\"target\":[\"https:\/\/www.africa-press.net\/mali\/top-nouvelles\/abdoulaye-maiga-pas-de-volonte-de-couper-le-multipartisme#respond\"]}]},{\"@type\":\"WebPage\",\"@id\":\"https:\/\/www.africa-press.net\/mali\/top-nouvelles\/abdoulaye-maiga-pas-de-volonte-de-couper-le-multipartisme\",\"url\":\"https:\/\/www.africa-press.net\/mali\/top-nouvelles\/abdoulaye-maiga-pas-de-volonte-de-couper-le-multipartisme\",\"name\":\"Abdoulaye Ma\u00efga: pas de Volont\u00e9 de Couper le Multipartisme - Mali\",\"isPartOf\":{\"@id\":\"https:\/\/www.africa-press.net\/mali\/#website\"},\"primaryImageOfPage\":{\"@id\":\"https:\/\/www.africa-press.net\/mali\/top-nouvelles\/abdoulaye-maiga-pas-de-volonte-de-couper-le-multipartisme#primaryimage\"},\"image\":{\"@id\":\"https:\/\/www.africa-press.net\/mali\/top-nouvelles\/abdoulaye-maiga-pas-de-volonte-de-couper-le-multipartisme#primaryimage\"},\"thumbnailUrl\":\"https:\/\/static.africa-press.net\/mali\/sites\/21\/2025\/08\/sm_1754716189.358139.jpg\",\"datePublished\":\"2025-08-08T14:00:00+00:00\",\"dateModified\":\"2025-08-08T21:10:17+00:00\",\"author\":{\"@id\":\"https:\/\/www.africa-press.net\/mali\/#\/schema\/person\/2b1cf3cd81a31e3cd26889ca66d677f1\"},\"description\":\"Lors de son intervention dans le cadre de \u00ab Mali kura Taasira III\u00bb, le Premier ministre, Ge\u0301ne\u0301ral Abdoulaye Mai\u0308ga, a d ...\",\"breadcrumb\":{\"@id\":\"https:\/\/www.africa-press.net\/mali\/top-nouvelles\/abdoulaye-maiga-pas-de-volonte-de-couper-le-multipartisme#breadcrumb\"},\"inLanguage\":\"fr-FR\",\"potentialAction\":[{\"@type\":\"ReadAction\",\"target\":[\"https:\/\/www.africa-press.net\/mali\/top-nouvelles\/abdoulaye-maiga-pas-de-volonte-de-couper-le-multipartisme\"]}]},{\"@type\":\"ImageObject\",\"inLanguage\":\"fr-FR\",\"@id\":\"https:\/\/www.africa-press.net\/mali\/top-nouvelles\/abdoulaye-maiga-pas-de-volonte-de-couper-le-multipartisme#primaryimage\",\"url\":\"https:\/\/static.africa-press.net\/mali\/sites\/21\/2025\/08\/sm_1754716189.358139.jpg\",\"contentUrl\":\"https:\/\/static.africa-press.net\/mali\/sites\/21\/2025\/08\/sm_1754716189.358139.jpg\",\"width\":720,\"height\":382,\"caption\":\"Abdoulaye Ma\u00efga: pas de Volont\u00e9 de Couper le Multipartisme\"},{\"@type\":\"BreadcrumbList\",\"@id\":\"https:\/\/www.africa-press.net\/mali\/top-nouvelles\/abdoulaye-maiga-pas-de-volonte-de-couper-le-multipartisme#breadcrumb\",\"itemListElement\":[{\"@type\":\"ListItem\",\"position\":1,\"name\":\"Home\",\"item\":\"https:\/\/www.africa-press.net\/mali\/\"},{\"@type\":\"ListItem\",\"position\":2,\"name\":\"Abdoulaye Ma\u00efga: pas de Volont\u00e9 de Couper le Multipartisme\"}]},{\"@type\":\"WebSite\",\"@id\":\"https:\/\/www.africa-press.net\/mali\/#website\",\"url\":\"https:\/\/www.africa-press.net\/mali\/\",\"name\":\"Mali\",\"description\":\"Just another Africa News Agency Sites site\",\"potentialAction\":[{\"@type\":\"SearchAction\",\"target\":{\"@type\":\"EntryPoint\",\"urlTemplate\":\"https:\/\/www.africa-press.net\/mali\/?s={search_term_string}\"},\"query-input\":{\"@type\":\"PropertyValueSpecification\",\"valueRequired\":true,\"valueName\":\"search_term_string\"}}],\"inLanguage\":\"fr-FR\"},{\"@type\":\"Person\",\"@id\":\"https:\/\/www.africa-press.net\/mali\/#\/schema\/person\/2b1cf3cd81a31e3cd26889ca66d677f1\",\"name\":\"cfeditorfr\"}]}<\/script>\n<!-- \/ Yoast SEO Premium plugin. -->","yoast_head_json":{"title":"Abdoulaye Ma\u00efga: pas de Volont\u00e9 de Couper le Multipartisme - Mali","description":"Lors de son intervention dans le cadre de \u00ab Mali kura Taasira III\u00bb, le Premier ministre, Ge\u0301ne\u0301ral Abdoulaye Mai\u0308ga, a d ...","robots":{"index":"index","follow":"follow","max-snippet":"max-snippet:-1","max-image-preview":"max-image-preview:large","max-video-preview":"max-video-preview:-1"},"canonical":"https:\/\/www.africa-press.net\/mali\/top-nouvelles\/abdoulaye-maiga-pas-de-volonte-de-couper-le-multipartisme","og_locale":"fr_FR","og_type":"article","og_title":"Abdoulaye Ma\u00efga: pas de Volont\u00e9 de Couper le Multipartisme","og_description":"Lors de son intervention dans le cadre de \u00ab Mali kura Taasira III\u00bb, le Premier ministre, Ge\u0301ne\u0301ral Abdoulaye Mai\u0308ga, a d ...","og_url":"https:\/\/www.africa-press.net\/mali\/top-nouvelles\/abdoulaye-maiga-pas-de-volonte-de-couper-le-multipartisme","og_site_name":"Mali","article_publisher":"https:\/\/www.facebook.com\/AfricaPressTunisiaa","article_published_time":"2025-08-08T14:00:00+00:00","article_modified_time":"2025-08-08T21:10:17+00:00","og_image":[{"width":720,"height":382,"url":"https:\/\/static.africa-press.net\/mali\/sites\/21\/2025\/08\/sm_1754716189.358139.jpg","type":"image\/jpeg"}],"author":"cfeditorfr","twitter_card":"summary_large_image","twitter_misc":{"\u00c9crit par":"cfeditorfr","Dur\u00e9e de lecture estim\u00e9e":"3 minutes"},"schema":{"@context":"https:\/\/schema.org","@graph":[{"@type":"Article","@id":"https:\/\/www.africa-press.net\/mali\/top-nouvelles\/abdoulaye-maiga-pas-de-volonte-de-couper-le-multipartisme#article","isPartOf":{"@id":"https:\/\/www.africa-press.net\/mali\/top-nouvelles\/abdoulaye-maiga-pas-de-volonte-de-couper-le-multipartisme"},"author":{"name":"cfeditorfr","@id":"https:\/\/www.africa-press.net\/mali\/#\/schema\/person\/2b1cf3cd81a31e3cd26889ca66d677f1"},"headline":"Abdoulaye Ma\u00efga: pas de Volont\u00e9 de Couper le Multipartisme","datePublished":"2025-08-08T14:00:00+00:00","dateModified":"2025-08-08T21:10:17+00:00","mainEntityOfPage":{"@id":"https:\/\/www.africa-press.net\/mali\/top-nouvelles\/abdoulaye-maiga-pas-de-volonte-de-couper-le-multipartisme"},"wordCount":434,"commentCount":0,"image":{"@id":"https:\/\/www.africa-press.net\/mali\/top-nouvelles\/abdoulaye-maiga-pas-de-volonte-de-couper-le-multipartisme#primaryimage"},"thumbnailUrl":"https:\/\/static.africa-press.net\/mali\/sites\/21\/2025\/08\/sm_1754716189.358139.jpg","keywords":["mali"],"articleSection":["Parties","Politique","Top Nouvelles","Toutes les actualit\u00e9s"],"inLanguage":"fr-FR","potentialAction":[{"@type":"CommentAction","name":"Comment","target":["https:\/\/www.africa-press.net\/mali\/top-nouvelles\/abdoulaye-maiga-pas-de-volonte-de-couper-le-multipartisme#respond"]}]},{"@type":"WebPage","@id":"https:\/\/www.africa-press.net\/mali\/top-nouvelles\/abdoulaye-maiga-pas-de-volonte-de-couper-le-multipartisme","url":"https:\/\/www.africa-press.net\/mali\/top-nouvelles\/abdoulaye-maiga-pas-de-volonte-de-couper-le-multipartisme","name":"Abdoulaye Ma\u00efga: pas de Volont\u00e9 de Couper le Multipartisme - Mali","isPartOf":{"@id":"https:\/\/www.africa-press.net\/mali\/#website"},"primaryImageOfPage":{"@id":"https:\/\/www.africa-press.net\/mali\/top-nouvelles\/abdoulaye-maiga-pas-de-volonte-de-couper-le-multipartisme#primaryimage"},"image":{"@id":"https:\/\/www.africa-press.net\/mali\/top-nouvelles\/abdoulaye-maiga-pas-de-volonte-de-couper-le-multipartisme#primaryimage"},"thumbnailUrl":"https:\/\/static.africa-press.net\/mali\/sites\/21\/2025\/08\/sm_1754716189.358139.jpg","datePublished":"2025-08-08T14:00:00+00:00","dateModified":"2025-08-08T21:10:17+00:00","author":{"@id":"https:\/\/www.africa-press.net\/mali\/#\/schema\/person\/2b1cf3cd81a31e3cd26889ca66d677f1"},"description":"Lors de son intervention dans le cadre de \u00ab Mali kura Taasira III\u00bb, le Premier ministre, Ge\u0301ne\u0301ral Abdoulaye Mai\u0308ga, a d ...","breadcrumb":{"@id":"https:\/\/www.africa-press.net\/mali\/top-nouvelles\/abdoulaye-maiga-pas-de-volonte-de-couper-le-multipartisme#breadcrumb"},"inLanguage":"fr-FR","potentialAction":[{"@type":"ReadAction","target":["https:\/\/www.africa-press.net\/mali\/top-nouvelles\/abdoulaye-maiga-pas-de-volonte-de-couper-le-multipartisme"]}]},{"@type":"ImageObject","inLanguage":"fr-FR","@id":"https:\/\/www.africa-press.net\/mali\/top-nouvelles\/abdoulaye-maiga-pas-de-volonte-de-couper-le-multipartisme#primaryimage","url":"https:\/\/static.africa-press.net\/mali\/sites\/21\/2025\/08\/sm_1754716189.358139.jpg","contentUrl":"https:\/\/static.africa-press.net\/mali\/sites\/21\/2025\/08\/sm_1754716189.358139.jpg","width":720,"height":382,"caption":"Abdoulaye Ma\u00efga: pas de Volont\u00e9 de Couper le Multipartisme"},{"@type":"BreadcrumbList","@id":"https:\/\/www.africa-press.net\/mali\/top-nouvelles\/abdoulaye-maiga-pas-de-volonte-de-couper-le-multipartisme#breadcrumb","itemListElement":[{"@type":"ListItem","position":1,"name":"Home","item":"https:\/\/www.africa-press.net\/mali\/"},{"@type":"ListItem","position":2,"name":"Abdoulaye Ma\u00efga: pas de Volont\u00e9 de Couper le Multipartisme"}]},{"@type":"WebSite","@id":"https:\/\/www.africa-press.net\/mali\/#website","url":"https:\/\/www.africa-press.net\/mali\/","name":"Mali","description":"Just another Africa News Agency Sites site","potentialAction":[{"@type":"SearchAction","target":{"@type":"EntryPoint","urlTemplate":"https:\/\/www.africa-press.net\/mali\/?s={search_term_string}"},"query-input":{"@type":"PropertyValueSpecification","valueRequired":true,"valueName":"search_term_string"}}],"inLanguage":"fr-FR"},{"@type":"Person","@id":"https:\/\/www.africa-press.net\/mali\/#\/schema\/person\/2b1cf3cd81a31e3cd26889ca66d677f1","name":"cfeditorfr"}]}},"_links":{"self":[{"href":"https:\/\/www.africa-press.net\/mali\/wp-json\/wp\/v2\/posts\/55964","targetHints":{"allow":["GET"]}}],"collection":[{"href":"https:\/\/www.africa-press.net\/mali\/wp-json\/wp\/v2\/posts"}],"about":[{"href":"https:\/\/www.africa-press.net\/mali\/wp-json\/wp\/v2\/types\/post"}],"author":[{"embeddable":true,"href":"https:\/\/www.africa-press.net\/mali\/wp-json\/wp\/v2\/users\/82"}],"replies":[{"embeddable":true,"href":"https:\/\/www.africa-press.net\/mali\/wp-json\/wp\/v2\/comments?post=55964"}],"version-history":[{"count":0,"href":"https:\/\/www.africa-press.net\/mali\/wp-json\/wp\/v2\/posts\/55964\/revisions"}],"wp:featuredmedia":[{"embeddable":true,"href":"https:\/\/www.africa-press.net\/mali\/wp-json\/wp\/v2\/media\/55963"}],"wp:attachment":[{"href":"https:\/\/www.africa-press.net\/mali\/wp-json\/wp\/v2\/media?parent=55964"}],"wp:term":[{"taxonomy":"category","embeddable":true,"href":"https:\/\/www.africa-press.net\/mali\/wp-json\/wp\/v2\/categories?post=55964"},{"taxonomy":"post_tag","embeddable":true,"href":"https:\/\/www.africa-press.net\/mali\/wp-json\/wp\/v2\/tags?post=55964"}],"curies":[{"name":"wp","href":"https:\/\/api.w.org\/{rel}","templated":true}]}}