{"id":56009,"date":"2025-08-11T14:00:00","date_gmt":"2025-08-11T14:00:00","guid":{"rendered":"https:\/\/www.africa-press.net\/mali\/politique\/dissolution-des-partis-bataille-judiciaire-au-cnt"},"modified":"2025-08-11T20:06:33","modified_gmt":"2025-08-11T20:06:33","slug":"dissolution-des-partis-bataille-judiciaire-au-cnt","status":"publish","type":"post","link":"https:\/\/www.africa-press.net\/mali\/top-nouvelles\/dissolution-des-partis-bataille-judiciaire-au-cnt","title":{"rendered":"Dissolution des Partis: Bataille Judiciaire au CNT"},"content":{"rendered":"<p><span style=\"color: #ff6600\"><strong>Africa-Press &#8211; Mali. <\/strong><\/span>Le collectif d\u2019avocats mene\u0301 par Me Mountaga Tall a rendu public, le lundi 4 aou\u0302t 2025, l\u2019e\u0301tat d\u2019avancement des proce\u0301dures judiciaires visant a\u0300 contester la dissolution des partis politiques et a\u0300 exiger des poursuites contre deux membres influents du Conseil National de Transition (CNT).<\/p>\n<p>Le lundi 4 aou\u0302t 2025, s\u2019est tenue, au Tribunal de Grande Instance (TGI) de la Commune I, l\u2019audience de fond sur l\u2019annulation des textes ayant dissous plusieurs partis politiques. Les plaidoiries des avocats se sont concentre\u0301es sur ce qu&rsquo;ils conside\u0300rent comme une atteinte grave aux liberte\u0301s d\u2019association, d\u2019expression et de participation a\u0300 la vie politique, garanties par la Constitution du 22 juillet 2023. Les avocats ont notamment invoque\u0301 des violations de la Charte africaine des droits de l\u2019Homme et de la jurisprudence malienne. Le jugement, tre\u0300s attendu, a e\u0301te\u0301 mis en de\u0301libe\u0301re\u0301 jusqu\u2019au 25 aou\u0302t prochain.<\/p>\n<p>Paralle\u0300lement, le dossier du TGI de la Commune VI sera re\u0301examine\u0301 le 26 aou\u0302t, tandis que les de\u0301cisions d\u2019incompe\u0301tence des tribunaux des Communes III, IV et V ont e\u0301te\u0301 porte\u0301es en appel. La proce\u0301dure engage\u0301e devant la Section administrative de la Cour supre\u0302me suit e\u0301galement son cours: la reque\u0302te a e\u0301te\u0301 officiellement transmise au gouvernement, qui n\u2019a pas encore de\u0301pose\u0301 son me\u0301moire en de\u0301fense. Ce silence prolonge\u0301 laisse planer l\u2019incertitude sur le calendrier de cette instance strate\u0301gique.<\/p>\n<p><b>Le Parquet accuse\u0301 de deux poids, deux mesures<\/b><\/p>\n<p>Le volet le plus pole\u0301mique concerne la plainte de\u0301pose\u0301e contre Biton Mamari Coulibaly et Moulaye Ke\u0301i\u0308ta, tous deux membres du CNT, pour des faits pre\u0301sume\u0301s de cybercriminalite\u0301. Les avocats de\u0301noncent une \u00ab\u00a0inertie incompre\u0301hensible\u00a0\u00bb du Po\u0302le national de lutte contre la cybercriminalite\u0301, qu&rsquo;ils accusent de partialite\u0301. Cette lenteur est mise en contraste avec la ce\u0301le\u0301rite\u0301 des poursuites ayant vise\u0301 l\u2019ancien Premier ministre Moussa Mara.<\/p>\n<p>\u00ab\u00a0La de\u0301cision de poursuivre ou non rele\u0300ve clairement d\u2019un choix politique\u00a0\u00bb, a indique\u0301 Me Tall, qui menace d\u2019engager \u00ab\u00a0d\u2019autres proce\u0301dures\u00a0\u00bb pour contraindre les mis en cause a\u0300 comparai\u0302tre. Cet avertissement souligne les tensions autour de l\u2019inde\u0301pendance de la justice dans le contexte de la transition.<\/p>\n<p>Dans leurs conclusions, les avocats ont re\u0301affirme\u0301 leur \u00ab\u00a0foi en la justice malienne\u00a0\u00bb, tout en rappelant son ro\u0302le historique dans l\u2019instauration de l\u2019E\u0301tat de droit. \u00ab\u00a0A\u0300 elle de prouver que nous ne sommes pas des re\u0302veurs\u00a0\u00bb, selon Me Tall, dans un appel a\u0300 la mobilisation des institutions face aux enjeux de\u0301mocratiques actuels.<\/p>\n<p>Les prochaines semaines s\u2019annoncent de\u0301cisives. Les de\u0301cisions des tribunaux bamakois fin aou\u0302t et l&rsquo;e\u0301ventuelle re\u0301ponse du Parquet concernant les membres du CNT pourraient rede\u0301finir l\u2019e\u0301quilibre des pouvoirs dans un Mali en pleine recomposition politique.<\/p>\n<p><strong>Pour plus d&rsquo;informations et d&rsquo;analyses sur la <span style=\"color: #ff6600\">Mali<\/span>, suivez <span style=\"color: #ff6600\">Africa-Press<\/span><\/strong><\/p>\n","protected":false},"excerpt":{"rendered":"<p>Africa-Press &#8211; Mali. Le collectif d\u2019avocats mene\u0301 par Me Mountaga Tall a rendu public, le lundi 4 aou\u0302t 2025, l\u2019e\u0301tat d\u2019avancement des proce\u0301dures judiciaires visant a\u0300 contester la dissolution des partis politiques et a\u0300 exiger des poursuites contre deux membres influents du Conseil National de Transition (CNT). Le lundi 4 aou\u0302t 2025, s\u2019est tenue, au [&hellip;]<\/p>\n","protected":false},"author":82,"featured_media":56008,"comment_status":"open","ping_status":"closed","sticky":false,"template":"","format":"standard","meta":{"footnotes":""},"categories":[10,7,5,17],"tags":[19],"class_list":["post-56009","post","type-post","status-publish","format-standard","has-post-thumbnail","hentry","category-parties","category-politique","category-top-nouvelles","category-toutes-les-actualites","tag-mali"],"yoast_head":"<!-- This site is optimized with the Yoast SEO Premium plugin v26.1 (Yoast SEO v27.0) - https:\/\/yoast.com\/product\/yoast-seo-premium-wordpress\/ -->\n<title>Dissolution des Partis: Bataille Judiciaire au CNT - Mali<\/title>\n<meta name=\"description\" content=\"Le collectif d\u2019avocats mene\u0301 par Me Mountaga Tall a rendu public, le lundi 4 aou\u0302t 2025, l\u2019e\u0301tat d\u2019avancement des proce\u0301 ...\" \/>\n<meta name=\"robots\" content=\"index, follow, max-snippet:-1, max-image-preview:large, max-video-preview:-1\" \/>\n<link rel=\"canonical\" href=\"https:\/\/www.africa-press.net\/mali\/top-nouvelles\/dissolution-des-partis-bataille-judiciaire-au-cnt\" \/>\n<meta property=\"og:locale\" content=\"fr_FR\" \/>\n<meta property=\"og:type\" content=\"article\" \/>\n<meta property=\"og:title\" content=\"Dissolution des Partis: Bataille Judiciaire au CNT\" \/>\n<meta property=\"og:description\" content=\"Le collectif d\u2019avocats mene\u0301 par Me Mountaga Tall a rendu public, le lundi 4 aou\u0302t 2025, l\u2019e\u0301tat d\u2019avancement des proce\u0301 ...\" \/>\n<meta property=\"og:url\" content=\"https:\/\/www.africa-press.net\/mali\/top-nouvelles\/dissolution-des-partis-bataille-judiciaire-au-cnt\" \/>\n<meta property=\"og:site_name\" content=\"Mali\" \/>\n<meta property=\"article:publisher\" content=\"https:\/\/www.facebook.com\/AfricaPressTunisiaa\" \/>\n<meta property=\"article:published_time\" content=\"2025-08-11T14:00:00+00:00\" \/>\n<meta property=\"article:modified_time\" content=\"2025-08-11T20:06:33+00:00\" \/>\n<meta property=\"og:image\" content=\"https:\/\/static.africa-press.net\/mali\/sites\/21\/2025\/08\/sm_1754971540.076348.jpg\" \/>\n\t<meta property=\"og:image:width\" content=\"720\" \/>\n\t<meta property=\"og:image:height\" content=\"384\" \/>\n\t<meta property=\"og:image:type\" content=\"image\/jpeg\" \/>\n<meta name=\"author\" content=\"cfeditorfr\" \/>\n<meta name=\"twitter:card\" content=\"summary_large_image\" \/>\n<meta name=\"twitter:label1\" content=\"\u00c9crit par\" \/>\n\t<meta name=\"twitter:data1\" content=\"cfeditorfr\" \/>\n\t<meta name=\"twitter:label2\" content=\"Dur\u00e9e de lecture estim\u00e9e\" \/>\n\t<meta name=\"twitter:data2\" content=\"3 minutes\" \/>\n<script type=\"application\/ld+json\" class=\"yoast-schema-graph\">{\"@context\":\"https:\/\/schema.org\",\"@graph\":[{\"@type\":\"Article\",\"@id\":\"https:\/\/www.africa-press.net\/mali\/top-nouvelles\/dissolution-des-partis-bataille-judiciaire-au-cnt#article\",\"isPartOf\":{\"@id\":\"https:\/\/www.africa-press.net\/mali\/top-nouvelles\/dissolution-des-partis-bataille-judiciaire-au-cnt\"},\"author\":{\"name\":\"cfeditorfr\",\"@id\":\"https:\/\/www.africa-press.net\/mali\/#\/schema\/person\/2b1cf3cd81a31e3cd26889ca66d677f1\"},\"headline\":\"Dissolution des Partis: Bataille Judiciaire au CNT\",\"datePublished\":\"2025-08-11T14:00:00+00:00\",\"dateModified\":\"2025-08-11T20:06:33+00:00\",\"mainEntityOfPage\":{\"@id\":\"https:\/\/www.africa-press.net\/mali\/top-nouvelles\/dissolution-des-partis-bataille-judiciaire-au-cnt\"},\"wordCount\":516,\"commentCount\":0,\"image\":{\"@id\":\"https:\/\/www.africa-press.net\/mali\/top-nouvelles\/dissolution-des-partis-bataille-judiciaire-au-cnt#primaryimage\"},\"thumbnailUrl\":\"https:\/\/static.africa-press.net\/mali\/sites\/21\/2025\/08\/sm_1754971540.076348.jpg\",\"keywords\":[\"mali\"],\"articleSection\":[\"Parties\",\"Politique\",\"Top Nouvelles\",\"Toutes les actualit\u00e9s\"],\"inLanguage\":\"fr-FR\",\"potentialAction\":[{\"@type\":\"CommentAction\",\"name\":\"Comment\",\"target\":[\"https:\/\/www.africa-press.net\/mali\/top-nouvelles\/dissolution-des-partis-bataille-judiciaire-au-cnt#respond\"]}]},{\"@type\":\"WebPage\",\"@id\":\"https:\/\/www.africa-press.net\/mali\/top-nouvelles\/dissolution-des-partis-bataille-judiciaire-au-cnt\",\"url\":\"https:\/\/www.africa-press.net\/mali\/top-nouvelles\/dissolution-des-partis-bataille-judiciaire-au-cnt\",\"name\":\"Dissolution des Partis: Bataille Judiciaire au CNT - Mali\",\"isPartOf\":{\"@id\":\"https:\/\/www.africa-press.net\/mali\/#website\"},\"primaryImageOfPage\":{\"@id\":\"https:\/\/www.africa-press.net\/mali\/top-nouvelles\/dissolution-des-partis-bataille-judiciaire-au-cnt#primaryimage\"},\"image\":{\"@id\":\"https:\/\/www.africa-press.net\/mali\/top-nouvelles\/dissolution-des-partis-bataille-judiciaire-au-cnt#primaryimage\"},\"thumbnailUrl\":\"https:\/\/static.africa-press.net\/mali\/sites\/21\/2025\/08\/sm_1754971540.076348.jpg\",\"datePublished\":\"2025-08-11T14:00:00+00:00\",\"dateModified\":\"2025-08-11T20:06:33+00:00\",\"author\":{\"@id\":\"https:\/\/www.africa-press.net\/mali\/#\/schema\/person\/2b1cf3cd81a31e3cd26889ca66d677f1\"},\"description\":\"Le collectif d\u2019avocats mene\u0301 par Me Mountaga Tall a rendu public, le lundi 4 aou\u0302t 2025, l\u2019e\u0301tat d\u2019avancement des proce\u0301 ...\",\"breadcrumb\":{\"@id\":\"https:\/\/www.africa-press.net\/mali\/top-nouvelles\/dissolution-des-partis-bataille-judiciaire-au-cnt#breadcrumb\"},\"inLanguage\":\"fr-FR\",\"potentialAction\":[{\"@type\":\"ReadAction\",\"target\":[\"https:\/\/www.africa-press.net\/mali\/top-nouvelles\/dissolution-des-partis-bataille-judiciaire-au-cnt\"]}]},{\"@type\":\"ImageObject\",\"inLanguage\":\"fr-FR\",\"@id\":\"https:\/\/www.africa-press.net\/mali\/top-nouvelles\/dissolution-des-partis-bataille-judiciaire-au-cnt#primaryimage\",\"url\":\"https:\/\/static.africa-press.net\/mali\/sites\/21\/2025\/08\/sm_1754971540.076348.jpg\",\"contentUrl\":\"https:\/\/static.africa-press.net\/mali\/sites\/21\/2025\/08\/sm_1754971540.076348.jpg\",\"width\":720,\"height\":384,\"caption\":\"Dissolution des Partis: Bataille Judiciaire au CNT\"},{\"@type\":\"BreadcrumbList\",\"@id\":\"https:\/\/www.africa-press.net\/mali\/top-nouvelles\/dissolution-des-partis-bataille-judiciaire-au-cnt#breadcrumb\",\"itemListElement\":[{\"@type\":\"ListItem\",\"position\":1,\"name\":\"Home\",\"item\":\"https:\/\/www.africa-press.net\/mali\/\"},{\"@type\":\"ListItem\",\"position\":2,\"name\":\"Dissolution des Partis: Bataille Judiciaire au CNT\"}]},{\"@type\":\"WebSite\",\"@id\":\"https:\/\/www.africa-press.net\/mali\/#website\",\"url\":\"https:\/\/www.africa-press.net\/mali\/\",\"name\":\"Mali\",\"description\":\"Just another Africa News Agency Sites site\",\"potentialAction\":[{\"@type\":\"SearchAction\",\"target\":{\"@type\":\"EntryPoint\",\"urlTemplate\":\"https:\/\/www.africa-press.net\/mali\/?s={search_term_string}\"},\"query-input\":{\"@type\":\"PropertyValueSpecification\",\"valueRequired\":true,\"valueName\":\"search_term_string\"}}],\"inLanguage\":\"fr-FR\"},{\"@type\":\"Person\",\"@id\":\"https:\/\/www.africa-press.net\/mali\/#\/schema\/person\/2b1cf3cd81a31e3cd26889ca66d677f1\",\"name\":\"cfeditorfr\"}]}<\/script>\n<!-- \/ Yoast SEO Premium plugin. -->","yoast_head_json":{"title":"Dissolution des Partis: Bataille Judiciaire au CNT - Mali","description":"Le collectif d\u2019avocats mene\u0301 par Me Mountaga Tall a rendu public, le lundi 4 aou\u0302t 2025, l\u2019e\u0301tat d\u2019avancement des proce\u0301 ...","robots":{"index":"index","follow":"follow","max-snippet":"max-snippet:-1","max-image-preview":"max-image-preview:large","max-video-preview":"max-video-preview:-1"},"canonical":"https:\/\/www.africa-press.net\/mali\/top-nouvelles\/dissolution-des-partis-bataille-judiciaire-au-cnt","og_locale":"fr_FR","og_type":"article","og_title":"Dissolution des Partis: Bataille Judiciaire au CNT","og_description":"Le collectif d\u2019avocats mene\u0301 par Me Mountaga Tall a rendu public, le lundi 4 aou\u0302t 2025, l\u2019e\u0301tat d\u2019avancement des proce\u0301 ...","og_url":"https:\/\/www.africa-press.net\/mali\/top-nouvelles\/dissolution-des-partis-bataille-judiciaire-au-cnt","og_site_name":"Mali","article_publisher":"https:\/\/www.facebook.com\/AfricaPressTunisiaa","article_published_time":"2025-08-11T14:00:00+00:00","article_modified_time":"2025-08-11T20:06:33+00:00","og_image":[{"width":720,"height":384,"url":"https:\/\/static.africa-press.net\/mali\/sites\/21\/2025\/08\/sm_1754971540.076348.jpg","type":"image\/jpeg"}],"author":"cfeditorfr","twitter_card":"summary_large_image","twitter_misc":{"\u00c9crit par":"cfeditorfr","Dur\u00e9e de lecture estim\u00e9e":"3 minutes"},"schema":{"@context":"https:\/\/schema.org","@graph":[{"@type":"Article","@id":"https:\/\/www.africa-press.net\/mali\/top-nouvelles\/dissolution-des-partis-bataille-judiciaire-au-cnt#article","isPartOf":{"@id":"https:\/\/www.africa-press.net\/mali\/top-nouvelles\/dissolution-des-partis-bataille-judiciaire-au-cnt"},"author":{"name":"cfeditorfr","@id":"https:\/\/www.africa-press.net\/mali\/#\/schema\/person\/2b1cf3cd81a31e3cd26889ca66d677f1"},"headline":"Dissolution des Partis: Bataille Judiciaire au CNT","datePublished":"2025-08-11T14:00:00+00:00","dateModified":"2025-08-11T20:06:33+00:00","mainEntityOfPage":{"@id":"https:\/\/www.africa-press.net\/mali\/top-nouvelles\/dissolution-des-partis-bataille-judiciaire-au-cnt"},"wordCount":516,"commentCount":0,"image":{"@id":"https:\/\/www.africa-press.net\/mali\/top-nouvelles\/dissolution-des-partis-bataille-judiciaire-au-cnt#primaryimage"},"thumbnailUrl":"https:\/\/static.africa-press.net\/mali\/sites\/21\/2025\/08\/sm_1754971540.076348.jpg","keywords":["mali"],"articleSection":["Parties","Politique","Top Nouvelles","Toutes les actualit\u00e9s"],"inLanguage":"fr-FR","potentialAction":[{"@type":"CommentAction","name":"Comment","target":["https:\/\/www.africa-press.net\/mali\/top-nouvelles\/dissolution-des-partis-bataille-judiciaire-au-cnt#respond"]}]},{"@type":"WebPage","@id":"https:\/\/www.africa-press.net\/mali\/top-nouvelles\/dissolution-des-partis-bataille-judiciaire-au-cnt","url":"https:\/\/www.africa-press.net\/mali\/top-nouvelles\/dissolution-des-partis-bataille-judiciaire-au-cnt","name":"Dissolution des Partis: Bataille Judiciaire au CNT - Mali","isPartOf":{"@id":"https:\/\/www.africa-press.net\/mali\/#website"},"primaryImageOfPage":{"@id":"https:\/\/www.africa-press.net\/mali\/top-nouvelles\/dissolution-des-partis-bataille-judiciaire-au-cnt#primaryimage"},"image":{"@id":"https:\/\/www.africa-press.net\/mali\/top-nouvelles\/dissolution-des-partis-bataille-judiciaire-au-cnt#primaryimage"},"thumbnailUrl":"https:\/\/static.africa-press.net\/mali\/sites\/21\/2025\/08\/sm_1754971540.076348.jpg","datePublished":"2025-08-11T14:00:00+00:00","dateModified":"2025-08-11T20:06:33+00:00","author":{"@id":"https:\/\/www.africa-press.net\/mali\/#\/schema\/person\/2b1cf3cd81a31e3cd26889ca66d677f1"},"description":"Le collectif d\u2019avocats mene\u0301 par Me Mountaga Tall a rendu public, le lundi 4 aou\u0302t 2025, l\u2019e\u0301tat d\u2019avancement des proce\u0301 ...","breadcrumb":{"@id":"https:\/\/www.africa-press.net\/mali\/top-nouvelles\/dissolution-des-partis-bataille-judiciaire-au-cnt#breadcrumb"},"inLanguage":"fr-FR","potentialAction":[{"@type":"ReadAction","target":["https:\/\/www.africa-press.net\/mali\/top-nouvelles\/dissolution-des-partis-bataille-judiciaire-au-cnt"]}]},{"@type":"ImageObject","inLanguage":"fr-FR","@id":"https:\/\/www.africa-press.net\/mali\/top-nouvelles\/dissolution-des-partis-bataille-judiciaire-au-cnt#primaryimage","url":"https:\/\/static.africa-press.net\/mali\/sites\/21\/2025\/08\/sm_1754971540.076348.jpg","contentUrl":"https:\/\/static.africa-press.net\/mali\/sites\/21\/2025\/08\/sm_1754971540.076348.jpg","width":720,"height":384,"caption":"Dissolution des Partis: Bataille Judiciaire au CNT"},{"@type":"BreadcrumbList","@id":"https:\/\/www.africa-press.net\/mali\/top-nouvelles\/dissolution-des-partis-bataille-judiciaire-au-cnt#breadcrumb","itemListElement":[{"@type":"ListItem","position":1,"name":"Home","item":"https:\/\/www.africa-press.net\/mali\/"},{"@type":"ListItem","position":2,"name":"Dissolution des Partis: Bataille Judiciaire au CNT"}]},{"@type":"WebSite","@id":"https:\/\/www.africa-press.net\/mali\/#website","url":"https:\/\/www.africa-press.net\/mali\/","name":"Mali","description":"Just another Africa News Agency Sites site","potentialAction":[{"@type":"SearchAction","target":{"@type":"EntryPoint","urlTemplate":"https:\/\/www.africa-press.net\/mali\/?s={search_term_string}"},"query-input":{"@type":"PropertyValueSpecification","valueRequired":true,"valueName":"search_term_string"}}],"inLanguage":"fr-FR"},{"@type":"Person","@id":"https:\/\/www.africa-press.net\/mali\/#\/schema\/person\/2b1cf3cd81a31e3cd26889ca66d677f1","name":"cfeditorfr"}]}},"_links":{"self":[{"href":"https:\/\/www.africa-press.net\/mali\/wp-json\/wp\/v2\/posts\/56009","targetHints":{"allow":["GET"]}}],"collection":[{"href":"https:\/\/www.africa-press.net\/mali\/wp-json\/wp\/v2\/posts"}],"about":[{"href":"https:\/\/www.africa-press.net\/mali\/wp-json\/wp\/v2\/types\/post"}],"author":[{"embeddable":true,"href":"https:\/\/www.africa-press.net\/mali\/wp-json\/wp\/v2\/users\/82"}],"replies":[{"embeddable":true,"href":"https:\/\/www.africa-press.net\/mali\/wp-json\/wp\/v2\/comments?post=56009"}],"version-history":[{"count":0,"href":"https:\/\/www.africa-press.net\/mali\/wp-json\/wp\/v2\/posts\/56009\/revisions"}],"wp:featuredmedia":[{"embeddable":true,"href":"https:\/\/www.africa-press.net\/mali\/wp-json\/wp\/v2\/media\/56008"}],"wp:attachment":[{"href":"https:\/\/www.africa-press.net\/mali\/wp-json\/wp\/v2\/media?parent=56009"}],"wp:term":[{"taxonomy":"category","embeddable":true,"href":"https:\/\/www.africa-press.net\/mali\/wp-json\/wp\/v2\/categories?post=56009"},{"taxonomy":"post_tag","embeddable":true,"href":"https:\/\/www.africa-press.net\/mali\/wp-json\/wp\/v2\/tags?post=56009"}],"curies":[{"name":"wp","href":"https:\/\/api.w.org\/{rel}","templated":true}]}}