{"id":59366,"date":"2026-01-20T12:10:00","date_gmt":"2026-01-20T12:10:00","guid":{"rendered":"https:\/\/www.africa-press.net\/mali\/politique\/caf-condamne-comportements-inacceptables-en-finale"},"modified":"2026-01-20T22:32:20","modified_gmt":"2026-01-20T22:32:20","slug":"caf-condamne-comportements-inacceptables-en-finale","status":"publish","type":"post","link":"https:\/\/www.africa-press.net\/mali\/sports\/caf-condamne-comportements-inacceptables-en-finale","title":{"rendered":"CAF Condamne Comportements Inacceptables en Finale"},"content":{"rendered":"<p><span style=\"color: #ff6600\"><strong>Africa-Press &#8211; Mali. <\/strong><\/span>La Confe\u0301de\u0301ration Africaine de Football (CAF) a fermement condamne\u0301, ce lundi, le comportement juge\u0301 \u00ab inacceptable \u00bb de certains joueurs et officiels a\u0300 l\u2019issue de la finale de la Coupe d\u2019Afrique des Nations TotalEnergies CAF Maroc 2025, dispute\u0301e dimanche soir a\u0300 Rabat entre le Maroc et le Se\u0301ne\u0301gal.<\/p>\n<p>Dans un communique\u0301 consulte\u0301 par Anadolu, l\u2019instance dirigeante du football africain a de\u0301nonce\u0301 tout comportement inapproprie\u0301 survenant lors des matchs, soulignant que les actes visant l\u2019e\u0301quipe arbitrale ou les organisateurs sont \u00ab strictement contraires aux valeurs du football africain \u00bb.<\/p>\n<p>La CAF a indique\u0301 qu\u2019elle proce\u0300de actuellement a\u0300 l\u2019examen de l\u2019ensemble des images et rapports disponibles relatifs aux incidents survenus apre\u0300s la rencontre. \u00ab Les dossiers seront transmis aux instances compe\u0301tentes afin que des sanctions approprie\u0301es soient prises a\u0300 l\u2019encontre des personnes reconnues coupables \u00bb, a pre\u0301cise\u0301 la Confe\u0301de\u0301ration.<\/p>\n<p>La finale de la CAN 2025 s\u2019est de\u0301roule\u0301e devant des milliers de spectateurs dans la capitale marocaine, marquant l\u2019apothe\u0301ose d\u2019une compe\u0301tition organise\u0301e par le Royaume du Maroc.<\/p>\n<p>En effet, cette rencontre, longtemps verrouille\u0301e, a bascule\u0301 dans une atmosphe\u0300re totalement folle en fin de temps re\u0301glementaire.<\/p>\n<p>A\u0300 la 90+4e\u0300me minute, le Maroc a obtenu un pe\u0301nalty tre\u0300s conteste\u0301 par le camp se\u0301ne\u0301galais, moins de deux minutes apre\u0300s un but refuse\u0301 du Se\u0301ne\u0301gal, provoquant un imbroglio ine\u0301dit et une interruption prolonge\u0301e du match, les joueurs du Se\u0301ne\u0301gal quittant me\u0302me temporairement la pelouse sur consigne de leur se\u0301lectionneur Pape Thiaw.<\/p>\n<p>Apre\u0300s pre\u0300s de quinze minutes de confusion, le jeu a repris. Brahim Diaz, charge\u0301 de tirer le pe\u0301nalty, a comple\u0300tement manque\u0301 sa tentative en optant pour une panenka mal exe\u0301cute\u0301e, facilement capte\u0301e par E\u0301douard Mendy, reste\u0301 immobile sur sa ligne. Un tournant de\u0301cisif dans cette finale.<\/p>\n<p>Les prolongations ont ensuite souri au Se\u0301ne\u0301gal. De\u0300s la reprise, Pape Gueye a profite\u0301 d\u2019un espace dans la de\u0301fense marocaine pour libe\u0301rer tout un peuple, faisant voler en e\u0301clats le verrou des Lions de l\u2019Atlas. Une situation ayant amene\u0301e la Confe\u0301de\u0301ration Africaine de Football (CAF) a\u0300 prendre cette de\u0301cision.<\/p>\n<p><strong>Pour plus d&rsquo;informations et d&rsquo;analyses sur la <span style=\"color: #ff6600\">Mali<\/span>, suivez <span style=\"color: #ff6600\">Africa-Press<\/span><\/strong><\/p>\n","protected":false},"excerpt":{"rendered":"<p>Africa-Press &#8211; Mali. La Confe\u0301de\u0301ration Africaine de Football (CAF) a fermement condamne\u0301, ce lundi, le comportement juge\u0301 \u00ab inacceptable \u00bb de certains joueurs et officiels a\u0300 l\u2019issue de la finale de la Coupe d\u2019Afrique des Nations TotalEnergies CAF Maroc 2025, dispute\u0301e dimanche soir a\u0300 Rabat entre le Maroc et le Se\u0301ne\u0301gal. Dans un communique\u0301 consulte\u0301 [&hellip;]<\/p>\n","protected":false},"author":82,"featured_media":59365,"comment_status":"open","ping_status":"closed","sticky":false,"template":"","format":"standard","meta":{"footnotes":""},"categories":[6,17],"tags":[1936,1923,19,1937],"class_list":["post-59366","post","type-post","status-publish","format-standard","has-post-thumbnail","hentry","category-sports","category-toutes-les-actualites","tag-caf","tag-can-2025","tag-mali","tag-maroc-senegal"],"yoast_head":"<!-- This site is optimized with the Yoast SEO Premium plugin v26.1 (Yoast SEO v27.0) - https:\/\/yoast.com\/product\/yoast-seo-premium-wordpress\/ -->\n<title>CAF Condamne Comportements Inacceptables en Finale - Mali<\/title>\n<meta name=\"description\" content=\"La Confe\u0301de\u0301ration Africaine de Football (CAF) a fermement condamne\u0301, ce lundi, le comportement juge\u0301 \u00ab inacceptable \u00bb d ...\" \/>\n<meta name=\"robots\" content=\"index, follow, max-snippet:-1, max-image-preview:large, max-video-preview:-1\" \/>\n<link rel=\"canonical\" href=\"https:\/\/www.africa-press.net\/mali\/sports\/caf-condamne-comportements-inacceptables-en-finale\" \/>\n<meta property=\"og:locale\" content=\"fr_FR\" \/>\n<meta property=\"og:type\" content=\"article\" \/>\n<meta property=\"og:title\" content=\"CAF Condamne Comportements Inacceptables en Finale\" \/>\n<meta property=\"og:description\" content=\"La Confe\u0301de\u0301ration Africaine de Football (CAF) a fermement condamne\u0301, ce lundi, le comportement juge\u0301 \u00ab inacceptable \u00bb d ...\" \/>\n<meta property=\"og:url\" content=\"https:\/\/www.africa-press.net\/mali\/sports\/caf-condamne-comportements-inacceptables-en-finale\" \/>\n<meta property=\"og:site_name\" content=\"Mali\" \/>\n<meta property=\"article:publisher\" content=\"https:\/\/www.facebook.com\/AfricaPressTunisiaa\" \/>\n<meta property=\"article:published_time\" content=\"2026-01-20T12:10:00+00:00\" \/>\n<meta property=\"article:modified_time\" content=\"2026-01-20T22:32:20+00:00\" \/>\n<meta property=\"og:image\" content=\"https:\/\/static.africa-press.net\/mali\/sites\/21\/2026\/01\/sm_1768976819.367718.jpg\" \/>\n\t<meta property=\"og:image:width\" content=\"864\" \/>\n\t<meta property=\"og:image:height\" content=\"486\" \/>\n\t<meta property=\"og:image:type\" content=\"image\/jpeg\" \/>\n<meta name=\"author\" content=\"cfeditorfr\" \/>\n<meta name=\"twitter:card\" content=\"summary_large_image\" \/>\n<meta name=\"twitter:label1\" content=\"\u00c9crit par\" \/>\n\t<meta name=\"twitter:data1\" content=\"cfeditorfr\" \/>\n\t<meta name=\"twitter:label2\" content=\"Dur\u00e9e de lecture estim\u00e9e\" \/>\n\t<meta name=\"twitter:data2\" content=\"2 minutes\" \/>\n<script type=\"application\/ld+json\" class=\"yoast-schema-graph\">{\"@context\":\"https:\/\/schema.org\",\"@graph\":[{\"@type\":\"Article\",\"@id\":\"https:\/\/www.africa-press.net\/mali\/sports\/caf-condamne-comportements-inacceptables-en-finale#article\",\"isPartOf\":{\"@id\":\"https:\/\/www.africa-press.net\/mali\/sports\/caf-condamne-comportements-inacceptables-en-finale\"},\"author\":{\"name\":\"cfeditorfr\",\"@id\":\"https:\/\/www.africa-press.net\/mali\/#\/schema\/person\/2b1cf3cd81a31e3cd26889ca66d677f1\"},\"headline\":\"CAF Condamne Comportements Inacceptables en Finale\",\"datePublished\":\"2026-01-20T12:10:00+00:00\",\"dateModified\":\"2026-01-20T22:32:20+00:00\",\"mainEntityOfPage\":{\"@id\":\"https:\/\/www.africa-press.net\/mali\/sports\/caf-condamne-comportements-inacceptables-en-finale\"},\"wordCount\":410,\"commentCount\":0,\"image\":{\"@id\":\"https:\/\/www.africa-press.net\/mali\/sports\/caf-condamne-comportements-inacceptables-en-finale#primaryimage\"},\"thumbnailUrl\":\"https:\/\/static.africa-press.net\/mali\/sites\/21\/2026\/01\/sm_1768976819.367718.jpg\",\"keywords\":[\"CAF\",\"CAN 2025\",\"mali\",\"Maroc\u2013S\u00e9n\u00e9gal\"],\"articleSection\":[\"Sports\",\"Toutes les actualit\u00e9s\"],\"inLanguage\":\"fr-FR\",\"potentialAction\":[{\"@type\":\"CommentAction\",\"name\":\"Comment\",\"target\":[\"https:\/\/www.africa-press.net\/mali\/sports\/caf-condamne-comportements-inacceptables-en-finale#respond\"]}]},{\"@type\":\"WebPage\",\"@id\":\"https:\/\/www.africa-press.net\/mali\/sports\/caf-condamne-comportements-inacceptables-en-finale\",\"url\":\"https:\/\/www.africa-press.net\/mali\/sports\/caf-condamne-comportements-inacceptables-en-finale\",\"name\":\"CAF Condamne Comportements Inacceptables en Finale - Mali\",\"isPartOf\":{\"@id\":\"https:\/\/www.africa-press.net\/mali\/#website\"},\"primaryImageOfPage\":{\"@id\":\"https:\/\/www.africa-press.net\/mali\/sports\/caf-condamne-comportements-inacceptables-en-finale#primaryimage\"},\"image\":{\"@id\":\"https:\/\/www.africa-press.net\/mali\/sports\/caf-condamne-comportements-inacceptables-en-finale#primaryimage\"},\"thumbnailUrl\":\"https:\/\/static.africa-press.net\/mali\/sites\/21\/2026\/01\/sm_1768976819.367718.jpg\",\"datePublished\":\"2026-01-20T12:10:00+00:00\",\"dateModified\":\"2026-01-20T22:32:20+00:00\",\"author\":{\"@id\":\"https:\/\/www.africa-press.net\/mali\/#\/schema\/person\/2b1cf3cd81a31e3cd26889ca66d677f1\"},\"description\":\"La Confe\u0301de\u0301ration Africaine de Football (CAF) a fermement condamne\u0301, ce lundi, le comportement juge\u0301 \u00ab inacceptable \u00bb d ...\",\"breadcrumb\":{\"@id\":\"https:\/\/www.africa-press.net\/mali\/sports\/caf-condamne-comportements-inacceptables-en-finale#breadcrumb\"},\"inLanguage\":\"fr-FR\",\"potentialAction\":[{\"@type\":\"ReadAction\",\"target\":[\"https:\/\/www.africa-press.net\/mali\/sports\/caf-condamne-comportements-inacceptables-en-finale\"]}]},{\"@type\":\"ImageObject\",\"inLanguage\":\"fr-FR\",\"@id\":\"https:\/\/www.africa-press.net\/mali\/sports\/caf-condamne-comportements-inacceptables-en-finale#primaryimage\",\"url\":\"https:\/\/static.africa-press.net\/mali\/sites\/21\/2026\/01\/sm_1768976819.367718.jpg\",\"contentUrl\":\"https:\/\/static.africa-press.net\/mali\/sites\/21\/2026\/01\/sm_1768976819.367718.jpg\",\"width\":864,\"height\":486,\"caption\":\"CAF Condamne Comportements Inacceptables en Finale\"},{\"@type\":\"BreadcrumbList\",\"@id\":\"https:\/\/www.africa-press.net\/mali\/sports\/caf-condamne-comportements-inacceptables-en-finale#breadcrumb\",\"itemListElement\":[{\"@type\":\"ListItem\",\"position\":1,\"name\":\"Home\",\"item\":\"https:\/\/www.africa-press.net\/mali\/\"},{\"@type\":\"ListItem\",\"position\":2,\"name\":\"CAF Condamne Comportements Inacceptables en Finale\"}]},{\"@type\":\"WebSite\",\"@id\":\"https:\/\/www.africa-press.net\/mali\/#website\",\"url\":\"https:\/\/www.africa-press.net\/mali\/\",\"name\":\"Mali\",\"description\":\"Just another Africa News Agency Sites site\",\"potentialAction\":[{\"@type\":\"SearchAction\",\"target\":{\"@type\":\"EntryPoint\",\"urlTemplate\":\"https:\/\/www.africa-press.net\/mali\/?s={search_term_string}\"},\"query-input\":{\"@type\":\"PropertyValueSpecification\",\"valueRequired\":true,\"valueName\":\"search_term_string\"}}],\"inLanguage\":\"fr-FR\"},{\"@type\":\"Person\",\"@id\":\"https:\/\/www.africa-press.net\/mali\/#\/schema\/person\/2b1cf3cd81a31e3cd26889ca66d677f1\",\"name\":\"cfeditorfr\"}]}<\/script>\n<!-- \/ Yoast SEO Premium plugin. -->","yoast_head_json":{"title":"CAF Condamne Comportements Inacceptables en Finale - Mali","description":"La Confe\u0301de\u0301ration Africaine de Football (CAF) a fermement condamne\u0301, ce lundi, le comportement juge\u0301 \u00ab inacceptable \u00bb d ...","robots":{"index":"index","follow":"follow","max-snippet":"max-snippet:-1","max-image-preview":"max-image-preview:large","max-video-preview":"max-video-preview:-1"},"canonical":"https:\/\/www.africa-press.net\/mali\/sports\/caf-condamne-comportements-inacceptables-en-finale","og_locale":"fr_FR","og_type":"article","og_title":"CAF Condamne Comportements Inacceptables en Finale","og_description":"La Confe\u0301de\u0301ration Africaine de Football (CAF) a fermement condamne\u0301, ce lundi, le comportement juge\u0301 \u00ab inacceptable \u00bb d ...","og_url":"https:\/\/www.africa-press.net\/mali\/sports\/caf-condamne-comportements-inacceptables-en-finale","og_site_name":"Mali","article_publisher":"https:\/\/www.facebook.com\/AfricaPressTunisiaa","article_published_time":"2026-01-20T12:10:00+00:00","article_modified_time":"2026-01-20T22:32:20+00:00","og_image":[{"width":864,"height":486,"url":"https:\/\/static.africa-press.net\/mali\/sites\/21\/2026\/01\/sm_1768976819.367718.jpg","type":"image\/jpeg"}],"author":"cfeditorfr","twitter_card":"summary_large_image","twitter_misc":{"\u00c9crit par":"cfeditorfr","Dur\u00e9e de lecture estim\u00e9e":"2 minutes"},"schema":{"@context":"https:\/\/schema.org","@graph":[{"@type":"Article","@id":"https:\/\/www.africa-press.net\/mali\/sports\/caf-condamne-comportements-inacceptables-en-finale#article","isPartOf":{"@id":"https:\/\/www.africa-press.net\/mali\/sports\/caf-condamne-comportements-inacceptables-en-finale"},"author":{"name":"cfeditorfr","@id":"https:\/\/www.africa-press.net\/mali\/#\/schema\/person\/2b1cf3cd81a31e3cd26889ca66d677f1"},"headline":"CAF Condamne Comportements Inacceptables en Finale","datePublished":"2026-01-20T12:10:00+00:00","dateModified":"2026-01-20T22:32:20+00:00","mainEntityOfPage":{"@id":"https:\/\/www.africa-press.net\/mali\/sports\/caf-condamne-comportements-inacceptables-en-finale"},"wordCount":410,"commentCount":0,"image":{"@id":"https:\/\/www.africa-press.net\/mali\/sports\/caf-condamne-comportements-inacceptables-en-finale#primaryimage"},"thumbnailUrl":"https:\/\/static.africa-press.net\/mali\/sites\/21\/2026\/01\/sm_1768976819.367718.jpg","keywords":["CAF","CAN 2025","mali","Maroc\u2013S\u00e9n\u00e9gal"],"articleSection":["Sports","Toutes les actualit\u00e9s"],"inLanguage":"fr-FR","potentialAction":[{"@type":"CommentAction","name":"Comment","target":["https:\/\/www.africa-press.net\/mali\/sports\/caf-condamne-comportements-inacceptables-en-finale#respond"]}]},{"@type":"WebPage","@id":"https:\/\/www.africa-press.net\/mali\/sports\/caf-condamne-comportements-inacceptables-en-finale","url":"https:\/\/www.africa-press.net\/mali\/sports\/caf-condamne-comportements-inacceptables-en-finale","name":"CAF Condamne Comportements Inacceptables en Finale - Mali","isPartOf":{"@id":"https:\/\/www.africa-press.net\/mali\/#website"},"primaryImageOfPage":{"@id":"https:\/\/www.africa-press.net\/mali\/sports\/caf-condamne-comportements-inacceptables-en-finale#primaryimage"},"image":{"@id":"https:\/\/www.africa-press.net\/mali\/sports\/caf-condamne-comportements-inacceptables-en-finale#primaryimage"},"thumbnailUrl":"https:\/\/static.africa-press.net\/mali\/sites\/21\/2026\/01\/sm_1768976819.367718.jpg","datePublished":"2026-01-20T12:10:00+00:00","dateModified":"2026-01-20T22:32:20+00:00","author":{"@id":"https:\/\/www.africa-press.net\/mali\/#\/schema\/person\/2b1cf3cd81a31e3cd26889ca66d677f1"},"description":"La Confe\u0301de\u0301ration Africaine de Football (CAF) a fermement condamne\u0301, ce lundi, le comportement juge\u0301 \u00ab inacceptable \u00bb d ...","breadcrumb":{"@id":"https:\/\/www.africa-press.net\/mali\/sports\/caf-condamne-comportements-inacceptables-en-finale#breadcrumb"},"inLanguage":"fr-FR","potentialAction":[{"@type":"ReadAction","target":["https:\/\/www.africa-press.net\/mali\/sports\/caf-condamne-comportements-inacceptables-en-finale"]}]},{"@type":"ImageObject","inLanguage":"fr-FR","@id":"https:\/\/www.africa-press.net\/mali\/sports\/caf-condamne-comportements-inacceptables-en-finale#primaryimage","url":"https:\/\/static.africa-press.net\/mali\/sites\/21\/2026\/01\/sm_1768976819.367718.jpg","contentUrl":"https:\/\/static.africa-press.net\/mali\/sites\/21\/2026\/01\/sm_1768976819.367718.jpg","width":864,"height":486,"caption":"CAF Condamne Comportements Inacceptables en Finale"},{"@type":"BreadcrumbList","@id":"https:\/\/www.africa-press.net\/mali\/sports\/caf-condamne-comportements-inacceptables-en-finale#breadcrumb","itemListElement":[{"@type":"ListItem","position":1,"name":"Home","item":"https:\/\/www.africa-press.net\/mali\/"},{"@type":"ListItem","position":2,"name":"CAF Condamne Comportements Inacceptables en Finale"}]},{"@type":"WebSite","@id":"https:\/\/www.africa-press.net\/mali\/#website","url":"https:\/\/www.africa-press.net\/mali\/","name":"Mali","description":"Just another Africa News Agency Sites site","potentialAction":[{"@type":"SearchAction","target":{"@type":"EntryPoint","urlTemplate":"https:\/\/www.africa-press.net\/mali\/?s={search_term_string}"},"query-input":{"@type":"PropertyValueSpecification","valueRequired":true,"valueName":"search_term_string"}}],"inLanguage":"fr-FR"},{"@type":"Person","@id":"https:\/\/www.africa-press.net\/mali\/#\/schema\/person\/2b1cf3cd81a31e3cd26889ca66d677f1","name":"cfeditorfr"}]}},"_links":{"self":[{"href":"https:\/\/www.africa-press.net\/mali\/wp-json\/wp\/v2\/posts\/59366","targetHints":{"allow":["GET"]}}],"collection":[{"href":"https:\/\/www.africa-press.net\/mali\/wp-json\/wp\/v2\/posts"}],"about":[{"href":"https:\/\/www.africa-press.net\/mali\/wp-json\/wp\/v2\/types\/post"}],"author":[{"embeddable":true,"href":"https:\/\/www.africa-press.net\/mali\/wp-json\/wp\/v2\/users\/82"}],"replies":[{"embeddable":true,"href":"https:\/\/www.africa-press.net\/mali\/wp-json\/wp\/v2\/comments?post=59366"}],"version-history":[{"count":0,"href":"https:\/\/www.africa-press.net\/mali\/wp-json\/wp\/v2\/posts\/59366\/revisions"}],"wp:featuredmedia":[{"embeddable":true,"href":"https:\/\/www.africa-press.net\/mali\/wp-json\/wp\/v2\/media\/59365"}],"wp:attachment":[{"href":"https:\/\/www.africa-press.net\/mali\/wp-json\/wp\/v2\/media?parent=59366"}],"wp:term":[{"taxonomy":"category","embeddable":true,"href":"https:\/\/www.africa-press.net\/mali\/wp-json\/wp\/v2\/categories?post=59366"},{"taxonomy":"post_tag","embeddable":true,"href":"https:\/\/www.africa-press.net\/mali\/wp-json\/wp\/v2\/tags?post=59366"}],"curies":[{"name":"wp","href":"https:\/\/api.w.org\/{rel}","templated":true}]}}